{"id":13401,"date":"2017-02-11T17:49:33","date_gmt":"2017-02-11T17:49:33","guid":{"rendered":"http:\/\/www.drivelife.it\/news\/?p=13401"},"modified":"2017-02-11T18:33:00","modified_gmt":"2017-02-11T18:33:00","slug":"seat-ibiza","status":"publish","type":"post","link":"https:\/\/www.drivelife.it\/news\/2017\/02\/11\/seat-ibiza\/","title":{"rendered":"SEAT IBIZA"},"content":{"rendered":"<h1>1984,<br \/>\nNASCITE DI GRANDI SUCCESSI<\/h1>\n<p>&nbsp;<br \/>\n<div id=\"attachment_13403\" style=\"width: 730px\" class=\"wp-caption alignnone\"><img loading=\"lazy\" decoding=\"async\" aria-describedby=\"caption-attachment-13403\" src=\"http:\/\/www.drivelife.it\/news\/wp-content\/uploads\/2017\/02\/124109_broadcast07-1000x563.jpg\" alt=\"SEAT IBIZA - IN TV IL 11 FEBBRAIO\" width=\"720\" height=\"405\" class=\"size-large wp-image-13403\" srcset=\"https:\/\/www.drivelife.it\/news\/wp-content\/uploads\/2017\/02\/124109_broadcast07-1000x563.jpg 1000w, https:\/\/www.drivelife.it\/news\/wp-content\/uploads\/2017\/02\/124109_broadcast07-620x349.jpg 620w, https:\/\/www.drivelife.it\/news\/wp-content\/uploads\/2017\/02\/124109_broadcast07-768x432.jpg 768w, https:\/\/www.drivelife.it\/news\/wp-content\/uploads\/2017\/02\/124109_broadcast07-300x169.jpg 300w\" sizes=\"auto, (max-width: 720px) 100vw, 720px\" \/><p id=\"caption-attachment-13403\" class=\"wp-caption-text\">SEAT IBIZA &#8211; IN TV IL 11 FEBBRAIO<\/p><\/div><br \/>\n&nbsp;<\/p>\n<p>&nbsp;<br \/>\n<strong><\/p>\n<h1>Nata attingendo alle risorse di Porsche, i motori erano fregiati dal logo SystemPorsche, e di Karmann per la carrozzeria, la Ibiza \u00e8 stata presentata nella sua ultima versione, \u201cla migliore Ibiza di sempre\u201d. Alla nuova interpretazione del DNA SEAT con uno stile inedito affianca una serie di accessori e dotazioni tra le pi\u00f9 moderne in linea con le richieste del mercato, dei clienti sempre pi\u00f9 esigenti e lasciandosi alle spalle quella percezione di economicit\u00e0 che caratterizzava i primi modelli della marca spagnola, eredit\u00e0 di una certa politica automobilistica tutta italiana. A dispetto di Giugiaro che firm\u00f2 lo stile di ieri<\/h1>\n<p><\/strong><\/p>\n<h2><em><strong>A riprova del nuovo posizionamento di prodotto i dati dalla fabbrica. Ogni giorno escono dalla catena di montaggio di Martorell settecento Ibiza. L\u201985 per cento di queste prende treni o navi ed \u00e8 esportato verso i mercati di settantacinque paesi diversi. SEAT Ibiza \u00e8 l\u2019artefice della internazionalizzazione del marchio<\/h2>\n<p><\/em><\/strong><\/p>\n<h1>BATTEZZATA DA GIUGIARO<\/h1>\n<p><\/em><\/strong><\/h2>\n<p>&nbsp;<\/p>\n<h2>con drivelife in TV<br \/>\ne online con drivelife\/vimeo,<br \/>\nper la puntata del 11 FEBBRAIO<\/h2>\n<p>&nbsp;<br \/>\nhttps:\/\/vimeo.com\/203430689<br \/>\n&nbsp;<br \/>\n<a data-flip-widget=\"flipit\" href=\"https:\/\/flipboard.com\">Add to Flipboard Magazine.<\/a><script src=\"https:\/\/cdn.flipboard.com\/web\/buttons\/js\/flbuttons.min.js\" type=\"text\/javascript\"><\/script><br \/>\n&nbsp;<br \/>\n<strong>di drivelife &#8211; DURATA, 00\u201951\u201d &#8211; IN TV CON DRIVELIFE DEL 11 FEBBRAIO 2017<\/strong> &#8211; <em><strong>(da drivelife per TV del 11 FEBBRAIO 2017) &#8211; SEAT IBIZA, 00\u201951\u201d \/ START @ 04\u201906\u201d &#8211; <\/strong><\/em><br \/>\n&nbsp;<br \/>\n&nbsp;<br \/>\n&nbsp;<br \/>\n&nbsp;<br \/>\n&nbsp;<br \/>\n&nbsp;<\/p>\n<p>&nbsp;<br \/>\nUn po\u2019 per simpatia, un po\u2019 per verit\u00e0 prendiamo spunto proprio dalla comunicazione SEAT che sottolinea quanto importante sia stato il 1984, anno di lancio della Ibiza, da Michael Jackson a Mark Zuckerberg, da Indiana Jones alla Ibiza.<br \/>\nFu un anno leggendario per avvenimenti e successi.<br \/>\n&nbsp;<br \/>\nIn questi giorni SEAT ha presentato la nuova Ibiza, e trentatr\u00e9 anni dopo, il fatto saliente su cui cade l\u2019attenzione, al di l\u00e0 dello stile, ieri opera di Giugiaro, \u00e8 la riduzione dei consumi, 7,8 litri per cento chilometri ieri, 3,9 litri con l\u2019ultimo modello. Dicesi progresso.<br \/>\n&nbsp;<br \/>\nCreata in Barcellona, la prima Ibiza era la sintesi delle conoscenze dello stile italiano e della tecnica tedesca. Per i motori fu Porsche e per la carrozzeria Karmann,  competenze necessarie per il successo di vendite raggiunto con oltre 5,4 milioni di macchine.  Oggi con la quinta generazione in SEAT dicono che \u00e8 nata la migliore Ibiza di sempre.<br \/>\n&nbsp;<\/p>\n<h1>Fino alla sesta.<\/h1>\n<p>&nbsp;<\/p>\n<p>&nbsp;<br \/>\n&nbsp;<br \/>\n&nbsp;<br \/>\n&nbsp;<br \/>\n&nbsp;<\/p>\n<h2>GALLERIA FOTOGRAFICA<br \/>\nSEAT IBIZA<br \/>\n<\/h2>\n<p>&nbsp;<br \/>\n&nbsp;<br \/>\n&nbsp;<br \/>\n&nbsp;<br \/>\n&nbsp;<br \/>\n\n\t\t<style>\n\t\t\t#gallery-1 {\n\t\t\t\tmargin: auto;\n\t\t\t}\n\t\t\t#gallery-1 .gallery-item {\n\t\t\t\tfloat: left;\n\t\t\t\tmargin-top: 10px;\n\t\t\t\ttext-align: center;\n\t\t\t\twidth: 11%;\n\t\t\t}\n\t\t\t#gallery-1 img {\n\t\t\t\tborder: 2px solid #cfcfcf;\n\t\t\t}\n\t\t\t#gallery-1 .gallery-caption {\n\t\t\t\tmargin-left: 0;\n\t\t\t}\n\t\t\t\/* see gallery_shortcode() in wp-includes\/media.php *\/\n\t\t<\/style>\n\t\t<div id='gallery-1' class='gallery galleryid-13401 gallery-columns-9 gallery-size-thumbnail'><dl class='gallery-item'>\n\t\t\t<dt class='gallery-icon landscape'>\n\t\t\t\t<a href='https:\/\/www.drivelife.it\/news\/2017\/02\/11\/seat-ibiza\/124109_broadcast13\/'><img loading=\"lazy\" decoding=\"async\" width=\"150\" height=\"150\" src=\"https:\/\/www.drivelife.it\/news\/wp-content\/uploads\/2017\/02\/124109_broadcast13-150x150.jpg\" class=\"attachment-thumbnail size-thumbnail no-lazy\" alt=\"\" srcset=\"https:\/\/www.drivelife.it\/news\/wp-content\/uploads\/2017\/02\/124109_broadcast13-150x150.jpg 150w, https:\/\/www.drivelife.it\/news\/wp-content\/uploads\/2017\/02\/124109_broadcast13-160x160.jpg 160w, https:\/\/www.drivelife.it\/news\/wp-content\/uploads\/2017\/02\/124109_broadcast13-320x320.jpg 320w\" sizes=\"auto, (max-width: 150px) 100vw, 150px\" \/><\/a>\n\t\t\t<\/dt><\/dl><dl class='gallery-item'>\n\t\t\t<dt class='gallery-icon landscape'>\n\t\t\t\t<a href='https:\/\/www.drivelife.it\/news\/2017\/02\/11\/seat-ibiza\/124109_broadcast05\/'><img loading=\"lazy\" decoding=\"async\" width=\"150\" height=\"150\" src=\"https:\/\/www.drivelife.it\/news\/wp-content\/uploads\/2017\/02\/124109_broadcast05-150x150.jpg\" class=\"attachment-thumbnail size-thumbnail no-lazy\" alt=\"\" srcset=\"https:\/\/www.drivelife.it\/news\/wp-content\/uploads\/2017\/02\/124109_broadcast05-150x150.jpg 150w, https:\/\/www.drivelife.it\/news\/wp-content\/uploads\/2017\/02\/124109_broadcast05-160x160.jpg 160w, https:\/\/www.drivelife.it\/news\/wp-content\/uploads\/2017\/02\/124109_broadcast05-320x320.jpg 320w\" sizes=\"auto, (max-width: 150px) 100vw, 150px\" \/><\/a>\n\t\t\t<\/dt><\/dl><dl class='gallery-item'>\n\t\t\t<dt class='gallery-icon landscape'>\n\t\t\t\t<a href='https:\/\/www.drivelife.it\/news\/2017\/02\/11\/seat-ibiza\/124109_broadcast02\/'><img loading=\"lazy\" decoding=\"async\" width=\"150\" height=\"150\" src=\"https:\/\/www.drivelife.it\/news\/wp-content\/uploads\/2017\/02\/124109_broadcast02-150x150.jpg\" class=\"attachment-thumbnail size-thumbnail no-lazy\" alt=\"\" srcset=\"https:\/\/www.drivelife.it\/news\/wp-content\/uploads\/2017\/02\/124109_broadcast02-150x150.jpg 150w, https:\/\/www.drivelife.it\/news\/wp-content\/uploads\/2017\/02\/124109_broadcast02-160x160.jpg 160w, https:\/\/www.drivelife.it\/news\/wp-content\/uploads\/2017\/02\/124109_broadcast02-320x320.jpg 320w\" sizes=\"auto, (max-width: 150px) 100vw, 150px\" \/><\/a>\n\t\t\t<\/dt><\/dl><dl class='gallery-item'>\n\t\t\t<dt class='gallery-icon landscape'>\n\t\t\t\t<a href='https:\/\/www.drivelife.it\/news\/2017\/02\/11\/seat-ibiza\/124109_broadcast11\/'><img loading=\"lazy\" decoding=\"async\" width=\"150\" height=\"150\" src=\"https:\/\/www.drivelife.it\/news\/wp-content\/uploads\/2017\/02\/124109_broadcast11-150x150.jpg\" class=\"attachment-thumbnail size-thumbnail no-lazy\" alt=\"\" srcset=\"https:\/\/www.drivelife.it\/news\/wp-content\/uploads\/2017\/02\/124109_broadcast11-150x150.jpg 150w, https:\/\/www.drivelife.it\/news\/wp-content\/uploads\/2017\/02\/124109_broadcast11-160x160.jpg 160w, https:\/\/www.drivelife.it\/news\/wp-content\/uploads\/2017\/02\/124109_broadcast11-320x320.jpg 320w\" sizes=\"auto, (max-width: 150px) 100vw, 150px\" \/><\/a>\n\t\t\t<\/dt><\/dl><dl class='gallery-item'>\n\t\t\t<dt class='gallery-icon landscape'>\n\t\t\t\t<a href='https:\/\/www.drivelife.it\/news\/2017\/02\/11\/seat-ibiza\/124109_broadcast04\/'><img loading=\"lazy\" decoding=\"async\" width=\"150\" height=\"150\" src=\"https:\/\/www.drivelife.it\/news\/wp-content\/uploads\/2017\/02\/124109_broadcast04-150x150.jpg\" class=\"attachment-thumbnail size-thumbnail no-lazy\" alt=\"\" srcset=\"https:\/\/www.drivelife.it\/news\/wp-content\/uploads\/2017\/02\/124109_broadcast04-150x150.jpg 150w, https:\/\/www.drivelife.it\/news\/wp-content\/uploads\/2017\/02\/124109_broadcast04-160x160.jpg 160w, https:\/\/www.drivelife.it\/news\/wp-content\/uploads\/2017\/02\/124109_broadcast04-320x320.jpg 320w\" sizes=\"auto, (max-width: 150px) 100vw, 150px\" \/><\/a>\n\t\t\t<\/dt><\/dl><dl class='gallery-item'>\n\t\t\t<dt class='gallery-icon landscape'>\n\t\t\t\t<a href='https:\/\/www.drivelife.it\/news\/2017\/02\/11\/seat-ibiza\/124109_broadcast07-2\/'><img loading=\"lazy\" decoding=\"async\" width=\"150\" height=\"150\" src=\"https:\/\/www.drivelife.it\/news\/wp-content\/uploads\/2017\/02\/124109_broadcast07-1-150x150.jpg\" class=\"attachment-thumbnail size-thumbnail no-lazy\" alt=\"\" aria-describedby=\"gallery-1-13409\" srcset=\"https:\/\/www.drivelife.it\/news\/wp-content\/uploads\/2017\/02\/124109_broadcast07-1-150x150.jpg 150w, https:\/\/www.drivelife.it\/news\/wp-content\/uploads\/2017\/02\/124109_broadcast07-1-160x160.jpg 160w, https:\/\/www.drivelife.it\/news\/wp-content\/uploads\/2017\/02\/124109_broadcast07-1-320x320.jpg 320w\" sizes=\"auto, (max-width: 150px) 100vw, 150px\" \/><\/a>\n\t\t\t<\/dt>\n\t\t\t\t<dd class='wp-caption-text gallery-caption' id='gallery-1-13409'>\n\t\t\t\tProEXR File Description\r\r=Attributes=\rCameraFilmApertureHorizontal (float): 1\rCameraFilmApertureVertical (float): 0.562756\rCameraFocalLength (float): 1.58286\rarnold\/AA_samples (int): 5\rarnold\/auto_transparency_depth (int): 10\rarnold\/bounds_max_x (float): 6357\rarnold\/bounds_max_y (float): 3577\rarnold\/bounds_min_x (float): 0\rarnold\/bounds_min_y (float): 0\rarnold\/camera\/far_clip (float): 7000\rarnold\/camera\/near_clip (float): 10\rarnold\/diffuse_depth (int): 3\rarnold\/diffuse_samples (int): 5\rarnold\/glossy_depth (int): 3\rarnold\/glossy_samples (int): 5\rarnold\/host\/hw (string): &#8220;2 x Intel(R) Xeon(R) CPU E5-2640 0 @ 2.50GHz (12 cores, 24 logical) with 32738MB&#8221;\rarnold\/host\/name (string): &#8220;Mento&#8221;\rarnold\/host\/os (string): &#8220;Windows 8 Professional (version 6.2, build 9200)&#8221;\rarnold\/reflection_depth (int): 10\rarnold\/refraction_depth (int): 10\rarnold\/refraction_samples (int): 5\rarnold\/sss_samples (int): 0\rarnold\/stats\/date (string): &#8220;Wed Jan 18 00:05:58 2017&#8221;\rarnold\/stats\/geo\/curve_segments (float): 0\rarnold\/stats\/geo\/triangles (float): 2.70848e+007\rarnold\/stats\/memory\/peak (float): 22974\rarnold\/stats\/memory\/start (float): 14825.7\rarnold\/stats\/rays\/all\/pixel (float): 496.625\rarnold\/stats\/rays\/all\/total (float): 1.20178e+010\rarnold\/stats\/rays\/camera\/pixel (float): 24.2452\rarnold\/stats\/rays\/camera\/total (float): 5.86709e+008\rarnold\/stats\/time\/render (float): 3638.68\rarnold\/stats\/time\/setup (float): 27.4117\rarnold\/texture_max_memory_MB (float): 2048\rarnold\/threads (int): 24\rarnold\/total_depth (int): 10\rarnold\/version (string): &#8220;Arnold 4.2.16.0 windows icc-14.0.2 oiio-1.7.7 rlm-12.0.2 2016\/11\/22 13:25:15&#8221;\rarnold\/volume_depth (int): 0\rarnold\/volume_samples (int): 0\rcapDate (string): &#8220;2017:01:18  0:05:58&#8221;\rchannels (chlist)\rcompression (compression): Zip16\rcryptomatte\/0\/conversion (string): &#8220;uint32_to_float32&#8221;\rcryptomatte\/0\/hash (string): &#8220;MurmurHash3_32&#8221;\rcryptomatte\/0\/manifest (string): &#8220;{&#8220;BRACKET_LEFT_7_shell_0Shape&#8221;:&#8221;75e90e27&#8243;,&#8221;BRIDA_2__VW_3D0_971_838_H_3_shell_0Shape&#8221;:&#8221;745013e7&#8243;,&#8221;BRIDA_\n\t\t\t\t<\/dd><\/dl><dl class='gallery-item'>\n\t\t\t<dt class='gallery-icon landscape'>\n\t\t\t\t<a href='https:\/\/www.drivelife.it\/news\/2017\/02\/11\/seat-ibiza\/124109_broadcast03\/'><img loading=\"lazy\" decoding=\"async\" width=\"150\" height=\"150\" src=\"https:\/\/www.drivelife.it\/news\/wp-content\/uploads\/2017\/02\/124109_broadcast03-150x150.jpg\" class=\"attachment-thumbnail size-thumbnail no-lazy\" alt=\"\" srcset=\"https:\/\/www.drivelife.it\/news\/wp-content\/uploads\/2017\/02\/124109_broadcast03-150x150.jpg 150w, https:\/\/www.drivelife.it\/news\/wp-content\/uploads\/2017\/02\/124109_broadcast03-160x160.jpg 160w, https:\/\/www.drivelife.it\/news\/wp-content\/uploads\/2017\/02\/124109_broadcast03-320x320.jpg 320w\" sizes=\"auto, (max-width: 150px) 100vw, 150px\" \/><\/a>\n\t\t\t<\/dt><\/dl><dl class='gallery-item'>\n\t\t\t<dt class='gallery-icon landscape'>\n\t\t\t\t<a href='https:\/\/www.drivelife.it\/news\/2017\/02\/11\/seat-ibiza\/124109_broadcast14\/'><img loading=\"lazy\" decoding=\"async\" width=\"150\" height=\"150\" src=\"https:\/\/www.drivelife.it\/news\/wp-content\/uploads\/2017\/02\/124109_broadcast14-150x150.jpg\" class=\"attachment-thumbnail size-thumbnail no-lazy\" alt=\"\" srcset=\"https:\/\/www.drivelife.it\/news\/wp-content\/uploads\/2017\/02\/124109_broadcast14-150x150.jpg 150w, https:\/\/www.drivelife.it\/news\/wp-content\/uploads\/2017\/02\/124109_broadcast14-160x160.jpg 160w, https:\/\/www.drivelife.it\/news\/wp-content\/uploads\/2017\/02\/124109_broadcast14-320x320.jpg 320w\" sizes=\"auto, (max-width: 150px) 100vw, 150px\" \/><\/a>\n\t\t\t<\/dt><\/dl><dl class='gallery-item'>\n\t\t\t<dt class='gallery-icon landscape'>\n\t\t\t\t<a href='https:\/\/www.drivelife.it\/news\/2017\/02\/11\/seat-ibiza\/124109_broadcast10\/'><img loading=\"lazy\" decoding=\"async\" width=\"150\" height=\"150\" src=\"https:\/\/www.drivelife.it\/news\/wp-content\/uploads\/2017\/02\/124109_broadcast10-150x150.jpg\" class=\"attachment-thumbnail size-thumbnail no-lazy\" alt=\"\" srcset=\"https:\/\/www.drivelife.it\/news\/wp-content\/uploads\/2017\/02\/124109_broadcast10-150x150.jpg 150w, https:\/\/www.drivelife.it\/news\/wp-content\/uploads\/2017\/02\/124109_broadcast10-160x160.jpg 160w, https:\/\/www.drivelife.it\/news\/wp-content\/uploads\/2017\/02\/124109_broadcast10-320x320.jpg 320w\" sizes=\"auto, (max-width: 150px) 100vw, 150px\" \/><\/a>\n\t\t\t<\/dt><\/dl><br style=\"clear: both\" \/><dl class='gallery-item'>\n\t\t\t<dt class='gallery-icon landscape'>\n\t\t\t\t<a href='https:\/\/www.drivelife.it\/news\/2017\/02\/11\/seat-ibiza\/124109_broadcast15\/'><img loading=\"lazy\" decoding=\"async\" width=\"150\" height=\"150\" src=\"https:\/\/www.drivelife.it\/news\/wp-content\/uploads\/2017\/02\/124109_broadcast15-150x150.jpg\" class=\"attachment-thumbnail size-thumbnail no-lazy\" alt=\"\" srcset=\"https:\/\/www.drivelife.it\/news\/wp-content\/uploads\/2017\/02\/124109_broadcast15-150x150.jpg 150w, https:\/\/www.drivelife.it\/news\/wp-content\/uploads\/2017\/02\/124109_broadcast15-160x160.jpg 160w, https:\/\/www.drivelife.it\/news\/wp-content\/uploads\/2017\/02\/124109_broadcast15-320x320.jpg 320w\" sizes=\"auto, (max-width: 150px) 100vw, 150px\" \/><\/a>\n\t\t\t<\/dt><\/dl><dl class='gallery-item'>\n\t\t\t<dt class='gallery-icon landscape'>\n\t\t\t\t<a href='https:\/\/www.drivelife.it\/news\/2017\/02\/11\/seat-ibiza\/124109_broadcast08\/'><img loading=\"lazy\" decoding=\"async\" width=\"150\" height=\"150\" src=\"https:\/\/www.drivelife.it\/news\/wp-content\/uploads\/2017\/02\/124109_broadcast08-150x150.jpg\" class=\"attachment-thumbnail size-thumbnail no-lazy\" alt=\"\" srcset=\"https:\/\/www.drivelife.it\/news\/wp-content\/uploads\/2017\/02\/124109_broadcast08-150x150.jpg 150w, https:\/\/www.drivelife.it\/news\/wp-content\/uploads\/2017\/02\/124109_broadcast08-160x160.jpg 160w, https:\/\/www.drivelife.it\/news\/wp-content\/uploads\/2017\/02\/124109_broadcast08-320x320.jpg 320w\" sizes=\"auto, (max-width: 150px) 100vw, 150px\" \/><\/a>\n\t\t\t<\/dt><\/dl><dl class='gallery-item'>\n\t\t\t<dt class='gallery-icon landscape'>\n\t\t\t\t<a href='https:\/\/www.drivelife.it\/news\/2017\/02\/11\/seat-ibiza\/124109_broadcast09\/'><img loading=\"lazy\" decoding=\"async\" width=\"150\" height=\"150\" src=\"https:\/\/www.drivelife.it\/news\/wp-content\/uploads\/2017\/02\/124109_broadcast09-150x150.jpg\" class=\"attachment-thumbnail size-thumbnail no-lazy\" alt=\"\" srcset=\"https:\/\/www.drivelife.it\/news\/wp-content\/uploads\/2017\/02\/124109_broadcast09-150x150.jpg 150w, https:\/\/www.drivelife.it\/news\/wp-content\/uploads\/2017\/02\/124109_broadcast09-160x160.jpg 160w, https:\/\/www.drivelife.it\/news\/wp-content\/uploads\/2017\/02\/124109_broadcast09-320x320.jpg 320w\" sizes=\"auto, (max-width: 150px) 100vw, 150px\" \/><\/a>\n\t\t\t<\/dt><\/dl><dl class='gallery-item'>\n\t\t\t<dt class='gallery-icon landscape'>\n\t\t\t\t<a href='https:\/\/www.drivelife.it\/news\/2017\/02\/11\/seat-ibiza\/124109_broadcast12\/'><img loading=\"lazy\" decoding=\"async\" width=\"150\" height=\"150\" src=\"https:\/\/www.drivelife.it\/news\/wp-content\/uploads\/2017\/02\/124109_broadcast12-150x150.jpg\" class=\"attachment-thumbnail size-thumbnail no-lazy\" alt=\"\" srcset=\"https:\/\/www.drivelife.it\/news\/wp-content\/uploads\/2017\/02\/124109_broadcast12-150x150.jpg 150w, https:\/\/www.drivelife.it\/news\/wp-content\/uploads\/2017\/02\/124109_broadcast12-160x160.jpg 160w, https:\/\/www.drivelife.it\/news\/wp-content\/uploads\/2017\/02\/124109_broadcast12-320x320.jpg 320w\" sizes=\"auto, (max-width: 150px) 100vw, 150px\" \/><\/a>\n\t\t\t<\/dt><\/dl><dl class='gallery-item'>\n\t\t\t<dt class='gallery-icon landscape'>\n\t\t\t\t<a href='https:\/\/www.drivelife.it\/news\/2017\/02\/11\/seat-ibiza\/124109_broadcast06\/'><img loading=\"lazy\" decoding=\"async\" width=\"150\" height=\"150\" src=\"https:\/\/www.drivelife.it\/news\/wp-content\/uploads\/2017\/02\/124109_broadcast06-150x150.jpg\" class=\"attachment-thumbnail size-thumbnail no-lazy\" alt=\"\" srcset=\"https:\/\/www.drivelife.it\/news\/wp-content\/uploads\/2017\/02\/124109_broadcast06-150x150.jpg 150w, https:\/\/www.drivelife.it\/news\/wp-content\/uploads\/2017\/02\/124109_broadcast06-160x160.jpg 160w, https:\/\/www.drivelife.it\/news\/wp-content\/uploads\/2017\/02\/124109_broadcast06-320x320.jpg 320w\" sizes=\"auto, (max-width: 150px) 100vw, 150px\" \/><\/a>\n\t\t\t<\/dt><\/dl>\n\t\t\t<br style='clear: both' \/>\n\t\t<\/div>\n<br \/>\n&nbsp;<br \/>\n&nbsp;<br \/>\n&nbsp;<br \/>\n&nbsp;<br \/>\n&nbsp;<\/p>\n<h1><strong>SOMMARIO E TIMING<\/strong><\/h1>\n<p>&nbsp;<br \/>\n&nbsp;<\/p>\n<h1>IN TV &#8211; RUBRICA TV AUTOMOTIVE DI 12\u201900\u201d &#8211; SOMMARIO, TIMING SERVIZI <\/p>\n<p>BMW SERIE 5 TOURING, 01&#8217;02&#8221; &#8211; CITROEN C-AIRCROSS CONCEPT, 00&#8217;55&#8221; &#8211; RENAULT ALPINE, 01&#8217;02&#8221; &#8211; SEAT IBIZA, 00&#8217;51&#8221; &#8211; PEUGEOT 2008, 03&#8217;21&#8221; &#8211; FIAT PANDA CROSS, 03&#8217;10<\/p>\n<p>&#8211; <\/h1>\n<p>&nbsp;<br \/>\n&nbsp;<\/p>\n<h2>START @ &#8211; SOMMARIO, START SERVIZI <\/p>\n<p>BMW SERIE 5 TOURING, 00&#8217;46&#8221; &#8211; CITROEN C-AIRCROSS CONCEPT, 02&#8217;01&#8221; &#8211; RENAULT ALPINE, 03&#8217;00&#8221; &#8211; SEAT IBIZA, 04&#8217;06&#8221; &#8211; PEUGEOT 2008, 05&#8217;07&#8221; &#8211; FIAT PANDA CROSS, 08&#8217;29<\/p>\n<p>&#8211; <\/h2>\n<p>&nbsp;<br \/>\n&nbsp;<\/p>\n<blockquote>\n<h1>\n<p>A riprova del nuovo posizionamento di prodotto i dati dalla fabbrica. Ogni giorno escono dalla catena di montaggio di Martorell settecento Ibiza. L\u201985 per cento di queste prende treni o navi ed \u00e8 esportato verso i mercati di settantacinque paesi diversi. SEAT Ibiza \u00e8 l\u2019artefice della internazionalizzazione del marchio<\/p>\n<\/h1>\n<\/blockquote>\n<p>&nbsp;<br \/>\n&nbsp;<br \/>\n<a href=\"http:\/\/vimeo.com\/drivelife\"><img decoding=\"async\" src=\"http:\/\/a.vimeocdn.com\/images_v6\/blogbadge_channels.png\" alt=\"Vimeo\" \/><\/a><\/p>\n<blockquote>\n<h1><strong>In TV con drivelife del 11 FEBBRAIO<\/strong><\/h1>\n<\/blockquote>\n<p><a href=\"https:\/\/flipboard.com\/@mrlukkor\/drivelife-q5flocp8y\" data-flip-widget=\"mag\">View my Flipboard Magazine.<\/a><\/p>\n<h2>Guarda di pi\u00f9 con drivelife<\/h2>\n<p style=\"color: #021eaa;\"><a href=\"http:\/\/car.18x24.it\">car.18&#215;24.it<\/a><\/p>\n<p style=\"color: #021eaa;\"><a href=\"http:\/\/www.drivelife.it\">www.drivelife.it<\/a><\/p>\n<p style=\"color: #021eaa;\"><a href=\"http:\/\/www.drivelife.it\/clip\/\">www.drivelife.it\/clip\/<\/a><\/p>\n<p style=\"color: #021eaa;\"><a href=\"http:\/\/www.drivelife.it\/dlnew\/\">www.drivelife.it\/dlnew\/<\/a><\/p>\n<p style=\"color: #021eaa;\"><a href=\"http:\/\/www.drivelife.it\/moto\/\">www.drivelife.it\/moto\/<\/a><\/p>\n<p style=\"color: #021eaa;\"><a href=\"http:\/\/www.drivelife.it\/car\/\">www.drivelife.it\/car\/<\/a><\/p>\n<p style=\"color: #021eaa;\"><a href=\"http:\/\/www.drivelife.it\/drivelifeintv\/\">www.drivelife.it\/drivelifeintv\/<\/a><\/p>\n<p style=\"color: #021eaa;\"><a href=\"http:\/\/www.drivelife.it\/pics\/\">www.drivelife.it\/pics\/<\/a><\/p>\n<p style=\"color: #021eaa;\"><a href=\"http:\/\/www.drivelife.it\/dresscode\/\">www.drivelife.it\/dresscode\/<\/a><\/p>\n<p style=\"color: #021eaa;\"><a href=\"https:\/\/twitter.com\/tweetdrivelife\">twitter.com\/tweetdrivelife<\/a><\/p>\n<p style=\"color: #021eaa;\"><a href=\"https:\/\/flipboard.com\/@mrlukkor\/drivelife-q5flocp8y\">flipboard.com\/@mrlukkor\/drivelife<\/a><\/p>\n<p>&nbsp;<br \/>\n&nbsp;<\/p>\n<p>&nbsp;<br \/>\n&nbsp;<\/p>\n<h1>TRAILER PUNTATA IN TV<\/h1>\n<p>&nbsp;<br \/>\n&nbsp;<br \/>\n#PEUGEOT 3008, FILM WINTER<br \/>\nhttps:\/\/vimeo.com\/201797982<br \/>\n&nbsp;<\/p>\n<blockquote class=\"wp-embedded-content\" data-secret=\"YewlNX5H1E\"><p><a href=\"https:\/\/www.drivelife.it\/PEUGEOT3008\/\">Homepage<\/a><\/p><\/blockquote>\n<p><iframe loading=\"lazy\" class=\"wp-embedded-content\" sandbox=\"allow-scripts\" security=\"restricted\" style=\"position: absolute; visibility: hidden;\" title=\"&#8220;Homepage&#8221; &#8212; FILM WINTER\" src=\"https:\/\/www.drivelife.it\/PEUGEOT3008\/embed\/#?secret=WimpLada5U#?secret=YewlNX5H1E\" data-secret=\"YewlNX5H1E\" width=\"500\" height=\"282\" frameborder=\"0\" marginwidth=\"0\" marginheight=\"0\" scrolling=\"no\"><\/iframe><br \/>\n&nbsp;<br \/>\n&nbsp;<\/p>\n<p>http:\/\/www.drivelife.it\/clip\/2017\/02\/08\/drivelife-2017-puntata-del-11-febbraio\/<br \/>\nhttp:\/\/www.drivelife.it\/drivelifeintv\/2017\/02\/08\/drivelife-2017-puntata-del-11-febbraio\/<\/p>\n<p>&nbsp;<br \/>\n&nbsp;<\/p>\n<h1><strong>SOMMARIO E TIMING<\/strong><\/h1>\n<p>&nbsp;<br \/>\n&nbsp;<\/p>\n<h1>IN TV &#8211; RUBRICA TV AUTOMOTIVE DI 12\u201900\u201d &#8211; SOMMARIO, TIMING SERVIZI <\/p>\n<p>BMW SERIE 5 TOURING, 01&#8217;02&#8221; &#8211; CITROEN C-AIRCROSS CONCEPT, 00&#8217;55&#8221; &#8211; RENAULT ALPINE, 01&#8217;02&#8221; &#8211; SEAT IBIZA, 00&#8217;51&#8221; &#8211; PEUGEOT 2008, 03&#8217;21&#8221; &#8211; FIAT PANDA CROSS, 03&#8217;10<\/p>\n<p>&#8211; <\/h1>\n<p>&nbsp;<br \/>\n&nbsp;<\/p>\n<h2>START @ &#8211; SOMMARIO, START SERVIZI <\/p>\n<p>BMW SERIE 5 TOURING, 00&#8217;46&#8221; &#8211; CITROEN C-AIRCROSS CONCEPT, 02&#8217;01&#8221; &#8211; RENAULT ALPINE, 03&#8217;00&#8221; &#8211; SEAT IBIZA, 04&#8217;06&#8221; &#8211; PEUGEOT 2008, 05&#8217;07&#8221; &#8211; FIAT PANDA CROSS, 08&#8217;29<\/p>\n<p>&#8211; <\/h2>\n<p>&nbsp;<br \/>\n&nbsp;<br \/>\n#FIAT #PANDA #CROSS<br \/>\nhttps:\/\/vimeo.com\/130539953<br \/>\n&nbsp;<br \/>\nhttps:\/\/vimeo.com\/130529910<br \/>\n&nbsp;<br \/>\nhttps:\/\/vimeo.com\/121754413<br \/>\n&nbsp;<br \/>\nhttp:\/\/www.drivelife.it\/FIATPANDACROSS\/<br \/>\n&nbsp;<br \/>\n&nbsp;<\/p>\n<p>http:\/\/www.drivelife.it\/clip\/2017\/02\/08\/drivelife-2017-puntata-del-11-febbraio\/<br \/>\nhttp:\/\/www.drivelife.it\/drivelifeintv\/2017\/02\/08\/drivelife-2017-puntata-del-11-febbraio\/<\/p>\n<p>&nbsp;<br \/>\n&nbsp;<\/p>\n<p>&nbsp;<br \/>\n&nbsp;<br \/>\nCredit, clip&#038;pic, quando pubblicato<br \/>\nTutte le fotografie e le clip \u00a9lucaromanopix<br \/>\n<strong>Vietata la riproduzione e la diffusione su e con qualsiasi mezzo e\/o social network senza il consenso scritto dell&#8217;autore. Le fotografie sono file con firma digitale. Le fotografie sono protette secondo le norme vigenti in Italia del diritto d\u2019autore. <\/strong><br \/>\n&nbsp;<\/p>\n<h2>\n<blockquote><p>Once Ansel Adams said:<br \/>\n\u201cThe single most important component of a camera is the twelve inches behind it\u201d.<\/p><\/blockquote>\n<\/h2>\n<p>&nbsp;<br \/>\n&nbsp;<\/p>\n<h1>XLETV mp4<\/h1>\n<p>https:\/\/vimeo.com\/203430689<br \/>\n&nbsp;<br \/>\n&nbsp;<\/p>\n<h1>XLETV mpg<\/h1>\n<p>https:\/\/vimeo.com\/203431146<br \/>\n&nbsp;<br \/>\n&nbsp;<\/p>\n<h1>YOUTUBE<\/h1>\n<div class=\"video-container\"><iframe loading=\"lazy\" title=\"2017 PUNTATA DRIVELIFE FEBBRAIO 11\" width=\"500\" height=\"281\" src=\"https:\/\/www.youtube.com\/embed\/h6ui2TPCIUI?feature=oembed&#038;wmode=opaque\" frameborder=\"0\" allow=\"accelerometer; autoplay; clipboard-write; encrypted-media; gyroscope; picture-in-picture; web-share\" referrerpolicy=\"strict-origin-when-cross-origin\" allowfullscreen><\/iframe><\/div>\n<div class=\"video-container\"><iframe loading=\"lazy\" title=\"2017 PUNTATA DRIVELIFE FEBBRAIO 11\" width=\"500\" height=\"375\" src=\"https:\/\/www.youtube.com\/embed\/NzsMIfROjnM?feature=oembed&#038;wmode=opaque\" frameborder=\"0\" allow=\"accelerometer; autoplay; clipboard-write; encrypted-media; gyroscope; picture-in-picture; web-share\" referrerpolicy=\"strict-origin-when-cross-origin\" allowfullscreen><\/iframe><\/div>\n<p>&nbsp;<br \/>\n&nbsp;<\/p>\n<p>&nbsp;<br \/>\nhttp:\/\/www.drivelife.it\/clip\/2017\/02\/08\/drivelife-2017-puntata-del-11-febbraio\/<br \/>\n&nbsp;<br \/>\nhttp:\/\/www.drivelife.it\/drivelifeintv\/2017\/02\/08\/drivelife-2017-puntata-del-11-febbraio\/<\/p>\n<p>&nbsp;<br \/>\n<a class=\"twitter-timeline\" href=\"https:\/\/twitter.com\/lucaatmrlukkor\" data-widget-id=\"557957842121289728\">Tweet di @lucaatmrlukkor<\/a> <script>!function(d,s,id){var js,fjs=d.getElementsByTagName(s)[0],p=\/^http:\/.test(d.location)?'http':'https';if(!d.getElementById(id)){js=d.createElement(s);js.id=id;js.src=p+\":\/\/platform.twitter.com\/widgets.js\";fjs.parentNode.insertBefore(js,fjs);}}(document,\"script\",\"twitter-wjs\");<\/script><br \/>\n&nbsp;<\/p>\n<h1>SEAT IBIZA<br \/>\nBANCA IMMAGINI  YOUTUBE<\/h1>\n<p>&nbsp;<\/p>\n<div class=\"video-container\"><iframe loading=\"lazy\" title=\"SEAT IBIZA - eng newibiza hd\" width=\"500\" height=\"281\" src=\"https:\/\/www.youtube.com\/embed\/HQWPVtqhQ78?feature=oembed&#038;wmode=opaque\" frameborder=\"0\" allow=\"accelerometer; autoplay; clipboard-write; encrypted-media; gyroscope; picture-in-picture; web-share\" referrerpolicy=\"strict-origin-when-cross-origin\" allowfullscreen><\/iframe><\/div>\n<p>&nbsp;<\/p>\n<div class=\"video-container\"><iframe loading=\"lazy\" title=\"SEAT IBIZA - footage\" width=\"500\" height=\"281\" src=\"https:\/\/www.youtube.com\/embed\/fNk2BXTLF0M?feature=oembed&#038;wmode=opaque\" frameborder=\"0\" allow=\"accelerometer; autoplay; clipboard-write; encrypted-media; gyroscope; picture-in-picture; web-share\" referrerpolicy=\"strict-origin-when-cross-origin\" allowfullscreen><\/iframe><\/div>\n<p>&nbsp;<\/p>\n<div class=\"video-container\"><iframe loading=\"lazy\" title=\"SEAT IBIZA - footagenewibiza hd\" width=\"500\" height=\"281\" src=\"https:\/\/www.youtube.com\/embed\/8lhSfnico5U?feature=oembed&#038;wmode=opaque\" frameborder=\"0\" allow=\"accelerometer; autoplay; clipboard-write; encrypted-media; gyroscope; picture-in-picture; web-share\" referrerpolicy=\"strict-origin-when-cross-origin\" allowfullscreen><\/iframe><\/div>\n<p>&nbsp;<\/p>\n<div class=\"video-container\"><iframe loading=\"lazy\" title=\"SEAT IBIZA - version with graphics\" width=\"500\" height=\"281\" src=\"https:\/\/www.youtube.com\/embed\/FXaplpBG4O0?feature=oembed&#038;wmode=opaque\" frameborder=\"0\" allow=\"accelerometer; autoplay; clipboard-write; encrypted-media; gyroscope; picture-in-picture; web-share\" referrerpolicy=\"strict-origin-when-cross-origin\" allowfullscreen><\/iframe><\/div>\n<p>&nbsp;<\/p>\n<div class=\"video-container\"><iframe loading=\"lazy\" title=\"SEAT IBIZA - version without graphics\" width=\"500\" height=\"281\" src=\"https:\/\/www.youtube.com\/embed\/OBlYMN13Pwg?feature=oembed&#038;wmode=opaque\" frameborder=\"0\" allow=\"accelerometer; autoplay; clipboard-write; encrypted-media; gyroscope; picture-in-picture; web-share\" referrerpolicy=\"strict-origin-when-cross-origin\" allowfullscreen><\/iframe><\/div>\n<p>&nbsp;<\/p>\n<h3>NB: qui, come per tutti gli articoli che drivelife pubblica on line, non \u00e8 un obbligo la corrispondenza tra il pubblicato della pagina e quanto messo in onda con la rubrica televisiva diffusa in tutta Italia.<\/h3>\n","protected":false},"excerpt":{"rendered":"<p>SEAT IBIZA &#8211; IN TV IL 11 FEBBRAIO &#8211; A riprova del nuovo posizionamento di prodotto i dati dalla fabbrica. Ogni giorno escono dalla catena di montaggio di Martorell settecento Ibiza. L\u201985 per cento di queste prende treni o navi ed \u00e8 esportato verso i mercati di settantacinque paesi diversi. SEAT Ibiza \u00e8 l\u2019artefice della internazionalizzazione del marchio<\/p>\n","protected":false},"author":1,"featured_media":13403,"comment_status":"open","ping_status":"open","sticky":false,"template":"","format":"video","meta":{"ngg_post_thumbnail":0,"footnotes":""},"categories":[39,52,55,71,999,40,53],"tags":[1071,1069,1068,912,1070,37,537,538,23,129,874,1066,1072,1067],"class_list":["post-13401","post","type-post","status-publish","format-video","has-post-thumbnail","hentry","category-automotive","category-gallery","category-news","category-puntata-drivelife","category-999","category-seat","category-video","tag-alpine-renault","tag-bmw-serie-5-touring","tag-bmw-touring","tag-caffehinaluke","tag-citroen-c-aircross","tag-drivelife","tag-fiat-panda-cross","tag-lucaromanopix","tag-mrlukkor","tag-peugeot-2008","tag-peugeot-3008","tag-puntata-11-febbraio","tag-seat-ibiza","tag-set-foto-film-winter","post_format-post-format-video"],"yoast_head":"<!-- This site is optimized with the Yoast SEO plugin v27.5 - https:\/\/yoast.com\/product\/yoast-seo-wordpress\/ -->\n<title>SEAT IBIZA - #lucalife<\/title>\n<meta name=\"description\" content=\"SEAT IBIZA E&#039; ALLA QUINTA GENERAZIONE, IN ITALIA IL NUOVO MODELLO - IN TV, L&#039;11 FEBBRAIO, SU DRIVELIFE LA CLIP DELL&#039;ULTIMA NOVITA&#039; DALLA SPAGNA\" \/>\n<meta name=\"robots\" content=\"index, follow, max-snippet:-1, max-image-preview:large, max-video-preview:-1\" \/>\n<link rel=\"canonical\" href=\"https:\/\/www.drivelife.it\/news\/2017\/02\/11\/seat-ibiza\/\" \/>\n<meta property=\"og:locale\" content=\"en_US\" \/>\n<meta property=\"og:type\" content=\"article\" \/>\n<meta property=\"og:title\" content=\"SEAT IBIZA - #lucalife\" \/>\n<meta property=\"og:description\" content=\"SEAT IBIZA E&#039; ALLA QUINTA GENERAZIONE, IN ITALIA IL NUOVO MODELLO - IN TV, L&#039;11 FEBBRAIO, SU DRIVELIFE LA CLIP DELL&#039;ULTIMA NOVITA&#039; DALLA SPAGNA\" \/>\n<meta property=\"og:url\" content=\"https:\/\/www.drivelife.it\/news\/2017\/02\/11\/seat-ibiza\/\" \/>\n<meta property=\"og:site_name\" content=\"#lucalife\" \/>\n<meta property=\"article:publisher\" content=\"https:\/\/www.facebook.com\/pages\/Drivelife\/467833073239720\" \/>\n<meta property=\"article:published_time\" content=\"2017-02-11T17:49:33+00:00\" \/>\n<meta property=\"article:modified_time\" content=\"2017-02-11T18:33:00+00:00\" \/>\n<meta property=\"og:image\" content=\"https:\/\/www.drivelife.it\/news\/wp-content\/uploads\/2017\/02\/124109_broadcast07.jpg\" \/>\n\t<meta property=\"og:image:width\" content=\"2560\" \/>\n\t<meta property=\"og:image:height\" content=\"1441\" \/>\n\t<meta property=\"og:image:type\" content=\"image\/jpeg\" \/>\n<meta name=\"author\" content=\"Redazione\" \/>\n<meta name=\"twitter:card\" content=\"summary_large_image\" \/>\n<meta name=\"twitter:creator\" content=\"@tweetdrivelife\" \/>\n<meta name=\"twitter:site\" content=\"@tweetdrivelife\" \/>\n<meta name=\"twitter:label1\" content=\"Written by\" \/>\n\t<meta name=\"twitter:data1\" content=\"Redazione\" \/>\n\t<meta name=\"twitter:label2\" content=\"Est. reading time\" \/>\n\t<meta name=\"twitter:data2\" content=\"5 minutes\" \/>\n<script type=\"application\/ld+json\" class=\"yoast-schema-graph\">{\"@context\":\"https:\\\/\\\/schema.org\",\"@graph\":[{\"@type\":\"Article\",\"@id\":\"https:\\\/\\\/www.drivelife.it\\\/news\\\/2017\\\/02\\\/11\\\/seat-ibiza\\\/#article\",\"isPartOf\":{\"@id\":\"https:\\\/\\\/www.drivelife.it\\\/news\\\/2017\\\/02\\\/11\\\/seat-ibiza\\\/\"},\"author\":{\"name\":\"Redazione\",\"@id\":\"https:\\\/\\\/www.drivelife.it\\\/news\\\/#\\\/schema\\\/person\\\/b6c194c3423ff451be4914f5fd9c2188\"},\"headline\":\"SEAT IBIZA\",\"datePublished\":\"2017-02-11T17:49:33+00:00\",\"dateModified\":\"2017-02-11T18:33:00+00:00\",\"mainEntityOfPage\":{\"@id\":\"https:\\\/\\\/www.drivelife.it\\\/news\\\/2017\\\/02\\\/11\\\/seat-ibiza\\\/\"},\"wordCount\":922,\"commentCount\":0,\"image\":{\"@id\":\"https:\\\/\\\/www.drivelife.it\\\/news\\\/2017\\\/02\\\/11\\\/seat-ibiza\\\/#primaryimage\"},\"thumbnailUrl\":\"https:\\\/\\\/www.drivelife.it\\\/news\\\/wp-content\\\/uploads\\\/2017\\\/02\\\/124109_broadcast07.jpg\",\"keywords\":[\"alpine renault\",\"bmw serie 5 touring\",\"bmw touring\",\"caffehinaluke\",\"citroen c-aircross\",\"DRIVELIFE\",\"fiat panda cross\",\"lucaromanopix\",\"MRLUKKOR\",\"PEUGEOT 2008\",\"peugeot 3008\",\"puntata 11 febbraio\",\"seat ibiza\",\"set foto film winter\"],\"articleSection\":[\"AUTOMOTIVE\",\"GALLERY AUTOMOTIVE\",\"NEWS\",\"PUNTATA DRIVELIFE\",\"PUNTATE DRIVELIFE TV 2017\",\"SEAT\",\"VIDEO\"],\"inLanguage\":\"en-US\",\"potentialAction\":[{\"@type\":\"CommentAction\",\"name\":\"Comment\",\"target\":[\"https:\\\/\\\/www.drivelife.it\\\/news\\\/2017\\\/02\\\/11\\\/seat-ibiza\\\/#respond\"]}]},{\"@type\":\"WebPage\",\"@id\":\"https:\\\/\\\/www.drivelife.it\\\/news\\\/2017\\\/02\\\/11\\\/seat-ibiza\\\/\",\"url\":\"https:\\\/\\\/www.drivelife.it\\\/news\\\/2017\\\/02\\\/11\\\/seat-ibiza\\\/\",\"name\":\"SEAT IBIZA - #lucalife\",\"isPartOf\":{\"@id\":\"https:\\\/\\\/www.drivelife.it\\\/news\\\/#website\"},\"primaryImageOfPage\":{\"@id\":\"https:\\\/\\\/www.drivelife.it\\\/news\\\/2017\\\/02\\\/11\\\/seat-ibiza\\\/#primaryimage\"},\"image\":{\"@id\":\"https:\\\/\\\/www.drivelife.it\\\/news\\\/2017\\\/02\\\/11\\\/seat-ibiza\\\/#primaryimage\"},\"thumbnailUrl\":\"https:\\\/\\\/www.drivelife.it\\\/news\\\/wp-content\\\/uploads\\\/2017\\\/02\\\/124109_broadcast07.jpg\",\"datePublished\":\"2017-02-11T17:49:33+00:00\",\"dateModified\":\"2017-02-11T18:33:00+00:00\",\"author\":{\"@id\":\"https:\\\/\\\/www.drivelife.it\\\/news\\\/#\\\/schema\\\/person\\\/b6c194c3423ff451be4914f5fd9c2188\"},\"description\":\"SEAT IBIZA E' ALLA QUINTA GENERAZIONE, IN ITALIA IL NUOVO MODELLO - IN TV, L'11 FEBBRAIO, SU DRIVELIFE LA CLIP DELL'ULTIMA NOVITA' DALLA SPAGNA\",\"breadcrumb\":{\"@id\":\"https:\\\/\\\/www.drivelife.it\\\/news\\\/2017\\\/02\\\/11\\\/seat-ibiza\\\/#breadcrumb\"},\"inLanguage\":\"en-US\",\"potentialAction\":[{\"@type\":\"ReadAction\",\"target\":[\"https:\\\/\\\/www.drivelife.it\\\/news\\\/2017\\\/02\\\/11\\\/seat-ibiza\\\/\"]}]},{\"@type\":\"ImageObject\",\"inLanguage\":\"en-US\",\"@id\":\"https:\\\/\\\/www.drivelife.it\\\/news\\\/2017\\\/02\\\/11\\\/seat-ibiza\\\/#primaryimage\",\"url\":\"https:\\\/\\\/www.drivelife.it\\\/news\\\/wp-content\\\/uploads\\\/2017\\\/02\\\/124109_broadcast07.jpg\",\"contentUrl\":\"https:\\\/\\\/www.drivelife.it\\\/news\\\/wp-content\\\/uploads\\\/2017\\\/02\\\/124109_broadcast07.jpg\",\"width\":2560,\"height\":1441,\"caption\":\"SEAT IBIZA - IN TV IL 11 FEBBRAIO\"},{\"@type\":\"BreadcrumbList\",\"@id\":\"https:\\\/\\\/www.drivelife.it\\\/news\\\/2017\\\/02\\\/11\\\/seat-ibiza\\\/#breadcrumb\",\"itemListElement\":[{\"@type\":\"ListItem\",\"position\":1,\"name\":\"Home\",\"item\":\"https:\\\/\\\/www.drivelife.it\\\/news\\\/\"},{\"@type\":\"ListItem\",\"position\":2,\"name\":\"SEAT IBIZA\"}]},{\"@type\":\"WebSite\",\"@id\":\"https:\\\/\\\/www.drivelife.it\\\/news\\\/#website\",\"url\":\"https:\\\/\\\/www.drivelife.it\\\/news\\\/\",\"name\":\"#lucalife\",\"description\":\"DRIVELIFE le mie automobili\",\"potentialAction\":[{\"@type\":\"SearchAction\",\"target\":{\"@type\":\"EntryPoint\",\"urlTemplate\":\"https:\\\/\\\/www.drivelife.it\\\/news\\\/?s={search_term_string}\"},\"query-input\":{\"@type\":\"PropertyValueSpecification\",\"valueRequired\":true,\"valueName\":\"search_term_string\"}}],\"inLanguage\":\"en-US\"},{\"@type\":\"Person\",\"@id\":\"https:\\\/\\\/www.drivelife.it\\\/news\\\/#\\\/schema\\\/person\\\/b6c194c3423ff451be4914f5fd9c2188\",\"name\":\"Redazione\",\"image\":{\"@type\":\"ImageObject\",\"inLanguage\":\"en-US\",\"@id\":\"https:\\\/\\\/secure.gravatar.com\\\/avatar\\\/8d186f6b07ba8a94441344759f0e13bf1909b6ceaa171df0425551b4590fd558?s=96&d=mm&r=g\",\"url\":\"https:\\\/\\\/secure.gravatar.com\\\/avatar\\\/8d186f6b07ba8a94441344759f0e13bf1909b6ceaa171df0425551b4590fd558?s=96&d=mm&r=g\",\"contentUrl\":\"https:\\\/\\\/secure.gravatar.com\\\/avatar\\\/8d186f6b07ba8a94441344759f0e13bf1909b6ceaa171df0425551b4590fd558?s=96&d=mm&r=g\",\"caption\":\"Redazione\"},\"url\":\"https:\\\/\\\/www.drivelife.it\\\/news\\\/author\\\/admin\\\/\"}]}<\/script>\n<!-- \/ Yoast SEO plugin. -->","yoast_head_json":{"title":"SEAT IBIZA - #lucalife","description":"SEAT IBIZA E' ALLA QUINTA GENERAZIONE, IN ITALIA IL NUOVO MODELLO - IN TV, L'11 FEBBRAIO, SU DRIVELIFE LA CLIP DELL'ULTIMA NOVITA' DALLA SPAGNA","robots":{"index":"index","follow":"follow","max-snippet":"max-snippet:-1","max-image-preview":"max-image-preview:large","max-video-preview":"max-video-preview:-1"},"canonical":"https:\/\/www.drivelife.it\/news\/2017\/02\/11\/seat-ibiza\/","og_locale":"en_US","og_type":"article","og_title":"SEAT IBIZA - #lucalife","og_description":"SEAT IBIZA E' ALLA QUINTA GENERAZIONE, IN ITALIA IL NUOVO MODELLO - IN TV, L'11 FEBBRAIO, SU DRIVELIFE LA CLIP DELL'ULTIMA NOVITA' DALLA SPAGNA","og_url":"https:\/\/www.drivelife.it\/news\/2017\/02\/11\/seat-ibiza\/","og_site_name":"#lucalife","article_publisher":"https:\/\/www.facebook.com\/pages\/Drivelife\/467833073239720","article_published_time":"2017-02-11T17:49:33+00:00","article_modified_time":"2017-02-11T18:33:00+00:00","og_image":[{"width":2560,"height":1441,"url":"https:\/\/www.drivelife.it\/news\/wp-content\/uploads\/2017\/02\/124109_broadcast07.jpg","type":"image\/jpeg"}],"author":"Redazione","twitter_card":"summary_large_image","twitter_creator":"@tweetdrivelife","twitter_site":"@tweetdrivelife","twitter_misc":{"Written by":"Redazione","Est. reading time":"5 minutes"},"schema":{"@context":"https:\/\/schema.org","@graph":[{"@type":"Article","@id":"https:\/\/www.drivelife.it\/news\/2017\/02\/11\/seat-ibiza\/#article","isPartOf":{"@id":"https:\/\/www.drivelife.it\/news\/2017\/02\/11\/seat-ibiza\/"},"author":{"name":"Redazione","@id":"https:\/\/www.drivelife.it\/news\/#\/schema\/person\/b6c194c3423ff451be4914f5fd9c2188"},"headline":"SEAT IBIZA","datePublished":"2017-02-11T17:49:33+00:00","dateModified":"2017-02-11T18:33:00+00:00","mainEntityOfPage":{"@id":"https:\/\/www.drivelife.it\/news\/2017\/02\/11\/seat-ibiza\/"},"wordCount":922,"commentCount":0,"image":{"@id":"https:\/\/www.drivelife.it\/news\/2017\/02\/11\/seat-ibiza\/#primaryimage"},"thumbnailUrl":"https:\/\/www.drivelife.it\/news\/wp-content\/uploads\/2017\/02\/124109_broadcast07.jpg","keywords":["alpine renault","bmw serie 5 touring","bmw touring","caffehinaluke","citroen c-aircross","DRIVELIFE","fiat panda cross","lucaromanopix","MRLUKKOR","PEUGEOT 2008","peugeot 3008","puntata 11 febbraio","seat ibiza","set foto film winter"],"articleSection":["AUTOMOTIVE","GALLERY AUTOMOTIVE","NEWS","PUNTATA DRIVELIFE","PUNTATE DRIVELIFE TV 2017","SEAT","VIDEO"],"inLanguage":"en-US","potentialAction":[{"@type":"CommentAction","name":"Comment","target":["https:\/\/www.drivelife.it\/news\/2017\/02\/11\/seat-ibiza\/#respond"]}]},{"@type":"WebPage","@id":"https:\/\/www.drivelife.it\/news\/2017\/02\/11\/seat-ibiza\/","url":"https:\/\/www.drivelife.it\/news\/2017\/02\/11\/seat-ibiza\/","name":"SEAT IBIZA - #lucalife","isPartOf":{"@id":"https:\/\/www.drivelife.it\/news\/#website"},"primaryImageOfPage":{"@id":"https:\/\/www.drivelife.it\/news\/2017\/02\/11\/seat-ibiza\/#primaryimage"},"image":{"@id":"https:\/\/www.drivelife.it\/news\/2017\/02\/11\/seat-ibiza\/#primaryimage"},"thumbnailUrl":"https:\/\/www.drivelife.it\/news\/wp-content\/uploads\/2017\/02\/124109_broadcast07.jpg","datePublished":"2017-02-11T17:49:33+00:00","dateModified":"2017-02-11T18:33:00+00:00","author":{"@id":"https:\/\/www.drivelife.it\/news\/#\/schema\/person\/b6c194c3423ff451be4914f5fd9c2188"},"description":"SEAT IBIZA E' ALLA QUINTA GENERAZIONE, IN ITALIA IL NUOVO MODELLO - IN TV, L'11 FEBBRAIO, SU DRIVELIFE LA CLIP DELL'ULTIMA NOVITA' DALLA SPAGNA","breadcrumb":{"@id":"https:\/\/www.drivelife.it\/news\/2017\/02\/11\/seat-ibiza\/#breadcrumb"},"inLanguage":"en-US","potentialAction":[{"@type":"ReadAction","target":["https:\/\/www.drivelife.it\/news\/2017\/02\/11\/seat-ibiza\/"]}]},{"@type":"ImageObject","inLanguage":"en-US","@id":"https:\/\/www.drivelife.it\/news\/2017\/02\/11\/seat-ibiza\/#primaryimage","url":"https:\/\/www.drivelife.it\/news\/wp-content\/uploads\/2017\/02\/124109_broadcast07.jpg","contentUrl":"https:\/\/www.drivelife.it\/news\/wp-content\/uploads\/2017\/02\/124109_broadcast07.jpg","width":2560,"height":1441,"caption":"SEAT IBIZA - IN TV IL 11 FEBBRAIO"},{"@type":"BreadcrumbList","@id":"https:\/\/www.drivelife.it\/news\/2017\/02\/11\/seat-ibiza\/#breadcrumb","itemListElement":[{"@type":"ListItem","position":1,"name":"Home","item":"https:\/\/www.drivelife.it\/news\/"},{"@type":"ListItem","position":2,"name":"SEAT IBIZA"}]},{"@type":"WebSite","@id":"https:\/\/www.drivelife.it\/news\/#website","url":"https:\/\/www.drivelife.it\/news\/","name":"#lucalife","description":"DRIVELIFE le mie automobili","potentialAction":[{"@type":"SearchAction","target":{"@type":"EntryPoint","urlTemplate":"https:\/\/www.drivelife.it\/news\/?s={search_term_string}"},"query-input":{"@type":"PropertyValueSpecification","valueRequired":true,"valueName":"search_term_string"}}],"inLanguage":"en-US"},{"@type":"Person","@id":"https:\/\/www.drivelife.it\/news\/#\/schema\/person\/b6c194c3423ff451be4914f5fd9c2188","name":"Redazione","image":{"@type":"ImageObject","inLanguage":"en-US","@id":"https:\/\/secure.gravatar.com\/avatar\/8d186f6b07ba8a94441344759f0e13bf1909b6ceaa171df0425551b4590fd558?s=96&d=mm&r=g","url":"https:\/\/secure.gravatar.com\/avatar\/8d186f6b07ba8a94441344759f0e13bf1909b6ceaa171df0425551b4590fd558?s=96&d=mm&r=g","contentUrl":"https:\/\/secure.gravatar.com\/avatar\/8d186f6b07ba8a94441344759f0e13bf1909b6ceaa171df0425551b4590fd558?s=96&d=mm&r=g","caption":"Redazione"},"url":"https:\/\/www.drivelife.it\/news\/author\/admin\/"}]}},"amp_enabled":true,"_links":{"self":[{"href":"https:\/\/www.drivelife.it\/news\/wp-json\/wp\/v2\/posts\/13401","targetHints":{"allow":["GET"]}}],"collection":[{"href":"https:\/\/www.drivelife.it\/news\/wp-json\/wp\/v2\/posts"}],"about":[{"href":"https:\/\/www.drivelife.it\/news\/wp-json\/wp\/v2\/types\/post"}],"author":[{"embeddable":true,"href":"https:\/\/www.drivelife.it\/news\/wp-json\/wp\/v2\/users\/1"}],"replies":[{"embeddable":true,"href":"https:\/\/www.drivelife.it\/news\/wp-json\/wp\/v2\/comments?post=13401"}],"version-history":[{"count":2,"href":"https:\/\/www.drivelife.it\/news\/wp-json\/wp\/v2\/posts\/13401\/revisions"}],"predecessor-version":[{"id":13419,"href":"https:\/\/www.drivelife.it\/news\/wp-json\/wp\/v2\/posts\/13401\/revisions\/13419"}],"wp:featuredmedia":[{"embeddable":true,"href":"https:\/\/www.drivelife.it\/news\/wp-json\/wp\/v2\/media\/13403"}],"wp:attachment":[{"href":"https:\/\/www.drivelife.it\/news\/wp-json\/wp\/v2\/media?parent=13401"}],"wp:term":[{"taxonomy":"category","embeddable":true,"href":"https:\/\/www.drivelife.it\/news\/wp-json\/wp\/v2\/categories?post=13401"},{"taxonomy":"post_tag","embeddable":true,"href":"https:\/\/www.drivelife.it\/news\/wp-json\/wp\/v2\/tags?post=13401"}],"curies":[{"name":"wp","href":"https:\/\/api.w.org\/{rel}","templated":true}]}}