{"id":12079,"date":"2016-11-27T09:56:52","date_gmt":"2016-11-27T09:56:52","guid":{"rendered":"http:\/\/www.drivelife.it\/news\/?p=12079"},"modified":"2016-11-27T09:56:52","modified_gmt":"2016-11-27T09:56:52","slug":"mercedes-classe-e-all-terrain-in-tv-drivelife-26-novembre","status":"publish","type":"post","link":"https:\/\/www.drivelife.it\/news\/2016\/11\/27\/mercedes-classe-e-all-terrain-in-tv-drivelife-26-novembre\/","title":{"rendered":"MERCEDES CLASSE E All-Terrain"},"content":{"rendered":"<p>&nbsp;<br \/>\n&nbsp;<\/p>\n<h1>XLETV<\/h1>\n<p>https:\/\/vimeo.com\/193075858<br \/>\n&nbsp;<br \/>\n&nbsp;<br \/>\n<strong><\/p>\n<h1>&#8220;LIMPIDA SENSUALIT\u00c0&#8221;<\/h1>\n<p><\/strong><\/p>\n<h2><em><strong>MERCEDES CLASSE E All-Terrain. TRA GLI EQUIPAGGIAMENTI DI SERIE IL SISTEMA 4MATIC, LA TRAZIONE INTEGRALE SECONDO MERCEDES E LE SOSPENSIONI PNEUMATICHE AIR BODY CONTROL PER UNA MAGGIORE ALTEZZA DAL SUOLO NECESSARIA PER SUPERARE GLI OSTACOLI NELLA MARCIA IN FUORISTRADA.<\/em><\/strong><\/h2>\n<p>&nbsp;<br \/>\n&nbsp;<br \/>\n<div id=\"attachment_12080\" style=\"width: 730px\" class=\"wp-caption alignnone\"><img loading=\"lazy\" decoding=\"async\" aria-describedby=\"caption-attachment-12080\" src=\"http:\/\/www.drivelife.it\/news\/wp-content\/uploads\/2016\/11\/118350_broadcast34-1000x668.jpg\" alt=\"IN TV CON DRIVELIFE DEL 26 NOVEMBRE - Mercedes-Benz E-Klasse All-Terrain; Outdoor; 2016; Exterieur: designo hyazinthrot metallic ;Kraftstoffverbrauch kombiniert: 5,1 l\/100 km; CO2-Emissionen kombiniert: 137 g\/km Mercedes-Benz E-Class All-Terrain; outdoor; 2016; exterior: designo hyacinth red metallic; Fuel consumption combined: 5.1 l\/100 km; Combined CO2 emissions: 137 g\/km\" width=\"720\" height=\"481\" class=\"size-large wp-image-12080\" srcset=\"https:\/\/www.drivelife.it\/news\/wp-content\/uploads\/2016\/11\/118350_broadcast34-1000x668.jpg 1000w, https:\/\/www.drivelife.it\/news\/wp-content\/uploads\/2016\/11\/118350_broadcast34-620x414.jpg 620w, https:\/\/www.drivelife.it\/news\/wp-content\/uploads\/2016\/11\/118350_broadcast34-768x513.jpg 768w, https:\/\/www.drivelife.it\/news\/wp-content\/uploads\/2016\/11\/118350_broadcast34-300x200.jpg 300w, https:\/\/www.drivelife.it\/news\/wp-content\/uploads\/2016\/11\/118350_broadcast34.jpg 1680w\" sizes=\"auto, (max-width: 720px) 100vw, 720px\" \/><p id=\"caption-attachment-12080\" class=\"wp-caption-text\">IN TV CON DRIVELIFE DEL 26 NOVEMBRE &#8211;<br \/>Mercedes-Benz E-Klasse All-Terrain; Outdoor; 2016; Exterieur: designo hyazinthrot metallic ;Kraftstoffverbrauch kombiniert: 5,1 l\/100 km; CO2-Emissionen kombiniert: 137 g\/km<br \/>Mercedes-Benz E-Class All-Terrain; outdoor; 2016;<br \/>exterior: designo hyacinth red metallic; Fuel consumption combined: 5.1 l\/100 km; Combined CO2 emissions: 137 g\/km<\/p><\/div><br \/>\n&nbsp;<\/p>\n<h2>con drivelife in TV<br \/>\ne online con drivelife\/vimeo,<br \/>\nper la puntata del 26 NOVEMBRE<\/h2>\n<p>&nbsp;<br \/>\nhttps:\/\/vimeo.com\/193075858<br \/>\n&nbsp;<br \/>\n&nbsp;<br \/>\n<a data-flip-widget=\"flipit\" href=\"https:\/\/flipboard.com\">Add to Flipboard Magazine.<\/a><script src=\"https:\/\/cdn.flipboard.com\/web\/buttons\/js\/flbuttons.min.js\" type=\"text\/javascript\"><\/script><br \/>\n<strong>di REDAZIONE<br \/>\nDURATA, 01&#8217;12&#8221;<br \/>\nIN TV CON DRIVELIFE DEL 26 NOVEMBRE 2016<\/strong><br \/>\n&nbsp;<br \/>\n&nbsp;<br \/>\n<em><strong>(da drivelife per TV del 26 NOVEMBRE 2016) &#8211; MERCEDES CLASSE E All-Terrain, 01&#8217;12&#8221; \/ START @ 10&#8217;20&#8221; &#8211; <\/strong><\/em> &#8211; Alla fine si sono convinti anche loro. Tra un po&#8217;, come suggello dell&#8217;eterna rivalit\u00e0 tra Monaco e Stoccarda, anche BMW far\u00e0 il passo. Verso cosa \u00e8 presto detto: una versione crossover delle familiari di punta. Ora \u00e8 il momento di Mercedes che presenta la Classe E in versione &#8220;cross-country&#8221;. Termine inappropriato per definire la nuova versione di Classe E ma utile, a me, per ribadire che la vera capostipite del genere \u00e8 stata la Volvo con le sue versioni Cross-Country, appunto, in tempi non sospetti.<br \/>\n&nbsp;<br \/>\nLo status di quelle vetture ed il conseguente successo hanno convinto tutti i costruttori nel puntare risorse ed ingegno sulle cross-over. Quanto siano apprezzate \u00e8 sulle strade, tutti i giorni. Mercedes interviene in modo sostanziale sulla Classe E: parafanghi maggiorati, mascherina come per le Classi M e G, ruote di grandi dimensioni ed altezza da terra utile per superare gli ostacoli nella marcia off-road con il sistema 4Matic. Sul mercato italiano in vendita in primavera 2017 con la versione E 220d 4Matic.<br \/>\n&nbsp;<\/p>\n<h2>GALLERIA FOTOGRAFICA<br \/>\nMERCEDES CLASSE E All-Terrain<\/h2>\n<p>&nbsp;<br \/>\n&nbsp;<br \/>\n\n\t\t<style>\n\t\t\t#gallery-1 {\n\t\t\t\tmargin: auto;\n\t\t\t}\n\t\t\t#gallery-1 .gallery-item {\n\t\t\t\tfloat: left;\n\t\t\t\tmargin-top: 10px;\n\t\t\t\ttext-align: center;\n\t\t\t\twidth: 11%;\n\t\t\t}\n\t\t\t#gallery-1 img {\n\t\t\t\tborder: 2px solid #cfcfcf;\n\t\t\t}\n\t\t\t#gallery-1 .gallery-caption {\n\t\t\t\tmargin-left: 0;\n\t\t\t}\n\t\t\t\/* see gallery_shortcode() in wp-includes\/media.php *\/\n\t\t<\/style>\n\t\t<div id='gallery-1' class='gallery galleryid-12079 gallery-columns-9 gallery-size-thumbnail'><dl class='gallery-item'>\n\t\t\t<dt class='gallery-icon landscape'>\n\t\t\t\t<a href='https:\/\/www.drivelife.it\/news\/2016\/11\/27\/mercedes-classe-e-all-terrain-in-tv-drivelife-26-novembre\/mercedes-benz-e-klasse-all-terrain-s213-2016-35\/'><img loading=\"lazy\" decoding=\"async\" width=\"150\" height=\"150\" src=\"https:\/\/www.drivelife.it\/news\/wp-content\/uploads\/2016\/11\/118350_broadcast04-150x150.jpg\" class=\"attachment-thumbnail size-thumbnail no-lazy\" alt=\"\" aria-describedby=\"gallery-1-12114\" srcset=\"https:\/\/www.drivelife.it\/news\/wp-content\/uploads\/2016\/11\/118350_broadcast04-150x150.jpg 150w, https:\/\/www.drivelife.it\/news\/wp-content\/uploads\/2016\/11\/118350_broadcast04-160x160.jpg 160w, https:\/\/www.drivelife.it\/news\/wp-content\/uploads\/2016\/11\/118350_broadcast04-320x320.jpg 320w\" sizes=\"auto, (max-width: 150px) 100vw, 150px\" \/><\/a>\n\t\t\t<\/dt>\n\t\t\t\t<dd class='wp-caption-text gallery-caption' id='gallery-1-12114'>\n\t\t\t\tMercedes-Benz E-Klasse All-Terrain; Outdoor; 2016; Exterieur: designo hyazinthrot metallic ;Kraftstoffverbrauch kombiniert: 5,1 l\/100 km; CO2-Emissionen kombiniert: 137 g\/km\n\nMercedes-Benz E-Class All-Terrain; outdoor; 2016; exterior: designo hyacinth red metallic; Fuel consumption combined: 5.1 l\/100 km; Combined CO2 emissions: 137 g\/km\n\t\t\t\t<\/dd><\/dl><dl class='gallery-item'>\n\t\t\t<dt class='gallery-icon landscape'>\n\t\t\t\t<a href='https:\/\/www.drivelife.it\/news\/2016\/11\/27\/mercedes-classe-e-all-terrain-in-tv-drivelife-26-novembre\/mercedes-benz-e-klasse-all-terrain-s213-2016-13\/'><img loading=\"lazy\" decoding=\"async\" width=\"150\" height=\"150\" src=\"https:\/\/www.drivelife.it\/news\/wp-content\/uploads\/2016\/11\/118350_broadcast25-150x150.jpg\" class=\"attachment-thumbnail size-thumbnail no-lazy\" alt=\"\" aria-describedby=\"gallery-1-12092\" srcset=\"https:\/\/www.drivelife.it\/news\/wp-content\/uploads\/2016\/11\/118350_broadcast25-150x150.jpg 150w, https:\/\/www.drivelife.it\/news\/wp-content\/uploads\/2016\/11\/118350_broadcast25-160x160.jpg 160w, https:\/\/www.drivelife.it\/news\/wp-content\/uploads\/2016\/11\/118350_broadcast25-320x320.jpg 320w\" sizes=\"auto, (max-width: 150px) 100vw, 150px\" \/><\/a>\n\t\t\t<\/dt>\n\t\t\t\t<dd class='wp-caption-text gallery-caption' id='gallery-1-12092'>\n\t\t\t\tMercedes-Benz E-Klasse All-Terrain; Studio; 2016; Exterieur: designo hyazinthrot metallic ;Kraftstoffverbrauch kombiniert: 5,1 l\/100 km; CO2-Emissionen kombiniert: 137 g\/km\n\nMercedes-Benz E-Class All-Terrain; studio; 2016; exterior: designo hyacinth red metallic; Fuel consumption combined: 5.1 l\/100 km; Combined CO2 emissions: 137 g\/km\n\t\t\t\t<\/dd><\/dl><dl class='gallery-item'>\n\t\t\t<dt class='gallery-icon landscape'>\n\t\t\t\t<a href='https:\/\/www.drivelife.it\/news\/2016\/11\/27\/mercedes-classe-e-all-terrain-in-tv-drivelife-26-novembre\/mercedes-benz-e-klasse-all-terrain-s213-2016-34\/'><img loading=\"lazy\" decoding=\"async\" width=\"150\" height=\"150\" src=\"https:\/\/www.drivelife.it\/news\/wp-content\/uploads\/2016\/11\/118350_broadcast03-150x150.jpg\" class=\"attachment-thumbnail size-thumbnail no-lazy\" alt=\"\" aria-describedby=\"gallery-1-12113\" srcset=\"https:\/\/www.drivelife.it\/news\/wp-content\/uploads\/2016\/11\/118350_broadcast03-150x150.jpg 150w, https:\/\/www.drivelife.it\/news\/wp-content\/uploads\/2016\/11\/118350_broadcast03-160x160.jpg 160w, https:\/\/www.drivelife.it\/news\/wp-content\/uploads\/2016\/11\/118350_broadcast03-320x320.jpg 320w\" sizes=\"auto, (max-width: 150px) 100vw, 150px\" \/><\/a>\n\t\t\t<\/dt>\n\t\t\t\t<dd class='wp-caption-text gallery-caption' id='gallery-1-12113'>\n\t\t\t\tMercedes-Benz E-Klasse All-Terrain; Outdoor; 2016; Interieur: Leder Nappa macchiatobeige\/espressobraun ;\n\nMercedes-Benz E-Class All-Terrain; outdoor; 2016; interior: napp leather macchiato beige\/esspresso brown;\n\t\t\t\t<\/dd><\/dl><dl class='gallery-item'>\n\t\t\t<dt class='gallery-icon landscape'>\n\t\t\t\t<a href='https:\/\/www.drivelife.it\/news\/2016\/11\/27\/mercedes-classe-e-all-terrain-in-tv-drivelife-26-novembre\/mercedes-benz-e-klasse-all-terrain-s213-2016-24\/'><img loading=\"lazy\" decoding=\"async\" width=\"150\" height=\"150\" src=\"https:\/\/www.drivelife.it\/news\/wp-content\/uploads\/2016\/11\/118350_broadcast12-150x150.jpg\" class=\"attachment-thumbnail size-thumbnail no-lazy\" alt=\"\" aria-describedby=\"gallery-1-12103\" srcset=\"https:\/\/www.drivelife.it\/news\/wp-content\/uploads\/2016\/11\/118350_broadcast12-150x150.jpg 150w, https:\/\/www.drivelife.it\/news\/wp-content\/uploads\/2016\/11\/118350_broadcast12-160x160.jpg 160w, https:\/\/www.drivelife.it\/news\/wp-content\/uploads\/2016\/11\/118350_broadcast12-320x320.jpg 320w\" sizes=\"auto, (max-width: 150px) 100vw, 150px\" \/><\/a>\n\t\t\t<\/dt>\n\t\t\t\t<dd class='wp-caption-text gallery-caption' id='gallery-1-12103'>\n\t\t\t\tMercedes-Benz E-Klasse All-Terrain; Outdoor; 2016; Exterieur: designo hyazinthrot metallic ;Kraftstoffverbrauch kombiniert: 5,1 l\/100 km; CO2-Emissionen kombiniert: 137 g\/km\n\nMercedes-Benz E-Class All-Terrain; outdoor; 2016; exterior: designo hyacinth red metallic; Fuel consumption combined: 5.1 l\/100 km; Combined CO2 emissions: 137 g\/km\n\t\t\t\t<\/dd><\/dl><dl class='gallery-item'>\n\t\t\t<dt class='gallery-icon landscape'>\n\t\t\t\t<a href='https:\/\/www.drivelife.it\/news\/2016\/11\/27\/mercedes-classe-e-all-terrain-in-tv-drivelife-26-novembre\/mercedes-benz-e-klasse-all-terrain-s213-2016-17\/'><img loading=\"lazy\" decoding=\"async\" width=\"150\" height=\"150\" src=\"https:\/\/www.drivelife.it\/news\/wp-content\/uploads\/2016\/11\/118350_broadcast23-150x150.jpg\" class=\"attachment-thumbnail size-thumbnail no-lazy\" alt=\"\" aria-describedby=\"gallery-1-12096\" srcset=\"https:\/\/www.drivelife.it\/news\/wp-content\/uploads\/2016\/11\/118350_broadcast23-150x150.jpg 150w, https:\/\/www.drivelife.it\/news\/wp-content\/uploads\/2016\/11\/118350_broadcast23-160x160.jpg 160w, https:\/\/www.drivelife.it\/news\/wp-content\/uploads\/2016\/11\/118350_broadcast23-320x320.jpg 320w\" sizes=\"auto, (max-width: 150px) 100vw, 150px\" \/><\/a>\n\t\t\t<\/dt>\n\t\t\t\t<dd class='wp-caption-text gallery-caption' id='gallery-1-12096'>\n\t\t\t\tMercedes-Benz E-Klasse All-Terrain; Studio; 2016; Exterieur: designo hyazinthrot metallic ;Kraftstoffverbrauch kombiniert: 5,1 l\/100 km; CO2-Emissionen kombiniert: 137 g\/km\n\nMercedes-Benz E-Class All-Terrain; studio; 2016; exterior: designo hyacinth red metallic; Fuel consumption combined: 5.1 l\/100 km; Combined CO2 emissions: 137 g\/km\n\t\t\t\t<\/dd><\/dl><dl class='gallery-item'>\n\t\t\t<dt class='gallery-icon landscape'>\n\t\t\t\t<a href='https:\/\/www.drivelife.it\/news\/2016\/11\/27\/mercedes-classe-e-all-terrain-in-tv-drivelife-26-novembre\/mercedes-benz-e-klasse-all-terrain-s213-2016-33\/'><img loading=\"lazy\" decoding=\"async\" width=\"150\" height=\"150\" src=\"https:\/\/www.drivelife.it\/news\/wp-content\/uploads\/2016\/11\/118350_broadcast06-150x150.jpg\" class=\"attachment-thumbnail size-thumbnail no-lazy\" alt=\"\" aria-describedby=\"gallery-1-12112\" srcset=\"https:\/\/www.drivelife.it\/news\/wp-content\/uploads\/2016\/11\/118350_broadcast06-150x150.jpg 150w, https:\/\/www.drivelife.it\/news\/wp-content\/uploads\/2016\/11\/118350_broadcast06-160x160.jpg 160w, https:\/\/www.drivelife.it\/news\/wp-content\/uploads\/2016\/11\/118350_broadcast06-320x320.jpg 320w\" sizes=\"auto, (max-width: 150px) 100vw, 150px\" \/><\/a>\n\t\t\t<\/dt>\n\t\t\t\t<dd class='wp-caption-text gallery-caption' id='gallery-1-12112'>\n\t\t\t\tMercedes-Benz E-Klasse All-Terrain; Outdoor; 2016; Exterieur: designo hyazinthrot metallic ;Kraftstoffverbrauch kombiniert: 5,1 l\/100 km; CO2-Emissionen kombiniert: 137 g\/km\n\nMercedes-Benz E-Class All-Terrain; outdoor; 2016; exterior: designo hyacinth red metallic; Fuel consumption combined: 5.1 l\/100 km; Combined CO2 emissions: 137 g\/km\n\t\t\t\t<\/dd><\/dl><dl class='gallery-item'>\n\t\t\t<dt class='gallery-icon landscape'>\n\t\t\t\t<a href='https:\/\/www.drivelife.it\/news\/2016\/11\/27\/mercedes-classe-e-all-terrain-in-tv-drivelife-26-novembre\/mercedes-benz-e-klasse-all-terrain-s213-2016-26\/'><img loading=\"lazy\" decoding=\"async\" width=\"150\" height=\"150\" src=\"https:\/\/www.drivelife.it\/news\/wp-content\/uploads\/2016\/11\/118350_broadcast14-150x150.jpg\" class=\"attachment-thumbnail size-thumbnail no-lazy\" alt=\"\" aria-describedby=\"gallery-1-12105\" srcset=\"https:\/\/www.drivelife.it\/news\/wp-content\/uploads\/2016\/11\/118350_broadcast14-150x150.jpg 150w, https:\/\/www.drivelife.it\/news\/wp-content\/uploads\/2016\/11\/118350_broadcast14-160x160.jpg 160w, https:\/\/www.drivelife.it\/news\/wp-content\/uploads\/2016\/11\/118350_broadcast14-320x320.jpg 320w\" sizes=\"auto, (max-width: 150px) 100vw, 150px\" \/><\/a>\n\t\t\t<\/dt>\n\t\t\t\t<dd class='wp-caption-text gallery-caption' id='gallery-1-12105'>\n\t\t\t\tMercedes-Benz E-Klasse All-Terrain; Outdoor; 2016; Exterieur: designo hyazinthrot metallic ;Kraftstoffverbrauch kombiniert: 5,1 l\/100 km; CO2-Emissionen kombiniert: 137 g\/km\n\nMercedes-Benz E-Class All-Terrain; outdoor; 2016; exterior: designo hyacinth red metallic; Fuel consumption combined: 5.1 l\/100 km; Combined CO2 emissions: 137 g\/km\n\t\t\t\t<\/dd><\/dl><dl class='gallery-item'>\n\t\t\t<dt class='gallery-icon landscape'>\n\t\t\t\t<a href='https:\/\/www.drivelife.it\/news\/2016\/11\/27\/mercedes-classe-e-all-terrain-in-tv-drivelife-26-novembre\/mercedes-benz-e-klasse-all-terrain-s213-2016-22\/'><img loading=\"lazy\" decoding=\"async\" width=\"150\" height=\"150\" src=\"https:\/\/www.drivelife.it\/news\/wp-content\/uploads\/2016\/11\/118350_broadcast16-150x150.jpg\" class=\"attachment-thumbnail size-thumbnail no-lazy\" alt=\"\" aria-describedby=\"gallery-1-12101\" srcset=\"https:\/\/www.drivelife.it\/news\/wp-content\/uploads\/2016\/11\/118350_broadcast16-150x150.jpg 150w, https:\/\/www.drivelife.it\/news\/wp-content\/uploads\/2016\/11\/118350_broadcast16-160x160.jpg 160w, https:\/\/www.drivelife.it\/news\/wp-content\/uploads\/2016\/11\/118350_broadcast16-320x320.jpg 320w\" sizes=\"auto, (max-width: 150px) 100vw, 150px\" \/><\/a>\n\t\t\t<\/dt>\n\t\t\t\t<dd class='wp-caption-text gallery-caption' id='gallery-1-12101'>\n\t\t\t\tMercedes-Benz E-Klasse All-Terrain; Outdoor; 2016; Exterieur: designo hyazinthrot metallic ;Kraftstoffverbrauch kombiniert: 5,1 l\/100 km; CO2-Emissionen kombiniert: 137 g\/km\n\nMercedes-Benz E-Class All-Terrain; outdoor; 2016; exterior: designo hyacinth red metallic; Fuel consumption combined: 5.1 l\/100 km; Combined CO2 emissions: 137 g\/km\n\t\t\t\t<\/dd><\/dl><dl class='gallery-item'>\n\t\t\t<dt class='gallery-icon landscape'>\n\t\t\t\t<a href='https:\/\/www.drivelife.it\/news\/2016\/11\/27\/mercedes-classe-e-all-terrain-in-tv-drivelife-26-novembre\/mercedes-benz-e-klasse-all-terrain-s213-2016-30\/'><img loading=\"lazy\" decoding=\"async\" width=\"150\" height=\"150\" src=\"https:\/\/www.drivelife.it\/news\/wp-content\/uploads\/2016\/11\/118350_broadcast07-150x150.jpg\" class=\"attachment-thumbnail size-thumbnail no-lazy\" alt=\"\" aria-describedby=\"gallery-1-12109\" srcset=\"https:\/\/www.drivelife.it\/news\/wp-content\/uploads\/2016\/11\/118350_broadcast07-150x150.jpg 150w, https:\/\/www.drivelife.it\/news\/wp-content\/uploads\/2016\/11\/118350_broadcast07-160x160.jpg 160w, https:\/\/www.drivelife.it\/news\/wp-content\/uploads\/2016\/11\/118350_broadcast07-320x320.jpg 320w\" sizes=\"auto, (max-width: 150px) 100vw, 150px\" \/><\/a>\n\t\t\t<\/dt>\n\t\t\t\t<dd class='wp-caption-text gallery-caption' id='gallery-1-12109'>\n\t\t\t\tMercedes-Benz E-Klasse All-Terrain; Outdoor; 2016; Exterieur: designo hyazinthrot metallic ;Kraftstoffverbrauch kombiniert: 5,1 l\/100 km; CO2-Emissionen kombiniert: 137 g\/km\n\nMercedes-Benz E-Class All-Terrain; outdoor; 2016; exterior: designo hyacinth red metallic; Fuel consumption combined: 5.1 l\/100 km; Combined CO2 emissions: 137 g\/km\n\t\t\t\t<\/dd><\/dl><br style=\"clear: both\" \/><dl class='gallery-item'>\n\t\t\t<dt class='gallery-icon landscape'>\n\t\t\t\t<a href='https:\/\/www.drivelife.it\/news\/2016\/11\/27\/mercedes-classe-e-all-terrain-in-tv-drivelife-26-novembre\/mercedes-benz-e-klasse-all-terrain-s213-2016-7\/'><img loading=\"lazy\" decoding=\"async\" width=\"150\" height=\"150\" src=\"https:\/\/www.drivelife.it\/news\/wp-content\/uploads\/2016\/11\/118350_broadcast31-150x150.jpg\" class=\"attachment-thumbnail size-thumbnail no-lazy\" alt=\"\" aria-describedby=\"gallery-1-12086\" srcset=\"https:\/\/www.drivelife.it\/news\/wp-content\/uploads\/2016\/11\/118350_broadcast31-150x150.jpg 150w, https:\/\/www.drivelife.it\/news\/wp-content\/uploads\/2016\/11\/118350_broadcast31-160x160.jpg 160w, https:\/\/www.drivelife.it\/news\/wp-content\/uploads\/2016\/11\/118350_broadcast31-320x320.jpg 320w\" sizes=\"auto, (max-width: 150px) 100vw, 150px\" \/><\/a>\n\t\t\t<\/dt>\n\t\t\t\t<dd class='wp-caption-text gallery-caption' id='gallery-1-12086'>\n\t\t\t\tMercedes-Benz E-Klasse All-Terrain; Studio; 2016; Interieur: Leder Nappa macchiatobeige\/espressobraun ;\n\nMercedes-Benz E-Class All-Terrain; Studio; 2016; interior: napp leather macchiato beige\/esspresso brown;\n\t\t\t\t<\/dd><\/dl><dl class='gallery-item'>\n\t\t\t<dt class='gallery-icon landscape'>\n\t\t\t\t<a href='https:\/\/www.drivelife.it\/news\/2016\/11\/27\/mercedes-classe-e-all-terrain-in-tv-drivelife-26-novembre\/mercedes-benz-e-klasse-all-terrain-s213-2016-18\/'><img loading=\"lazy\" decoding=\"async\" width=\"150\" height=\"150\" src=\"https:\/\/www.drivelife.it\/news\/wp-content\/uploads\/2016\/11\/118350_broadcast18-150x150.jpg\" class=\"attachment-thumbnail size-thumbnail no-lazy\" alt=\"\" aria-describedby=\"gallery-1-12097\" srcset=\"https:\/\/www.drivelife.it\/news\/wp-content\/uploads\/2016\/11\/118350_broadcast18-150x150.jpg 150w, https:\/\/www.drivelife.it\/news\/wp-content\/uploads\/2016\/11\/118350_broadcast18-160x160.jpg 160w, https:\/\/www.drivelife.it\/news\/wp-content\/uploads\/2016\/11\/118350_broadcast18-320x320.jpg 320w\" sizes=\"auto, (max-width: 150px) 100vw, 150px\" \/><\/a>\n\t\t\t<\/dt>\n\t\t\t\t<dd class='wp-caption-text gallery-caption' id='gallery-1-12097'>\n\t\t\t\tMercedes-Benz E-Klasse All-Terrain; Outdoor; 2016; Exterieur: designo hyazinthrot metallic ;Kraftstoffverbrauch kombiniert: 5,1 l\/100 km; CO2-Emissionen kombiniert: 137 g\/km\n\nMercedes-Benz E-Class All-Terrain; outdoor; 2016; exterior: designo hyacinth red metallic; Fuel consumption combined: 5.1 l\/100 km; Combined CO2 emissions: 137 g\/km\n\t\t\t\t<\/dd><\/dl><dl class='gallery-item'>\n\t\t\t<dt class='gallery-icon landscape'>\n\t\t\t\t<a href='https:\/\/www.drivelife.it\/news\/2016\/11\/27\/mercedes-classe-e-all-terrain-in-tv-drivelife-26-novembre\/mercedes-benz-e-klasse-all-terrain-s213-2016-10\/'><img loading=\"lazy\" decoding=\"async\" width=\"150\" height=\"150\" src=\"https:\/\/www.drivelife.it\/news\/wp-content\/uploads\/2016\/11\/118350_broadcast28-150x150.jpg\" class=\"attachment-thumbnail size-thumbnail no-lazy\" alt=\"\" aria-describedby=\"gallery-1-12089\" srcset=\"https:\/\/www.drivelife.it\/news\/wp-content\/uploads\/2016\/11\/118350_broadcast28-150x150.jpg 150w, https:\/\/www.drivelife.it\/news\/wp-content\/uploads\/2016\/11\/118350_broadcast28-160x160.jpg 160w, https:\/\/www.drivelife.it\/news\/wp-content\/uploads\/2016\/11\/118350_broadcast28-320x320.jpg 320w\" sizes=\"auto, (max-width: 150px) 100vw, 150px\" \/><\/a>\n\t\t\t<\/dt>\n\t\t\t\t<dd class='wp-caption-text gallery-caption' id='gallery-1-12089'>\n\t\t\t\tMercedes-Benz E-Klasse All-Terrain; Studio; 2016; Exterieur: designo hyazinthrot metallic ;Kraftstoffverbrauch kombiniert: 5,1 l\/100 km; CO2-Emissionen kombiniert: 137 g\/km\n\nMercedes-Benz E-Class All-Terrain; studio; 2016; exterior: designo hyacinth red metallic; Fuel consumption combined: 5.1 l\/100 km; Combined CO2 emissions: 137 g\/km\n\t\t\t\t<\/dd><\/dl><dl class='gallery-item'>\n\t\t\t<dt class='gallery-icon landscape'>\n\t\t\t\t<a href='https:\/\/www.drivelife.it\/news\/2016\/11\/27\/mercedes-classe-e-all-terrain-in-tv-drivelife-26-novembre\/mercedes-benz-e-klasse-all-terrain-s213-2016-6\/'><img loading=\"lazy\" decoding=\"async\" width=\"150\" height=\"150\" src=\"https:\/\/www.drivelife.it\/news\/wp-content\/uploads\/2016\/11\/118350_broadcast30-150x150.jpg\" class=\"attachment-thumbnail size-thumbnail no-lazy\" alt=\"\" aria-describedby=\"gallery-1-12085\" srcset=\"https:\/\/www.drivelife.it\/news\/wp-content\/uploads\/2016\/11\/118350_broadcast30-150x150.jpg 150w, https:\/\/www.drivelife.it\/news\/wp-content\/uploads\/2016\/11\/118350_broadcast30-160x160.jpg 160w, https:\/\/www.drivelife.it\/news\/wp-content\/uploads\/2016\/11\/118350_broadcast30-320x320.jpg 320w\" sizes=\"auto, (max-width: 150px) 100vw, 150px\" \/><\/a>\n\t\t\t<\/dt>\n\t\t\t\t<dd class='wp-caption-text gallery-caption' id='gallery-1-12085'>\n\t\t\t\tMercedes-Benz E-Klasse All-Terrain; Studio; 2016; Interieur: Leder Nappa macchiatobeige\/espressobraun ;\n\nMercedes-Benz E-Class All-Terrain; Studio; 2016; interior: napp leather macchiato beige\/esspresso brown;\n\t\t\t\t<\/dd><\/dl><dl class='gallery-item'>\n\t\t\t<dt class='gallery-icon landscape'>\n\t\t\t\t<a href='https:\/\/www.drivelife.it\/news\/2016\/11\/27\/mercedes-classe-e-all-terrain-in-tv-drivelife-26-novembre\/mercedes-benz-e-klasse-all-terrain-s213-2016-4\/'><img loading=\"lazy\" decoding=\"async\" width=\"150\" height=\"150\" src=\"https:\/\/www.drivelife.it\/news\/wp-content\/uploads\/2016\/11\/118350_broadcast35-150x150.jpg\" class=\"attachment-thumbnail size-thumbnail no-lazy\" alt=\"\" aria-describedby=\"gallery-1-12083\" srcset=\"https:\/\/www.drivelife.it\/news\/wp-content\/uploads\/2016\/11\/118350_broadcast35-150x150.jpg 150w, https:\/\/www.drivelife.it\/news\/wp-content\/uploads\/2016\/11\/118350_broadcast35-160x160.jpg 160w, https:\/\/www.drivelife.it\/news\/wp-content\/uploads\/2016\/11\/118350_broadcast35-320x320.jpg 320w\" sizes=\"auto, (max-width: 150px) 100vw, 150px\" \/><\/a>\n\t\t\t<\/dt>\n\t\t\t\t<dd class='wp-caption-text gallery-caption' id='gallery-1-12083'>\n\t\t\t\tMercedes-Benz E-Klasse All-Terrain; Outdoor; 2016; Exterieur: designo hyazinthrot metallic ;Kraftstoffverbrauch kombiniert: 5,1 l\/100 km; CO2-Emissionen kombiniert: 137 g\/km\n\nMercedes-Benz E-Class All-Terrain; outdoor; 2016;\r\nexterior: designo hyacinth red metallic; Fuel consumption combined: 5.1 l\/100 km; Combined CO2 emissions: 137 g\/km\n\t\t\t\t<\/dd><\/dl><dl class='gallery-item'>\n\t\t\t<dt class='gallery-icon landscape'>\n\t\t\t\t<a href='https:\/\/www.drivelife.it\/news\/2016\/11\/27\/mercedes-classe-e-all-terrain-in-tv-drivelife-26-novembre\/mercedes-benz-e-klasse-all-terrain-s213-2016-11\/'><img loading=\"lazy\" decoding=\"async\" width=\"150\" height=\"150\" src=\"https:\/\/www.drivelife.it\/news\/wp-content\/uploads\/2016\/11\/118350_broadcast29-150x150.jpg\" class=\"attachment-thumbnail size-thumbnail no-lazy\" alt=\"\" aria-describedby=\"gallery-1-12090\" srcset=\"https:\/\/www.drivelife.it\/news\/wp-content\/uploads\/2016\/11\/118350_broadcast29-150x150.jpg 150w, https:\/\/www.drivelife.it\/news\/wp-content\/uploads\/2016\/11\/118350_broadcast29-160x160.jpg 160w, https:\/\/www.drivelife.it\/news\/wp-content\/uploads\/2016\/11\/118350_broadcast29-320x320.jpg 320w\" sizes=\"auto, (max-width: 150px) 100vw, 150px\" \/><\/a>\n\t\t\t<\/dt>\n\t\t\t\t<dd class='wp-caption-text gallery-caption' id='gallery-1-12090'>\n\t\t\t\tMercedes-Benz E-Klasse All-Terrain; Studio; 2016; Interieur: Leder Nappa macchiatobeige\/espressobraun ;\n\nMercedes-Benz E-Class All-Terrain; Studio; 2016; interior: napp leather macchiato beige\/esspresso brown;\n\t\t\t\t<\/dd><\/dl><dl class='gallery-item'>\n\t\t\t<dt class='gallery-icon landscape'>\n\t\t\t\t<a href='https:\/\/www.drivelife.it\/news\/2016\/11\/27\/mercedes-classe-e-all-terrain-in-tv-drivelife-26-novembre\/mercedes-benz-e-klasse-all-terrain-s213-2016-19\/'><img loading=\"lazy\" decoding=\"async\" width=\"150\" height=\"150\" src=\"https:\/\/www.drivelife.it\/news\/wp-content\/uploads\/2016\/11\/118350_broadcast19-150x150.jpg\" class=\"attachment-thumbnail size-thumbnail no-lazy\" alt=\"\" aria-describedby=\"gallery-1-12098\" srcset=\"https:\/\/www.drivelife.it\/news\/wp-content\/uploads\/2016\/11\/118350_broadcast19-150x150.jpg 150w, https:\/\/www.drivelife.it\/news\/wp-content\/uploads\/2016\/11\/118350_broadcast19-160x160.jpg 160w, https:\/\/www.drivelife.it\/news\/wp-content\/uploads\/2016\/11\/118350_broadcast19-320x320.jpg 320w\" sizes=\"auto, (max-width: 150px) 100vw, 150px\" \/><\/a>\n\t\t\t<\/dt>\n\t\t\t\t<dd class='wp-caption-text gallery-caption' id='gallery-1-12098'>\n\t\t\t\tMercedes-Benz E-Klasse All-Terrain; Outdoor; 2016; Exterieur: designo hyazinthrot metallic ;Kraftstoffverbrauch kombiniert: 5,1 l\/100 km; CO2-Emissionen kombiniert: 137 g\/km\n\nMercedes-Benz E-Class All-Terrain; outdoor; 2016; exterior: designo hyacinth red metallic; Fuel consumption combined: 5.1 l\/100 km; Combined CO2 emissions: 137 g\/km\n\t\t\t\t<\/dd><\/dl><dl class='gallery-item'>\n\t\t\t<dt class='gallery-icon landscape'>\n\t\t\t\t<a href='https:\/\/www.drivelife.it\/news\/2016\/11\/27\/mercedes-classe-e-all-terrain-in-tv-drivelife-26-novembre\/mercedes-benz-e-klasse-all-terrain-s213-2016-16\/'><img loading=\"lazy\" decoding=\"async\" width=\"150\" height=\"150\" src=\"https:\/\/www.drivelife.it\/news\/wp-content\/uploads\/2016\/11\/118350_broadcast22-150x150.jpg\" class=\"attachment-thumbnail size-thumbnail no-lazy\" alt=\"\" aria-describedby=\"gallery-1-12095\" srcset=\"https:\/\/www.drivelife.it\/news\/wp-content\/uploads\/2016\/11\/118350_broadcast22-150x150.jpg 150w, https:\/\/www.drivelife.it\/news\/wp-content\/uploads\/2016\/11\/118350_broadcast22-160x160.jpg 160w, https:\/\/www.drivelife.it\/news\/wp-content\/uploads\/2016\/11\/118350_broadcast22-320x320.jpg 320w\" sizes=\"auto, (max-width: 150px) 100vw, 150px\" \/><\/a>\n\t\t\t<\/dt>\n\t\t\t\t<dd class='wp-caption-text gallery-caption' id='gallery-1-12095'>\n\t\t\t\tMercedes-Benz E-Klasse All-Terrain; Outdoor; 2016; Exterieur: designo hyazinthrot metallic ;Kraftstoffverbrauch kombiniert: 5,1 l\/100 km; CO2-Emissionen kombiniert: 137 g\/km\n\nMercedes-Benz E-Class All-Terrain; outdoor; 2016; exterior: designo hyacinth red metallic; Fuel consumption combined: 5.1 l\/100 km; Combined CO2 emissions: 137 g\/km\n\t\t\t\t<\/dd><\/dl><dl class='gallery-item'>\n\t\t\t<dt class='gallery-icon landscape'>\n\t\t\t\t<a href='https:\/\/www.drivelife.it\/news\/2016\/11\/27\/mercedes-classe-e-all-terrain-in-tv-drivelife-26-novembre\/mercedes-benz-e-klasse-all-terrain-s213-2016-3\/'><img loading=\"lazy\" decoding=\"async\" width=\"150\" height=\"150\" src=\"https:\/\/www.drivelife.it\/news\/wp-content\/uploads\/2016\/11\/118350_broadcast34-1-150x150.jpg\" class=\"attachment-thumbnail size-thumbnail no-lazy\" alt=\"\" aria-describedby=\"gallery-1-12082\" srcset=\"https:\/\/www.drivelife.it\/news\/wp-content\/uploads\/2016\/11\/118350_broadcast34-1-150x150.jpg 150w, https:\/\/www.drivelife.it\/news\/wp-content\/uploads\/2016\/11\/118350_broadcast34-1-160x160.jpg 160w, https:\/\/www.drivelife.it\/news\/wp-content\/uploads\/2016\/11\/118350_broadcast34-1-320x320.jpg 320w\" sizes=\"auto, (max-width: 150px) 100vw, 150px\" \/><\/a>\n\t\t\t<\/dt>\n\t\t\t\t<dd class='wp-caption-text gallery-caption' id='gallery-1-12082'>\n\t\t\t\tMercedes-Benz E-Klasse All-Terrain; Outdoor; 2016; Exterieur: designo hyazinthrot metallic ;Kraftstoffverbrauch kombiniert: 5,1 l\/100 km; CO2-Emissionen kombiniert: 137 g\/km\n\nMercedes-Benz E-Class All-Terrain; outdoor; 2016;\r\nexterior: designo hyacinth red metallic; Fuel consumption combined: 5.1 l\/100 km; Combined CO2 emissions: 137 g\/km\n\t\t\t\t<\/dd><\/dl><br style=\"clear: both\" \/><dl class='gallery-item'>\n\t\t\t<dt class='gallery-icon landscape'>\n\t\t\t\t<a href='https:\/\/www.drivelife.it\/news\/2016\/11\/27\/mercedes-classe-e-all-terrain-in-tv-drivelife-26-novembre\/mercedes-benz-e-klasse-all-terrain-s213-2016-5\/'><img loading=\"lazy\" decoding=\"async\" width=\"150\" height=\"150\" src=\"https:\/\/www.drivelife.it\/news\/wp-content\/uploads\/2016\/11\/118350_broadcast36-150x150.jpg\" class=\"attachment-thumbnail size-thumbnail no-lazy\" alt=\"\" aria-describedby=\"gallery-1-12084\" srcset=\"https:\/\/www.drivelife.it\/news\/wp-content\/uploads\/2016\/11\/118350_broadcast36-150x150.jpg 150w, https:\/\/www.drivelife.it\/news\/wp-content\/uploads\/2016\/11\/118350_broadcast36-160x160.jpg 160w, https:\/\/www.drivelife.it\/news\/wp-content\/uploads\/2016\/11\/118350_broadcast36-320x320.jpg 320w\" sizes=\"auto, (max-width: 150px) 100vw, 150px\" \/><\/a>\n\t\t\t<\/dt>\n\t\t\t\t<dd class='wp-caption-text gallery-caption' id='gallery-1-12084'>\n\t\t\t\tMercedes-Benz E-Klasse All-Terrain; Outdoor; 2016; Exterieur: designo hyazinthrot metallic ;Kraftstoffverbrauch kombiniert: 5,1 l\/100 km; CO2-Emissionen kombiniert: 137 g\/km\n\nMercedes-Benz E-Class All-Terrain; outdoor; 2016;\r\nexterior: designo hyacinth red metallic; Fuel consumption combined: 5.1 l\/100 km; Combined CO2 emissions: 137 g\/km\n\t\t\t\t<\/dd><\/dl><dl class='gallery-item'>\n\t\t\t<dt class='gallery-icon landscape'>\n\t\t\t\t<a href='https:\/\/www.drivelife.it\/news\/2016\/11\/27\/mercedes-classe-e-all-terrain-in-tv-drivelife-26-novembre\/mercedes-benz-e-klasse-all-terrain-s213-2016-8\/'><img loading=\"lazy\" decoding=\"async\" width=\"150\" height=\"150\" src=\"https:\/\/www.drivelife.it\/news\/wp-content\/uploads\/2016\/11\/118350_broadcast32-150x150.jpg\" class=\"attachment-thumbnail size-thumbnail no-lazy\" alt=\"\" aria-describedby=\"gallery-1-12087\" srcset=\"https:\/\/www.drivelife.it\/news\/wp-content\/uploads\/2016\/11\/118350_broadcast32-150x150.jpg 150w, https:\/\/www.drivelife.it\/news\/wp-content\/uploads\/2016\/11\/118350_broadcast32-160x160.jpg 160w, https:\/\/www.drivelife.it\/news\/wp-content\/uploads\/2016\/11\/118350_broadcast32-320x320.jpg 320w\" sizes=\"auto, (max-width: 150px) 100vw, 150px\" \/><\/a>\n\t\t\t<\/dt>\n\t\t\t\t<dd class='wp-caption-text gallery-caption' id='gallery-1-12087'>\n\t\t\t\tMercedes-Benz E-Klasse All-Terrain; Studio; 2016; Interieur: Leder Nappa macchiatobeige\/espressobraun ;\n\nMercedes-Benz E-Class All-Terrain; Studio; 2016; interior: napp leather macchiato beige\/esspresso brown;\n\t\t\t\t<\/dd><\/dl><dl class='gallery-item'>\n\t\t\t<dt class='gallery-icon landscape'>\n\t\t\t\t<a href='https:\/\/www.drivelife.it\/news\/2016\/11\/27\/mercedes-classe-e-all-terrain-in-tv-drivelife-26-novembre\/mercedes-benz-e-klasse-all-terrain-s213-2016-29\/'><img loading=\"lazy\" decoding=\"async\" width=\"150\" height=\"150\" src=\"https:\/\/www.drivelife.it\/news\/wp-content\/uploads\/2016\/11\/118350_broadcast11-150x150.jpg\" class=\"attachment-thumbnail size-thumbnail no-lazy\" alt=\"\" aria-describedby=\"gallery-1-12108\" srcset=\"https:\/\/www.drivelife.it\/news\/wp-content\/uploads\/2016\/11\/118350_broadcast11-150x150.jpg 150w, https:\/\/www.drivelife.it\/news\/wp-content\/uploads\/2016\/11\/118350_broadcast11-160x160.jpg 160w, https:\/\/www.drivelife.it\/news\/wp-content\/uploads\/2016\/11\/118350_broadcast11-320x320.jpg 320w\" sizes=\"auto, (max-width: 150px) 100vw, 150px\" \/><\/a>\n\t\t\t<\/dt>\n\t\t\t\t<dd class='wp-caption-text gallery-caption' id='gallery-1-12108'>\n\t\t\t\tMercedes-Benz E-Klasse All-Terrain; Outdoor; 2016; Exterieur: designo hyazinthrot metallic ;Kraftstoffverbrauch kombiniert: 5,1 l\/100 km; CO2-Emissionen kombiniert: 137 g\/km\n\nMercedes-Benz E-Class All-Terrain; outdoor; 2016; exterior: designo hyacinth red metallic; Fuel consumption combined: 5.1 l\/100 km; Combined CO2 emissions: 137 g\/km\n\t\t\t\t<\/dd><\/dl><dl class='gallery-item'>\n\t\t\t<dt class='gallery-icon landscape'>\n\t\t\t\t<a href='https:\/\/www.drivelife.it\/news\/2016\/11\/27\/mercedes-classe-e-all-terrain-in-tv-drivelife-26-novembre\/mercedes-benz-e-klasse-all-terrain-s213-2016-32\/'><img loading=\"lazy\" decoding=\"async\" width=\"150\" height=\"150\" src=\"https:\/\/www.drivelife.it\/news\/wp-content\/uploads\/2016\/11\/118350_broadcast05-150x150.jpg\" class=\"attachment-thumbnail size-thumbnail no-lazy\" alt=\"\" aria-describedby=\"gallery-1-12111\" srcset=\"https:\/\/www.drivelife.it\/news\/wp-content\/uploads\/2016\/11\/118350_broadcast05-150x150.jpg 150w, https:\/\/www.drivelife.it\/news\/wp-content\/uploads\/2016\/11\/118350_broadcast05-160x160.jpg 160w, https:\/\/www.drivelife.it\/news\/wp-content\/uploads\/2016\/11\/118350_broadcast05-320x320.jpg 320w\" sizes=\"auto, (max-width: 150px) 100vw, 150px\" \/><\/a>\n\t\t\t<\/dt>\n\t\t\t\t<dd class='wp-caption-text gallery-caption' id='gallery-1-12111'>\n\t\t\t\tMercedes-Benz E-Klasse All-Terrain; Outdoor; 2016; Exterieur: designo hyazinthrot metallic ;Kraftstoffverbrauch kombiniert: 5,1 l\/100 km; CO2-Emissionen kombiniert: 137 g\/km\n\nMercedes-Benz E-Class All-Terrain; outdoor; 2016; exterior: designo hyacinth red metallic; Fuel consumption combined: 5.1 l\/100 km; Combined CO2 emissions: 137 g\/km\n\t\t\t\t<\/dd><\/dl><dl class='gallery-item'>\n\t\t\t<dt class='gallery-icon landscape'>\n\t\t\t\t<a href='https:\/\/www.drivelife.it\/news\/2016\/11\/27\/mercedes-classe-e-all-terrain-in-tv-drivelife-26-novembre\/mercedes-benz-e-klasse-all-terrain-s213-2016-23\/'><img loading=\"lazy\" decoding=\"async\" width=\"150\" height=\"150\" src=\"https:\/\/www.drivelife.it\/news\/wp-content\/uploads\/2016\/11\/118350_broadcast17-150x150.jpg\" class=\"attachment-thumbnail size-thumbnail no-lazy\" alt=\"\" aria-describedby=\"gallery-1-12102\" srcset=\"https:\/\/www.drivelife.it\/news\/wp-content\/uploads\/2016\/11\/118350_broadcast17-150x150.jpg 150w, https:\/\/www.drivelife.it\/news\/wp-content\/uploads\/2016\/11\/118350_broadcast17-160x160.jpg 160w, https:\/\/www.drivelife.it\/news\/wp-content\/uploads\/2016\/11\/118350_broadcast17-320x320.jpg 320w\" sizes=\"auto, (max-width: 150px) 100vw, 150px\" \/><\/a>\n\t\t\t<\/dt>\n\t\t\t\t<dd class='wp-caption-text gallery-caption' id='gallery-1-12102'>\n\t\t\t\tMercedes-Benz E-Klasse All-Terrain; Outdoor; 2016; Exterieur: designo hyazinthrot metallic ;Kraftstoffverbrauch kombiniert: 5,1 l\/100 km; CO2-Emissionen kombiniert: 137 g\/km\n\nMercedes-Benz E-Class All-Terrain; outdoor; 2016; exterior: designo hyacinth red metallic; Fuel consumption combined: 5.1 l\/100 km; Combined CO2 emissions: 137 g\/km\n\t\t\t\t<\/dd><\/dl><dl class='gallery-item'>\n\t\t\t<dt class='gallery-icon landscape'>\n\t\t\t\t<a href='https:\/\/www.drivelife.it\/news\/2016\/11\/27\/mercedes-classe-e-all-terrain-in-tv-drivelife-26-novembre\/mercedes-benz-e-klasse-all-terrain-s213-2016-21\/'><img loading=\"lazy\" decoding=\"async\" width=\"150\" height=\"150\" src=\"https:\/\/www.drivelife.it\/news\/wp-content\/uploads\/2016\/11\/118350_broadcast15-150x150.jpg\" class=\"attachment-thumbnail size-thumbnail no-lazy\" alt=\"\" aria-describedby=\"gallery-1-12100\" srcset=\"https:\/\/www.drivelife.it\/news\/wp-content\/uploads\/2016\/11\/118350_broadcast15-150x150.jpg 150w, https:\/\/www.drivelife.it\/news\/wp-content\/uploads\/2016\/11\/118350_broadcast15-160x160.jpg 160w, https:\/\/www.drivelife.it\/news\/wp-content\/uploads\/2016\/11\/118350_broadcast15-320x320.jpg 320w\" sizes=\"auto, (max-width: 150px) 100vw, 150px\" \/><\/a>\n\t\t\t<\/dt>\n\t\t\t\t<dd class='wp-caption-text gallery-caption' id='gallery-1-12100'>\n\t\t\t\tMercedes-Benz E-Klasse All-Terrain; Outdoor; 2016; Exterieur: designo hyazinthrot metallic ;Kraftstoffverbrauch kombiniert: 5,1 l\/100 km; CO2-Emissionen kombiniert: 137 g\/km\n\nMercedes-Benz E-Class All-Terrain; outdoor; 2016; exterior: designo hyacinth red metallic; Fuel consumption combined: 5.1 l\/100 km; Combined CO2 emissions: 137 g\/km\n\t\t\t\t<\/dd><\/dl><dl class='gallery-item'>\n\t\t\t<dt class='gallery-icon landscape'>\n\t\t\t\t<a href='https:\/\/www.drivelife.it\/news\/2016\/11\/27\/mercedes-classe-e-all-terrain-in-tv-drivelife-26-novembre\/mercedes-benz-e-klasse-all-terrain-s213-2016-2\/'><img loading=\"lazy\" decoding=\"async\" width=\"150\" height=\"150\" src=\"https:\/\/www.drivelife.it\/news\/wp-content\/uploads\/2016\/11\/118350_broadcast33-150x150.jpg\" class=\"attachment-thumbnail size-thumbnail no-lazy\" alt=\"\" aria-describedby=\"gallery-1-12081\" srcset=\"https:\/\/www.drivelife.it\/news\/wp-content\/uploads\/2016\/11\/118350_broadcast33-150x150.jpg 150w, https:\/\/www.drivelife.it\/news\/wp-content\/uploads\/2016\/11\/118350_broadcast33-160x160.jpg 160w, https:\/\/www.drivelife.it\/news\/wp-content\/uploads\/2016\/11\/118350_broadcast33-320x320.jpg 320w\" sizes=\"auto, (max-width: 150px) 100vw, 150px\" \/><\/a>\n\t\t\t<\/dt>\n\t\t\t\t<dd class='wp-caption-text gallery-caption' id='gallery-1-12081'>\n\t\t\t\tMercedes-Benz E-Klasse All-Terrain; Studio; 2016; Interieur: Leder Nappa macchiatobeige\/espressobraun ;\n\nMercedes-Benz E-Class All-Terrain; Studio; 2016; interior: napp leather macchiato beige\/esspresso brown;\n\t\t\t\t<\/dd><\/dl><dl class='gallery-item'>\n\t\t\t<dt class='gallery-icon landscape'>\n\t\t\t\t<a href='https:\/\/www.drivelife.it\/news\/2016\/11\/27\/mercedes-classe-e-all-terrain-in-tv-drivelife-26-novembre\/mercedes-benz-e-klasse-all-terrain-s213-2016-25\/'><img loading=\"lazy\" decoding=\"async\" width=\"150\" height=\"150\" src=\"https:\/\/www.drivelife.it\/news\/wp-content\/uploads\/2016\/11\/118350_broadcast13-150x150.jpg\" class=\"attachment-thumbnail size-thumbnail no-lazy\" alt=\"\" aria-describedby=\"gallery-1-12104\" srcset=\"https:\/\/www.drivelife.it\/news\/wp-content\/uploads\/2016\/11\/118350_broadcast13-150x150.jpg 150w, https:\/\/www.drivelife.it\/news\/wp-content\/uploads\/2016\/11\/118350_broadcast13-160x160.jpg 160w, https:\/\/www.drivelife.it\/news\/wp-content\/uploads\/2016\/11\/118350_broadcast13-320x320.jpg 320w\" sizes=\"auto, (max-width: 150px) 100vw, 150px\" \/><\/a>\n\t\t\t<\/dt>\n\t\t\t\t<dd class='wp-caption-text gallery-caption' id='gallery-1-12104'>\n\t\t\t\tMercedes-Benz E-Klasse All-Terrain; Outdoor; 2016; Exterieur: designo hyazinthrot metallic ;Kraftstoffverbrauch kombiniert: 5,1 l\/100 km; CO2-Emissionen kombiniert: 137 g\/km\n\nMercedes-Benz E-Class All-Terrain; outdoor; 2016; exterior: designo hyacinth red metallic; Fuel consumption combined: 5.1 l\/100 km; Combined CO2 emissions: 137 g\/km\n\t\t\t\t<\/dd><\/dl><dl class='gallery-item'>\n\t\t\t<dt class='gallery-icon landscape'>\n\t\t\t\t<a href='https:\/\/www.drivelife.it\/news\/2016\/11\/27\/mercedes-classe-e-all-terrain-in-tv-drivelife-26-novembre\/mercedes-benz-e-klasse-all-terrain-s213-2016-36\/'><img loading=\"lazy\" decoding=\"async\" width=\"150\" height=\"150\" src=\"https:\/\/www.drivelife.it\/news\/wp-content\/uploads\/2016\/11\/118350_broadcast02-150x150.jpg\" class=\"attachment-thumbnail size-thumbnail no-lazy\" alt=\"\" aria-describedby=\"gallery-1-12115\" srcset=\"https:\/\/www.drivelife.it\/news\/wp-content\/uploads\/2016\/11\/118350_broadcast02-150x150.jpg 150w, https:\/\/www.drivelife.it\/news\/wp-content\/uploads\/2016\/11\/118350_broadcast02-160x160.jpg 160w, https:\/\/www.drivelife.it\/news\/wp-content\/uploads\/2016\/11\/118350_broadcast02-320x320.jpg 320w\" sizes=\"auto, (max-width: 150px) 100vw, 150px\" \/><\/a>\n\t\t\t<\/dt>\n\t\t\t\t<dd class='wp-caption-text gallery-caption' id='gallery-1-12115'>\n\t\t\t\tMercedes-Benz E-Klasse All-Terrain; Outdoor; 2016; Interieur: Leder Nappa macchiatobeige\/espressobraun ;\n\nMercedes-Benz E-Class All-Terrain; outdoor; 2016; interior: napp leather macchiato beige\/esspresso brown;\n\t\t\t\t<\/dd><\/dl><br style=\"clear: both\" \/><dl class='gallery-item'>\n\t\t\t<dt class='gallery-icon landscape'>\n\t\t\t\t<a href='https:\/\/www.drivelife.it\/news\/2016\/11\/27\/mercedes-classe-e-all-terrain-in-tv-drivelife-26-novembre\/mercedes-benz-e-klasse-all-terrain-s213-2016-9\/'><img loading=\"lazy\" decoding=\"async\" width=\"150\" height=\"150\" src=\"https:\/\/www.drivelife.it\/news\/wp-content\/uploads\/2016\/11\/118350_broadcast27-150x150.jpg\" class=\"attachment-thumbnail size-thumbnail no-lazy\" alt=\"\" aria-describedby=\"gallery-1-12088\" srcset=\"https:\/\/www.drivelife.it\/news\/wp-content\/uploads\/2016\/11\/118350_broadcast27-150x150.jpg 150w, https:\/\/www.drivelife.it\/news\/wp-content\/uploads\/2016\/11\/118350_broadcast27-160x160.jpg 160w, https:\/\/www.drivelife.it\/news\/wp-content\/uploads\/2016\/11\/118350_broadcast27-320x320.jpg 320w\" sizes=\"auto, (max-width: 150px) 100vw, 150px\" \/><\/a>\n\t\t\t<\/dt>\n\t\t\t\t<dd class='wp-caption-text gallery-caption' id='gallery-1-12088'>\n\t\t\t\tMercedes-Benz E-Klasse All-Terrain; Studio; 2016; Exterieur: designo hyazinthrot metallic ;Kraftstoffverbrauch kombiniert: 5,1 l\/100 km; CO2-Emissionen kombiniert: 137 g\/km\n\nMercedes-Benz E-Class All-Terrain; studio; 2016; exterior: designo hyacinth red metallic; Fuel consumption combined: 5.1 l\/100 km; Combined CO2 emissions: 137 g\/km\n\t\t\t\t<\/dd><\/dl><dl class='gallery-item'>\n\t\t\t<dt class='gallery-icon landscape'>\n\t\t\t\t<a href='https:\/\/www.drivelife.it\/news\/2016\/11\/27\/mercedes-classe-e-all-terrain-in-tv-drivelife-26-novembre\/mercedes-benz-e-klasse-all-terrain-s213-2016-14\/'><img loading=\"lazy\" decoding=\"async\" width=\"150\" height=\"150\" src=\"https:\/\/www.drivelife.it\/news\/wp-content\/uploads\/2016\/11\/118350_broadcast26-150x150.jpg\" class=\"attachment-thumbnail size-thumbnail no-lazy\" alt=\"\" aria-describedby=\"gallery-1-12093\" srcset=\"https:\/\/www.drivelife.it\/news\/wp-content\/uploads\/2016\/11\/118350_broadcast26-150x150.jpg 150w, https:\/\/www.drivelife.it\/news\/wp-content\/uploads\/2016\/11\/118350_broadcast26-160x160.jpg 160w, https:\/\/www.drivelife.it\/news\/wp-content\/uploads\/2016\/11\/118350_broadcast26-320x320.jpg 320w\" sizes=\"auto, (max-width: 150px) 100vw, 150px\" \/><\/a>\n\t\t\t<\/dt>\n\t\t\t\t<dd class='wp-caption-text gallery-caption' id='gallery-1-12093'>\n\t\t\t\tMercedes-Benz E-Klasse All-Terrain; Studio; 2016; Exterieur: designo hyazinthrot metallic ;Kraftstoffverbrauch kombiniert: 5,1 l\/100 km; CO2-Emissionen kombiniert: 137 g\/km\n\nMercedes-Benz E-Class All-Terrain; studio; 2016; exterior: designo hyacinth red metallic; Fuel consumption combined: 5.1 l\/100 km; Combined CO2 emissions: 137 g\/km\n\t\t\t\t<\/dd><\/dl><dl class='gallery-item'>\n\t\t\t<dt class='gallery-icon landscape'>\n\t\t\t\t<a href='https:\/\/www.drivelife.it\/news\/2016\/11\/27\/mercedes-classe-e-all-terrain-in-tv-drivelife-26-novembre\/mercedes-benz-e-klasse-all-terrain-s213-2016-12\/'><img loading=\"lazy\" decoding=\"async\" width=\"150\" height=\"150\" src=\"https:\/\/www.drivelife.it\/news\/wp-content\/uploads\/2016\/11\/118350_broadcast24-150x150.jpg\" class=\"attachment-thumbnail size-thumbnail no-lazy\" alt=\"\" aria-describedby=\"gallery-1-12091\" srcset=\"https:\/\/www.drivelife.it\/news\/wp-content\/uploads\/2016\/11\/118350_broadcast24-150x150.jpg 150w, https:\/\/www.drivelife.it\/news\/wp-content\/uploads\/2016\/11\/118350_broadcast24-160x160.jpg 160w, https:\/\/www.drivelife.it\/news\/wp-content\/uploads\/2016\/11\/118350_broadcast24-320x320.jpg 320w\" sizes=\"auto, (max-width: 150px) 100vw, 150px\" \/><\/a>\n\t\t\t<\/dt>\n\t\t\t\t<dd class='wp-caption-text gallery-caption' id='gallery-1-12091'>\n\t\t\t\tMercedes-Benz E-Klasse All-Terrain; Studio; 2016; Exterieur: designo hyazinthrot metallic ;Kraftstoffverbrauch kombiniert: 5,1 l\/100 km; CO2-Emissionen kombiniert: 137 g\/km\n\nMercedes-Benz E-Class All-Terrain; studio; 2016; exterior: designo hyacinth red metallic; Fuel consumption combined: 5.1 l\/100 km; Combined CO2 emissions: 137 g\/km\n\t\t\t\t<\/dd><\/dl><dl class='gallery-item'>\n\t\t\t<dt class='gallery-icon landscape'>\n\t\t\t\t<a href='https:\/\/www.drivelife.it\/news\/2016\/11\/27\/mercedes-classe-e-all-terrain-in-tv-drivelife-26-novembre\/mercedes-benz-e-klasse-all-terrain-s213-2016-28\/'><img loading=\"lazy\" decoding=\"async\" width=\"150\" height=\"150\" src=\"https:\/\/www.drivelife.it\/news\/wp-content\/uploads\/2016\/11\/118350_broadcast10-150x150.jpg\" class=\"attachment-thumbnail size-thumbnail no-lazy\" alt=\"\" aria-describedby=\"gallery-1-12107\" srcset=\"https:\/\/www.drivelife.it\/news\/wp-content\/uploads\/2016\/11\/118350_broadcast10-150x150.jpg 150w, https:\/\/www.drivelife.it\/news\/wp-content\/uploads\/2016\/11\/118350_broadcast10-160x160.jpg 160w, https:\/\/www.drivelife.it\/news\/wp-content\/uploads\/2016\/11\/118350_broadcast10-320x320.jpg 320w\" sizes=\"auto, (max-width: 150px) 100vw, 150px\" \/><\/a>\n\t\t\t<\/dt>\n\t\t\t\t<dd class='wp-caption-text gallery-caption' id='gallery-1-12107'>\n\t\t\t\tMercedes-Benz E-Klasse All-Terrain; Outdoor; 2016; Exterieur: designo hyazinthrot metallic ;Kraftstoffverbrauch kombiniert: 5,1 l\/100 km; CO2-Emissionen kombiniert: 137 g\/km\n\nMercedes-Benz E-Class All-Terrain; outdoor; 2016; exterior: designo hyacinth red metallic; Fuel consumption combined: 5.1 l\/100 km; Combined CO2 emissions: 137 g\/km\n\t\t\t\t<\/dd><\/dl><dl class='gallery-item'>\n\t\t\t<dt class='gallery-icon landscape'>\n\t\t\t\t<a href='https:\/\/www.drivelife.it\/news\/2016\/11\/27\/mercedes-classe-e-all-terrain-in-tv-drivelife-26-novembre\/mercedes-benz-e-klasse-all-terrain-s213-2016-27\/'><img loading=\"lazy\" decoding=\"async\" width=\"150\" height=\"150\" src=\"https:\/\/www.drivelife.it\/news\/wp-content\/uploads\/2016\/11\/118350_broadcast09-150x150.jpg\" class=\"attachment-thumbnail size-thumbnail no-lazy\" alt=\"\" aria-describedby=\"gallery-1-12106\" srcset=\"https:\/\/www.drivelife.it\/news\/wp-content\/uploads\/2016\/11\/118350_broadcast09-150x150.jpg 150w, https:\/\/www.drivelife.it\/news\/wp-content\/uploads\/2016\/11\/118350_broadcast09-160x160.jpg 160w, https:\/\/www.drivelife.it\/news\/wp-content\/uploads\/2016\/11\/118350_broadcast09-320x320.jpg 320w\" sizes=\"auto, (max-width: 150px) 100vw, 150px\" \/><\/a>\n\t\t\t<\/dt>\n\t\t\t\t<dd class='wp-caption-text gallery-caption' id='gallery-1-12106'>\n\t\t\t\tMercedes-Benz E-Klasse All-Terrain; Outdoor; 2016; Exterieur: designo hyazinthrot metallic ;Kraftstoffverbrauch kombiniert: 5,1 l\/100 km; CO2-Emissionen kombiniert: 137 g\/km\n\nMercedes-Benz E-Class All-Terrain; outdoor; 2016; exterior: designo hyacinth red metallic; Fuel consumption combined: 5.1 l\/100 km; Combined CO2 emissions: 137 g\/km\n\t\t\t\t<\/dd><\/dl><dl class='gallery-item'>\n\t\t\t<dt class='gallery-icon landscape'>\n\t\t\t\t<a href='https:\/\/www.drivelife.it\/news\/2016\/11\/27\/mercedes-classe-e-all-terrain-in-tv-drivelife-26-novembre\/mercedes-benz-e-klasse-all-terrain-s213-2016-31\/'><img loading=\"lazy\" decoding=\"async\" width=\"150\" height=\"150\" src=\"https:\/\/www.drivelife.it\/news\/wp-content\/uploads\/2016\/11\/118350_broadcast08-150x150.jpg\" class=\"attachment-thumbnail size-thumbnail no-lazy\" alt=\"\" aria-describedby=\"gallery-1-12110\" srcset=\"https:\/\/www.drivelife.it\/news\/wp-content\/uploads\/2016\/11\/118350_broadcast08-150x150.jpg 150w, https:\/\/www.drivelife.it\/news\/wp-content\/uploads\/2016\/11\/118350_broadcast08-160x160.jpg 160w, https:\/\/www.drivelife.it\/news\/wp-content\/uploads\/2016\/11\/118350_broadcast08-320x320.jpg 320w\" sizes=\"auto, (max-width: 150px) 100vw, 150px\" \/><\/a>\n\t\t\t<\/dt>\n\t\t\t\t<dd class='wp-caption-text gallery-caption' id='gallery-1-12110'>\n\t\t\t\tMercedes-Benz E-Klasse All-Terrain; Outdoor; 2016; Exterieur: designo hyazinthrot metallic ;Kraftstoffverbrauch kombiniert: 5,1 l\/100 km; CO2-Emissionen kombiniert: 137 g\/km\n\nMercedes-Benz E-Class All-Terrain; outdoor; 2016; exterior: designo hyacinth red metallic; Fuel consumption combined: 5.1 l\/100 km; Combined CO2 emissions: 137 g\/km\n\t\t\t\t<\/dd><\/dl><dl class='gallery-item'>\n\t\t\t<dt class='gallery-icon landscape'>\n\t\t\t\t<a href='https:\/\/www.drivelife.it\/news\/2016\/11\/27\/mercedes-classe-e-all-terrain-in-tv-drivelife-26-novembre\/mercedes-benz-e-klasse-all-terrain-s213-2016-20\/'><img loading=\"lazy\" decoding=\"async\" width=\"150\" height=\"150\" src=\"https:\/\/www.drivelife.it\/news\/wp-content\/uploads\/2016\/11\/118350_broadcast20-150x150.jpg\" class=\"attachment-thumbnail size-thumbnail no-lazy\" alt=\"\" aria-describedby=\"gallery-1-12099\" srcset=\"https:\/\/www.drivelife.it\/news\/wp-content\/uploads\/2016\/11\/118350_broadcast20-150x150.jpg 150w, https:\/\/www.drivelife.it\/news\/wp-content\/uploads\/2016\/11\/118350_broadcast20-160x160.jpg 160w, https:\/\/www.drivelife.it\/news\/wp-content\/uploads\/2016\/11\/118350_broadcast20-320x320.jpg 320w\" sizes=\"auto, (max-width: 150px) 100vw, 150px\" \/><\/a>\n\t\t\t<\/dt>\n\t\t\t\t<dd class='wp-caption-text gallery-caption' id='gallery-1-12099'>\n\t\t\t\tMercedes-Benz E-Klasse All-Terrain; Outdoor; 2016; Exterieur: designo hyazinthrot metallic ;Kraftstoffverbrauch kombiniert: 5,1 l\/100 km; CO2-Emissionen kombiniert: 137 g\/km\n\nMercedes-Benz E-Class All-Terrain; outdoor; 2016; exterior: designo hyacinth red metallic; Fuel consumption combined: 5.1 l\/100 km; Combined CO2 emissions: 137 g\/km\n\t\t\t\t<\/dd><\/dl><dl class='gallery-item'>\n\t\t\t<dt class='gallery-icon landscape'>\n\t\t\t\t<a href='https:\/\/www.drivelife.it\/news\/2016\/11\/27\/mercedes-classe-e-all-terrain-in-tv-drivelife-26-novembre\/mercedes-benz-e-klasse-all-terrain-s213-2016-15\/'><img loading=\"lazy\" decoding=\"async\" width=\"150\" height=\"150\" src=\"https:\/\/www.drivelife.it\/news\/wp-content\/uploads\/2016\/11\/118350_broadcast21-150x150.jpg\" class=\"attachment-thumbnail size-thumbnail no-lazy\" alt=\"\" aria-describedby=\"gallery-1-12094\" srcset=\"https:\/\/www.drivelife.it\/news\/wp-content\/uploads\/2016\/11\/118350_broadcast21-150x150.jpg 150w, https:\/\/www.drivelife.it\/news\/wp-content\/uploads\/2016\/11\/118350_broadcast21-160x160.jpg 160w, https:\/\/www.drivelife.it\/news\/wp-content\/uploads\/2016\/11\/118350_broadcast21-320x320.jpg 320w\" sizes=\"auto, (max-width: 150px) 100vw, 150px\" \/><\/a>\n\t\t\t<\/dt>\n\t\t\t\t<dd class='wp-caption-text gallery-caption' id='gallery-1-12094'>\n\t\t\t\tMercedes-Benz E-Klasse All-Terrain; Outdoor; 2016; Exterieur: designo hyazinthrot metallic ;Kraftstoffverbrauch kombiniert: 5,1 l\/100 km; CO2-Emissionen kombiniert: 137 g\/km\n\nMercedes-Benz E-Class All-Terrain; outdoor; 2016; exterior: designo hyacinth red metallic; Fuel consumption combined: 5.1 l\/100 km; Combined CO2 emissions: 137 g\/km\n\t\t\t\t<\/dd><\/dl>\n\t\t\t<br style='clear: both' \/>\n\t\t<\/div>\n<br \/>\n&nbsp;<br \/>\n&nbsp;<\/p>\n<h2>TRAILER PUNTATA IN TV<\/h2>\n<p>&nbsp;<br \/>\nhttps:\/\/vimeo.com\/192436286<br \/>\n&nbsp;<br \/>\n&nbsp;<\/p>\n<h1><strong>SOMMARIO E TIMING<\/strong><\/h1>\n<p>&nbsp;<br \/>\n&nbsp;<\/p>\n<h1>IN TV &#8211; RUBRICA TV AUTOMOTIVE DI 12\u201900\u201d &#8211; SOMMARIO, TIMING SERVIZI &#8211; &#8220;NOI SIAMO GTI&#8221;, MISANO, 06&#8217;00&#8221; &#8211; AUDI Q2, 01&#8217;23&#8221; &#8211; ALFA ROMEO STELVIO, 01&#8217;19&#8221; &#8211; TOYOTA C-HR, 00&#8217;56&#8221; &#8211; MERCEDES CLASSE E All-Terrain, 01&#8217;12&#8221; &#8211; <\/h1>\n<p>&nbsp;<br \/>\n&nbsp;<\/p>\n<h2>START @ &#8211; SOMMARIO, START SERVIZI &#8211; &#8220;NOI SIAMO GTI&#8221;, MISANO, 00&#8217;00&#8221; &#8211; AUDI Q2, 06&#8217;12&#8221; &#8211; ALFA ROMEO STELVIO, 07&#8217;46&#8221; &#8211; TOYOTA C-HR, 09&#8217;15&#8221; &#8211; MERCEDES CLASSE E All-Terrain, 10&#8217;20&#8221; &#8211; <\/h2>\n<p>&nbsp;<br \/>\n&nbsp;<br \/>\nhttps:\/\/vimeo.com\/192436286<br \/>\n&nbsp;<br \/>\n&nbsp;<br \/>\n&nbsp;<\/p>\n<blockquote>\n<h2>MERCEDES CLASSE E All-Terrain. IL CURATORE DELLA DOCUMENTAZIONE STAMPA DI MERCEDES (ITALIA, PRESUMO) HA SINTETIZZATO BENE LA MISSION DELLA NUOVA CROSS OVER DI STOCCARDA. QUESTA E&#8217; RICOPIATA PARI\/PARI DAL TESTO RILASCIATO, TROPPO BELLA PER NON ESSERE QUI INCOLLATA: &#8220;La All-Terrain \u00e8 un\u2019altra ambasciatrice di quella limpida sensualit\u00e0 che costituisce la filosofia di design Mercedes-Benz e definisce il concetto di eleganza moderna&#8221;. <\/h2>\n<\/blockquote>\n<p>&nbsp;<br \/>\n&nbsp;<br \/>\n<a href=\"http:\/\/vimeo.com\/drivelife\"><img decoding=\"async\" src=\"http:\/\/a.vimeocdn.com\/images_v6\/blogbadge_channels.png\" alt=\"Vimeo\" \/><\/a><\/p>\n<blockquote>\n<h1><strong>In TV con drivelife del 26 NOVEMBRE<\/strong><\/h1>\n<\/blockquote>\n<p><a href=\"https:\/\/flipboard.com\/@mrlukkor\/drivelife-q5flocp8y\" data-flip-widget=\"mag\">View my Flipboard Magazine.<\/a><\/p>\n<h2>Guarda di pi\u00f9 con drivelife<\/h2>\n<p style=\"color: #021eaa;\"><a href=\"http:\/\/car.18x24.it\">http:\/\/car.18&#215;24.it<\/a><\/p>\n<p style=\"color: #021eaa;\"><a href=\"http:\/\/www.drivelife.it\">http:\/\/www.drivelife.it<\/a><\/p>\n<p style=\"color: #021eaa;\"><a href=\"http:\/\/www.drivelife.it\/clip\/\">http:\/\/www.drivelife.it\/clip\/<\/a><\/p>\n<p style=\"color: #021eaa;\"><a href=\"http:\/\/www.drivelife.it\/dlnew\/\">http:\/\/www.drivelife.it\/dlnew\/<\/a><\/p>\n<p style=\"color: #021eaa;\"><a href=\"http:\/\/www.drivelife.it\/moto\/\">http:\/\/www.drivelife.it\/moto\/<\/a><\/p>\n<p style=\"color: #021eaa;\"><a href=\"http:\/\/www.drivelife.it\/car\/\">http:\/\/www.drivelife.it\/car\/<\/a><\/p>\n<p style=\"color: #021eaa;\"><a href=\"http:\/\/www.drivelife.it\/drivelifeintv\/\">http:\/\/www.drivelife.it\/drivelifeintv\/<\/a><\/p>\n<p style=\"color: #021eaa;\"><a href=\"http:\/\/www.drivelife.it\/pics\/\">http:\/\/www.drivelife.it\/pics\/<\/a><\/p>\n<p style=\"color: #021eaa;\"><a href=\"http:\/\/www.drivelife.it\/dresscode\/\">http:\/\/www.drivelife.it\/dresscode\/<\/a><\/p>\n<p style=\"color: #021eaa;\"><a href=\"https:\/\/twitter.com\/tweetdrivelife\">https:\/\/twitter.com\/tweetdrivelife<\/a><\/p>\n<p style=\"color: #021eaa;\"><a href=\"https:\/\/flipboard.com\/@mrlukkor\/drivelife-q5flocp8y\">https:\/\/flipboard.com\/@mrlukkor\/drivelife-q5flocp8y<\/a><\/p>\n<p>&nbsp;<br \/>\n&nbsp;<br \/>\nCredit clip&#038;pic, quando pubblicato<br \/>\nTutte le fotografie e le clip \u00a9lucaromanopix<br \/>\n<strong>Vietata la riproduzione e la diffusione su e con qualsiasi mezzo e\/o social network senza il consenso scritto dell&#8217;autore. Le fotografie sono file con firma digitale. Le fotografie sono protette secondo le norme vigenti in Italia del diritto d\u2019autore. <\/strong><br \/>\n&nbsp;<\/p>\n<h2>\n<blockquote><p>Once Ansel Adams said: \u201cThe single most important component of a camera is the twelve inches behind it\u201d.<\/p><\/blockquote>\n<\/h2>\n<p>&nbsp;<br \/>\n&nbsp;<\/p>\n<h1>XLETV<\/h1>\n<p>https:\/\/vimeo.com\/193075858<br \/>\n&nbsp;<br \/>\n&nbsp;<\/p>\n","protected":false},"excerpt":{"rendered":"<p>MERCEDES CLASSE E. LA NUOVA VERSIONE SI CHIAMA All-Terrain E SEGNA LA CAPITOLAZIONE DI STOCCARDA AD UN TIPO DI AUTO FINO AD OGGI SNOBBATA IN FORZA DI UNO SCHIERAMENTO DI SUV CAPACE DI SODDISFARE QUALSIASI CLIENTE. SUL MERCATO ITALIANO DALLA PROSSIMA PRIMAVERA.<\/p>\n","protected":false},"author":1,"featured_media":12080,"comment_status":"open","ping_status":"open","sticky":false,"template":"","format":"video","meta":{"ngg_post_thumbnail":0,"footnotes":""},"categories":[39,52,75,71,759,53],"tags":[965,760],"class_list":["post-12079","post","type-post","status-publish","format-video","has-post-thumbnail","hentry","category-automotive","category-gallery","category-mercedes","category-puntata-drivelife","category-puntate-drivelife-tv-2016","category-video","tag-all-terrain","tag-mercedes-classe-e","post_format-post-format-video"],"yoast_head":"<!-- This site is optimized with the Yoast SEO plugin v27.5 - https:\/\/yoast.com\/product\/yoast-seo-wordpress\/ -->\n<title>MERCEDES CLASSE E All-Terrain - #lucalife<\/title>\n<meta name=\"description\" content=\"MERCEDES CLASSE E. LA NUOVA VERSIONE SI CHIAMA All-Terrain E SEGNA LA CAPITOLAZIONE DI STOCCARDA AD UN TIPO DI AUTO FINO AD OGGI SNOBBATA IN FORZA DI UNO SCHIERAMENTO DI SUV CAPACE DI SODDISFARE QUALSIASI CLIENTE. SUL MERCATO ITALIANO DALLA PROSSIMA PRIMAVERA.\" \/>\n<meta name=\"robots\" content=\"index, follow, max-snippet:-1, max-image-preview:large, max-video-preview:-1\" \/>\n<link rel=\"canonical\" href=\"https:\/\/www.drivelife.it\/news\/2016\/11\/27\/mercedes-classe-e-all-terrain-in-tv-drivelife-26-novembre\/\" \/>\n<meta property=\"og:locale\" content=\"en_US\" \/>\n<meta property=\"og:type\" content=\"article\" \/>\n<meta property=\"og:title\" content=\"MERCEDES CLASSE E All-Terrain - #lucalife\" \/>\n<meta property=\"og:description\" content=\"MERCEDES CLASSE E. LA NUOVA VERSIONE SI CHIAMA All-Terrain E SEGNA LA CAPITOLAZIONE DI STOCCARDA AD UN TIPO DI AUTO FINO AD OGGI SNOBBATA IN FORZA DI UNO SCHIERAMENTO DI SUV CAPACE DI SODDISFARE QUALSIASI CLIENTE. SUL MERCATO ITALIANO DALLA PROSSIMA PRIMAVERA.\" \/>\n<meta property=\"og:url\" content=\"https:\/\/www.drivelife.it\/news\/2016\/11\/27\/mercedes-classe-e-all-terrain-in-tv-drivelife-26-novembre\/\" \/>\n<meta property=\"og:site_name\" content=\"#lucalife\" \/>\n<meta property=\"article:publisher\" content=\"https:\/\/www.facebook.com\/pages\/Drivelife\/467833073239720\" \/>\n<meta property=\"article:published_time\" content=\"2016-11-27T09:56:52+00:00\" \/>\n<meta property=\"og:image\" content=\"https:\/\/www.drivelife.it\/news\/wp-content\/uploads\/2016\/11\/118350_broadcast34.jpg\" \/>\n\t<meta property=\"og:image:width\" content=\"1680\" \/>\n\t<meta property=\"og:image:height\" content=\"1122\" \/>\n\t<meta property=\"og:image:type\" content=\"image\/jpeg\" \/>\n<meta name=\"author\" content=\"Redazione\" \/>\n<meta name=\"twitter:card\" content=\"summary_large_image\" \/>\n<meta name=\"twitter:creator\" content=\"@tweetdrivelife\" \/>\n<meta name=\"twitter:site\" content=\"@tweetdrivelife\" \/>\n<meta name=\"twitter:label1\" content=\"Written by\" \/>\n\t<meta name=\"twitter:data1\" content=\"Redazione\" \/>\n\t<meta name=\"twitter:label2\" content=\"Est. reading time\" \/>\n\t<meta name=\"twitter:data2\" content=\"3 minutes\" \/>\n<script type=\"application\/ld+json\" class=\"yoast-schema-graph\">{\"@context\":\"https:\\\/\\\/schema.org\",\"@graph\":[{\"@type\":\"Article\",\"@id\":\"https:\\\/\\\/www.drivelife.it\\\/news\\\/2016\\\/11\\\/27\\\/mercedes-classe-e-all-terrain-in-tv-drivelife-26-novembre\\\/#article\",\"isPartOf\":{\"@id\":\"https:\\\/\\\/www.drivelife.it\\\/news\\\/2016\\\/11\\\/27\\\/mercedes-classe-e-all-terrain-in-tv-drivelife-26-novembre\\\/\"},\"author\":{\"name\":\"Redazione\",\"@id\":\"https:\\\/\\\/www.drivelife.it\\\/news\\\/#\\\/schema\\\/person\\\/b6c194c3423ff451be4914f5fd9c2188\"},\"headline\":\"MERCEDES CLASSE E All-Terrain\",\"datePublished\":\"2016-11-27T09:56:52+00:00\",\"mainEntityOfPage\":{\"@id\":\"https:\\\/\\\/www.drivelife.it\\\/news\\\/2016\\\/11\\\/27\\\/mercedes-classe-e-all-terrain-in-tv-drivelife-26-novembre\\\/\"},\"wordCount\":632,\"commentCount\":0,\"image\":{\"@id\":\"https:\\\/\\\/www.drivelife.it\\\/news\\\/2016\\\/11\\\/27\\\/mercedes-classe-e-all-terrain-in-tv-drivelife-26-novembre\\\/#primaryimage\"},\"thumbnailUrl\":\"https:\\\/\\\/www.drivelife.it\\\/news\\\/wp-content\\\/uploads\\\/2016\\\/11\\\/118350_broadcast34.jpg\",\"keywords\":[\"all terrain\",\"mercedes classe e\"],\"articleSection\":[\"AUTOMOTIVE\",\"GALLERY AUTOMOTIVE\",\"MERCEDES\",\"PUNTATA DRIVELIFE\",\"PUNTATE DRIVELIFE TV 2016\",\"VIDEO\"],\"inLanguage\":\"en-US\",\"potentialAction\":[{\"@type\":\"CommentAction\",\"name\":\"Comment\",\"target\":[\"https:\\\/\\\/www.drivelife.it\\\/news\\\/2016\\\/11\\\/27\\\/mercedes-classe-e-all-terrain-in-tv-drivelife-26-novembre\\\/#respond\"]}]},{\"@type\":\"WebPage\",\"@id\":\"https:\\\/\\\/www.drivelife.it\\\/news\\\/2016\\\/11\\\/27\\\/mercedes-classe-e-all-terrain-in-tv-drivelife-26-novembre\\\/\",\"url\":\"https:\\\/\\\/www.drivelife.it\\\/news\\\/2016\\\/11\\\/27\\\/mercedes-classe-e-all-terrain-in-tv-drivelife-26-novembre\\\/\",\"name\":\"MERCEDES CLASSE E All-Terrain - #lucalife\",\"isPartOf\":{\"@id\":\"https:\\\/\\\/www.drivelife.it\\\/news\\\/#website\"},\"primaryImageOfPage\":{\"@id\":\"https:\\\/\\\/www.drivelife.it\\\/news\\\/2016\\\/11\\\/27\\\/mercedes-classe-e-all-terrain-in-tv-drivelife-26-novembre\\\/#primaryimage\"},\"image\":{\"@id\":\"https:\\\/\\\/www.drivelife.it\\\/news\\\/2016\\\/11\\\/27\\\/mercedes-classe-e-all-terrain-in-tv-drivelife-26-novembre\\\/#primaryimage\"},\"thumbnailUrl\":\"https:\\\/\\\/www.drivelife.it\\\/news\\\/wp-content\\\/uploads\\\/2016\\\/11\\\/118350_broadcast34.jpg\",\"datePublished\":\"2016-11-27T09:56:52+00:00\",\"author\":{\"@id\":\"https:\\\/\\\/www.drivelife.it\\\/news\\\/#\\\/schema\\\/person\\\/b6c194c3423ff451be4914f5fd9c2188\"},\"description\":\"MERCEDES CLASSE E. LA NUOVA VERSIONE SI CHIAMA All-Terrain E SEGNA LA CAPITOLAZIONE DI STOCCARDA AD UN TIPO DI AUTO FINO AD OGGI SNOBBATA IN FORZA DI UNO SCHIERAMENTO DI SUV CAPACE DI SODDISFARE QUALSIASI CLIENTE. SUL MERCATO ITALIANO DALLA PROSSIMA PRIMAVERA.\",\"breadcrumb\":{\"@id\":\"https:\\\/\\\/www.drivelife.it\\\/news\\\/2016\\\/11\\\/27\\\/mercedes-classe-e-all-terrain-in-tv-drivelife-26-novembre\\\/#breadcrumb\"},\"inLanguage\":\"en-US\",\"potentialAction\":[{\"@type\":\"ReadAction\",\"target\":[\"https:\\\/\\\/www.drivelife.it\\\/news\\\/2016\\\/11\\\/27\\\/mercedes-classe-e-all-terrain-in-tv-drivelife-26-novembre\\\/\"]}]},{\"@type\":\"ImageObject\",\"inLanguage\":\"en-US\",\"@id\":\"https:\\\/\\\/www.drivelife.it\\\/news\\\/2016\\\/11\\\/27\\\/mercedes-classe-e-all-terrain-in-tv-drivelife-26-novembre\\\/#primaryimage\",\"url\":\"https:\\\/\\\/www.drivelife.it\\\/news\\\/wp-content\\\/uploads\\\/2016\\\/11\\\/118350_broadcast34.jpg\",\"contentUrl\":\"https:\\\/\\\/www.drivelife.it\\\/news\\\/wp-content\\\/uploads\\\/2016\\\/11\\\/118350_broadcast34.jpg\",\"width\":1680,\"height\":1122,\"caption\":\"IN TV CON DRIVELIFE DEL 26 NOVEMBRE - Mercedes-Benz E-Klasse All-Terrain; Outdoor; 2016; Exterieur: designo hyazinthrot metallic ;Kraftstoffverbrauch kombiniert: 5,1 l\\\/100 km; CO2-Emissionen kombiniert: 137 g\\\/km Mercedes-Benz E-Class All-Terrain; outdoor; 2016; exterior: designo hyacinth red metallic; Fuel consumption combined: 5.1 l\\\/100 km; Combined CO2 emissions: 137 g\\\/km\"},{\"@type\":\"BreadcrumbList\",\"@id\":\"https:\\\/\\\/www.drivelife.it\\\/news\\\/2016\\\/11\\\/27\\\/mercedes-classe-e-all-terrain-in-tv-drivelife-26-novembre\\\/#breadcrumb\",\"itemListElement\":[{\"@type\":\"ListItem\",\"position\":1,\"name\":\"Home\",\"item\":\"https:\\\/\\\/www.drivelife.it\\\/news\\\/\"},{\"@type\":\"ListItem\",\"position\":2,\"name\":\"MERCEDES CLASSE E All-Terrain\"}]},{\"@type\":\"WebSite\",\"@id\":\"https:\\\/\\\/www.drivelife.it\\\/news\\\/#website\",\"url\":\"https:\\\/\\\/www.drivelife.it\\\/news\\\/\",\"name\":\"#lucalife\",\"description\":\"DRIVELIFE le mie automobili\",\"potentialAction\":[{\"@type\":\"SearchAction\",\"target\":{\"@type\":\"EntryPoint\",\"urlTemplate\":\"https:\\\/\\\/www.drivelife.it\\\/news\\\/?s={search_term_string}\"},\"query-input\":{\"@type\":\"PropertyValueSpecification\",\"valueRequired\":true,\"valueName\":\"search_term_string\"}}],\"inLanguage\":\"en-US\"},{\"@type\":\"Person\",\"@id\":\"https:\\\/\\\/www.drivelife.it\\\/news\\\/#\\\/schema\\\/person\\\/b6c194c3423ff451be4914f5fd9c2188\",\"name\":\"Redazione\",\"image\":{\"@type\":\"ImageObject\",\"inLanguage\":\"en-US\",\"@id\":\"https:\\\/\\\/secure.gravatar.com\\\/avatar\\\/8d186f6b07ba8a94441344759f0e13bf1909b6ceaa171df0425551b4590fd558?s=96&d=mm&r=g\",\"url\":\"https:\\\/\\\/secure.gravatar.com\\\/avatar\\\/8d186f6b07ba8a94441344759f0e13bf1909b6ceaa171df0425551b4590fd558?s=96&d=mm&r=g\",\"contentUrl\":\"https:\\\/\\\/secure.gravatar.com\\\/avatar\\\/8d186f6b07ba8a94441344759f0e13bf1909b6ceaa171df0425551b4590fd558?s=96&d=mm&r=g\",\"caption\":\"Redazione\"},\"url\":\"https:\\\/\\\/www.drivelife.it\\\/news\\\/author\\\/admin\\\/\"}]}<\/script>\n<!-- \/ Yoast SEO plugin. -->","yoast_head_json":{"title":"MERCEDES CLASSE E All-Terrain - #lucalife","description":"MERCEDES CLASSE E. LA NUOVA VERSIONE SI CHIAMA All-Terrain E SEGNA LA CAPITOLAZIONE DI STOCCARDA AD UN TIPO DI AUTO FINO AD OGGI SNOBBATA IN FORZA DI UNO SCHIERAMENTO DI SUV CAPACE DI SODDISFARE QUALSIASI CLIENTE. SUL MERCATO ITALIANO DALLA PROSSIMA PRIMAVERA.","robots":{"index":"index","follow":"follow","max-snippet":"max-snippet:-1","max-image-preview":"max-image-preview:large","max-video-preview":"max-video-preview:-1"},"canonical":"https:\/\/www.drivelife.it\/news\/2016\/11\/27\/mercedes-classe-e-all-terrain-in-tv-drivelife-26-novembre\/","og_locale":"en_US","og_type":"article","og_title":"MERCEDES CLASSE E All-Terrain - #lucalife","og_description":"MERCEDES CLASSE E. LA NUOVA VERSIONE SI CHIAMA All-Terrain E SEGNA LA CAPITOLAZIONE DI STOCCARDA AD UN TIPO DI AUTO FINO AD OGGI SNOBBATA IN FORZA DI UNO SCHIERAMENTO DI SUV CAPACE DI SODDISFARE QUALSIASI CLIENTE. SUL MERCATO ITALIANO DALLA PROSSIMA PRIMAVERA.","og_url":"https:\/\/www.drivelife.it\/news\/2016\/11\/27\/mercedes-classe-e-all-terrain-in-tv-drivelife-26-novembre\/","og_site_name":"#lucalife","article_publisher":"https:\/\/www.facebook.com\/pages\/Drivelife\/467833073239720","article_published_time":"2016-11-27T09:56:52+00:00","og_image":[{"width":1680,"height":1122,"url":"https:\/\/www.drivelife.it\/news\/wp-content\/uploads\/2016\/11\/118350_broadcast34.jpg","type":"image\/jpeg"}],"author":"Redazione","twitter_card":"summary_large_image","twitter_creator":"@tweetdrivelife","twitter_site":"@tweetdrivelife","twitter_misc":{"Written by":"Redazione","Est. reading time":"3 minutes"},"schema":{"@context":"https:\/\/schema.org","@graph":[{"@type":"Article","@id":"https:\/\/www.drivelife.it\/news\/2016\/11\/27\/mercedes-classe-e-all-terrain-in-tv-drivelife-26-novembre\/#article","isPartOf":{"@id":"https:\/\/www.drivelife.it\/news\/2016\/11\/27\/mercedes-classe-e-all-terrain-in-tv-drivelife-26-novembre\/"},"author":{"name":"Redazione","@id":"https:\/\/www.drivelife.it\/news\/#\/schema\/person\/b6c194c3423ff451be4914f5fd9c2188"},"headline":"MERCEDES CLASSE E All-Terrain","datePublished":"2016-11-27T09:56:52+00:00","mainEntityOfPage":{"@id":"https:\/\/www.drivelife.it\/news\/2016\/11\/27\/mercedes-classe-e-all-terrain-in-tv-drivelife-26-novembre\/"},"wordCount":632,"commentCount":0,"image":{"@id":"https:\/\/www.drivelife.it\/news\/2016\/11\/27\/mercedes-classe-e-all-terrain-in-tv-drivelife-26-novembre\/#primaryimage"},"thumbnailUrl":"https:\/\/www.drivelife.it\/news\/wp-content\/uploads\/2016\/11\/118350_broadcast34.jpg","keywords":["all terrain","mercedes classe e"],"articleSection":["AUTOMOTIVE","GALLERY AUTOMOTIVE","MERCEDES","PUNTATA DRIVELIFE","PUNTATE DRIVELIFE TV 2016","VIDEO"],"inLanguage":"en-US","potentialAction":[{"@type":"CommentAction","name":"Comment","target":["https:\/\/www.drivelife.it\/news\/2016\/11\/27\/mercedes-classe-e-all-terrain-in-tv-drivelife-26-novembre\/#respond"]}]},{"@type":"WebPage","@id":"https:\/\/www.drivelife.it\/news\/2016\/11\/27\/mercedes-classe-e-all-terrain-in-tv-drivelife-26-novembre\/","url":"https:\/\/www.drivelife.it\/news\/2016\/11\/27\/mercedes-classe-e-all-terrain-in-tv-drivelife-26-novembre\/","name":"MERCEDES CLASSE E All-Terrain - #lucalife","isPartOf":{"@id":"https:\/\/www.drivelife.it\/news\/#website"},"primaryImageOfPage":{"@id":"https:\/\/www.drivelife.it\/news\/2016\/11\/27\/mercedes-classe-e-all-terrain-in-tv-drivelife-26-novembre\/#primaryimage"},"image":{"@id":"https:\/\/www.drivelife.it\/news\/2016\/11\/27\/mercedes-classe-e-all-terrain-in-tv-drivelife-26-novembre\/#primaryimage"},"thumbnailUrl":"https:\/\/www.drivelife.it\/news\/wp-content\/uploads\/2016\/11\/118350_broadcast34.jpg","datePublished":"2016-11-27T09:56:52+00:00","author":{"@id":"https:\/\/www.drivelife.it\/news\/#\/schema\/person\/b6c194c3423ff451be4914f5fd9c2188"},"description":"MERCEDES CLASSE E. LA NUOVA VERSIONE SI CHIAMA All-Terrain E SEGNA LA CAPITOLAZIONE DI STOCCARDA AD UN TIPO DI AUTO FINO AD OGGI SNOBBATA IN FORZA DI UNO SCHIERAMENTO DI SUV CAPACE DI SODDISFARE QUALSIASI CLIENTE. SUL MERCATO ITALIANO DALLA PROSSIMA PRIMAVERA.","breadcrumb":{"@id":"https:\/\/www.drivelife.it\/news\/2016\/11\/27\/mercedes-classe-e-all-terrain-in-tv-drivelife-26-novembre\/#breadcrumb"},"inLanguage":"en-US","potentialAction":[{"@type":"ReadAction","target":["https:\/\/www.drivelife.it\/news\/2016\/11\/27\/mercedes-classe-e-all-terrain-in-tv-drivelife-26-novembre\/"]}]},{"@type":"ImageObject","inLanguage":"en-US","@id":"https:\/\/www.drivelife.it\/news\/2016\/11\/27\/mercedes-classe-e-all-terrain-in-tv-drivelife-26-novembre\/#primaryimage","url":"https:\/\/www.drivelife.it\/news\/wp-content\/uploads\/2016\/11\/118350_broadcast34.jpg","contentUrl":"https:\/\/www.drivelife.it\/news\/wp-content\/uploads\/2016\/11\/118350_broadcast34.jpg","width":1680,"height":1122,"caption":"IN TV CON DRIVELIFE DEL 26 NOVEMBRE - Mercedes-Benz E-Klasse All-Terrain; Outdoor; 2016; Exterieur: designo hyazinthrot metallic ;Kraftstoffverbrauch kombiniert: 5,1 l\/100 km; CO2-Emissionen kombiniert: 137 g\/km Mercedes-Benz E-Class All-Terrain; outdoor; 2016; exterior: designo hyacinth red metallic; Fuel consumption combined: 5.1 l\/100 km; Combined CO2 emissions: 137 g\/km"},{"@type":"BreadcrumbList","@id":"https:\/\/www.drivelife.it\/news\/2016\/11\/27\/mercedes-classe-e-all-terrain-in-tv-drivelife-26-novembre\/#breadcrumb","itemListElement":[{"@type":"ListItem","position":1,"name":"Home","item":"https:\/\/www.drivelife.it\/news\/"},{"@type":"ListItem","position":2,"name":"MERCEDES CLASSE E All-Terrain"}]},{"@type":"WebSite","@id":"https:\/\/www.drivelife.it\/news\/#website","url":"https:\/\/www.drivelife.it\/news\/","name":"#lucalife","description":"DRIVELIFE le mie automobili","potentialAction":[{"@type":"SearchAction","target":{"@type":"EntryPoint","urlTemplate":"https:\/\/www.drivelife.it\/news\/?s={search_term_string}"},"query-input":{"@type":"PropertyValueSpecification","valueRequired":true,"valueName":"search_term_string"}}],"inLanguage":"en-US"},{"@type":"Person","@id":"https:\/\/www.drivelife.it\/news\/#\/schema\/person\/b6c194c3423ff451be4914f5fd9c2188","name":"Redazione","image":{"@type":"ImageObject","inLanguage":"en-US","@id":"https:\/\/secure.gravatar.com\/avatar\/8d186f6b07ba8a94441344759f0e13bf1909b6ceaa171df0425551b4590fd558?s=96&d=mm&r=g","url":"https:\/\/secure.gravatar.com\/avatar\/8d186f6b07ba8a94441344759f0e13bf1909b6ceaa171df0425551b4590fd558?s=96&d=mm&r=g","contentUrl":"https:\/\/secure.gravatar.com\/avatar\/8d186f6b07ba8a94441344759f0e13bf1909b6ceaa171df0425551b4590fd558?s=96&d=mm&r=g","caption":"Redazione"},"url":"https:\/\/www.drivelife.it\/news\/author\/admin\/"}]}},"amp_enabled":true,"_links":{"self":[{"href":"https:\/\/www.drivelife.it\/news\/wp-json\/wp\/v2\/posts\/12079","targetHints":{"allow":["GET"]}}],"collection":[{"href":"https:\/\/www.drivelife.it\/news\/wp-json\/wp\/v2\/posts"}],"about":[{"href":"https:\/\/www.drivelife.it\/news\/wp-json\/wp\/v2\/types\/post"}],"author":[{"embeddable":true,"href":"https:\/\/www.drivelife.it\/news\/wp-json\/wp\/v2\/users\/1"}],"replies":[{"embeddable":true,"href":"https:\/\/www.drivelife.it\/news\/wp-json\/wp\/v2\/comments?post=12079"}],"version-history":[{"count":1,"href":"https:\/\/www.drivelife.it\/news\/wp-json\/wp\/v2\/posts\/12079\/revisions"}],"predecessor-version":[{"id":12116,"href":"https:\/\/www.drivelife.it\/news\/wp-json\/wp\/v2\/posts\/12079\/revisions\/12116"}],"wp:featuredmedia":[{"embeddable":true,"href":"https:\/\/www.drivelife.it\/news\/wp-json\/wp\/v2\/media\/12080"}],"wp:attachment":[{"href":"https:\/\/www.drivelife.it\/news\/wp-json\/wp\/v2\/media?parent=12079"}],"wp:term":[{"taxonomy":"category","embeddable":true,"href":"https:\/\/www.drivelife.it\/news\/wp-json\/wp\/v2\/categories?post=12079"},{"taxonomy":"post_tag","embeddable":true,"href":"https:\/\/www.drivelife.it\/news\/wp-json\/wp\/v2\/tags?post=12079"}],"curies":[{"name":"wp","href":"https:\/\/api.w.org\/{rel}","templated":true}]}}