{"id":11110,"date":"2016-10-14T14:24:13","date_gmt":"2016-10-14T14:24:13","guid":{"rendered":"http:\/\/www.drivelife.it\/news\/?p=11110"},"modified":"2016-10-14T14:24:13","modified_gmt":"2016-10-14T14:24:13","slug":"bmw-iperformance","status":"publish","type":"post","link":"https:\/\/www.drivelife.it\/news\/2016\/10\/14\/bmw-iperformance\/","title":{"rendered":"BMW iPERFORMANCE"},"content":{"rendered":"<p><strong><\/p>\n<h1>PARIGI 2016<\/h1>\n<p><\/strong><\/p>\n<h2><em><strong>IN TV CON DRIVELIFE DEL 15 OTTOBRE<\/em><\/strong><\/h2>\n<p><div id=\"attachment_11111\" style=\"width: 730px\" class=\"wp-caption alignnone\"><img loading=\"lazy\" decoding=\"async\" aria-describedby=\"caption-attachment-11111\" src=\"http:\/\/www.drivelife.it\/news\/wp-content\/uploads\/2016\/10\/P90226931_highRes_bmw-740le-xdrive-ipe-960x640.jpg\" alt=\"BMW SERIE 7 iPERFORMANCE\" width=\"720\" height=\"480\" class=\"size-large wp-image-11111\" srcset=\"https:\/\/www.drivelife.it\/news\/wp-content\/uploads\/2016\/10\/P90226931_highRes_bmw-740le-xdrive-ipe-960x640.jpg 960w, https:\/\/www.drivelife.it\/news\/wp-content\/uploads\/2016\/10\/P90226931_highRes_bmw-740le-xdrive-ipe-580x387.jpg 580w, https:\/\/www.drivelife.it\/news\/wp-content\/uploads\/2016\/10\/P90226931_highRes_bmw-740le-xdrive-ipe-768x512.jpg 768w, https:\/\/www.drivelife.it\/news\/wp-content\/uploads\/2016\/10\/P90226931_highRes_bmw-740le-xdrive-ipe-300x200.jpg 300w\" sizes=\"auto, (max-width: 720px) 100vw, 720px\" \/><p id=\"caption-attachment-11111\" class=\"wp-caption-text\">BMW SERIE 7 iPERFORMANCE<\/p><\/div><br \/>\n&nbsp;<br \/>\nhttps:\/\/vimeo.com\/186452580<br \/>\n&nbsp;<\/p>\n<h2>drivelife \/ vimeo, puntata del 15 OTTOBRE<\/h2>\n<p>&nbsp;<br \/>\n&nbsp;<br \/>\n<a data-flip-widget=\"flipit\" href=\"https:\/\/flipboard.com\">Add to Flipboard Magazine.<\/a><script src=\"https:\/\/cdn.flipboard.com\/web\/buttons\/js\/flbuttons.min.js\" type=\"text\/javascript\"><\/script><br \/>\n<strong>di REDAZIONE<br \/>\nDURATA, 00&#8217;45&#8221;<br \/>\nIN TV CON DRIVELIFE DEL 15 OTTOBRE 2016<\/strong><br \/>\n&nbsp;<br \/>\n&nbsp;<br \/>\n<em><strong>(da drivelife per TV del 15 OTTOBRE 2016, approfondimenti) &#8211; BMW SERIE 7 iPERFORMANCE, 00&#8217;45&#8221; \/ START @ 06&#8217;39&#8221; &#8211; <\/strong><\/em> &#8211; Nessuna smorfia pensando ad un quattro cilindri per la BMW Serie 7, la BMW pi\u00f9 grande e lussuosa. Qui il due litri \u00e8 abbinato ad un motore elettrico quindi prestazioni e fluidit\u00e0 di marcia sono di alto livello, consono allo status di ammiraglia da sempre svolto dalla 7. Autonomia in zero emissioni, un po&#8217; meno di cinquanta chilometri. Consumi &#8211; dichiarati &#8211; per il ciclo combinato, fino a 2,1 litri di benzina per 100 Km. Potenza di sistema a 326 CV, accelerazione in meno di sei secondi e velocit\u00e0 limitata a 250. Tre le versioni in vendita: 740e iPerformance affiancata dalla passo lungo e dalla xDrive, questa con la trazione integrale.<br \/>\n&nbsp;<\/p>\n<h2>GALLERIA FOTOGRAFICA<\/h2>\n<p>\n\t\t<style>\n\t\t\t#gallery-1 {\n\t\t\t\tmargin: auto;\n\t\t\t}\n\t\t\t#gallery-1 .gallery-item {\n\t\t\t\tfloat: left;\n\t\t\t\tmargin-top: 10px;\n\t\t\t\ttext-align: center;\n\t\t\t\twidth: 33%;\n\t\t\t}\n\t\t\t#gallery-1 img {\n\t\t\t\tborder: 2px solid #cfcfcf;\n\t\t\t}\n\t\t\t#gallery-1 .gallery-caption {\n\t\t\t\tmargin-left: 0;\n\t\t\t}\n\t\t\t\/* see gallery_shortcode() in wp-includes\/media.php *\/\n\t\t<\/style>\n\t\t<div id='gallery-1' class='gallery galleryid-11110 gallery-columns-3 gallery-size-thumbnail'><dl class='gallery-item'>\n\t\t\t<dt class='gallery-icon landscape'>\n\t\t\t\t<a href='https:\/\/www.drivelife.it\/news\/2016\/10\/14\/bmw-iperformance\/p90226963_highres_bmw-740le-xdrive-ipe\/'><img loading=\"lazy\" decoding=\"async\" width=\"150\" height=\"150\" src=\"https:\/\/www.drivelife.it\/news\/wp-content\/uploads\/2016\/10\/P90226963_highRes_bmw-740le-xdrive-ipe-150x150.jpg\" class=\"attachment-thumbnail size-thumbnail no-lazy\" alt=\"\" srcset=\"https:\/\/www.drivelife.it\/news\/wp-content\/uploads\/2016\/10\/P90226963_highRes_bmw-740le-xdrive-ipe-150x150.jpg 150w, https:\/\/www.drivelife.it\/news\/wp-content\/uploads\/2016\/10\/P90226963_highRes_bmw-740le-xdrive-ipe-160x160.jpg 160w, https:\/\/www.drivelife.it\/news\/wp-content\/uploads\/2016\/10\/P90226963_highRes_bmw-740le-xdrive-ipe-320x320.jpg 320w\" sizes=\"auto, (max-width: 150px) 100vw, 150px\" \/><\/a>\n\t\t\t<\/dt><\/dl><dl class='gallery-item'>\n\t\t\t<dt class='gallery-icon landscape'>\n\t\t\t\t<a href='https:\/\/www.drivelife.it\/news\/2016\/10\/14\/bmw-iperformance\/p90226931_highres_bmw-740le-xdrive-ipe-2\/'><img loading=\"lazy\" decoding=\"async\" width=\"150\" height=\"150\" src=\"https:\/\/www.drivelife.it\/news\/wp-content\/uploads\/2016\/10\/P90226931_highRes_bmw-740le-xdrive-ipe-1-150x150.jpg\" class=\"attachment-thumbnail size-thumbnail no-lazy\" alt=\"\" srcset=\"https:\/\/www.drivelife.it\/news\/wp-content\/uploads\/2016\/10\/P90226931_highRes_bmw-740le-xdrive-ipe-1-150x150.jpg 150w, https:\/\/www.drivelife.it\/news\/wp-content\/uploads\/2016\/10\/P90226931_highRes_bmw-740le-xdrive-ipe-1-160x160.jpg 160w, https:\/\/www.drivelife.it\/news\/wp-content\/uploads\/2016\/10\/P90226931_highRes_bmw-740le-xdrive-ipe-1-320x320.jpg 320w\" sizes=\"auto, (max-width: 150px) 100vw, 150px\" \/><\/a>\n\t\t\t<\/dt><\/dl><dl class='gallery-item'>\n\t\t\t<dt class='gallery-icon landscape'>\n\t\t\t\t<a href='https:\/\/www.drivelife.it\/news\/2016\/10\/14\/bmw-iperformance\/p90226962_highres_bmw-740le-xdrive-ipe\/'><img loading=\"lazy\" decoding=\"async\" width=\"150\" height=\"150\" src=\"https:\/\/www.drivelife.it\/news\/wp-content\/uploads\/2016\/10\/P90226962_highRes_bmw-740le-xdrive-ipe-150x150.jpg\" class=\"attachment-thumbnail size-thumbnail no-lazy\" alt=\"\" srcset=\"https:\/\/www.drivelife.it\/news\/wp-content\/uploads\/2016\/10\/P90226962_highRes_bmw-740le-xdrive-ipe-150x150.jpg 150w, https:\/\/www.drivelife.it\/news\/wp-content\/uploads\/2016\/10\/P90226962_highRes_bmw-740le-xdrive-ipe-160x160.jpg 160w, https:\/\/www.drivelife.it\/news\/wp-content\/uploads\/2016\/10\/P90226962_highRes_bmw-740le-xdrive-ipe-320x320.jpg 320w\" sizes=\"auto, (max-width: 150px) 100vw, 150px\" \/><\/a>\n\t\t\t<\/dt><\/dl><br style=\"clear: both\" \/>\n\t\t<\/div>\n<br \/>\n&nbsp;<\/p>\n<h1><strong>SOMMARIO E TIMING<\/strong><\/h1>\n<p>&nbsp;<br \/>\nhttps:\/\/vimeo.com\/186452580<br \/>\n&nbsp;<\/p>\n<h1>IN TV &#8211; RUBRICA TV AUTOMOTIVE DI 12\u201900\u201d &#8211; SOMMARIO TIMING SERVIZI &#8211; SUBARU OUTBACK, 02&#8217;17&#8221; &#8211; CITROEN SPACETOURER, 01&#8217;33&#8221; &#8211; PARIGI, PORSCHE PANAMERA, 00&#8217;45&#8221; &#8211; PARIGI, MASERATI QUATTROPORTE, 00&#8217;59&#8221; &#8211; PARIGI, BMW SERIE 7 iPERFORMANCE, 00&#8217;45&#8221; &#8211; PARIGI, LAND ROVER DISCOVERY 5, 00&#8217;46&#8221; &#8211; CITROEN C4 CACTUS RIP CURL, FILM VENTO, 03&#8217;12&#8221; &#8211;<\/h1>\n<p>&nbsp;<br \/>\n&nbsp;<\/p>\n<h2>START @ &#8211; SOMMARIO START SERVIZI &#8211; SUBARU OUTBACK, 00&#8217;46&#8221; &#8211; CITROEN SPACETOURER, 03&#8217;07&#8221; &#8211; PARIGI, PORSCHE PANAMERA, 04&#8217;45&#8221; &#8211; PARIGI, MASERATI QUATTROPORTE, 05&#8217;36&#8221; &#8211; PARIGI, BMW SERIE 7 iPERFORMANCE, 06&#8217;39&#8221; &#8211; PARIGI, LAND ROVER DISCOVERY 5, 07&#8217;29&#8221; &#8211; CITROEN C4 CACTUS RIP CURL, FILM VENTO, 08&#8217;20&#8221; &#8211;<\/h2>\n<p>&nbsp;<br \/>\n&nbsp;<br \/>\n<a href=\"http:\/\/vimeo.com\/drivelife\"><img decoding=\"async\" src=\"http:\/\/a.vimeocdn.com\/images_v6\/blogbadge_channels.png\" alt=\"Vimeo\" \/><\/a><\/p>\n<blockquote>\n<h1><strong>In TV con drivelife del 15 OTTOBRE <\/strong><\/h1>\n<\/blockquote>\n<p><a href=\"https:\/\/flipboard.com\/@mrlukkor\/drivelife-q5flocp8y\" data-flip-widget=\"mag\">View my Flipboard Magazine.<\/a><\/p>\n<h2>Guarda di pi\u00f9 con drivelife<\/h2>\n<p style=\"color: #021eaa;\"><a href=\"http:\/\/car.18x24.it\">http:\/\/car.18&#215;24.it<\/a><\/p>\n<p style=\"color: #021eaa;\"><a href=\"http:\/\/www.drivelife.it\">http:\/\/www.drivelife.it<\/a><\/p>\n<p style=\"color: #021eaa;\"><a href=\"http:\/\/www.drivelife.it\/clip\/\">http:\/\/www.drivelife.it\/clip\/<\/a><\/p>\n<p style=\"color: #021eaa;\"><a href=\"http:\/\/www.drivelife.it\/dlnew\/\">http:\/\/www.drivelife.it\/dlnew\/<\/a><\/p>\n<p style=\"color: #021eaa;\"><a href=\"http:\/\/www.drivelife.it\/moto\/\">http:\/\/www.drivelife.it\/moto\/<\/a><\/p>\n<p style=\"color: #021eaa;\"><a href=\"http:\/\/www.drivelife.it\/car\/\">http:\/\/www.drivelife.it\/car\/<\/a><\/p>\n<p style=\"color: #021eaa;\"><a href=\"http:\/\/www.drivelife.it\/drivelifeintv\/\">http:\/\/www.drivelife.it\/drivelifeintv\/<\/a><\/p>\n<p style=\"color: #021eaa;\"><a href=\"http:\/\/www.drivelife.it\/pics\/\">http:\/\/www.drivelife.it\/pics\/<\/a><\/p>\n<p style=\"color: #021eaa;\"><a href=\"http:\/\/www.drivelife.it\/dresscode\/\">http:\/\/www.drivelife.it\/dresscode\/<\/a><\/p>\n<p style=\"color: #021eaa;\"><a href=\"https:\/\/twitter.com\/tweetdrivelife\">https:\/\/twitter.com\/tweetdrivelife<\/a><\/p>\n<p style=\"color: #021eaa;\"><a href=\"https:\/\/flipboard.com\/@mrlukkor\/drivelife-q5flocp8y\">https:\/\/flipboard.com\/@mrlukkor\/drivelife-q5flocp8y<\/a><\/p>\n<p>&nbsp;<br \/>\n&nbsp;<br \/>\nCredit clip&#038;pic, quando pubblicato<br \/>\nTutte le fotografie e le clip \u00a9lucaromanopix<br \/>\n<strong>Vietata la riproduzione e la diffusione su e con qualsiasi mezzo e\/o social network senza il consenso scritto dell&#8217;autore. Le fotografie sono file con firma digitale. Le fotografie sono protette secondo le norme vigenti in Italia del diritto d\u2019autore. <\/strong><br \/>\n&nbsp;<\/p>\n<blockquote><p>Once Ansel Adams said: \u201cThe single most important component of a camera is the twelve inches behind it\u201d.<\/p><\/blockquote>\n<p>&nbsp;<br \/>\n&nbsp;<\/p>\n","protected":false},"excerpt":{"rendered":"<p>IN TV CON DRIVELIFE DEL 15 OTTOBRE<\/p>\n","protected":false},"author":1,"featured_media":11111,"comment_status":"open","ping_status":"open","sticky":false,"template":"","format":"video","meta":{"ngg_post_thumbnail":0,"footnotes":""},"categories":[39,45,71,759,53],"tags":[670,456,917,912,908,914,795,901,915,902,903,918,538,778,916,913,887,909,921,923,922,911,919,896,910,691,907,745,920,905,457],"class_list":["post-11110","post","type-post","status-publish","format-video","has-post-thumbnail","hentry","category-automotive","category-bmw","category-puntata-drivelife","category-puntate-drivelife-tv-2016","category-video","tag-4wd","tag-barcolana","tag-bmw-serie-7-iperformance","tag-caffehinaluke","tag-castello-san-fili","tag-cervia","tag-citroen","tag-citroen-c4-cactus-rip-curl","tag-citroen-spacetourer","tag-film-vento","tag-kite","tag-land-rover-discovery-5","tag-lucaromanopix","tag-marco-freschi","tag-maserati-quattroporte","tag-parigi-2016","tag-porsche-panamera","tag-reggio-calabria","tag-rip-curl","tag-roberto-ricci-design","tag-rrd","tag-stignano","tag-strambata","tag-subaru-outback","tag-summer-memories","tag-summertime","tag-sunrise","tag-sunset","tag-surf","tag-tony-cili","tag-trieste","post_format-post-format-video"],"yoast_head":"<!-- This site is optimized with the Yoast SEO plugin v27.5 - https:\/\/yoast.com\/product\/yoast-seo-wordpress\/ -->\n<title>BMW iPERFORMANCE - #lucalife<\/title>\n<meta name=\"robots\" content=\"index, follow, max-snippet:-1, max-image-preview:large, max-video-preview:-1\" \/>\n<link rel=\"canonical\" href=\"https:\/\/www.drivelife.it\/news\/2016\/10\/14\/bmw-iperformance\/\" \/>\n<meta property=\"og:locale\" content=\"en_US\" \/>\n<meta property=\"og:type\" content=\"article\" \/>\n<meta property=\"og:title\" content=\"BMW iPERFORMANCE - #lucalife\" \/>\n<meta property=\"og:description\" content=\"IN TV CON DRIVELIFE DEL 15 OTTOBRE\" \/>\n<meta property=\"og:url\" content=\"https:\/\/www.drivelife.it\/news\/2016\/10\/14\/bmw-iperformance\/\" \/>\n<meta property=\"og:site_name\" content=\"#lucalife\" \/>\n<meta property=\"article:publisher\" content=\"https:\/\/www.facebook.com\/pages\/Drivelife\/467833073239720\" \/>\n<meta property=\"article:published_time\" content=\"2016-10-14T14:24:13+00:00\" \/>\n<meta property=\"og:image\" content=\"https:\/\/www.drivelife.it\/news\/wp-content\/uploads\/2016\/10\/P90226931_highRes_bmw-740le-xdrive-ipe.jpg\" \/>\n\t<meta property=\"og:image:width\" content=\"2560\" \/>\n\t<meta property=\"og:image:height\" content=\"1707\" \/>\n\t<meta property=\"og:image:type\" content=\"image\/jpeg\" \/>\n<meta name=\"author\" content=\"Redazione\" \/>\n<meta name=\"twitter:card\" content=\"summary_large_image\" \/>\n<meta name=\"twitter:creator\" content=\"@tweetdrivelife\" \/>\n<meta name=\"twitter:site\" content=\"@tweetdrivelife\" \/>\n<meta name=\"twitter:label1\" content=\"Written by\" \/>\n\t<meta name=\"twitter:data1\" content=\"Redazione\" \/>\n\t<meta name=\"twitter:label2\" content=\"Est. reading time\" \/>\n\t<meta name=\"twitter:data2\" content=\"2 minutes\" \/>\n<script type=\"application\/ld+json\" class=\"yoast-schema-graph\">{\"@context\":\"https:\\\/\\\/schema.org\",\"@graph\":[{\"@type\":\"Article\",\"@id\":\"https:\\\/\\\/www.drivelife.it\\\/news\\\/2016\\\/10\\\/14\\\/bmw-iperformance\\\/#article\",\"isPartOf\":{\"@id\":\"https:\\\/\\\/www.drivelife.it\\\/news\\\/2016\\\/10\\\/14\\\/bmw-iperformance\\\/\"},\"author\":{\"name\":\"Redazione\",\"@id\":\"https:\\\/\\\/www.drivelife.it\\\/news\\\/#\\\/schema\\\/person\\\/b6c194c3423ff451be4914f5fd9c2188\"},\"headline\":\"BMW iPERFORMANCE\",\"datePublished\":\"2016-10-14T14:24:13+00:00\",\"mainEntityOfPage\":{\"@id\":\"https:\\\/\\\/www.drivelife.it\\\/news\\\/2016\\\/10\\\/14\\\/bmw-iperformance\\\/\"},\"wordCount\":410,\"commentCount\":0,\"image\":{\"@id\":\"https:\\\/\\\/www.drivelife.it\\\/news\\\/2016\\\/10\\\/14\\\/bmw-iperformance\\\/#primaryimage\"},\"thumbnailUrl\":\"https:\\\/\\\/www.drivelife.it\\\/news\\\/wp-content\\\/uploads\\\/2016\\\/10\\\/P90226931_highRes_bmw-740le-xdrive-ipe.jpg\",\"keywords\":[\"4wd\",\"barcolana\",\"bmw serie 7 iperformance\",\"caffehinaluke\",\"castello san fili\",\"cervia\",\"CITROEN\",\"citroen C4 cactus rip curl\",\"citroen spacetourer\",\"film vento\",\"kite\",\"land rover discovery 5\",\"lucaromanopix\",\"marco freschi\",\"maserati quattroporte\",\"parigi 2016\",\"porsche panamera\",\"reggio calabria\",\"rip curl\",\"roberto ricci design\",\"rrd\",\"stignano\",\"strambata\",\"subaru outback\",\"summer memories\",\"summertime\",\"sunrise\",\"sunset\",\"surf\",\"tony cili\",\"trieste\"],\"articleSection\":[\"AUTOMOTIVE\",\"BMW\",\"PUNTATA DRIVELIFE\",\"PUNTATE DRIVELIFE TV 2016\",\"VIDEO\"],\"inLanguage\":\"en-US\",\"potentialAction\":[{\"@type\":\"CommentAction\",\"name\":\"Comment\",\"target\":[\"https:\\\/\\\/www.drivelife.it\\\/news\\\/2016\\\/10\\\/14\\\/bmw-iperformance\\\/#respond\"]}]},{\"@type\":\"WebPage\",\"@id\":\"https:\\\/\\\/www.drivelife.it\\\/news\\\/2016\\\/10\\\/14\\\/bmw-iperformance\\\/\",\"url\":\"https:\\\/\\\/www.drivelife.it\\\/news\\\/2016\\\/10\\\/14\\\/bmw-iperformance\\\/\",\"name\":\"BMW iPERFORMANCE - #lucalife\",\"isPartOf\":{\"@id\":\"https:\\\/\\\/www.drivelife.it\\\/news\\\/#website\"},\"primaryImageOfPage\":{\"@id\":\"https:\\\/\\\/www.drivelife.it\\\/news\\\/2016\\\/10\\\/14\\\/bmw-iperformance\\\/#primaryimage\"},\"image\":{\"@id\":\"https:\\\/\\\/www.drivelife.it\\\/news\\\/2016\\\/10\\\/14\\\/bmw-iperformance\\\/#primaryimage\"},\"thumbnailUrl\":\"https:\\\/\\\/www.drivelife.it\\\/news\\\/wp-content\\\/uploads\\\/2016\\\/10\\\/P90226931_highRes_bmw-740le-xdrive-ipe.jpg\",\"datePublished\":\"2016-10-14T14:24:13+00:00\",\"author\":{\"@id\":\"https:\\\/\\\/www.drivelife.it\\\/news\\\/#\\\/schema\\\/person\\\/b6c194c3423ff451be4914f5fd9c2188\"},\"breadcrumb\":{\"@id\":\"https:\\\/\\\/www.drivelife.it\\\/news\\\/2016\\\/10\\\/14\\\/bmw-iperformance\\\/#breadcrumb\"},\"inLanguage\":\"en-US\",\"potentialAction\":[{\"@type\":\"ReadAction\",\"target\":[\"https:\\\/\\\/www.drivelife.it\\\/news\\\/2016\\\/10\\\/14\\\/bmw-iperformance\\\/\"]}]},{\"@type\":\"ImageObject\",\"inLanguage\":\"en-US\",\"@id\":\"https:\\\/\\\/www.drivelife.it\\\/news\\\/2016\\\/10\\\/14\\\/bmw-iperformance\\\/#primaryimage\",\"url\":\"https:\\\/\\\/www.drivelife.it\\\/news\\\/wp-content\\\/uploads\\\/2016\\\/10\\\/P90226931_highRes_bmw-740le-xdrive-ipe.jpg\",\"contentUrl\":\"https:\\\/\\\/www.drivelife.it\\\/news\\\/wp-content\\\/uploads\\\/2016\\\/10\\\/P90226931_highRes_bmw-740le-xdrive-ipe.jpg\",\"width\":2560,\"height\":1707,\"caption\":\"BMW SERIE 7 iPERFORMANCE\"},{\"@type\":\"BreadcrumbList\",\"@id\":\"https:\\\/\\\/www.drivelife.it\\\/news\\\/2016\\\/10\\\/14\\\/bmw-iperformance\\\/#breadcrumb\",\"itemListElement\":[{\"@type\":\"ListItem\",\"position\":1,\"name\":\"Home\",\"item\":\"https:\\\/\\\/www.drivelife.it\\\/news\\\/\"},{\"@type\":\"ListItem\",\"position\":2,\"name\":\"BMW iPERFORMANCE\"}]},{\"@type\":\"WebSite\",\"@id\":\"https:\\\/\\\/www.drivelife.it\\\/news\\\/#website\",\"url\":\"https:\\\/\\\/www.drivelife.it\\\/news\\\/\",\"name\":\"#lucalife\",\"description\":\"DRIVELIFE le mie automobili\",\"potentialAction\":[{\"@type\":\"SearchAction\",\"target\":{\"@type\":\"EntryPoint\",\"urlTemplate\":\"https:\\\/\\\/www.drivelife.it\\\/news\\\/?s={search_term_string}\"},\"query-input\":{\"@type\":\"PropertyValueSpecification\",\"valueRequired\":true,\"valueName\":\"search_term_string\"}}],\"inLanguage\":\"en-US\"},{\"@type\":\"Person\",\"@id\":\"https:\\\/\\\/www.drivelife.it\\\/news\\\/#\\\/schema\\\/person\\\/b6c194c3423ff451be4914f5fd9c2188\",\"name\":\"Redazione\",\"image\":{\"@type\":\"ImageObject\",\"inLanguage\":\"en-US\",\"@id\":\"https:\\\/\\\/secure.gravatar.com\\\/avatar\\\/8d186f6b07ba8a94441344759f0e13bf1909b6ceaa171df0425551b4590fd558?s=96&d=mm&r=g\",\"url\":\"https:\\\/\\\/secure.gravatar.com\\\/avatar\\\/8d186f6b07ba8a94441344759f0e13bf1909b6ceaa171df0425551b4590fd558?s=96&d=mm&r=g\",\"contentUrl\":\"https:\\\/\\\/secure.gravatar.com\\\/avatar\\\/8d186f6b07ba8a94441344759f0e13bf1909b6ceaa171df0425551b4590fd558?s=96&d=mm&r=g\",\"caption\":\"Redazione\"},\"url\":\"https:\\\/\\\/www.drivelife.it\\\/news\\\/author\\\/admin\\\/\"}]}<\/script>\n<!-- \/ Yoast SEO plugin. -->","yoast_head_json":{"title":"BMW iPERFORMANCE - #lucalife","robots":{"index":"index","follow":"follow","max-snippet":"max-snippet:-1","max-image-preview":"max-image-preview:large","max-video-preview":"max-video-preview:-1"},"canonical":"https:\/\/www.drivelife.it\/news\/2016\/10\/14\/bmw-iperformance\/","og_locale":"en_US","og_type":"article","og_title":"BMW iPERFORMANCE - #lucalife","og_description":"IN TV CON DRIVELIFE DEL 15 OTTOBRE","og_url":"https:\/\/www.drivelife.it\/news\/2016\/10\/14\/bmw-iperformance\/","og_site_name":"#lucalife","article_publisher":"https:\/\/www.facebook.com\/pages\/Drivelife\/467833073239720","article_published_time":"2016-10-14T14:24:13+00:00","og_image":[{"width":2560,"height":1707,"url":"https:\/\/www.drivelife.it\/news\/wp-content\/uploads\/2016\/10\/P90226931_highRes_bmw-740le-xdrive-ipe.jpg","type":"image\/jpeg"}],"author":"Redazione","twitter_card":"summary_large_image","twitter_creator":"@tweetdrivelife","twitter_site":"@tweetdrivelife","twitter_misc":{"Written by":"Redazione","Est. reading time":"2 minutes"},"schema":{"@context":"https:\/\/schema.org","@graph":[{"@type":"Article","@id":"https:\/\/www.drivelife.it\/news\/2016\/10\/14\/bmw-iperformance\/#article","isPartOf":{"@id":"https:\/\/www.drivelife.it\/news\/2016\/10\/14\/bmw-iperformance\/"},"author":{"name":"Redazione","@id":"https:\/\/www.drivelife.it\/news\/#\/schema\/person\/b6c194c3423ff451be4914f5fd9c2188"},"headline":"BMW iPERFORMANCE","datePublished":"2016-10-14T14:24:13+00:00","mainEntityOfPage":{"@id":"https:\/\/www.drivelife.it\/news\/2016\/10\/14\/bmw-iperformance\/"},"wordCount":410,"commentCount":0,"image":{"@id":"https:\/\/www.drivelife.it\/news\/2016\/10\/14\/bmw-iperformance\/#primaryimage"},"thumbnailUrl":"https:\/\/www.drivelife.it\/news\/wp-content\/uploads\/2016\/10\/P90226931_highRes_bmw-740le-xdrive-ipe.jpg","keywords":["4wd","barcolana","bmw serie 7 iperformance","caffehinaluke","castello san fili","cervia","CITROEN","citroen C4 cactus rip curl","citroen spacetourer","film vento","kite","land rover discovery 5","lucaromanopix","marco freschi","maserati quattroporte","parigi 2016","porsche panamera","reggio calabria","rip curl","roberto ricci design","rrd","stignano","strambata","subaru outback","summer memories","summertime","sunrise","sunset","surf","tony cili","trieste"],"articleSection":["AUTOMOTIVE","BMW","PUNTATA DRIVELIFE","PUNTATE DRIVELIFE TV 2016","VIDEO"],"inLanguage":"en-US","potentialAction":[{"@type":"CommentAction","name":"Comment","target":["https:\/\/www.drivelife.it\/news\/2016\/10\/14\/bmw-iperformance\/#respond"]}]},{"@type":"WebPage","@id":"https:\/\/www.drivelife.it\/news\/2016\/10\/14\/bmw-iperformance\/","url":"https:\/\/www.drivelife.it\/news\/2016\/10\/14\/bmw-iperformance\/","name":"BMW iPERFORMANCE - #lucalife","isPartOf":{"@id":"https:\/\/www.drivelife.it\/news\/#website"},"primaryImageOfPage":{"@id":"https:\/\/www.drivelife.it\/news\/2016\/10\/14\/bmw-iperformance\/#primaryimage"},"image":{"@id":"https:\/\/www.drivelife.it\/news\/2016\/10\/14\/bmw-iperformance\/#primaryimage"},"thumbnailUrl":"https:\/\/www.drivelife.it\/news\/wp-content\/uploads\/2016\/10\/P90226931_highRes_bmw-740le-xdrive-ipe.jpg","datePublished":"2016-10-14T14:24:13+00:00","author":{"@id":"https:\/\/www.drivelife.it\/news\/#\/schema\/person\/b6c194c3423ff451be4914f5fd9c2188"},"breadcrumb":{"@id":"https:\/\/www.drivelife.it\/news\/2016\/10\/14\/bmw-iperformance\/#breadcrumb"},"inLanguage":"en-US","potentialAction":[{"@type":"ReadAction","target":["https:\/\/www.drivelife.it\/news\/2016\/10\/14\/bmw-iperformance\/"]}]},{"@type":"ImageObject","inLanguage":"en-US","@id":"https:\/\/www.drivelife.it\/news\/2016\/10\/14\/bmw-iperformance\/#primaryimage","url":"https:\/\/www.drivelife.it\/news\/wp-content\/uploads\/2016\/10\/P90226931_highRes_bmw-740le-xdrive-ipe.jpg","contentUrl":"https:\/\/www.drivelife.it\/news\/wp-content\/uploads\/2016\/10\/P90226931_highRes_bmw-740le-xdrive-ipe.jpg","width":2560,"height":1707,"caption":"BMW SERIE 7 iPERFORMANCE"},{"@type":"BreadcrumbList","@id":"https:\/\/www.drivelife.it\/news\/2016\/10\/14\/bmw-iperformance\/#breadcrumb","itemListElement":[{"@type":"ListItem","position":1,"name":"Home","item":"https:\/\/www.drivelife.it\/news\/"},{"@type":"ListItem","position":2,"name":"BMW iPERFORMANCE"}]},{"@type":"WebSite","@id":"https:\/\/www.drivelife.it\/news\/#website","url":"https:\/\/www.drivelife.it\/news\/","name":"#lucalife","description":"DRIVELIFE le mie automobili","potentialAction":[{"@type":"SearchAction","target":{"@type":"EntryPoint","urlTemplate":"https:\/\/www.drivelife.it\/news\/?s={search_term_string}"},"query-input":{"@type":"PropertyValueSpecification","valueRequired":true,"valueName":"search_term_string"}}],"inLanguage":"en-US"},{"@type":"Person","@id":"https:\/\/www.drivelife.it\/news\/#\/schema\/person\/b6c194c3423ff451be4914f5fd9c2188","name":"Redazione","image":{"@type":"ImageObject","inLanguage":"en-US","@id":"https:\/\/secure.gravatar.com\/avatar\/8d186f6b07ba8a94441344759f0e13bf1909b6ceaa171df0425551b4590fd558?s=96&d=mm&r=g","url":"https:\/\/secure.gravatar.com\/avatar\/8d186f6b07ba8a94441344759f0e13bf1909b6ceaa171df0425551b4590fd558?s=96&d=mm&r=g","contentUrl":"https:\/\/secure.gravatar.com\/avatar\/8d186f6b07ba8a94441344759f0e13bf1909b6ceaa171df0425551b4590fd558?s=96&d=mm&r=g","caption":"Redazione"},"url":"https:\/\/www.drivelife.it\/news\/author\/admin\/"}]}},"amp_enabled":true,"_links":{"self":[{"href":"https:\/\/www.drivelife.it\/news\/wp-json\/wp\/v2\/posts\/11110","targetHints":{"allow":["GET"]}}],"collection":[{"href":"https:\/\/www.drivelife.it\/news\/wp-json\/wp\/v2\/posts"}],"about":[{"href":"https:\/\/www.drivelife.it\/news\/wp-json\/wp\/v2\/types\/post"}],"author":[{"embeddable":true,"href":"https:\/\/www.drivelife.it\/news\/wp-json\/wp\/v2\/users\/1"}],"replies":[{"embeddable":true,"href":"https:\/\/www.drivelife.it\/news\/wp-json\/wp\/v2\/comments?post=11110"}],"version-history":[{"count":1,"href":"https:\/\/www.drivelife.it\/news\/wp-json\/wp\/v2\/posts\/11110\/revisions"}],"predecessor-version":[{"id":11115,"href":"https:\/\/www.drivelife.it\/news\/wp-json\/wp\/v2\/posts\/11110\/revisions\/11115"}],"wp:featuredmedia":[{"embeddable":true,"href":"https:\/\/www.drivelife.it\/news\/wp-json\/wp\/v2\/media\/11111"}],"wp:attachment":[{"href":"https:\/\/www.drivelife.it\/news\/wp-json\/wp\/v2\/media?parent=11110"}],"wp:term":[{"taxonomy":"category","embeddable":true,"href":"https:\/\/www.drivelife.it\/news\/wp-json\/wp\/v2\/categories?post=11110"},{"taxonomy":"post_tag","embeddable":true,"href":"https:\/\/www.drivelife.it\/news\/wp-json\/wp\/v2\/tags?post=11110"}],"curies":[{"name":"wp","href":"https:\/\/api.w.org\/{rel}","templated":true}]}}