{"id":10598,"date":"2016-07-04T17:24:56","date_gmt":"2016-07-04T17:24:56","guid":{"rendered":"http:\/\/www.drivelife.it\/news\/?p=10598"},"modified":"2016-07-04T17:30:55","modified_gmt":"2016-07-04T17:30:55","slug":"porsche-panamera","status":"publish","type":"post","link":"https:\/\/www.drivelife.it\/news\/2016\/07\/04\/porsche-panamera\/","title":{"rendered":"PORSCHE PANAMERA"},"content":{"rendered":"<p>https:\/\/vimeo.com\/173053044<br \/>\n&nbsp;<\/p>\n<h2>drivelife \/ vimeo, puntata del 9 LUGLIO<\/h2>\n<p>&nbsp;<br \/>\n&nbsp;<br \/>\n<a data-flip-widget=\"flipit\" href=\"https:\/\/flipboard.com\">Add to Flipboard Magazine.<\/a><script src=\"https:\/\/cdn.flipboard.com\/web\/buttons\/js\/flbuttons.min.js\" type=\"text\/javascript\"><\/script><br \/>\ndi LUCA ROMANO<br \/>\nDURATA, 00&#8242; 55&#8243;<br \/>\nIN TV CON DRIVELIFE DEL 9 LUGLIO 2016<br \/>\n&nbsp;<br \/>\n&nbsp;<br \/>\n<em><strong>(da drivelife per TV del 9 LUGLIO 2016, approfondimenti) &#8211; PORSCHE PANAMERA, 00&#8217;55&#8221; \/ START @ 03&#8217;46&#8221; &#8211; <\/strong><\/em> &#8211; Il matrimonio se non riesce in Porsche \u00e8 difficile regga in altre famiglie. Per matrimonio in questo caso si intende la capacit\u00e0 di coniugare il confort di una berlina con le prestazioni di una vettura per le gare. Con Panamera in Porsche affermano che tra i due aspetti non ci sar\u00e0 mai divorzio. C&#8217;\u00e8 da crederci visto il successo commerciale in tutti i mercati.<br \/>\n&nbsp;<br \/>\nLa nuova Panamera \u00e8 rinnovata, motore e cambio sono stati progettati ex novo, il telaio perfezionato. Lo stile della berlina quattro porte \u00e8 ancor pi\u00f9 evocativo della Porsche 911 e sotto il cofano tutti i motori della Panamera 2 sono stati resi pi\u00f9 potenti ma anche pi\u00f9 efficienti per consumi ed emissioni.<br \/>\n&nbsp;<br \/>\nTutte le Panamera, anche la diesel, hanno il cambio doppia frizione ad otto rapporti e la trazione integrale permanente. Top di gamma il V8, 550 cavalli, della Panamera Turbo ma il primato di coppia \u00e8 della Panamera 4S Diesel equipaggiata con un V8 per 440 cavalli ed 850 newtonmetri di coppia. Matrimonio perfetto. Prezzi a partire da 117mila euro, in Italia a Novembre.<br \/>\n&nbsp;<br \/>\n&nbsp;<br \/>\n<em><strong>PORSCHE PANAMERA CAMBIA IN TUTTO: DALLE MISURE FONDAMENTALI, E&#8217; PIU&#8217; LUNGA, PIU&#8217; LARGA E PURE PIU&#8217; ALTA, AI MOTORI AI CAMBI, AL DESIGN, AGLI INTERNI. ADOTTA LA TRAZIONE INTEGRALE PER TUTTI I MODELLI, ANCHE QUELLO A GASOLIO. UN&#8217;OPERAZIONE CHE SEGNA IN MODO MARCATO IL DESIDERIO DI FARE DI PANAMERA UNA PORSCHE 911 CON QUATTRO PORTE. <\/em><\/strong><br \/>\n&nbsp;<br \/>\n&nbsp;<\/p>\n<h2>GALLERIA FOTOGRAFICA<\/h2>\n<p>\n\t\t<style>\n\t\t\t#gallery-1 {\n\t\t\t\tmargin: auto;\n\t\t\t}\n\t\t\t#gallery-1 .gallery-item {\n\t\t\t\tfloat: left;\n\t\t\t\tmargin-top: 10px;\n\t\t\t\ttext-align: center;\n\t\t\t\twidth: 11%;\n\t\t\t}\n\t\t\t#gallery-1 img {\n\t\t\t\tborder: 2px solid #cfcfcf;\n\t\t\t}\n\t\t\t#gallery-1 .gallery-caption {\n\t\t\t\tmargin-left: 0;\n\t\t\t}\n\t\t\t\/* see gallery_shortcode() in wp-includes\/media.php *\/\n\t\t<\/style>\n\t\t<div id='gallery-1' class='gallery galleryid-10598 gallery-columns-9 gallery-size-large'><dl class='gallery-item'>\n\t\t\t<dt class='gallery-icon landscape'>\n\t\t\t\t<a href='https:\/\/www.drivelife.it\/news\/2016\/07\/04\/porsche-panamera\/115273_broadcast16\/'><img loading=\"lazy\" decoding=\"async\" width=\"960\" height=\"541\" src=\"https:\/\/www.drivelife.it\/news\/wp-content\/uploads\/2016\/07\/115273_broadcast16-960x541.jpg\" class=\"attachment-large size-large no-lazy\" alt=\"\" srcset=\"https:\/\/www.drivelife.it\/news\/wp-content\/uploads\/2016\/07\/115273_broadcast16-960x541.jpg 960w, https:\/\/www.drivelife.it\/news\/wp-content\/uploads\/2016\/07\/115273_broadcast16-580x327.jpg 580w, https:\/\/www.drivelife.it\/news\/wp-content\/uploads\/2016\/07\/115273_broadcast16-768x433.jpg 768w, https:\/\/www.drivelife.it\/news\/wp-content\/uploads\/2016\/07\/115273_broadcast16-300x169.jpg 300w\" sizes=\"auto, (max-width: 960px) 100vw, 960px\" \/><\/a>\n\t\t\t<\/dt><\/dl><dl class='gallery-item'>\n\t\t\t<dt class='gallery-icon landscape'>\n\t\t\t\t<a href='https:\/\/www.drivelife.it\/news\/2016\/07\/04\/porsche-panamera\/115273_broadcast05\/'><img loading=\"lazy\" decoding=\"async\" width=\"960\" height=\"541\" src=\"https:\/\/www.drivelife.it\/news\/wp-content\/uploads\/2016\/07\/115273_broadcast05-960x541.jpg\" class=\"attachment-large size-large no-lazy\" alt=\"\" srcset=\"https:\/\/www.drivelife.it\/news\/wp-content\/uploads\/2016\/07\/115273_broadcast05-960x541.jpg 960w, https:\/\/www.drivelife.it\/news\/wp-content\/uploads\/2016\/07\/115273_broadcast05-580x327.jpg 580w, https:\/\/www.drivelife.it\/news\/wp-content\/uploads\/2016\/07\/115273_broadcast05-768x433.jpg 768w, https:\/\/www.drivelife.it\/news\/wp-content\/uploads\/2016\/07\/115273_broadcast05-300x169.jpg 300w\" sizes=\"auto, (max-width: 960px) 100vw, 960px\" \/><\/a>\n\t\t\t<\/dt><\/dl><dl class='gallery-item'>\n\t\t\t<dt class='gallery-icon landscape'>\n\t\t\t\t<a href='https:\/\/www.drivelife.it\/news\/2016\/07\/04\/porsche-panamera\/115273_broadcast04\/'><img loading=\"lazy\" decoding=\"async\" width=\"960\" height=\"541\" src=\"https:\/\/www.drivelife.it\/news\/wp-content\/uploads\/2016\/07\/115273_broadcast04-960x541.jpg\" class=\"attachment-large size-large no-lazy\" alt=\"\" srcset=\"https:\/\/www.drivelife.it\/news\/wp-content\/uploads\/2016\/07\/115273_broadcast04-960x541.jpg 960w, https:\/\/www.drivelife.it\/news\/wp-content\/uploads\/2016\/07\/115273_broadcast04-580x327.jpg 580w, https:\/\/www.drivelife.it\/news\/wp-content\/uploads\/2016\/07\/115273_broadcast04-768x433.jpg 768w, https:\/\/www.drivelife.it\/news\/wp-content\/uploads\/2016\/07\/115273_broadcast04-300x169.jpg 300w\" sizes=\"auto, (max-width: 960px) 100vw, 960px\" \/><\/a>\n\t\t\t<\/dt><\/dl><dl class='gallery-item'>\n\t\t\t<dt class='gallery-icon landscape'>\n\t\t\t\t<a href='https:\/\/www.drivelife.it\/news\/2016\/07\/04\/porsche-panamera\/115273_broadcast12\/'><img loading=\"lazy\" decoding=\"async\" width=\"960\" height=\"541\" src=\"https:\/\/www.drivelife.it\/news\/wp-content\/uploads\/2016\/07\/115273_broadcast12-960x541.jpg\" class=\"attachment-large size-large no-lazy\" alt=\"\" srcset=\"https:\/\/www.drivelife.it\/news\/wp-content\/uploads\/2016\/07\/115273_broadcast12-960x541.jpg 960w, https:\/\/www.drivelife.it\/news\/wp-content\/uploads\/2016\/07\/115273_broadcast12-580x327.jpg 580w, https:\/\/www.drivelife.it\/news\/wp-content\/uploads\/2016\/07\/115273_broadcast12-768x433.jpg 768w, https:\/\/www.drivelife.it\/news\/wp-content\/uploads\/2016\/07\/115273_broadcast12-300x169.jpg 300w\" sizes=\"auto, (max-width: 960px) 100vw, 960px\" \/><\/a>\n\t\t\t<\/dt><\/dl><dl class='gallery-item'>\n\t\t\t<dt class='gallery-icon landscape'>\n\t\t\t\t<a href='https:\/\/www.drivelife.it\/news\/2016\/07\/04\/porsche-panamera\/115273_broadcast07\/'><img loading=\"lazy\" decoding=\"async\" width=\"960\" height=\"541\" src=\"https:\/\/www.drivelife.it\/news\/wp-content\/uploads\/2016\/07\/115273_broadcast07-960x541.jpg\" class=\"attachment-large size-large no-lazy\" alt=\"\" srcset=\"https:\/\/www.drivelife.it\/news\/wp-content\/uploads\/2016\/07\/115273_broadcast07-960x541.jpg 960w, https:\/\/www.drivelife.it\/news\/wp-content\/uploads\/2016\/07\/115273_broadcast07-580x327.jpg 580w, https:\/\/www.drivelife.it\/news\/wp-content\/uploads\/2016\/07\/115273_broadcast07-768x433.jpg 768w, https:\/\/www.drivelife.it\/news\/wp-content\/uploads\/2016\/07\/115273_broadcast07-300x169.jpg 300w\" sizes=\"auto, (max-width: 960px) 100vw, 960px\" \/><\/a>\n\t\t\t<\/dt><\/dl><dl class='gallery-item'>\n\t\t\t<dt class='gallery-icon landscape'>\n\t\t\t\t<a href='https:\/\/www.drivelife.it\/news\/2016\/07\/04\/porsche-panamera\/115273_broadcast14\/'><img loading=\"lazy\" decoding=\"async\" width=\"960\" height=\"541\" src=\"https:\/\/www.drivelife.it\/news\/wp-content\/uploads\/2016\/07\/115273_broadcast14-960x541.jpg\" class=\"attachment-large size-large no-lazy\" alt=\"\" srcset=\"https:\/\/www.drivelife.it\/news\/wp-content\/uploads\/2016\/07\/115273_broadcast14-960x541.jpg 960w, https:\/\/www.drivelife.it\/news\/wp-content\/uploads\/2016\/07\/115273_broadcast14-580x327.jpg 580w, https:\/\/www.drivelife.it\/news\/wp-content\/uploads\/2016\/07\/115273_broadcast14-768x433.jpg 768w, https:\/\/www.drivelife.it\/news\/wp-content\/uploads\/2016\/07\/115273_broadcast14-300x169.jpg 300w\" sizes=\"auto, (max-width: 960px) 100vw, 960px\" \/><\/a>\n\t\t\t<\/dt><\/dl><dl class='gallery-item'>\n\t\t\t<dt class='gallery-icon landscape'>\n\t\t\t\t<a href='https:\/\/www.drivelife.it\/news\/2016\/07\/04\/porsche-panamera\/115273_broadcast06\/'><img loading=\"lazy\" decoding=\"async\" width=\"960\" height=\"541\" src=\"https:\/\/www.drivelife.it\/news\/wp-content\/uploads\/2016\/07\/115273_broadcast06-960x541.jpg\" class=\"attachment-large size-large no-lazy\" alt=\"\" srcset=\"https:\/\/www.drivelife.it\/news\/wp-content\/uploads\/2016\/07\/115273_broadcast06-960x541.jpg 960w, https:\/\/www.drivelife.it\/news\/wp-content\/uploads\/2016\/07\/115273_broadcast06-580x327.jpg 580w, https:\/\/www.drivelife.it\/news\/wp-content\/uploads\/2016\/07\/115273_broadcast06-768x433.jpg 768w, https:\/\/www.drivelife.it\/news\/wp-content\/uploads\/2016\/07\/115273_broadcast06-300x169.jpg 300w\" sizes=\"auto, (max-width: 960px) 100vw, 960px\" \/><\/a>\n\t\t\t<\/dt><\/dl><dl class='gallery-item'>\n\t\t\t<dt class='gallery-icon landscape'>\n\t\t\t\t<a href='https:\/\/www.drivelife.it\/news\/2016\/07\/04\/porsche-panamera\/115273_broadcast15\/'><img loading=\"lazy\" decoding=\"async\" width=\"960\" height=\"541\" src=\"https:\/\/www.drivelife.it\/news\/wp-content\/uploads\/2016\/07\/115273_broadcast15-960x541.jpg\" class=\"attachment-large size-large no-lazy\" alt=\"\" srcset=\"https:\/\/www.drivelife.it\/news\/wp-content\/uploads\/2016\/07\/115273_broadcast15-960x541.jpg 960w, https:\/\/www.drivelife.it\/news\/wp-content\/uploads\/2016\/07\/115273_broadcast15-580x327.jpg 580w, https:\/\/www.drivelife.it\/news\/wp-content\/uploads\/2016\/07\/115273_broadcast15-768x433.jpg 768w, https:\/\/www.drivelife.it\/news\/wp-content\/uploads\/2016\/07\/115273_broadcast15-300x169.jpg 300w\" sizes=\"auto, (max-width: 960px) 100vw, 960px\" \/><\/a>\n\t\t\t<\/dt><\/dl><dl class='gallery-item'>\n\t\t\t<dt class='gallery-icon landscape'>\n\t\t\t\t<a href='https:\/\/www.drivelife.it\/news\/2016\/07\/04\/porsche-panamera\/115273_broadcast09\/'><img loading=\"lazy\" decoding=\"async\" width=\"960\" height=\"541\" src=\"https:\/\/www.drivelife.it\/news\/wp-content\/uploads\/2016\/07\/115273_broadcast09-960x541.jpg\" class=\"attachment-large size-large no-lazy\" alt=\"\" srcset=\"https:\/\/www.drivelife.it\/news\/wp-content\/uploads\/2016\/07\/115273_broadcast09-960x541.jpg 960w, https:\/\/www.drivelife.it\/news\/wp-content\/uploads\/2016\/07\/115273_broadcast09-580x327.jpg 580w, https:\/\/www.drivelife.it\/news\/wp-content\/uploads\/2016\/07\/115273_broadcast09-768x433.jpg 768w, https:\/\/www.drivelife.it\/news\/wp-content\/uploads\/2016\/07\/115273_broadcast09-300x169.jpg 300w\" sizes=\"auto, (max-width: 960px) 100vw, 960px\" \/><\/a>\n\t\t\t<\/dt><\/dl><br style=\"clear: both\" \/><dl class='gallery-item'>\n\t\t\t<dt class='gallery-icon landscape'>\n\t\t\t\t<a href='https:\/\/www.drivelife.it\/news\/2016\/07\/04\/porsche-panamera\/115273_broadcast03\/'><img loading=\"lazy\" decoding=\"async\" width=\"960\" height=\"541\" src=\"https:\/\/www.drivelife.it\/news\/wp-content\/uploads\/2016\/07\/115273_broadcast03-960x541.jpg\" class=\"attachment-large size-large no-lazy\" alt=\"\" srcset=\"https:\/\/www.drivelife.it\/news\/wp-content\/uploads\/2016\/07\/115273_broadcast03-960x541.jpg 960w, https:\/\/www.drivelife.it\/news\/wp-content\/uploads\/2016\/07\/115273_broadcast03-580x327.jpg 580w, https:\/\/www.drivelife.it\/news\/wp-content\/uploads\/2016\/07\/115273_broadcast03-768x433.jpg 768w, https:\/\/www.drivelife.it\/news\/wp-content\/uploads\/2016\/07\/115273_broadcast03-300x169.jpg 300w\" sizes=\"auto, (max-width: 960px) 100vw, 960px\" \/><\/a>\n\t\t\t<\/dt><\/dl><dl class='gallery-item'>\n\t\t\t<dt class='gallery-icon landscape'>\n\t\t\t\t<a href='https:\/\/www.drivelife.it\/news\/2016\/07\/04\/porsche-panamera\/115273_broadcast13\/'><img loading=\"lazy\" decoding=\"async\" width=\"960\" height=\"541\" src=\"https:\/\/www.drivelife.it\/news\/wp-content\/uploads\/2016\/07\/115273_broadcast13-960x541.jpg\" class=\"attachment-large size-large no-lazy\" alt=\"\" srcset=\"https:\/\/www.drivelife.it\/news\/wp-content\/uploads\/2016\/07\/115273_broadcast13-960x541.jpg 960w, https:\/\/www.drivelife.it\/news\/wp-content\/uploads\/2016\/07\/115273_broadcast13-580x327.jpg 580w, https:\/\/www.drivelife.it\/news\/wp-content\/uploads\/2016\/07\/115273_broadcast13-768x433.jpg 768w, https:\/\/www.drivelife.it\/news\/wp-content\/uploads\/2016\/07\/115273_broadcast13-300x169.jpg 300w\" sizes=\"auto, (max-width: 960px) 100vw, 960px\" \/><\/a>\n\t\t\t<\/dt><\/dl><dl class='gallery-item'>\n\t\t\t<dt class='gallery-icon landscape'>\n\t\t\t\t<a href='https:\/\/www.drivelife.it\/news\/2016\/07\/04\/porsche-panamera\/115273_broadcast11\/'><img loading=\"lazy\" decoding=\"async\" width=\"960\" height=\"540\" src=\"https:\/\/www.drivelife.it\/news\/wp-content\/uploads\/2016\/07\/115273_broadcast11-960x540.jpg\" class=\"attachment-large size-large no-lazy\" alt=\"\" srcset=\"https:\/\/www.drivelife.it\/news\/wp-content\/uploads\/2016\/07\/115273_broadcast11-960x540.jpg 960w, https:\/\/www.drivelife.it\/news\/wp-content\/uploads\/2016\/07\/115273_broadcast11-580x326.jpg 580w, https:\/\/www.drivelife.it\/news\/wp-content\/uploads\/2016\/07\/115273_broadcast11-768x432.jpg 768w, https:\/\/www.drivelife.it\/news\/wp-content\/uploads\/2016\/07\/115273_broadcast11-300x169.jpg 300w\" sizes=\"auto, (max-width: 960px) 100vw, 960px\" \/><\/a>\n\t\t\t<\/dt><\/dl><dl class='gallery-item'>\n\t\t\t<dt class='gallery-icon landscape'>\n\t\t\t\t<a href='https:\/\/www.drivelife.it\/news\/2016\/07\/04\/porsche-panamera\/115273_broadcast10\/'><img loading=\"lazy\" decoding=\"async\" width=\"960\" height=\"541\" src=\"https:\/\/www.drivelife.it\/news\/wp-content\/uploads\/2016\/07\/115273_broadcast10-960x541.jpg\" class=\"attachment-large size-large no-lazy\" alt=\"\" srcset=\"https:\/\/www.drivelife.it\/news\/wp-content\/uploads\/2016\/07\/115273_broadcast10-960x541.jpg 960w, https:\/\/www.drivelife.it\/news\/wp-content\/uploads\/2016\/07\/115273_broadcast10-580x327.jpg 580w, https:\/\/www.drivelife.it\/news\/wp-content\/uploads\/2016\/07\/115273_broadcast10-768x433.jpg 768w, https:\/\/www.drivelife.it\/news\/wp-content\/uploads\/2016\/07\/115273_broadcast10-300x169.jpg 300w\" sizes=\"auto, (max-width: 960px) 100vw, 960px\" \/><\/a>\n\t\t\t<\/dt><\/dl><dl class='gallery-item'>\n\t\t\t<dt class='gallery-icon landscape'>\n\t\t\t\t<a href='https:\/\/www.drivelife.it\/news\/2016\/07\/04\/porsche-panamera\/115273_broadcast18\/'><img loading=\"lazy\" decoding=\"async\" width=\"960\" height=\"541\" src=\"https:\/\/www.drivelife.it\/news\/wp-content\/uploads\/2016\/07\/115273_broadcast18-960x541.jpg\" class=\"attachment-large size-large no-lazy\" alt=\"\" srcset=\"https:\/\/www.drivelife.it\/news\/wp-content\/uploads\/2016\/07\/115273_broadcast18-960x541.jpg 960w, https:\/\/www.drivelife.it\/news\/wp-content\/uploads\/2016\/07\/115273_broadcast18-580x327.jpg 580w, https:\/\/www.drivelife.it\/news\/wp-content\/uploads\/2016\/07\/115273_broadcast18-768x433.jpg 768w, https:\/\/www.drivelife.it\/news\/wp-content\/uploads\/2016\/07\/115273_broadcast18-300x169.jpg 300w\" sizes=\"auto, (max-width: 960px) 100vw, 960px\" \/><\/a>\n\t\t\t<\/dt><\/dl><dl class='gallery-item'>\n\t\t\t<dt class='gallery-icon landscape'>\n\t\t\t\t<a href='https:\/\/www.drivelife.it\/news\/2016\/07\/04\/porsche-panamera\/115273_broadcast08\/'><img loading=\"lazy\" decoding=\"async\" width=\"960\" height=\"541\" src=\"https:\/\/www.drivelife.it\/news\/wp-content\/uploads\/2016\/07\/115273_broadcast08-960x541.jpg\" class=\"attachment-large size-large no-lazy\" alt=\"\" srcset=\"https:\/\/www.drivelife.it\/news\/wp-content\/uploads\/2016\/07\/115273_broadcast08-960x541.jpg 960w, https:\/\/www.drivelife.it\/news\/wp-content\/uploads\/2016\/07\/115273_broadcast08-580x327.jpg 580w, https:\/\/www.drivelife.it\/news\/wp-content\/uploads\/2016\/07\/115273_broadcast08-768x433.jpg 768w, https:\/\/www.drivelife.it\/news\/wp-content\/uploads\/2016\/07\/115273_broadcast08-300x169.jpg 300w\" sizes=\"auto, (max-width: 960px) 100vw, 960px\" \/><\/a>\n\t\t\t<\/dt><\/dl><dl class='gallery-item'>\n\t\t\t<dt class='gallery-icon landscape'>\n\t\t\t\t<a href='https:\/\/www.drivelife.it\/news\/2016\/07\/04\/porsche-panamera\/115273_broadcast19\/'><img loading=\"lazy\" decoding=\"async\" width=\"960\" height=\"541\" src=\"https:\/\/www.drivelife.it\/news\/wp-content\/uploads\/2016\/07\/115273_broadcast19-960x541.jpg\" class=\"attachment-large size-large no-lazy\" alt=\"\" srcset=\"https:\/\/www.drivelife.it\/news\/wp-content\/uploads\/2016\/07\/115273_broadcast19-960x541.jpg 960w, https:\/\/www.drivelife.it\/news\/wp-content\/uploads\/2016\/07\/115273_broadcast19-580x327.jpg 580w, https:\/\/www.drivelife.it\/news\/wp-content\/uploads\/2016\/07\/115273_broadcast19-768x433.jpg 768w, https:\/\/www.drivelife.it\/news\/wp-content\/uploads\/2016\/07\/115273_broadcast19-300x169.jpg 300w\" sizes=\"auto, (max-width: 960px) 100vw, 960px\" \/><\/a>\n\t\t\t<\/dt><\/dl><dl class='gallery-item'>\n\t\t\t<dt class='gallery-icon landscape'>\n\t\t\t\t<a href='https:\/\/www.drivelife.it\/news\/2016\/07\/04\/porsche-panamera\/115273_broadcast17\/'><img loading=\"lazy\" decoding=\"async\" width=\"960\" height=\"541\" src=\"https:\/\/www.drivelife.it\/news\/wp-content\/uploads\/2016\/07\/115273_broadcast17-960x541.jpg\" class=\"attachment-large size-large no-lazy\" alt=\"\" srcset=\"https:\/\/www.drivelife.it\/news\/wp-content\/uploads\/2016\/07\/115273_broadcast17-960x541.jpg 960w, https:\/\/www.drivelife.it\/news\/wp-content\/uploads\/2016\/07\/115273_broadcast17-580x327.jpg 580w, https:\/\/www.drivelife.it\/news\/wp-content\/uploads\/2016\/07\/115273_broadcast17-768x433.jpg 768w, https:\/\/www.drivelife.it\/news\/wp-content\/uploads\/2016\/07\/115273_broadcast17-300x169.jpg 300w\" sizes=\"auto, (max-width: 960px) 100vw, 960px\" \/><\/a>\n\t\t\t<\/dt><\/dl>\n\t\t\t<br style='clear: both' \/>\n\t\t<\/div>\n<br \/>\n&nbsp;<br \/>\nhttps:\/\/vimeo.com\/173374994<br \/>\n&nbsp;<br \/>\nhttps:\/\/vimeo.com\/173374996<br \/>\n&nbsp;<br \/>\nhttps:\/\/vimeo.com\/173374997<br \/>\n&nbsp;<\/p>\n<h2>LA PUNTATA IN TV IL 9 LUGLIO<\/h2>\n<p>&nbsp;<br \/>\nhttps:\/\/vimeo.com\/173087445<br \/>\n&nbsp;<br \/>\n&nbsp;<\/p>\n<h1>RUBRICA TV AUTOMOTIVE DI 12\u201900\u201d &#8211;\u00a0 CITROEN NUOVA C3, REVEAL INTERNAZIONALE, 01&#8217;36&#8221; &#8211; MERCEDES AMG GT R, 01&#8217;16&#8221; &#8211; PORSCHE NUOVA PANAMERA, 00&#8217;55&#8221; &#8211; BMW GROUP NEWS, PRODOTTO, 00&#8217;48&#8221; &#8211; BMW GROUP NEWS, 100 ANNI, 00&#8217;43&#8221; &#8211; PEUGEOT NEWS, L500 R HYBRID, 00&#8217;30&#8221; &#8211; PEUGEOT NEWS, SPORT, MONDIALE RALLY CROSS, 00&#8217;16&#8221; &#8211; CITROEN NEWS, SPORT, FIA WTCC, 00&#8217;25&#8221; &#8211; PEUGEOT, MILANO, &#8220;BOBINO CLUB, 03&#8217;37&#8221; &#8211;<br \/>\n<\/h1>\n<p>&nbsp;<br \/>\n&nbsp;<\/p>\n<h2>START @ &#8211; CITROEN NUOVA C3, REVEAL INTERNAZIONALE, 00&#8217;44&#8221; &#8211; MERCEDES AMG GT R, 02&#8217;24&#8221; &#8211; PORSCHE NUOVA PANAMERA, 03&#8217;46&#8221; &#8211; BMW GROUP NEWS, PRODOTTO, 04&#8217;46&#8221; &#8211; BMW GROUP NEWS, 100 ANNI, 05&#8217;39&#8221; &#8211; PEUGEOT NEWS, L500 R HYBRID, 06&#8217;28&#8221; &#8211; PEUGEOT NEWS, SPORT, MONDIALE RALLY CROSS, 07&#8217;03&#8221; &#8211; CITROEN NEWS, SPORT, FIA WTCC, 07&#8217;25&#8221; &#8211; PEUGEOT, MILANO, &#8220;BOBINO CLUB, 07&#8217;55&#8221; &#8211;<br \/>\n<\/h2>\n<p>&nbsp;<br \/>\n&nbsp;<br \/>\n&nbsp;<br \/>\n<a href=\"http:\/\/vimeo.com\/drivelife\"><img decoding=\"async\" src=\"http:\/\/a.vimeocdn.com\/images_v6\/blogbadge_channels.png\" alt=\"Vimeo\" \/><\/a><\/p>\n<blockquote>\n<h1><strong>In TV con drivelife del 9 LUGLIO <\/strong><\/h1>\n<\/blockquote>\n<p><a href=\"https:\/\/flipboard.com\/@mrlukkor\/drivelife-q5flocp8y\" data-flip-widget=\"mag\">View my Flipboard Magazine.<\/a><\/p>\n<h2>Guarda di pi\u00f9 con\u00a0drivelife<\/h2>\n<p style=\"color: #021eaa;\"><a href=\"http:\/\/car.18x24.it\">http:\/\/car.18&#215;24.it<\/a><\/p>\n<p style=\"color: #021eaa;\"><a href=\"http:\/\/www.drivelife.it\">http:\/\/www.drivelife.it<\/a><\/p>\n<p style=\"color: #021eaa;\"><a href=\"http:\/\/www.drivelife.it\/clip\/\">http:\/\/www.drivelife.it\/clip\/<\/a><\/p>\n<p style=\"color: #021eaa;\"><a href=\"http:\/\/www.drivelife.it\/dlnew\/\">http:\/\/www.drivelife.it\/dlnew\/<\/a><\/p>\n<p style=\"color: #021eaa;\"><a href=\"http:\/\/www.drivelife.it\/moto\/\">http:\/\/www.drivelife.it\/moto\/<\/a><\/p>\n<p style=\"color: #021eaa;\"><a href=\"http:\/\/www.drivelife.it\/car\/\">http:\/\/www.drivelife.it\/car\/<\/a><\/p>\n<p style=\"color: #021eaa;\"><a href=\"http:\/\/www.drivelife.it\/drivelifeintv\/\">http:\/\/www.drivelife.it\/drivelifeintv\/<\/a><\/p>\n<p style=\"color: #021eaa;\"><a href=\"http:\/\/www.drivelife.it\/pics\/\">http:\/\/www.drivelife.it\/pics\/<\/a><\/p>\n<p style=\"color: #021eaa;\"><a href=\"http:\/\/www.drivelife.it\/dresscode\/\">http:\/\/www.drivelife.it\/dresscode\/<\/a><\/p>\n<p style=\"color: #021eaa;\"><a href=\"https:\/\/twitter.com\/tweetdrivelife\">https:\/\/twitter.com\/tweetdrivelife<\/a><\/p>\n<p style=\"color: #021eaa;\"><a href=\"https:\/\/flipboard.com\/@mrlukkor\/drivelife-q5flocp8y\">https:\/\/flipboard.com\/@mrlukkor\/drivelife-q5flocp8y<\/a><\/p>\n","protected":false},"excerpt":{"rendered":"<p>PORSCHE PANAMERA CAMBIA IN TUTTO: DALLE MISURE FONDAMENTALI, E&#8217; PIU&#8217; LUNGA, PIU&#8217; LARGA E PURE PIU&#8217; ALTA, AI MOTORI AI CAMBI, AL DESIGN, AGLI INTERNI. ADOTTA LA TRAZIONE INTEGRALE PER TUTTI I MODELLI, ANCHE QUELLO A GASOLIO. UN&#8217;OPERAZIONE CHE SEGNA IN MODO MARCATO IL DESIDERIO DI FARE DI PANAMERA UNA PORSCHE 911 CON QUATTRO PORTE. <\/p>\n","protected":false},"author":1,"featured_media":10616,"comment_status":"open","ping_status":"open","sticky":false,"template":"","format":"video","meta":{"ngg_post_thumbnail":0,"footnotes":""},"categories":[39,55,72,759,53],"tags":[37,887],"class_list":["post-10598","post","type-post","status-publish","format-video","has-post-thumbnail","hentry","category-automotive","category-news","category-porsche","category-puntate-drivelife-tv-2016","category-video","tag-drivelife","tag-porsche-panamera","post_format-post-format-video"],"yoast_head":"<!-- This site is optimized with the Yoast SEO plugin v27.5 - https:\/\/yoast.com\/product\/yoast-seo-wordpress\/ -->\n<title>PORSCHE PANAMERA - #lucalife<\/title>\n<meta name=\"description\" content=\"PORSCHE PANAMERA CAMBIA IN TUTTO: DALLE MISURE FONDAMENTALI, E&#039; PIU&#039; LUNGA, PIU&#039; LARGA E PURE PIU&#039; ALTA, AI MOTORI AI CAMBI, AL DESIGN, AGLI INTERNI. ADOTTA LA TRAZIONE INTEGRALE PER TUTTI I MODELLI, ANCHE QUELLO A GASOLIO. UN&#039;OPERAZIONE CHE SEGNA IN MODO MARCATO IL DESIDERIO DI FARE DI PANAMERA UNA PORSCHE 911 CON QUATTRO PORTE.\" \/>\n<meta name=\"robots\" content=\"index, follow, max-snippet:-1, max-image-preview:large, max-video-preview:-1\" \/>\n<link rel=\"canonical\" href=\"https:\/\/www.drivelife.it\/news\/2016\/07\/04\/porsche-panamera\/\" \/>\n<meta property=\"og:locale\" content=\"en_US\" \/>\n<meta property=\"og:type\" content=\"article\" \/>\n<meta property=\"og:title\" content=\"PORSCHE PANAMERA - #lucalife\" \/>\n<meta property=\"og:description\" content=\"PORSCHE PANAMERA CAMBIA IN TUTTO: DALLE MISURE FONDAMENTALI, E&#039; PIU&#039; LUNGA, PIU&#039; LARGA E PURE PIU&#039; ALTA, AI MOTORI AI CAMBI, AL DESIGN, AGLI INTERNI. ADOTTA LA TRAZIONE INTEGRALE PER TUTTI I MODELLI, ANCHE QUELLO A GASOLIO. UN&#039;OPERAZIONE CHE SEGNA IN MODO MARCATO IL DESIDERIO DI FARE DI PANAMERA UNA PORSCHE 911 CON QUATTRO PORTE.\" \/>\n<meta property=\"og:url\" content=\"https:\/\/www.drivelife.it\/news\/2016\/07\/04\/porsche-panamera\/\" \/>\n<meta property=\"og:site_name\" content=\"#lucalife\" \/>\n<meta property=\"article:publisher\" content=\"https:\/\/www.facebook.com\/pages\/Drivelife\/467833073239720\" \/>\n<meta property=\"article:published_time\" content=\"2016-07-04T17:24:56+00:00\" \/>\n<meta property=\"article:modified_time\" content=\"2016-07-04T17:30:55+00:00\" \/>\n<meta property=\"og:image\" content=\"https:\/\/www.drivelife.it\/news\/wp-content\/uploads\/2016\/07\/115273_broadcast07-1.jpg\" \/>\n\t<meta property=\"og:image:width\" content=\"2560\" \/>\n\t<meta property=\"og:image:height\" content=\"1443\" \/>\n\t<meta property=\"og:image:type\" content=\"image\/jpeg\" \/>\n<meta name=\"author\" content=\"Redazione\" \/>\n<meta name=\"twitter:card\" content=\"summary_large_image\" \/>\n<meta name=\"twitter:creator\" content=\"@tweetdrivelife\" \/>\n<meta name=\"twitter:site\" content=\"@tweetdrivelife\" \/>\n<meta name=\"twitter:label1\" content=\"Written by\" \/>\n\t<meta name=\"twitter:data1\" content=\"Redazione\" \/>\n\t<meta name=\"twitter:label2\" content=\"Est. reading time\" \/>\n\t<meta name=\"twitter:data2\" content=\"3 minutes\" \/>\n<script type=\"application\/ld+json\" class=\"yoast-schema-graph\">{\"@context\":\"https:\\\/\\\/schema.org\",\"@graph\":[{\"@type\":\"Article\",\"@id\":\"https:\\\/\\\/www.drivelife.it\\\/news\\\/2016\\\/07\\\/04\\\/porsche-panamera\\\/#article\",\"isPartOf\":{\"@id\":\"https:\\\/\\\/www.drivelife.it\\\/news\\\/2016\\\/07\\\/04\\\/porsche-panamera\\\/\"},\"author\":{\"name\":\"Redazione\",\"@id\":\"https:\\\/\\\/www.drivelife.it\\\/news\\\/#\\\/schema\\\/person\\\/b6c194c3423ff451be4914f5fd9c2188\"},\"headline\":\"PORSCHE PANAMERA\",\"datePublished\":\"2016-07-04T17:24:56+00:00\",\"dateModified\":\"2016-07-04T17:30:55+00:00\",\"mainEntityOfPage\":{\"@id\":\"https:\\\/\\\/www.drivelife.it\\\/news\\\/2016\\\/07\\\/04\\\/porsche-panamera\\\/\"},\"wordCount\":486,\"commentCount\":0,\"image\":{\"@id\":\"https:\\\/\\\/www.drivelife.it\\\/news\\\/2016\\\/07\\\/04\\\/porsche-panamera\\\/#primaryimage\"},\"thumbnailUrl\":\"https:\\\/\\\/www.drivelife.it\\\/news\\\/wp-content\\\/uploads\\\/2016\\\/07\\\/115273_broadcast07-1.jpg\",\"keywords\":[\"DRIVELIFE\",\"porsche panamera\"],\"articleSection\":[\"AUTOMOTIVE\",\"NEWS\",\"PORSCHE\",\"PUNTATE DRIVELIFE TV 2016\",\"VIDEO\"],\"inLanguage\":\"en-US\",\"potentialAction\":[{\"@type\":\"CommentAction\",\"name\":\"Comment\",\"target\":[\"https:\\\/\\\/www.drivelife.it\\\/news\\\/2016\\\/07\\\/04\\\/porsche-panamera\\\/#respond\"]}]},{\"@type\":\"WebPage\",\"@id\":\"https:\\\/\\\/www.drivelife.it\\\/news\\\/2016\\\/07\\\/04\\\/porsche-panamera\\\/\",\"url\":\"https:\\\/\\\/www.drivelife.it\\\/news\\\/2016\\\/07\\\/04\\\/porsche-panamera\\\/\",\"name\":\"PORSCHE PANAMERA - #lucalife\",\"isPartOf\":{\"@id\":\"https:\\\/\\\/www.drivelife.it\\\/news\\\/#website\"},\"primaryImageOfPage\":{\"@id\":\"https:\\\/\\\/www.drivelife.it\\\/news\\\/2016\\\/07\\\/04\\\/porsche-panamera\\\/#primaryimage\"},\"image\":{\"@id\":\"https:\\\/\\\/www.drivelife.it\\\/news\\\/2016\\\/07\\\/04\\\/porsche-panamera\\\/#primaryimage\"},\"thumbnailUrl\":\"https:\\\/\\\/www.drivelife.it\\\/news\\\/wp-content\\\/uploads\\\/2016\\\/07\\\/115273_broadcast07-1.jpg\",\"datePublished\":\"2016-07-04T17:24:56+00:00\",\"dateModified\":\"2016-07-04T17:30:55+00:00\",\"author\":{\"@id\":\"https:\\\/\\\/www.drivelife.it\\\/news\\\/#\\\/schema\\\/person\\\/b6c194c3423ff451be4914f5fd9c2188\"},\"description\":\"PORSCHE PANAMERA CAMBIA IN TUTTO: DALLE MISURE FONDAMENTALI, E' PIU' LUNGA, PIU' LARGA E PURE PIU' ALTA, AI MOTORI AI CAMBI, AL DESIGN, AGLI INTERNI. ADOTTA LA TRAZIONE INTEGRALE PER TUTTI I MODELLI, ANCHE QUELLO A GASOLIO. UN'OPERAZIONE CHE SEGNA IN MODO MARCATO IL DESIDERIO DI FARE DI PANAMERA UNA PORSCHE 911 CON QUATTRO PORTE.\",\"breadcrumb\":{\"@id\":\"https:\\\/\\\/www.drivelife.it\\\/news\\\/2016\\\/07\\\/04\\\/porsche-panamera\\\/#breadcrumb\"},\"inLanguage\":\"en-US\",\"potentialAction\":[{\"@type\":\"ReadAction\",\"target\":[\"https:\\\/\\\/www.drivelife.it\\\/news\\\/2016\\\/07\\\/04\\\/porsche-panamera\\\/\"]}]},{\"@type\":\"ImageObject\",\"inLanguage\":\"en-US\",\"@id\":\"https:\\\/\\\/www.drivelife.it\\\/news\\\/2016\\\/07\\\/04\\\/porsche-panamera\\\/#primaryimage\",\"url\":\"https:\\\/\\\/www.drivelife.it\\\/news\\\/wp-content\\\/uploads\\\/2016\\\/07\\\/115273_broadcast07-1.jpg\",\"contentUrl\":\"https:\\\/\\\/www.drivelife.it\\\/news\\\/wp-content\\\/uploads\\\/2016\\\/07\\\/115273_broadcast07-1.jpg\",\"width\":2560,\"height\":1443},{\"@type\":\"BreadcrumbList\",\"@id\":\"https:\\\/\\\/www.drivelife.it\\\/news\\\/2016\\\/07\\\/04\\\/porsche-panamera\\\/#breadcrumb\",\"itemListElement\":[{\"@type\":\"ListItem\",\"position\":1,\"name\":\"Home\",\"item\":\"https:\\\/\\\/www.drivelife.it\\\/news\\\/\"},{\"@type\":\"ListItem\",\"position\":2,\"name\":\"PORSCHE PANAMERA\"}]},{\"@type\":\"WebSite\",\"@id\":\"https:\\\/\\\/www.drivelife.it\\\/news\\\/#website\",\"url\":\"https:\\\/\\\/www.drivelife.it\\\/news\\\/\",\"name\":\"#lucalife\",\"description\":\"DRIVELIFE le mie automobili\",\"potentialAction\":[{\"@type\":\"SearchAction\",\"target\":{\"@type\":\"EntryPoint\",\"urlTemplate\":\"https:\\\/\\\/www.drivelife.it\\\/news\\\/?s={search_term_string}\"},\"query-input\":{\"@type\":\"PropertyValueSpecification\",\"valueRequired\":true,\"valueName\":\"search_term_string\"}}],\"inLanguage\":\"en-US\"},{\"@type\":\"Person\",\"@id\":\"https:\\\/\\\/www.drivelife.it\\\/news\\\/#\\\/schema\\\/person\\\/b6c194c3423ff451be4914f5fd9c2188\",\"name\":\"Redazione\",\"image\":{\"@type\":\"ImageObject\",\"inLanguage\":\"en-US\",\"@id\":\"https:\\\/\\\/secure.gravatar.com\\\/avatar\\\/8d186f6b07ba8a94441344759f0e13bf1909b6ceaa171df0425551b4590fd558?s=96&d=mm&r=g\",\"url\":\"https:\\\/\\\/secure.gravatar.com\\\/avatar\\\/8d186f6b07ba8a94441344759f0e13bf1909b6ceaa171df0425551b4590fd558?s=96&d=mm&r=g\",\"contentUrl\":\"https:\\\/\\\/secure.gravatar.com\\\/avatar\\\/8d186f6b07ba8a94441344759f0e13bf1909b6ceaa171df0425551b4590fd558?s=96&d=mm&r=g\",\"caption\":\"Redazione\"},\"url\":\"https:\\\/\\\/www.drivelife.it\\\/news\\\/author\\\/admin\\\/\"}]}<\/script>\n<!-- \/ Yoast SEO plugin. -->","yoast_head_json":{"title":"PORSCHE PANAMERA - #lucalife","description":"PORSCHE PANAMERA CAMBIA IN TUTTO: DALLE MISURE FONDAMENTALI, E' PIU' LUNGA, PIU' LARGA E PURE PIU' ALTA, AI MOTORI AI CAMBI, AL DESIGN, AGLI INTERNI. ADOTTA LA TRAZIONE INTEGRALE PER TUTTI I MODELLI, ANCHE QUELLO A GASOLIO. UN'OPERAZIONE CHE SEGNA IN MODO MARCATO IL DESIDERIO DI FARE DI PANAMERA UNA PORSCHE 911 CON QUATTRO PORTE.","robots":{"index":"index","follow":"follow","max-snippet":"max-snippet:-1","max-image-preview":"max-image-preview:large","max-video-preview":"max-video-preview:-1"},"canonical":"https:\/\/www.drivelife.it\/news\/2016\/07\/04\/porsche-panamera\/","og_locale":"en_US","og_type":"article","og_title":"PORSCHE PANAMERA - #lucalife","og_description":"PORSCHE PANAMERA CAMBIA IN TUTTO: DALLE MISURE FONDAMENTALI, E' PIU' LUNGA, PIU' LARGA E PURE PIU' ALTA, AI MOTORI AI CAMBI, AL DESIGN, AGLI INTERNI. ADOTTA LA TRAZIONE INTEGRALE PER TUTTI I MODELLI, ANCHE QUELLO A GASOLIO. UN'OPERAZIONE CHE SEGNA IN MODO MARCATO IL DESIDERIO DI FARE DI PANAMERA UNA PORSCHE 911 CON QUATTRO PORTE.","og_url":"https:\/\/www.drivelife.it\/news\/2016\/07\/04\/porsche-panamera\/","og_site_name":"#lucalife","article_publisher":"https:\/\/www.facebook.com\/pages\/Drivelife\/467833073239720","article_published_time":"2016-07-04T17:24:56+00:00","article_modified_time":"2016-07-04T17:30:55+00:00","og_image":[{"width":2560,"height":1443,"url":"https:\/\/www.drivelife.it\/news\/wp-content\/uploads\/2016\/07\/115273_broadcast07-1.jpg","type":"image\/jpeg"}],"author":"Redazione","twitter_card":"summary_large_image","twitter_creator":"@tweetdrivelife","twitter_site":"@tweetdrivelife","twitter_misc":{"Written by":"Redazione","Est. reading time":"3 minutes"},"schema":{"@context":"https:\/\/schema.org","@graph":[{"@type":"Article","@id":"https:\/\/www.drivelife.it\/news\/2016\/07\/04\/porsche-panamera\/#article","isPartOf":{"@id":"https:\/\/www.drivelife.it\/news\/2016\/07\/04\/porsche-panamera\/"},"author":{"name":"Redazione","@id":"https:\/\/www.drivelife.it\/news\/#\/schema\/person\/b6c194c3423ff451be4914f5fd9c2188"},"headline":"PORSCHE PANAMERA","datePublished":"2016-07-04T17:24:56+00:00","dateModified":"2016-07-04T17:30:55+00:00","mainEntityOfPage":{"@id":"https:\/\/www.drivelife.it\/news\/2016\/07\/04\/porsche-panamera\/"},"wordCount":486,"commentCount":0,"image":{"@id":"https:\/\/www.drivelife.it\/news\/2016\/07\/04\/porsche-panamera\/#primaryimage"},"thumbnailUrl":"https:\/\/www.drivelife.it\/news\/wp-content\/uploads\/2016\/07\/115273_broadcast07-1.jpg","keywords":["DRIVELIFE","porsche panamera"],"articleSection":["AUTOMOTIVE","NEWS","PORSCHE","PUNTATE DRIVELIFE TV 2016","VIDEO"],"inLanguage":"en-US","potentialAction":[{"@type":"CommentAction","name":"Comment","target":["https:\/\/www.drivelife.it\/news\/2016\/07\/04\/porsche-panamera\/#respond"]}]},{"@type":"WebPage","@id":"https:\/\/www.drivelife.it\/news\/2016\/07\/04\/porsche-panamera\/","url":"https:\/\/www.drivelife.it\/news\/2016\/07\/04\/porsche-panamera\/","name":"PORSCHE PANAMERA - #lucalife","isPartOf":{"@id":"https:\/\/www.drivelife.it\/news\/#website"},"primaryImageOfPage":{"@id":"https:\/\/www.drivelife.it\/news\/2016\/07\/04\/porsche-panamera\/#primaryimage"},"image":{"@id":"https:\/\/www.drivelife.it\/news\/2016\/07\/04\/porsche-panamera\/#primaryimage"},"thumbnailUrl":"https:\/\/www.drivelife.it\/news\/wp-content\/uploads\/2016\/07\/115273_broadcast07-1.jpg","datePublished":"2016-07-04T17:24:56+00:00","dateModified":"2016-07-04T17:30:55+00:00","author":{"@id":"https:\/\/www.drivelife.it\/news\/#\/schema\/person\/b6c194c3423ff451be4914f5fd9c2188"},"description":"PORSCHE PANAMERA CAMBIA IN TUTTO: DALLE MISURE FONDAMENTALI, E' PIU' LUNGA, PIU' LARGA E PURE PIU' ALTA, AI MOTORI AI CAMBI, AL DESIGN, AGLI INTERNI. ADOTTA LA TRAZIONE INTEGRALE PER TUTTI I MODELLI, ANCHE QUELLO A GASOLIO. UN'OPERAZIONE CHE SEGNA IN MODO MARCATO IL DESIDERIO DI FARE DI PANAMERA UNA PORSCHE 911 CON QUATTRO PORTE.","breadcrumb":{"@id":"https:\/\/www.drivelife.it\/news\/2016\/07\/04\/porsche-panamera\/#breadcrumb"},"inLanguage":"en-US","potentialAction":[{"@type":"ReadAction","target":["https:\/\/www.drivelife.it\/news\/2016\/07\/04\/porsche-panamera\/"]}]},{"@type":"ImageObject","inLanguage":"en-US","@id":"https:\/\/www.drivelife.it\/news\/2016\/07\/04\/porsche-panamera\/#primaryimage","url":"https:\/\/www.drivelife.it\/news\/wp-content\/uploads\/2016\/07\/115273_broadcast07-1.jpg","contentUrl":"https:\/\/www.drivelife.it\/news\/wp-content\/uploads\/2016\/07\/115273_broadcast07-1.jpg","width":2560,"height":1443},{"@type":"BreadcrumbList","@id":"https:\/\/www.drivelife.it\/news\/2016\/07\/04\/porsche-panamera\/#breadcrumb","itemListElement":[{"@type":"ListItem","position":1,"name":"Home","item":"https:\/\/www.drivelife.it\/news\/"},{"@type":"ListItem","position":2,"name":"PORSCHE PANAMERA"}]},{"@type":"WebSite","@id":"https:\/\/www.drivelife.it\/news\/#website","url":"https:\/\/www.drivelife.it\/news\/","name":"#lucalife","description":"DRIVELIFE le mie automobili","potentialAction":[{"@type":"SearchAction","target":{"@type":"EntryPoint","urlTemplate":"https:\/\/www.drivelife.it\/news\/?s={search_term_string}"},"query-input":{"@type":"PropertyValueSpecification","valueRequired":true,"valueName":"search_term_string"}}],"inLanguage":"en-US"},{"@type":"Person","@id":"https:\/\/www.drivelife.it\/news\/#\/schema\/person\/b6c194c3423ff451be4914f5fd9c2188","name":"Redazione","image":{"@type":"ImageObject","inLanguage":"en-US","@id":"https:\/\/secure.gravatar.com\/avatar\/8d186f6b07ba8a94441344759f0e13bf1909b6ceaa171df0425551b4590fd558?s=96&d=mm&r=g","url":"https:\/\/secure.gravatar.com\/avatar\/8d186f6b07ba8a94441344759f0e13bf1909b6ceaa171df0425551b4590fd558?s=96&d=mm&r=g","contentUrl":"https:\/\/secure.gravatar.com\/avatar\/8d186f6b07ba8a94441344759f0e13bf1909b6ceaa171df0425551b4590fd558?s=96&d=mm&r=g","caption":"Redazione"},"url":"https:\/\/www.drivelife.it\/news\/author\/admin\/"}]}},"amp_enabled":true,"_links":{"self":[{"href":"https:\/\/www.drivelife.it\/news\/wp-json\/wp\/v2\/posts\/10598","targetHints":{"allow":["GET"]}}],"collection":[{"href":"https:\/\/www.drivelife.it\/news\/wp-json\/wp\/v2\/posts"}],"about":[{"href":"https:\/\/www.drivelife.it\/news\/wp-json\/wp\/v2\/types\/post"}],"author":[{"embeddable":true,"href":"https:\/\/www.drivelife.it\/news\/wp-json\/wp\/v2\/users\/1"}],"replies":[{"embeddable":true,"href":"https:\/\/www.drivelife.it\/news\/wp-json\/wp\/v2\/comments?post=10598"}],"version-history":[{"count":2,"href":"https:\/\/www.drivelife.it\/news\/wp-json\/wp\/v2\/posts\/10598\/revisions"}],"predecessor-version":[{"id":10618,"href":"https:\/\/www.drivelife.it\/news\/wp-json\/wp\/v2\/posts\/10598\/revisions\/10618"}],"wp:featuredmedia":[{"embeddable":true,"href":"https:\/\/www.drivelife.it\/news\/wp-json\/wp\/v2\/media\/10616"}],"wp:attachment":[{"href":"https:\/\/www.drivelife.it\/news\/wp-json\/wp\/v2\/media?parent=10598"}],"wp:term":[{"taxonomy":"category","embeddable":true,"href":"https:\/\/www.drivelife.it\/news\/wp-json\/wp\/v2\/categories?post=10598"},{"taxonomy":"post_tag","embeddable":true,"href":"https:\/\/www.drivelife.it\/news\/wp-json\/wp\/v2\/tags?post=10598"}],"curies":[{"name":"wp","href":"https:\/\/api.w.org\/{rel}","templated":true}]}}