{"id":10489,"date":"2016-07-01T14:24:44","date_gmt":"2016-07-01T14:24:44","guid":{"rendered":"http:\/\/www.drivelife.it\/news\/?p=10489"},"modified":"2016-07-01T14:24:44","modified_gmt":"2016-07-01T14:24:44","slug":"citroen-c3","status":"publish","type":"post","link":"https:\/\/www.drivelife.it\/news\/2016\/07\/01\/citroen-c3\/","title":{"rendered":"CITROEN C3"},"content":{"rendered":"<p>&nbsp;<br \/>\nhttps:\/\/vimeo.com\/173053043<\/p>\n<h2>drivelife \/ vimeo, puntata del 9 LUGLIO<\/h2>\n<p>&nbsp;<br \/>\n&nbsp;<br \/>\n<a data-flip-widget=\"flipit\" href=\"https:\/\/flipboard.com\">Add to Flipboard Magazine.<\/a><script src=\"https:\/\/cdn.flipboard.com\/web\/buttons\/js\/flbuttons.min.js\" type=\"text\/javascript\"><\/script><br \/>\ndi LUCA ROMANO<br \/>\nDURATA, 01&#8217;36&#8221;<br \/>\nIN TV CON DRIVELIFE DEL 9 LUGLIO 2016<br \/>\n&nbsp;<br \/>\n&nbsp;<br \/>\n<em><strong>(da drivelife per TV del 9 LUGLIO 2016, approfondimenti) &#8211; CITROEN NUOVA C3, 01&#8217;36&#8221; \/ START @ 00&#8217;44&#8221; &#8211; <\/strong><\/em> &#8211; Nella storia dei modelli Citroen la Diane era pi\u00f9 piccola della Ami. Oggi nella gamma moderna di Citroen &#8211; secondo me &#8211; la Cactus \u00e8 pi\u00f9 grande della C3. Il caso ha voluto che la Ami colpisse la mia attenzione qualche istante prima del reveal della nuova C3. La discendenza di una dall&#8217;altra \u00e8 stata un&#8217;associazione di idee immediata confermata subito dopo guardando gli interni della nuova C3.<br \/>\nE, se proprio, da puristi del mercato, non c&#8217;\u00e8 esatta relazione tra i due modelli Citroen, questa nuova C3 appartiene senz&#8217;altro alla gamma del Double Chevron. C&#8217;\u00e8 poi quel dettaglio dei fari, oggi cos\u00ec incassati e dalla forma tondeggiante, per me il sigillo della eredit\u00e0 Ami.<br \/>\nNuova Citroen C3 arriver\u00e0 in Italia il prossimo autunno, il lancio sar\u00e0 in Novembre, subito dopo la prova su strada annunciata per il mese di Ottobre. Fino ad allora online, all&#8217;indirizzo www nuovaC3 it, sono gi\u00e0 disponibili tutte le informazioni per approfondire la conoscenza del prodotto. Un altro impulso che la creativit\u00e0 francese ha voluto porre sull&#8217;attivit\u00e0 social della marca.<br \/>\nEd a questo proposito, fermo restando che la qualit\u00e0 del prodotto \u00e8 consona al marchio e che il gadget della webcam non \u00e8 un bonus distrattivo, nuova C3 propone la ConnectedCAM.<br \/>\nUn dispositivo con ottica grandangolo di 120 gradi e risoluzione full HD con due milioni di pixel, memoria interna di sedici gigabyte e sistema GPS integrata nella base del retrovisore interno.<br \/>\nL&#8217;aspetto ludico, si possono scattare foto o registrare un video, \u00e8 affiancato dalla funzione di attivazione automatica della registrazione in caso di incidente, un fatto che diventa elemento di prova per le pratiche assicurative conseguenti. Attraverso una app dedicata video e foto possono essere condivise su Facebook, Twitter o Instagram, cos\u00ec di moda oggi anche in auto.<br \/>\nCitroen nuova C3 sar\u00e0 offerta con i motori benzina PureTech e con quelli a gasolio BlueHDi a partire con le versioni tre cilindri con 68 e 75 cavalli, dispositivi Stop&#038;Start con cambio manuale e, successivamente, anche con quello automatico EAT6. Nuova C3 \u00e8 una vettura keyless, un accessorio che permette l&#8217;accesso a bordo anche mentre state guardando sullo smartphone le ultime novit\u00e0 del vostro social preferito.<br \/>\n&nbsp;<br \/>\n&nbsp;<br \/>\n<em><strong>PRESENTATA IN ANTEPRIMA MONDIALE LA NUOVA CITROEN C3, UN CONCENTRATO DI ESSENZA CITROEN, UN MIX DI TRADIZIONE ED INNOVAZIONE, TECNICA D&#8217;AVANGUARDIA E, IMMANCABILE, UN NUOVO PUNTO DI RIFERIMENTO PER I SOCIAL IN AUTO. IN SICUREZZA, OF COURSE!<\/em><\/strong><br \/>\n&nbsp;<br \/>\n&nbsp;<\/p>\n<h2>GALLERIA FOTOGRAFICA<\/h2>\n<p>\n\t\t<style>\n\t\t\t#gallery-1 {\n\t\t\t\tmargin: auto;\n\t\t\t}\n\t\t\t#gallery-1 .gallery-item {\n\t\t\t\tfloat: left;\n\t\t\t\tmargin-top: 10px;\n\t\t\t\ttext-align: center;\n\t\t\t\twidth: 11%;\n\t\t\t}\n\t\t\t#gallery-1 img {\n\t\t\t\tborder: 2px solid #cfcfcf;\n\t\t\t}\n\t\t\t#gallery-1 .gallery-caption {\n\t\t\t\tmargin-left: 0;\n\t\t\t}\n\t\t\t\/* see gallery_shortcode() in wp-includes\/media.php *\/\n\t\t<\/style>\n\t\t<div id='gallery-1' class='gallery galleryid-10489 gallery-columns-9 gallery-size-large'><dl class='gallery-item'>\n\t\t\t<dt class='gallery-icon landscape'>\n\t\t\t\t<a href='https:\/\/www.drivelife.it\/news\/2016\/07\/01\/citroen-c3\/copyright-william-crozes-continental-produtions-2\/'><img loading=\"lazy\" decoding=\"async\" width=\"960\" height=\"640\" src=\"https:\/\/www.drivelife.it\/news\/wp-content\/uploads\/2016\/07\/CL-16.058.004-1-960x640.jpg\" class=\"attachment-large size-large no-lazy\" alt=\"\" aria-describedby=\"gallery-1-10491\" srcset=\"https:\/\/www.drivelife.it\/news\/wp-content\/uploads\/2016\/07\/CL-16.058.004-1-960x640.jpg 960w, https:\/\/www.drivelife.it\/news\/wp-content\/uploads\/2016\/07\/CL-16.058.004-1-580x387.jpg 580w, https:\/\/www.drivelife.it\/news\/wp-content\/uploads\/2016\/07\/CL-16.058.004-1-768x512.jpg 768w, https:\/\/www.drivelife.it\/news\/wp-content\/uploads\/2016\/07\/CL-16.058.004-1-300x200.jpg 300w\" sizes=\"auto, (max-width: 960px) 100vw, 960px\" \/><\/a>\n\t\t\t<\/dt>\n\t\t\t\t<dd class='wp-caption-text gallery-caption' id='gallery-1-10491'>\n\t\t\t\tCopyright William Crozes @ Continental Produtions\n\t\t\t\t<\/dd><\/dl><dl class='gallery-item'>\n\t\t\t<dt class='gallery-icon landscape'>\n\t\t\t\t<a href='https:\/\/www.drivelife.it\/news\/2016\/07\/01\/citroen-c3\/copyright-william-crozes-continental-produtions-3\/'><img loading=\"lazy\" decoding=\"async\" width=\"960\" height=\"503\" src=\"https:\/\/www.drivelife.it\/news\/wp-content\/uploads\/2016\/07\/CL-16.058.010-960x503.jpg\" class=\"attachment-large size-large no-lazy\" alt=\"\" aria-describedby=\"gallery-1-10492\" srcset=\"https:\/\/www.drivelife.it\/news\/wp-content\/uploads\/2016\/07\/CL-16.058.010-960x503.jpg 960w, https:\/\/www.drivelife.it\/news\/wp-content\/uploads\/2016\/07\/CL-16.058.010-580x304.jpg 580w, https:\/\/www.drivelife.it\/news\/wp-content\/uploads\/2016\/07\/CL-16.058.010-768x402.jpg 768w, https:\/\/www.drivelife.it\/news\/wp-content\/uploads\/2016\/07\/CL-16.058.010-300x157.jpg 300w\" sizes=\"auto, (max-width: 960px) 100vw, 960px\" \/><\/a>\n\t\t\t<\/dt>\n\t\t\t\t<dd class='wp-caption-text gallery-caption' id='gallery-1-10492'>\n\t\t\t\tCopyright William Crozes @ Continental Produtions\n\t\t\t\t<\/dd><\/dl><dl class='gallery-item'>\n\t\t\t<dt class='gallery-icon landscape'>\n\t\t\t\t<a href='https:\/\/www.drivelife.it\/news\/2016\/07\/01\/citroen-c3\/copyright-william-crozes-continental-produtions-4\/'><img loading=\"lazy\" decoding=\"async\" width=\"960\" height=\"449\" src=\"https:\/\/www.drivelife.it\/news\/wp-content\/uploads\/2016\/07\/CL-16.058.019-960x449.jpg\" class=\"attachment-large size-large no-lazy\" alt=\"\" aria-describedby=\"gallery-1-10493\" srcset=\"https:\/\/www.drivelife.it\/news\/wp-content\/uploads\/2016\/07\/CL-16.058.019-960x449.jpg 960w, https:\/\/www.drivelife.it\/news\/wp-content\/uploads\/2016\/07\/CL-16.058.019-580x271.jpg 580w, https:\/\/www.drivelife.it\/news\/wp-content\/uploads\/2016\/07\/CL-16.058.019-768x359.jpg 768w, https:\/\/www.drivelife.it\/news\/wp-content\/uploads\/2016\/07\/CL-16.058.019-300x140.jpg 300w\" sizes=\"auto, (max-width: 960px) 100vw, 960px\" \/><\/a>\n\t\t\t<\/dt>\n\t\t\t\t<dd class='wp-caption-text gallery-caption' id='gallery-1-10493'>\n\t\t\t\tCopyright William Crozes @ Continental Produtions\n\t\t\t\t<\/dd><\/dl><dl class='gallery-item'>\n\t\t\t<dt class='gallery-icon landscape'>\n\t\t\t\t<a href='https:\/\/www.drivelife.it\/news\/2016\/07\/01\/citroen-c3\/copyright-william-crozes-continental-produtions-5\/'><img loading=\"lazy\" decoding=\"async\" width=\"960\" height=\"449\" src=\"https:\/\/www.drivelife.it\/news\/wp-content\/uploads\/2016\/07\/CL-16.058.025-960x449.jpg\" class=\"attachment-large size-large no-lazy\" alt=\"\" aria-describedby=\"gallery-1-10494\" srcset=\"https:\/\/www.drivelife.it\/news\/wp-content\/uploads\/2016\/07\/CL-16.058.025-960x449.jpg 960w, https:\/\/www.drivelife.it\/news\/wp-content\/uploads\/2016\/07\/CL-16.058.025-580x271.jpg 580w, https:\/\/www.drivelife.it\/news\/wp-content\/uploads\/2016\/07\/CL-16.058.025-768x359.jpg 768w, https:\/\/www.drivelife.it\/news\/wp-content\/uploads\/2016\/07\/CL-16.058.025-300x140.jpg 300w\" sizes=\"auto, (max-width: 960px) 100vw, 960px\" \/><\/a>\n\t\t\t<\/dt>\n\t\t\t\t<dd class='wp-caption-text gallery-caption' id='gallery-1-10494'>\n\t\t\t\tCopyright William Crozes @ Continental Produtions\n\t\t\t\t<\/dd><\/dl><dl class='gallery-item'>\n\t\t\t<dt class='gallery-icon landscape'>\n\t\t\t\t<a href='https:\/\/www.drivelife.it\/news\/2016\/07\/01\/citroen-c3\/copyright-william-crozes-continental-produtions-6\/'><img loading=\"lazy\" decoding=\"async\" width=\"960\" height=\"606\" src=\"https:\/\/www.drivelife.it\/news\/wp-content\/uploads\/2016\/07\/CL-16.058.027-960x606.jpg\" class=\"attachment-large size-large no-lazy\" alt=\"\" aria-describedby=\"gallery-1-10495\" srcset=\"https:\/\/www.drivelife.it\/news\/wp-content\/uploads\/2016\/07\/CL-16.058.027-960x606.jpg 960w, https:\/\/www.drivelife.it\/news\/wp-content\/uploads\/2016\/07\/CL-16.058.027-580x366.jpg 580w, https:\/\/www.drivelife.it\/news\/wp-content\/uploads\/2016\/07\/CL-16.058.027-768x485.jpg 768w, https:\/\/www.drivelife.it\/news\/wp-content\/uploads\/2016\/07\/CL-16.058.027-300x189.jpg 300w\" sizes=\"auto, (max-width: 960px) 100vw, 960px\" \/><\/a>\n\t\t\t<\/dt>\n\t\t\t\t<dd class='wp-caption-text gallery-caption' id='gallery-1-10495'>\n\t\t\t\tCopyright William Crozes @ Continental Produtions\n\t\t\t\t<\/dd><\/dl><dl class='gallery-item'>\n\t\t\t<dt class='gallery-icon landscape'>\n\t\t\t\t<a href='https:\/\/www.drivelife.it\/news\/2016\/07\/01\/citroen-c3\/copyright-william-crozes-continental-produtions-7\/'><img loading=\"lazy\" decoding=\"async\" width=\"960\" height=\"640\" src=\"https:\/\/www.drivelife.it\/news\/wp-content\/uploads\/2016\/07\/CL-16.058.041-960x640.jpg\" class=\"attachment-large size-large no-lazy\" alt=\"\" aria-describedby=\"gallery-1-10496\" srcset=\"https:\/\/www.drivelife.it\/news\/wp-content\/uploads\/2016\/07\/CL-16.058.041-960x640.jpg 960w, https:\/\/www.drivelife.it\/news\/wp-content\/uploads\/2016\/07\/CL-16.058.041-580x387.jpg 580w, https:\/\/www.drivelife.it\/news\/wp-content\/uploads\/2016\/07\/CL-16.058.041-768x512.jpg 768w, https:\/\/www.drivelife.it\/news\/wp-content\/uploads\/2016\/07\/CL-16.058.041-300x200.jpg 300w\" sizes=\"auto, (max-width: 960px) 100vw, 960px\" \/><\/a>\n\t\t\t<\/dt>\n\t\t\t\t<dd class='wp-caption-text gallery-caption' id='gallery-1-10496'>\n\t\t\t\tCopyright William Crozes @ Continental Produtions\n\t\t\t\t<\/dd><\/dl><dl class='gallery-item'>\n\t\t\t<dt class='gallery-icon landscape'>\n\t\t\t\t<a href='https:\/\/www.drivelife.it\/news\/2016\/07\/01\/citroen-c3\/copyright-susanne-stemmer-continental-productions\/'><img loading=\"lazy\" decoding=\"async\" width=\"960\" height=\"640\" src=\"https:\/\/www.drivelife.it\/news\/wp-content\/uploads\/2016\/07\/CL-16.059.007-960x640.jpg\" class=\"attachment-large size-large no-lazy\" alt=\"\" aria-describedby=\"gallery-1-10497\" srcset=\"https:\/\/www.drivelife.it\/news\/wp-content\/uploads\/2016\/07\/CL-16.059.007-960x640.jpg 960w, https:\/\/www.drivelife.it\/news\/wp-content\/uploads\/2016\/07\/CL-16.059.007-580x387.jpg 580w, https:\/\/www.drivelife.it\/news\/wp-content\/uploads\/2016\/07\/CL-16.059.007-768x512.jpg 768w, https:\/\/www.drivelife.it\/news\/wp-content\/uploads\/2016\/07\/CL-16.059.007-300x200.jpg 300w\" sizes=\"auto, (max-width: 960px) 100vw, 960px\" \/><\/a>\n\t\t\t<\/dt>\n\t\t\t\t<dd class='wp-caption-text gallery-caption' id='gallery-1-10497'>\n\t\t\t\tCopyright Susanne STEMMER @ Continental Productions\n\t\t\t\t<\/dd><\/dl><dl class='gallery-item'>\n\t\t\t<dt class='gallery-icon landscape'>\n\t\t\t\t<a href='https:\/\/www.drivelife.it\/news\/2016\/07\/01\/citroen-c3\/copyright-susanne-stemmer-continental-productions-2\/'><img loading=\"lazy\" decoding=\"async\" width=\"960\" height=\"640\" src=\"https:\/\/www.drivelife.it\/news\/wp-content\/uploads\/2016\/07\/CL-16.059.008-960x640.jpg\" class=\"attachment-large size-large no-lazy\" alt=\"\" aria-describedby=\"gallery-1-10498\" srcset=\"https:\/\/www.drivelife.it\/news\/wp-content\/uploads\/2016\/07\/CL-16.059.008-960x640.jpg 960w, https:\/\/www.drivelife.it\/news\/wp-content\/uploads\/2016\/07\/CL-16.059.008-580x387.jpg 580w, https:\/\/www.drivelife.it\/news\/wp-content\/uploads\/2016\/07\/CL-16.059.008-768x512.jpg 768w, https:\/\/www.drivelife.it\/news\/wp-content\/uploads\/2016\/07\/CL-16.059.008-300x200.jpg 300w\" sizes=\"auto, (max-width: 960px) 100vw, 960px\" \/><\/a>\n\t\t\t<\/dt>\n\t\t\t\t<dd class='wp-caption-text gallery-caption' id='gallery-1-10498'>\n\t\t\t\tCopyright Susanne STEMMER @ Continental Productions\n\t\t\t\t<\/dd><\/dl><dl class='gallery-item'>\n\t\t\t<dt class='gallery-icon landscape'>\n\t\t\t\t<a href='https:\/\/www.drivelife.it\/news\/2016\/07\/01\/citroen-c3\/cl-16-061-001\/'><img loading=\"lazy\" decoding=\"async\" width=\"960\" height=\"640\" src=\"https:\/\/www.drivelife.it\/news\/wp-content\/uploads\/2016\/07\/CL-16.061.001-960x640.jpg\" class=\"attachment-large size-large no-lazy\" alt=\"\" srcset=\"https:\/\/www.drivelife.it\/news\/wp-content\/uploads\/2016\/07\/CL-16.061.001-960x640.jpg 960w, https:\/\/www.drivelife.it\/news\/wp-content\/uploads\/2016\/07\/CL-16.061.001-580x387.jpg 580w, https:\/\/www.drivelife.it\/news\/wp-content\/uploads\/2016\/07\/CL-16.061.001-768x512.jpg 768w, https:\/\/www.drivelife.it\/news\/wp-content\/uploads\/2016\/07\/CL-16.061.001-300x200.jpg 300w\" sizes=\"auto, (max-width: 960px) 100vw, 960px\" \/><\/a>\n\t\t\t<\/dt><\/dl><br style=\"clear: both\" \/><dl class='gallery-item'>\n\t\t\t<dt class='gallery-icon landscape'>\n\t\t\t\t<a href='https:\/\/www.drivelife.it\/news\/2016\/07\/01\/citroen-c3\/cl-16-061-004\/'><img loading=\"lazy\" decoding=\"async\" width=\"960\" height=\"640\" src=\"https:\/\/www.drivelife.it\/news\/wp-content\/uploads\/2016\/07\/CL-16.061.004-960x640.jpg\" class=\"attachment-large size-large no-lazy\" alt=\"\" srcset=\"https:\/\/www.drivelife.it\/news\/wp-content\/uploads\/2016\/07\/CL-16.061.004-960x640.jpg 960w, https:\/\/www.drivelife.it\/news\/wp-content\/uploads\/2016\/07\/CL-16.061.004-580x387.jpg 580w, https:\/\/www.drivelife.it\/news\/wp-content\/uploads\/2016\/07\/CL-16.061.004-768x512.jpg 768w, https:\/\/www.drivelife.it\/news\/wp-content\/uploads\/2016\/07\/CL-16.061.004-300x200.jpg 300w\" sizes=\"auto, (max-width: 960px) 100vw, 960px\" \/><\/a>\n\t\t\t<\/dt><\/dl><dl class='gallery-item'>\n\t\t\t<dt class='gallery-icon landscape'>\n\t\t\t\t<a href='https:\/\/www.drivelife.it\/news\/2016\/07\/01\/citroen-c3\/cl-16-061-005\/'><img loading=\"lazy\" decoding=\"async\" width=\"960\" height=\"640\" src=\"https:\/\/www.drivelife.it\/news\/wp-content\/uploads\/2016\/07\/CL-16.061.005-960x640.jpg\" class=\"attachment-large size-large no-lazy\" alt=\"\" srcset=\"https:\/\/www.drivelife.it\/news\/wp-content\/uploads\/2016\/07\/CL-16.061.005-960x640.jpg 960w, https:\/\/www.drivelife.it\/news\/wp-content\/uploads\/2016\/07\/CL-16.061.005-580x387.jpg 580w, https:\/\/www.drivelife.it\/news\/wp-content\/uploads\/2016\/07\/CL-16.061.005-768x512.jpg 768w, https:\/\/www.drivelife.it\/news\/wp-content\/uploads\/2016\/07\/CL-16.061.005-300x200.jpg 300w\" sizes=\"auto, (max-width: 960px) 100vw, 960px\" \/><\/a>\n\t\t\t<\/dt><\/dl><dl class='gallery-item'>\n\t\t\t<dt class='gallery-icon landscape'>\n\t\t\t\t<a href='https:\/\/www.drivelife.it\/news\/2016\/07\/01\/citroen-c3\/cl-16-061-009\/'><img loading=\"lazy\" decoding=\"async\" width=\"960\" height=\"640\" src=\"https:\/\/www.drivelife.it\/news\/wp-content\/uploads\/2016\/07\/CL-16.061.009-960x640.jpg\" class=\"attachment-large size-large no-lazy\" alt=\"\" srcset=\"https:\/\/www.drivelife.it\/news\/wp-content\/uploads\/2016\/07\/CL-16.061.009-960x640.jpg 960w, https:\/\/www.drivelife.it\/news\/wp-content\/uploads\/2016\/07\/CL-16.061.009-580x387.jpg 580w, https:\/\/www.drivelife.it\/news\/wp-content\/uploads\/2016\/07\/CL-16.061.009-768x512.jpg 768w, https:\/\/www.drivelife.it\/news\/wp-content\/uploads\/2016\/07\/CL-16.061.009-300x200.jpg 300w\" sizes=\"auto, (max-width: 960px) 100vw, 960px\" \/><\/a>\n\t\t\t<\/dt><\/dl><dl class='gallery-item'>\n\t\t\t<dt class='gallery-icon landscape'>\n\t\t\t\t<a href='https:\/\/www.drivelife.it\/news\/2016\/07\/01\/citroen-c3\/cl-16-061-012\/'><img loading=\"lazy\" decoding=\"async\" width=\"960\" height=\"640\" src=\"https:\/\/www.drivelife.it\/news\/wp-content\/uploads\/2016\/07\/CL-16.061.012-960x640.jpg\" class=\"attachment-large size-large no-lazy\" alt=\"\" srcset=\"https:\/\/www.drivelife.it\/news\/wp-content\/uploads\/2016\/07\/CL-16.061.012-960x640.jpg 960w, https:\/\/www.drivelife.it\/news\/wp-content\/uploads\/2016\/07\/CL-16.061.012-580x387.jpg 580w, https:\/\/www.drivelife.it\/news\/wp-content\/uploads\/2016\/07\/CL-16.061.012-768x512.jpg 768w, https:\/\/www.drivelife.it\/news\/wp-content\/uploads\/2016\/07\/CL-16.061.012-300x200.jpg 300w\" sizes=\"auto, (max-width: 960px) 100vw, 960px\" \/><\/a>\n\t\t\t<\/dt><\/dl><dl class='gallery-item'>\n\t\t\t<dt class='gallery-icon landscape'>\n\t\t\t\t<a href='https:\/\/www.drivelife.it\/news\/2016\/07\/01\/citroen-c3\/cl-16-061-013\/'><img loading=\"lazy\" decoding=\"async\" width=\"960\" height=\"640\" src=\"https:\/\/www.drivelife.it\/news\/wp-content\/uploads\/2016\/07\/CL-16.061.013-960x640.jpg\" class=\"attachment-large size-large no-lazy\" alt=\"\" srcset=\"https:\/\/www.drivelife.it\/news\/wp-content\/uploads\/2016\/07\/CL-16.061.013-960x640.jpg 960w, https:\/\/www.drivelife.it\/news\/wp-content\/uploads\/2016\/07\/CL-16.061.013-580x387.jpg 580w, https:\/\/www.drivelife.it\/news\/wp-content\/uploads\/2016\/07\/CL-16.061.013-768x512.jpg 768w, https:\/\/www.drivelife.it\/news\/wp-content\/uploads\/2016\/07\/CL-16.061.013-300x200.jpg 300w\" sizes=\"auto, (max-width: 960px) 100vw, 960px\" \/><\/a>\n\t\t\t<\/dt><\/dl><dl class='gallery-item'>\n\t\t\t<dt class='gallery-icon landscape'>\n\t\t\t\t<a href='https:\/\/www.drivelife.it\/news\/2016\/07\/01\/citroen-c3\/cl-16-061-017\/'><img loading=\"lazy\" decoding=\"async\" width=\"960\" height=\"640\" src=\"https:\/\/www.drivelife.it\/news\/wp-content\/uploads\/2016\/07\/CL-16.061.017-960x640.jpg\" class=\"attachment-large size-large no-lazy\" alt=\"\" srcset=\"https:\/\/www.drivelife.it\/news\/wp-content\/uploads\/2016\/07\/CL-16.061.017-960x640.jpg 960w, https:\/\/www.drivelife.it\/news\/wp-content\/uploads\/2016\/07\/CL-16.061.017-580x387.jpg 580w, https:\/\/www.drivelife.it\/news\/wp-content\/uploads\/2016\/07\/CL-16.061.017-768x512.jpg 768w, https:\/\/www.drivelife.it\/news\/wp-content\/uploads\/2016\/07\/CL-16.061.017-300x200.jpg 300w\" sizes=\"auto, (max-width: 960px) 100vw, 960px\" \/><\/a>\n\t\t\t<\/dt><\/dl><dl class='gallery-item'>\n\t\t\t<dt class='gallery-icon landscape'>\n\t\t\t\t<a href='https:\/\/www.drivelife.it\/news\/2016\/07\/01\/citroen-c3\/cl-16-061-020\/'><img loading=\"lazy\" decoding=\"async\" width=\"960\" height=\"640\" src=\"https:\/\/www.drivelife.it\/news\/wp-content\/uploads\/2016\/07\/CL-16.061.020-960x640.jpg\" class=\"attachment-large size-large no-lazy\" alt=\"\" srcset=\"https:\/\/www.drivelife.it\/news\/wp-content\/uploads\/2016\/07\/CL-16.061.020-960x640.jpg 960w, https:\/\/www.drivelife.it\/news\/wp-content\/uploads\/2016\/07\/CL-16.061.020-580x387.jpg 580w, https:\/\/www.drivelife.it\/news\/wp-content\/uploads\/2016\/07\/CL-16.061.020-768x512.jpg 768w, https:\/\/www.drivelife.it\/news\/wp-content\/uploads\/2016\/07\/CL-16.061.020-300x200.jpg 300w\" sizes=\"auto, (max-width: 960px) 100vw, 960px\" \/><\/a>\n\t\t\t<\/dt><\/dl><dl class='gallery-item'>\n\t\t\t<dt class='gallery-icon landscape'>\n\t\t\t\t<a href='https:\/\/www.drivelife.it\/news\/2016\/07\/01\/citroen-c3\/cl-16-061-021\/'><img loading=\"lazy\" decoding=\"async\" width=\"960\" height=\"640\" src=\"https:\/\/www.drivelife.it\/news\/wp-content\/uploads\/2016\/07\/CL-16.061.021-960x640.jpg\" class=\"attachment-large size-large no-lazy\" alt=\"\" srcset=\"https:\/\/www.drivelife.it\/news\/wp-content\/uploads\/2016\/07\/CL-16.061.021-960x640.jpg 960w, https:\/\/www.drivelife.it\/news\/wp-content\/uploads\/2016\/07\/CL-16.061.021-580x387.jpg 580w, https:\/\/www.drivelife.it\/news\/wp-content\/uploads\/2016\/07\/CL-16.061.021-768x512.jpg 768w, https:\/\/www.drivelife.it\/news\/wp-content\/uploads\/2016\/07\/CL-16.061.021-300x200.jpg 300w\" sizes=\"auto, (max-width: 960px) 100vw, 960px\" \/><\/a>\n\t\t\t<\/dt><\/dl><dl class='gallery-item'>\n\t\t\t<dt class='gallery-icon landscape'>\n\t\t\t\t<a href='https:\/\/www.drivelife.it\/news\/2016\/07\/01\/citroen-c3\/cl-16-061-025\/'><img loading=\"lazy\" decoding=\"async\" width=\"960\" height=\"640\" src=\"https:\/\/www.drivelife.it\/news\/wp-content\/uploads\/2016\/07\/CL-16.061.025-960x640.jpg\" class=\"attachment-large size-large no-lazy\" alt=\"\" srcset=\"https:\/\/www.drivelife.it\/news\/wp-content\/uploads\/2016\/07\/CL-16.061.025-960x640.jpg 960w, https:\/\/www.drivelife.it\/news\/wp-content\/uploads\/2016\/07\/CL-16.061.025-580x387.jpg 580w, https:\/\/www.drivelife.it\/news\/wp-content\/uploads\/2016\/07\/CL-16.061.025-768x512.jpg 768w, https:\/\/www.drivelife.it\/news\/wp-content\/uploads\/2016\/07\/CL-16.061.025-300x200.jpg 300w\" sizes=\"auto, (max-width: 960px) 100vw, 960px\" \/><\/a>\n\t\t\t<\/dt><\/dl><br style=\"clear: both\" \/><dl class='gallery-item'>\n\t\t\t<dt class='gallery-icon landscape'>\n\t\t\t\t<a href='https:\/\/www.drivelife.it\/news\/2016\/07\/01\/citroen-c3\/cl-16-061-028\/'><img loading=\"lazy\" decoding=\"async\" width=\"960\" height=\"640\" src=\"https:\/\/www.drivelife.it\/news\/wp-content\/uploads\/2016\/07\/CL-16.061.028-960x640.jpg\" class=\"attachment-large size-large no-lazy\" alt=\"\" srcset=\"https:\/\/www.drivelife.it\/news\/wp-content\/uploads\/2016\/07\/CL-16.061.028-960x640.jpg 960w, https:\/\/www.drivelife.it\/news\/wp-content\/uploads\/2016\/07\/CL-16.061.028-580x387.jpg 580w, https:\/\/www.drivelife.it\/news\/wp-content\/uploads\/2016\/07\/CL-16.061.028-768x512.jpg 768w, https:\/\/www.drivelife.it\/news\/wp-content\/uploads\/2016\/07\/CL-16.061.028-300x200.jpg 300w\" sizes=\"auto, (max-width: 960px) 100vw, 960px\" \/><\/a>\n\t\t\t<\/dt><\/dl><dl class='gallery-item'>\n\t\t\t<dt class='gallery-icon landscape'>\n\t\t\t\t<a href='https:\/\/www.drivelife.it\/news\/2016\/07\/01\/citroen-c3\/cl-16-061-031\/'><img loading=\"lazy\" decoding=\"async\" width=\"960\" height=\"640\" src=\"https:\/\/www.drivelife.it\/news\/wp-content\/uploads\/2016\/07\/CL-16.061.031-960x640.jpg\" class=\"attachment-large size-large no-lazy\" alt=\"\" srcset=\"https:\/\/www.drivelife.it\/news\/wp-content\/uploads\/2016\/07\/CL-16.061.031-960x640.jpg 960w, https:\/\/www.drivelife.it\/news\/wp-content\/uploads\/2016\/07\/CL-16.061.031-580x387.jpg 580w, https:\/\/www.drivelife.it\/news\/wp-content\/uploads\/2016\/07\/CL-16.061.031-768x512.jpg 768w, https:\/\/www.drivelife.it\/news\/wp-content\/uploads\/2016\/07\/CL-16.061.031-300x200.jpg 300w\" sizes=\"auto, (max-width: 960px) 100vw, 960px\" \/><\/a>\n\t\t\t<\/dt><\/dl><dl class='gallery-item'>\n\t\t\t<dt class='gallery-icon landscape'>\n\t\t\t\t<a href='https:\/\/www.drivelife.it\/news\/2016\/07\/01\/citroen-c3\/cl-16-061-033\/'><img loading=\"lazy\" decoding=\"async\" width=\"960\" height=\"640\" src=\"https:\/\/www.drivelife.it\/news\/wp-content\/uploads\/2016\/07\/CL-16.061.033-960x640.jpg\" class=\"attachment-large size-large no-lazy\" alt=\"\" srcset=\"https:\/\/www.drivelife.it\/news\/wp-content\/uploads\/2016\/07\/CL-16.061.033-960x640.jpg 960w, https:\/\/www.drivelife.it\/news\/wp-content\/uploads\/2016\/07\/CL-16.061.033-580x387.jpg 580w, https:\/\/www.drivelife.it\/news\/wp-content\/uploads\/2016\/07\/CL-16.061.033-768x512.jpg 768w, https:\/\/www.drivelife.it\/news\/wp-content\/uploads\/2016\/07\/CL-16.061.033-300x200.jpg 300w\" sizes=\"auto, (max-width: 960px) 100vw, 960px\" \/><\/a>\n\t\t\t<\/dt><\/dl><dl class='gallery-item'>\n\t\t\t<dt class='gallery-icon landscape'>\n\t\t\t\t<a href='https:\/\/www.drivelife.it\/news\/2016\/07\/01\/citroen-c3\/cl-16-061-035\/'><img loading=\"lazy\" decoding=\"async\" width=\"960\" height=\"640\" src=\"https:\/\/www.drivelife.it\/news\/wp-content\/uploads\/2016\/07\/CL-16.061.035-960x640.jpg\" class=\"attachment-large size-large no-lazy\" alt=\"\" srcset=\"https:\/\/www.drivelife.it\/news\/wp-content\/uploads\/2016\/07\/CL-16.061.035-960x640.jpg 960w, https:\/\/www.drivelife.it\/news\/wp-content\/uploads\/2016\/07\/CL-16.061.035-580x387.jpg 580w, https:\/\/www.drivelife.it\/news\/wp-content\/uploads\/2016\/07\/CL-16.061.035-768x512.jpg 768w, https:\/\/www.drivelife.it\/news\/wp-content\/uploads\/2016\/07\/CL-16.061.035-300x200.jpg 300w\" sizes=\"auto, (max-width: 960px) 100vw, 960px\" \/><\/a>\n\t\t\t<\/dt><\/dl><dl class='gallery-item'>\n\t\t\t<dt class='gallery-icon landscape'>\n\t\t\t\t<a href='https:\/\/www.drivelife.it\/news\/2016\/07\/01\/citroen-c3\/cl-16-061-037\/'><img loading=\"lazy\" decoding=\"async\" width=\"960\" height=\"640\" src=\"https:\/\/www.drivelife.it\/news\/wp-content\/uploads\/2016\/07\/CL-16.061.037-960x640.jpg\" class=\"attachment-large size-large no-lazy\" alt=\"\" srcset=\"https:\/\/www.drivelife.it\/news\/wp-content\/uploads\/2016\/07\/CL-16.061.037-960x640.jpg 960w, https:\/\/www.drivelife.it\/news\/wp-content\/uploads\/2016\/07\/CL-16.061.037-580x387.jpg 580w, https:\/\/www.drivelife.it\/news\/wp-content\/uploads\/2016\/07\/CL-16.061.037-768x512.jpg 768w, https:\/\/www.drivelife.it\/news\/wp-content\/uploads\/2016\/07\/CL-16.061.037-300x200.jpg 300w\" sizes=\"auto, (max-width: 960px) 100vw, 960px\" \/><\/a>\n\t\t\t<\/dt><\/dl><dl class='gallery-item'>\n\t\t\t<dt class='gallery-icon landscape'>\n\t\t\t\t<a href='https:\/\/www.drivelife.it\/news\/2016\/07\/01\/citroen-c3\/cl-16-061-038\/'><img loading=\"lazy\" decoding=\"async\" width=\"960\" height=\"640\" src=\"https:\/\/www.drivelife.it\/news\/wp-content\/uploads\/2016\/07\/CL-16.061.038-960x640.jpg\" class=\"attachment-large size-large no-lazy\" alt=\"\" srcset=\"https:\/\/www.drivelife.it\/news\/wp-content\/uploads\/2016\/07\/CL-16.061.038-960x640.jpg 960w, https:\/\/www.drivelife.it\/news\/wp-content\/uploads\/2016\/07\/CL-16.061.038-580x387.jpg 580w, https:\/\/www.drivelife.it\/news\/wp-content\/uploads\/2016\/07\/CL-16.061.038-768x512.jpg 768w, https:\/\/www.drivelife.it\/news\/wp-content\/uploads\/2016\/07\/CL-16.061.038-300x200.jpg 300w\" sizes=\"auto, (max-width: 960px) 100vw, 960px\" \/><\/a>\n\t\t\t<\/dt><\/dl><dl class='gallery-item'>\n\t\t\t<dt class='gallery-icon landscape'>\n\t\t\t\t<a href='https:\/\/www.drivelife.it\/news\/2016\/07\/01\/citroen-c3\/cl-16-061-039\/'><img loading=\"lazy\" decoding=\"async\" width=\"960\" height=\"640\" src=\"https:\/\/www.drivelife.it\/news\/wp-content\/uploads\/2016\/07\/CL-16.061.039-960x640.jpg\" class=\"attachment-large size-large no-lazy\" alt=\"\" srcset=\"https:\/\/www.drivelife.it\/news\/wp-content\/uploads\/2016\/07\/CL-16.061.039-960x640.jpg 960w, https:\/\/www.drivelife.it\/news\/wp-content\/uploads\/2016\/07\/CL-16.061.039-580x387.jpg 580w, https:\/\/www.drivelife.it\/news\/wp-content\/uploads\/2016\/07\/CL-16.061.039-768x512.jpg 768w, https:\/\/www.drivelife.it\/news\/wp-content\/uploads\/2016\/07\/CL-16.061.039-300x200.jpg 300w\" sizes=\"auto, (max-width: 960px) 100vw, 960px\" \/><\/a>\n\t\t\t<\/dt><\/dl><dl class='gallery-item'>\n\t\t\t<dt class='gallery-icon landscape'>\n\t\t\t\t<a href='https:\/\/www.drivelife.it\/news\/2016\/07\/01\/citroen-c3\/cl-16-061-040\/'><img loading=\"lazy\" decoding=\"async\" width=\"960\" height=\"640\" src=\"https:\/\/www.drivelife.it\/news\/wp-content\/uploads\/2016\/07\/CL-16.061.040-960x640.jpg\" class=\"attachment-large size-large no-lazy\" alt=\"\" srcset=\"https:\/\/www.drivelife.it\/news\/wp-content\/uploads\/2016\/07\/CL-16.061.040-960x640.jpg 960w, https:\/\/www.drivelife.it\/news\/wp-content\/uploads\/2016\/07\/CL-16.061.040-580x387.jpg 580w, https:\/\/www.drivelife.it\/news\/wp-content\/uploads\/2016\/07\/CL-16.061.040-768x512.jpg 768w, https:\/\/www.drivelife.it\/news\/wp-content\/uploads\/2016\/07\/CL-16.061.040-300x200.jpg 300w\" sizes=\"auto, (max-width: 960px) 100vw, 960px\" \/><\/a>\n\t\t\t<\/dt><\/dl><dl class='gallery-item'>\n\t\t\t<dt class='gallery-icon landscape'>\n\t\t\t\t<a href='https:\/\/www.drivelife.it\/news\/2016\/07\/01\/citroen-c3\/cl-16-061-041\/'><img loading=\"lazy\" decoding=\"async\" width=\"960\" height=\"640\" src=\"https:\/\/www.drivelife.it\/news\/wp-content\/uploads\/2016\/07\/CL-16.061.041-960x640.jpg\" class=\"attachment-large size-large no-lazy\" alt=\"\" srcset=\"https:\/\/www.drivelife.it\/news\/wp-content\/uploads\/2016\/07\/CL-16.061.041-960x640.jpg 960w, https:\/\/www.drivelife.it\/news\/wp-content\/uploads\/2016\/07\/CL-16.061.041-580x387.jpg 580w, https:\/\/www.drivelife.it\/news\/wp-content\/uploads\/2016\/07\/CL-16.061.041-768x512.jpg 768w, https:\/\/www.drivelife.it\/news\/wp-content\/uploads\/2016\/07\/CL-16.061.041-300x200.jpg 300w\" sizes=\"auto, (max-width: 960px) 100vw, 960px\" \/><\/a>\n\t\t\t<\/dt><\/dl><br style=\"clear: both\" \/><dl class='gallery-item'>\n\t\t\t<dt class='gallery-icon landscape'>\n\t\t\t\t<a href='https:\/\/www.drivelife.it\/news\/2016\/07\/01\/citroen-c3\/cl-16-061-042\/'><img loading=\"lazy\" decoding=\"async\" width=\"960\" height=\"640\" src=\"https:\/\/www.drivelife.it\/news\/wp-content\/uploads\/2016\/07\/CL-16.061.042-960x640.jpg\" class=\"attachment-large size-large no-lazy\" alt=\"\" srcset=\"https:\/\/www.drivelife.it\/news\/wp-content\/uploads\/2016\/07\/CL-16.061.042-960x640.jpg 960w, https:\/\/www.drivelife.it\/news\/wp-content\/uploads\/2016\/07\/CL-16.061.042-580x387.jpg 580w, https:\/\/www.drivelife.it\/news\/wp-content\/uploads\/2016\/07\/CL-16.061.042-768x512.jpg 768w, https:\/\/www.drivelife.it\/news\/wp-content\/uploads\/2016\/07\/CL-16.061.042-300x200.jpg 300w\" sizes=\"auto, (max-width: 960px) 100vw, 960px\" \/><\/a>\n\t\t\t<\/dt><\/dl><dl class='gallery-item'>\n\t\t\t<dt class='gallery-icon landscape'>\n\t\t\t\t<a href='https:\/\/www.drivelife.it\/news\/2016\/07\/01\/citroen-c3\/cl-16-061-044\/'><img loading=\"lazy\" decoding=\"async\" width=\"960\" height=\"640\" src=\"https:\/\/www.drivelife.it\/news\/wp-content\/uploads\/2016\/07\/CL-16.061.044-960x640.jpg\" class=\"attachment-large size-large no-lazy\" alt=\"\" srcset=\"https:\/\/www.drivelife.it\/news\/wp-content\/uploads\/2016\/07\/CL-16.061.044-960x640.jpg 960w, https:\/\/www.drivelife.it\/news\/wp-content\/uploads\/2016\/07\/CL-16.061.044-580x387.jpg 580w, https:\/\/www.drivelife.it\/news\/wp-content\/uploads\/2016\/07\/CL-16.061.044-768x512.jpg 768w, https:\/\/www.drivelife.it\/news\/wp-content\/uploads\/2016\/07\/CL-16.061.044-300x200.jpg 300w\" sizes=\"auto, (max-width: 960px) 100vw, 960px\" \/><\/a>\n\t\t\t<\/dt><\/dl><dl class='gallery-item'>\n\t\t\t<dt class='gallery-icon landscape'>\n\t\t\t\t<a href='https:\/\/www.drivelife.it\/news\/2016\/07\/01\/citroen-c3\/cl-16-061-045\/'><img loading=\"lazy\" decoding=\"async\" width=\"960\" height=\"640\" src=\"https:\/\/www.drivelife.it\/news\/wp-content\/uploads\/2016\/07\/CL-16.061.045-960x640.jpg\" class=\"attachment-large size-large no-lazy\" alt=\"\" srcset=\"https:\/\/www.drivelife.it\/news\/wp-content\/uploads\/2016\/07\/CL-16.061.045-960x640.jpg 960w, https:\/\/www.drivelife.it\/news\/wp-content\/uploads\/2016\/07\/CL-16.061.045-580x387.jpg 580w, https:\/\/www.drivelife.it\/news\/wp-content\/uploads\/2016\/07\/CL-16.061.045-768x512.jpg 768w, https:\/\/www.drivelife.it\/news\/wp-content\/uploads\/2016\/07\/CL-16.061.045-300x200.jpg 300w\" sizes=\"auto, (max-width: 960px) 100vw, 960px\" \/><\/a>\n\t\t\t<\/dt><\/dl><dl class='gallery-item'>\n\t\t\t<dt class='gallery-icon landscape'>\n\t\t\t\t<a href='https:\/\/www.drivelife.it\/news\/2016\/07\/01\/citroen-c3\/exter-1\/'><img loading=\"lazy\" decoding=\"async\" width=\"960\" height=\"540\" src=\"https:\/\/www.drivelife.it\/news\/wp-content\/uploads\/2016\/07\/EXTER-1-960x540.jpg\" class=\"attachment-large size-large no-lazy\" alt=\"\" srcset=\"https:\/\/www.drivelife.it\/news\/wp-content\/uploads\/2016\/07\/EXTER-1-960x540.jpg 960w, https:\/\/www.drivelife.it\/news\/wp-content\/uploads\/2016\/07\/EXTER-1-580x326.jpg 580w, https:\/\/www.drivelife.it\/news\/wp-content\/uploads\/2016\/07\/EXTER-1-768x432.jpg 768w, https:\/\/www.drivelife.it\/news\/wp-content\/uploads\/2016\/07\/EXTER-1-300x169.jpg 300w, https:\/\/www.drivelife.it\/news\/wp-content\/uploads\/2016\/07\/EXTER-1.jpg 1920w\" sizes=\"auto, (max-width: 960px) 100vw, 960px\" \/><\/a>\n\t\t\t<\/dt><\/dl><dl class='gallery-item'>\n\t\t\t<dt class='gallery-icon landscape'>\n\t\t\t\t<a href='https:\/\/www.drivelife.it\/news\/2016\/07\/01\/citroen-c3\/exter-2\/'><img loading=\"lazy\" decoding=\"async\" width=\"960\" height=\"540\" src=\"https:\/\/www.drivelife.it\/news\/wp-content\/uploads\/2016\/07\/EXTER-2-960x540.jpg\" class=\"attachment-large size-large no-lazy\" alt=\"\" srcset=\"https:\/\/www.drivelife.it\/news\/wp-content\/uploads\/2016\/07\/EXTER-2-960x540.jpg 960w, https:\/\/www.drivelife.it\/news\/wp-content\/uploads\/2016\/07\/EXTER-2-580x326.jpg 580w, https:\/\/www.drivelife.it\/news\/wp-content\/uploads\/2016\/07\/EXTER-2-768x432.jpg 768w, https:\/\/www.drivelife.it\/news\/wp-content\/uploads\/2016\/07\/EXTER-2-300x169.jpg 300w, https:\/\/www.drivelife.it\/news\/wp-content\/uploads\/2016\/07\/EXTER-2.jpg 1920w\" sizes=\"auto, (max-width: 960px) 100vw, 960px\" \/><\/a>\n\t\t\t<\/dt><\/dl><dl class='gallery-item'>\n\t\t\t<dt class='gallery-icon landscape'>\n\t\t\t\t<a href='https:\/\/www.drivelife.it\/news\/2016\/07\/01\/citroen-c3\/exter-3\/'><img loading=\"lazy\" decoding=\"async\" width=\"960\" height=\"540\" src=\"https:\/\/www.drivelife.it\/news\/wp-content\/uploads\/2016\/07\/EXTER-3-960x540.jpg\" class=\"attachment-large size-large no-lazy\" alt=\"\" srcset=\"https:\/\/www.drivelife.it\/news\/wp-content\/uploads\/2016\/07\/EXTER-3-960x540.jpg 960w, https:\/\/www.drivelife.it\/news\/wp-content\/uploads\/2016\/07\/EXTER-3-580x326.jpg 580w, https:\/\/www.drivelife.it\/news\/wp-content\/uploads\/2016\/07\/EXTER-3-768x432.jpg 768w, https:\/\/www.drivelife.it\/news\/wp-content\/uploads\/2016\/07\/EXTER-3-300x169.jpg 300w, https:\/\/www.drivelife.it\/news\/wp-content\/uploads\/2016\/07\/EXTER-3.jpg 1920w\" sizes=\"auto, (max-width: 960px) 100vw, 960px\" \/><\/a>\n\t\t\t<\/dt><\/dl><dl class='gallery-item'>\n\t\t\t<dt class='gallery-icon landscape'>\n\t\t\t\t<a href='https:\/\/www.drivelife.it\/news\/2016\/07\/01\/citroen-c3\/exter-4\/'><img loading=\"lazy\" decoding=\"async\" width=\"960\" height=\"540\" src=\"https:\/\/www.drivelife.it\/news\/wp-content\/uploads\/2016\/07\/EXTER-4-960x540.jpg\" class=\"attachment-large size-large no-lazy\" alt=\"\" srcset=\"https:\/\/www.drivelife.it\/news\/wp-content\/uploads\/2016\/07\/EXTER-4-960x540.jpg 960w, https:\/\/www.drivelife.it\/news\/wp-content\/uploads\/2016\/07\/EXTER-4-580x326.jpg 580w, https:\/\/www.drivelife.it\/news\/wp-content\/uploads\/2016\/07\/EXTER-4-768x432.jpg 768w, https:\/\/www.drivelife.it\/news\/wp-content\/uploads\/2016\/07\/EXTER-4-300x169.jpg 300w, https:\/\/www.drivelife.it\/news\/wp-content\/uploads\/2016\/07\/EXTER-4.jpg 1920w\" sizes=\"auto, (max-width: 960px) 100vw, 960px\" \/><\/a>\n\t\t\t<\/dt><\/dl><dl class='gallery-item'>\n\t\t\t<dt class='gallery-icon landscape'>\n\t\t\t\t<a href='https:\/\/www.drivelife.it\/news\/2016\/07\/01\/citroen-c3\/exter-5\/'><img loading=\"lazy\" decoding=\"async\" width=\"960\" height=\"540\" src=\"https:\/\/www.drivelife.it\/news\/wp-content\/uploads\/2016\/07\/EXTER-5-960x540.jpg\" class=\"attachment-large size-large no-lazy\" alt=\"\" srcset=\"https:\/\/www.drivelife.it\/news\/wp-content\/uploads\/2016\/07\/EXTER-5-960x540.jpg 960w, https:\/\/www.drivelife.it\/news\/wp-content\/uploads\/2016\/07\/EXTER-5-580x326.jpg 580w, https:\/\/www.drivelife.it\/news\/wp-content\/uploads\/2016\/07\/EXTER-5-768x432.jpg 768w, https:\/\/www.drivelife.it\/news\/wp-content\/uploads\/2016\/07\/EXTER-5-300x169.jpg 300w, https:\/\/www.drivelife.it\/news\/wp-content\/uploads\/2016\/07\/EXTER-5.jpg 1920w\" sizes=\"auto, (max-width: 960px) 100vw, 960px\" \/><\/a>\n\t\t\t<\/dt><\/dl><dl class='gallery-item'>\n\t\t\t<dt class='gallery-icon landscape'>\n\t\t\t\t<a href='https:\/\/www.drivelife.it\/news\/2016\/07\/01\/citroen-c3\/exter-6\/'><img loading=\"lazy\" decoding=\"async\" width=\"960\" height=\"540\" src=\"https:\/\/www.drivelife.it\/news\/wp-content\/uploads\/2016\/07\/EXTER-6-960x540.jpg\" class=\"attachment-large size-large no-lazy\" alt=\"\" srcset=\"https:\/\/www.drivelife.it\/news\/wp-content\/uploads\/2016\/07\/EXTER-6-960x540.jpg 960w, https:\/\/www.drivelife.it\/news\/wp-content\/uploads\/2016\/07\/EXTER-6-580x326.jpg 580w, https:\/\/www.drivelife.it\/news\/wp-content\/uploads\/2016\/07\/EXTER-6-768x432.jpg 768w, https:\/\/www.drivelife.it\/news\/wp-content\/uploads\/2016\/07\/EXTER-6-300x169.jpg 300w, https:\/\/www.drivelife.it\/news\/wp-content\/uploads\/2016\/07\/EXTER-6.jpg 1920w\" sizes=\"auto, (max-width: 960px) 100vw, 960px\" \/><\/a>\n\t\t\t<\/dt><\/dl><br style=\"clear: both\" \/><dl class='gallery-item'>\n\t\t\t<dt class='gallery-icon landscape'>\n\t\t\t\t<a href='https:\/\/www.drivelife.it\/news\/2016\/07\/01\/citroen-c3\/exter-7\/'><img loading=\"lazy\" decoding=\"async\" width=\"960\" height=\"540\" src=\"https:\/\/www.drivelife.it\/news\/wp-content\/uploads\/2016\/07\/EXTER-7-960x540.jpg\" class=\"attachment-large size-large no-lazy\" alt=\"\" srcset=\"https:\/\/www.drivelife.it\/news\/wp-content\/uploads\/2016\/07\/EXTER-7-960x540.jpg 960w, https:\/\/www.drivelife.it\/news\/wp-content\/uploads\/2016\/07\/EXTER-7-580x326.jpg 580w, https:\/\/www.drivelife.it\/news\/wp-content\/uploads\/2016\/07\/EXTER-7-768x432.jpg 768w, https:\/\/www.drivelife.it\/news\/wp-content\/uploads\/2016\/07\/EXTER-7-300x169.jpg 300w, https:\/\/www.drivelife.it\/news\/wp-content\/uploads\/2016\/07\/EXTER-7.jpg 1920w\" sizes=\"auto, (max-width: 960px) 100vw, 960px\" \/><\/a>\n\t\t\t<\/dt><\/dl><dl class='gallery-item'>\n\t\t\t<dt class='gallery-icon landscape'>\n\t\t\t\t<a href='https:\/\/www.drivelife.it\/news\/2016\/07\/01\/citroen-c3\/exter-8\/'><img loading=\"lazy\" decoding=\"async\" width=\"960\" height=\"398\" src=\"https:\/\/www.drivelife.it\/news\/wp-content\/uploads\/2016\/07\/EXTER-8-960x398.jpg\" class=\"attachment-large size-large no-lazy\" alt=\"\" srcset=\"https:\/\/www.drivelife.it\/news\/wp-content\/uploads\/2016\/07\/EXTER-8-960x398.jpg 960w, https:\/\/www.drivelife.it\/news\/wp-content\/uploads\/2016\/07\/EXTER-8-580x241.jpg 580w, https:\/\/www.drivelife.it\/news\/wp-content\/uploads\/2016\/07\/EXTER-8-768x319.jpg 768w, https:\/\/www.drivelife.it\/news\/wp-content\/uploads\/2016\/07\/EXTER-8-300x124.jpg 300w, https:\/\/www.drivelife.it\/news\/wp-content\/uploads\/2016\/07\/EXTER-8.jpg 1617w\" sizes=\"auto, (max-width: 960px) 100vw, 960px\" \/><\/a>\n\t\t\t<\/dt><\/dl><dl class='gallery-item'>\n\t\t\t<dt class='gallery-icon landscape'>\n\t\t\t\t<a href='https:\/\/www.drivelife.it\/news\/2016\/07\/01\/citroen-c3\/inter-1\/'><img loading=\"lazy\" decoding=\"async\" width=\"960\" height=\"388\" src=\"https:\/\/www.drivelife.it\/news\/wp-content\/uploads\/2016\/07\/Inter-1-960x388.jpg\" class=\"attachment-large size-large no-lazy\" alt=\"\" srcset=\"https:\/\/www.drivelife.it\/news\/wp-content\/uploads\/2016\/07\/Inter-1-960x388.jpg 960w, https:\/\/www.drivelife.it\/news\/wp-content\/uploads\/2016\/07\/Inter-1-580x235.jpg 580w, https:\/\/www.drivelife.it\/news\/wp-content\/uploads\/2016\/07\/Inter-1-768x311.jpg 768w, https:\/\/www.drivelife.it\/news\/wp-content\/uploads\/2016\/07\/Inter-1-300x121.jpg 300w\" sizes=\"auto, (max-width: 960px) 100vw, 960px\" \/><\/a>\n\t\t\t<\/dt><\/dl><dl class='gallery-item'>\n\t\t\t<dt class='gallery-icon landscape'>\n\t\t\t\t<a href='https:\/\/www.drivelife.it\/news\/2016\/07\/01\/citroen-c3\/inter-2\/'><img loading=\"lazy\" decoding=\"async\" width=\"960\" height=\"540\" src=\"https:\/\/www.drivelife.it\/news\/wp-content\/uploads\/2016\/07\/Inter-2-960x540.jpg\" class=\"attachment-large size-large no-lazy\" alt=\"\" srcset=\"https:\/\/www.drivelife.it\/news\/wp-content\/uploads\/2016\/07\/Inter-2-960x540.jpg 960w, https:\/\/www.drivelife.it\/news\/wp-content\/uploads\/2016\/07\/Inter-2-580x326.jpg 580w, https:\/\/www.drivelife.it\/news\/wp-content\/uploads\/2016\/07\/Inter-2-768x432.jpg 768w, https:\/\/www.drivelife.it\/news\/wp-content\/uploads\/2016\/07\/Inter-2-300x169.jpg 300w, https:\/\/www.drivelife.it\/news\/wp-content\/uploads\/2016\/07\/Inter-2.jpg 1920w\" sizes=\"auto, (max-width: 960px) 100vw, 960px\" \/><\/a>\n\t\t\t<\/dt><\/dl><dl class='gallery-item'>\n\t\t\t<dt class='gallery-icon landscape'>\n\t\t\t\t<a href='https:\/\/www.drivelife.it\/news\/2016\/07\/01\/citroen-c3\/inter-3\/'><img loading=\"lazy\" decoding=\"async\" width=\"960\" height=\"540\" src=\"https:\/\/www.drivelife.it\/news\/wp-content\/uploads\/2016\/07\/Inter-3-960x540.jpg\" class=\"attachment-large size-large no-lazy\" alt=\"\" srcset=\"https:\/\/www.drivelife.it\/news\/wp-content\/uploads\/2016\/07\/Inter-3-960x540.jpg 960w, https:\/\/www.drivelife.it\/news\/wp-content\/uploads\/2016\/07\/Inter-3-580x326.jpg 580w, https:\/\/www.drivelife.it\/news\/wp-content\/uploads\/2016\/07\/Inter-3-768x432.jpg 768w, https:\/\/www.drivelife.it\/news\/wp-content\/uploads\/2016\/07\/Inter-3-300x169.jpg 300w, https:\/\/www.drivelife.it\/news\/wp-content\/uploads\/2016\/07\/Inter-3.jpg 1920w\" sizes=\"auto, (max-width: 960px) 100vw, 960px\" \/><\/a>\n\t\t\t<\/dt><\/dl><dl class='gallery-item'>\n\t\t\t<dt class='gallery-icon landscape'>\n\t\t\t\t<a href='https:\/\/www.drivelife.it\/news\/2016\/07\/01\/citroen-c3\/inter-4\/'><img loading=\"lazy\" decoding=\"async\" width=\"960\" height=\"480\" src=\"https:\/\/www.drivelife.it\/news\/wp-content\/uploads\/2016\/07\/Inter-4-960x480.jpg\" class=\"attachment-large size-large no-lazy\" alt=\"\" srcset=\"https:\/\/www.drivelife.it\/news\/wp-content\/uploads\/2016\/07\/Inter-4-960x480.jpg 960w, https:\/\/www.drivelife.it\/news\/wp-content\/uploads\/2016\/07\/Inter-4-580x290.jpg 580w, https:\/\/www.drivelife.it\/news\/wp-content\/uploads\/2016\/07\/Inter-4-768x384.jpg 768w, https:\/\/www.drivelife.it\/news\/wp-content\/uploads\/2016\/07\/Inter-4-300x150.jpg 300w, https:\/\/www.drivelife.it\/news\/wp-content\/uploads\/2016\/07\/Inter-4.jpg 2048w\" sizes=\"auto, (max-width: 960px) 100vw, 960px\" \/><\/a>\n\t\t\t<\/dt><\/dl>\n\t\t\t<br style='clear: both' \/>\n\t\t<\/div>\n<br \/>\n&nbsp;<br \/>\n&nbsp;<\/p>\n<h1>RUBRICA TV AUTOMOTIVE DI 12\u201900\u201d &#8211;\u00a0 CITROEN NUOVA C3, REVEAL INTERNAZIONALE, 01&#8217;36&#8221; &#8211; MERCEDES AMG GT R, 01&#8217;16&#8221; &#8211; PORSCHE NUOVA PANAMERA, 00&#8217;55&#8221; &#8211; BMW GROUP NEWS, MERCATO, 00&#8217;48&#8221; &#8211; BMW GROUP NEWS, 100 ANNI, 00&#8217;43&#8221; &#8211; PEUGEOT NEWS, L500 R HYBRID, 00&#8217;30&#8221; &#8211; PEUGEOT NEWS, SPORT, MONDIALE RALLY CROSS, 00&#8217;16&#8221; &#8211; CITROEN NEWS, SPORT, FIA WTCC, 00&#8217;25&#8221; &#8211; PEUGEOT, MILANO, &#8220;BOBINO CLUB, 03&#8217;37&#8221; &#8211;<br \/>\n<\/h1>\n<p>&nbsp;<br \/>\n&nbsp;<\/p>\n<h2>START @ &#8211; CITROEN NUOVA C3, REVEAL INTERNAZIONALE, 00&#8217;44&#8221; &#8211; MERCEDES AMG GT R, 02&#8217;24&#8221; &#8211; PORSCHE NUOVA PANAMERA, 03&#8217;46&#8221; &#8211; BMW GROUP NEWS, MERCATO, 04&#8217;46&#8221; &#8211; BMW GROUP NEWS, 100 ANNI, 05&#8217;39&#8221; &#8211; PEUGEOT NEWS, L500 R HYBRID, 06&#8217;28&#8221; &#8211; PEUGEOT NEWS, SPORT, MONDIALE RALLY CROSS, 07&#8217;03&#8221; &#8211; CITROEN NEWS, SPORT, FIA WTCC, 07&#8217;25&#8221; &#8211; PEUGEOT, MILANO, &#8220;BOBINO CLUB, 07&#8217;55&#8221; &#8211;<br \/>\n<\/h2>\n<p>&nbsp;<br \/>\n&nbsp;<br \/>\n<a href=\"http:\/\/vimeo.com\/drivelife\"><img decoding=\"async\" src=\"http:\/\/a.vimeocdn.com\/images_v6\/blogbadge_channels.png\" alt=\"Vimeo\" \/><\/a><\/p>\n<blockquote>\n<h1><strong>In TV con drivelife del 9 LUGLIO <\/strong><\/h1>\n<\/blockquote>\n<p><a href=\"https:\/\/flipboard.com\/@mrlukkor\/drivelife-q5flocp8y\" data-flip-widget=\"mag\">View my Flipboard Magazine.<\/a><\/p>\n<h2>Guarda di pi\u00f9 con\u00a0drivelife<\/h2>\n<p style=\"color: #021eaa;\"><a href=\"http:\/\/car.18x24.it\">http:\/\/car.18&#215;24.it<\/a><\/p>\n<p style=\"color: #021eaa;\"><a href=\"http:\/\/www.drivelife.it\">http:\/\/www.drivelife.it<\/a><\/p>\n<p style=\"color: #021eaa;\"><a href=\"http:\/\/www.drivelife.it\/clip\/\">http:\/\/www.drivelife.it\/clip\/<\/a><\/p>\n<p style=\"color: #021eaa;\"><a href=\"http:\/\/www.drivelife.it\/dlnew\/\">http:\/\/www.drivelife.it\/dlnew\/<\/a><\/p>\n<p style=\"color: #021eaa;\"><a href=\"http:\/\/www.drivelife.it\/moto\/\">http:\/\/www.drivelife.it\/moto\/<\/a><\/p>\n<p style=\"color: #021eaa;\"><a href=\"http:\/\/www.drivelife.it\/car\/\">http:\/\/www.drivelife.it\/car\/<\/a><\/p>\n<p style=\"color: #021eaa;\"><a href=\"http:\/\/www.drivelife.it\/drivelifeintv\/\">http:\/\/www.drivelife.it\/drivelifeintv\/<\/a><\/p>\n<p style=\"color: #021eaa;\"><a href=\"http:\/\/www.drivelife.it\/pics\/\">http:\/\/www.drivelife.it\/pics\/<\/a><\/p>\n<p style=\"color: #021eaa;\"><a href=\"http:\/\/www.drivelife.it\/dresscode\/\">http:\/\/www.drivelife.it\/dresscode\/<\/a><\/p>\n<p style=\"color: #021eaa;\"><a href=\"https:\/\/twitter.com\/tweetdrivelife\">https:\/\/twitter.com\/tweetdrivelife<\/a><\/p>\n<p style=\"color: #021eaa;\"><a href=\"https:\/\/flipboard.com\/@mrlukkor\/drivelife-q5flocp8y\">https:\/\/flipboard.com\/@mrlukkor\/drivelife-q5flocp8y<\/a><\/p>\n","protected":false},"excerpt":{"rendered":"<p>PRESENTATA IN ANTEPRIMA MONDIALE LA NUOVA CITROEN C3, UN CONCENTRATO DI ESSENZA CITROEN, UN MIX DI TRADIZIONE ED INNOVAZIONE, TECNICA D&#8217;AVANGUARDIA E, IMMANCABILE, UN NUOVO PUNTO DI RIFERIMENTO PER I SOCIAL IN AUTO. IN SICUREZZA, OF COURSE!<\/p>\n","protected":false},"author":1,"featured_media":10490,"comment_status":"open","ping_status":"open","sticky":false,"template":"","format":"video","meta":{"ngg_post_thumbnail":0,"footnotes":""},"categories":[39,21,55,759,81,53],"tags":[884,37,885],"class_list":["post-10489","post","type-post","status-publish","format-video","has-post-thumbnail","hentry","category-automotive","category-citroen","category-news","category-puntate-drivelife-tv-2016","category-test-drive-2","category-video","tag-citroen-c3","tag-drivelife","tag-lione","post_format-post-format-video"],"yoast_head":"<!-- This site is optimized with the Yoast SEO plugin v27.5 - https:\/\/yoast.com\/product\/yoast-seo-wordpress\/ -->\n<title>CITROEN C3 - #lucalife<\/title>\n<meta name=\"description\" content=\"PRESENTATA IN ANTEPRIMA MONDIALE LA NUOVA CITROEN C3, UN CONCENTRATO DI ESSENZA CITROEN, UN MIX DI TRADIZIONE ED INNOVAZIONE, TECNICA D&#039;AVANGUARDIA...\" \/>\n<meta name=\"robots\" content=\"index, follow, max-snippet:-1, max-image-preview:large, max-video-preview:-1\" \/>\n<link rel=\"canonical\" href=\"https:\/\/www.drivelife.it\/news\/2016\/07\/01\/citroen-c3\/\" \/>\n<meta property=\"og:locale\" content=\"en_US\" \/>\n<meta property=\"og:type\" content=\"article\" \/>\n<meta property=\"og:title\" content=\"CITROEN C3 - #lucalife\" \/>\n<meta property=\"og:description\" content=\"PRESENTATA IN ANTEPRIMA MONDIALE LA NUOVA CITROEN C3, UN CONCENTRATO DI ESSENZA CITROEN, UN MIX DI TRADIZIONE ED INNOVAZIONE, TECNICA D&#039;AVANGUARDIA...\" \/>\n<meta property=\"og:url\" content=\"https:\/\/www.drivelife.it\/news\/2016\/07\/01\/citroen-c3\/\" \/>\n<meta property=\"og:site_name\" content=\"#lucalife\" \/>\n<meta property=\"article:publisher\" content=\"https:\/\/www.facebook.com\/pages\/Drivelife\/467833073239720\" \/>\n<meta property=\"article:published_time\" content=\"2016-07-01T14:24:44+00:00\" \/>\n<meta property=\"og:image\" content=\"https:\/\/www.drivelife.it\/news\/wp-content\/uploads\/2016\/07\/CL-16.058.004.jpg\" \/>\n\t<meta property=\"og:image:width\" content=\"2560\" \/>\n\t<meta property=\"og:image:height\" content=\"1706\" \/>\n\t<meta property=\"og:image:type\" content=\"image\/jpeg\" \/>\n<meta name=\"author\" content=\"Redazione\" \/>\n<meta name=\"twitter:card\" content=\"summary_large_image\" \/>\n<meta name=\"twitter:creator\" content=\"@tweetdrivelife\" \/>\n<meta name=\"twitter:site\" content=\"@tweetdrivelife\" \/>\n<meta name=\"twitter:label1\" content=\"Written by\" \/>\n\t<meta name=\"twitter:data1\" content=\"Redazione\" \/>\n\t<meta name=\"twitter:label2\" content=\"Est. reading time\" \/>\n\t<meta name=\"twitter:data2\" content=\"3 minutes\" \/>\n<script type=\"application\/ld+json\" class=\"yoast-schema-graph\">{\"@context\":\"https:\\\/\\\/schema.org\",\"@graph\":[{\"@type\":\"Article\",\"@id\":\"https:\\\/\\\/www.drivelife.it\\\/news\\\/2016\\\/07\\\/01\\\/citroen-c3\\\/#article\",\"isPartOf\":{\"@id\":\"https:\\\/\\\/www.drivelife.it\\\/news\\\/2016\\\/07\\\/01\\\/citroen-c3\\\/\"},\"author\":{\"name\":\"Redazione\",\"@id\":\"https:\\\/\\\/www.drivelife.it\\\/news\\\/#\\\/schema\\\/person\\\/b6c194c3423ff451be4914f5fd9c2188\"},\"headline\":\"CITROEN C3\",\"datePublished\":\"2016-07-01T14:24:44+00:00\",\"mainEntityOfPage\":{\"@id\":\"https:\\\/\\\/www.drivelife.it\\\/news\\\/2016\\\/07\\\/01\\\/citroen-c3\\\/\"},\"wordCount\":630,\"commentCount\":0,\"image\":{\"@id\":\"https:\\\/\\\/www.drivelife.it\\\/news\\\/2016\\\/07\\\/01\\\/citroen-c3\\\/#primaryimage\"},\"thumbnailUrl\":\"https:\\\/\\\/www.drivelife.it\\\/news\\\/wp-content\\\/uploads\\\/2016\\\/07\\\/CL-16.058.004.jpg\",\"keywords\":[\"citroen C3\",\"DRIVELIFE\",\"Lione\"],\"articleSection\":[\"AUTOMOTIVE\",\"CITROEN\",\"NEWS\",\"PUNTATE DRIVELIFE TV 2016\",\"TEST DRIVE\",\"VIDEO\"],\"inLanguage\":\"en-US\",\"potentialAction\":[{\"@type\":\"CommentAction\",\"name\":\"Comment\",\"target\":[\"https:\\\/\\\/www.drivelife.it\\\/news\\\/2016\\\/07\\\/01\\\/citroen-c3\\\/#respond\"]}]},{\"@type\":\"WebPage\",\"@id\":\"https:\\\/\\\/www.drivelife.it\\\/news\\\/2016\\\/07\\\/01\\\/citroen-c3\\\/\",\"url\":\"https:\\\/\\\/www.drivelife.it\\\/news\\\/2016\\\/07\\\/01\\\/citroen-c3\\\/\",\"name\":\"CITROEN C3 - #lucalife\",\"isPartOf\":{\"@id\":\"https:\\\/\\\/www.drivelife.it\\\/news\\\/#website\"},\"primaryImageOfPage\":{\"@id\":\"https:\\\/\\\/www.drivelife.it\\\/news\\\/2016\\\/07\\\/01\\\/citroen-c3\\\/#primaryimage\"},\"image\":{\"@id\":\"https:\\\/\\\/www.drivelife.it\\\/news\\\/2016\\\/07\\\/01\\\/citroen-c3\\\/#primaryimage\"},\"thumbnailUrl\":\"https:\\\/\\\/www.drivelife.it\\\/news\\\/wp-content\\\/uploads\\\/2016\\\/07\\\/CL-16.058.004.jpg\",\"datePublished\":\"2016-07-01T14:24:44+00:00\",\"author\":{\"@id\":\"https:\\\/\\\/www.drivelife.it\\\/news\\\/#\\\/schema\\\/person\\\/b6c194c3423ff451be4914f5fd9c2188\"},\"description\":\"PRESENTATA IN ANTEPRIMA MONDIALE LA NUOVA CITROEN C3, UN CONCENTRATO DI ESSENZA CITROEN, UN MIX DI TRADIZIONE ED INNOVAZIONE, TECNICA D'AVANGUARDIA...\",\"breadcrumb\":{\"@id\":\"https:\\\/\\\/www.drivelife.it\\\/news\\\/2016\\\/07\\\/01\\\/citroen-c3\\\/#breadcrumb\"},\"inLanguage\":\"en-US\",\"potentialAction\":[{\"@type\":\"ReadAction\",\"target\":[\"https:\\\/\\\/www.drivelife.it\\\/news\\\/2016\\\/07\\\/01\\\/citroen-c3\\\/\"]}]},{\"@type\":\"ImageObject\",\"inLanguage\":\"en-US\",\"@id\":\"https:\\\/\\\/www.drivelife.it\\\/news\\\/2016\\\/07\\\/01\\\/citroen-c3\\\/#primaryimage\",\"url\":\"https:\\\/\\\/www.drivelife.it\\\/news\\\/wp-content\\\/uploads\\\/2016\\\/07\\\/CL-16.058.004.jpg\",\"contentUrl\":\"https:\\\/\\\/www.drivelife.it\\\/news\\\/wp-content\\\/uploads\\\/2016\\\/07\\\/CL-16.058.004.jpg\",\"width\":2560,\"height\":1706,\"caption\":\"Copyright William Crozes @ Continental Produtions\"},{\"@type\":\"BreadcrumbList\",\"@id\":\"https:\\\/\\\/www.drivelife.it\\\/news\\\/2016\\\/07\\\/01\\\/citroen-c3\\\/#breadcrumb\",\"itemListElement\":[{\"@type\":\"ListItem\",\"position\":1,\"name\":\"Home\",\"item\":\"https:\\\/\\\/www.drivelife.it\\\/news\\\/\"},{\"@type\":\"ListItem\",\"position\":2,\"name\":\"CITROEN C3\"}]},{\"@type\":\"WebSite\",\"@id\":\"https:\\\/\\\/www.drivelife.it\\\/news\\\/#website\",\"url\":\"https:\\\/\\\/www.drivelife.it\\\/news\\\/\",\"name\":\"#lucalife\",\"description\":\"DRIVELIFE le mie automobili\",\"potentialAction\":[{\"@type\":\"SearchAction\",\"target\":{\"@type\":\"EntryPoint\",\"urlTemplate\":\"https:\\\/\\\/www.drivelife.it\\\/news\\\/?s={search_term_string}\"},\"query-input\":{\"@type\":\"PropertyValueSpecification\",\"valueRequired\":true,\"valueName\":\"search_term_string\"}}],\"inLanguage\":\"en-US\"},{\"@type\":\"Person\",\"@id\":\"https:\\\/\\\/www.drivelife.it\\\/news\\\/#\\\/schema\\\/person\\\/b6c194c3423ff451be4914f5fd9c2188\",\"name\":\"Redazione\",\"image\":{\"@type\":\"ImageObject\",\"inLanguage\":\"en-US\",\"@id\":\"https:\\\/\\\/secure.gravatar.com\\\/avatar\\\/8d186f6b07ba8a94441344759f0e13bf1909b6ceaa171df0425551b4590fd558?s=96&d=mm&r=g\",\"url\":\"https:\\\/\\\/secure.gravatar.com\\\/avatar\\\/8d186f6b07ba8a94441344759f0e13bf1909b6ceaa171df0425551b4590fd558?s=96&d=mm&r=g\",\"contentUrl\":\"https:\\\/\\\/secure.gravatar.com\\\/avatar\\\/8d186f6b07ba8a94441344759f0e13bf1909b6ceaa171df0425551b4590fd558?s=96&d=mm&r=g\",\"caption\":\"Redazione\"},\"url\":\"https:\\\/\\\/www.drivelife.it\\\/news\\\/author\\\/admin\\\/\"}]}<\/script>\n<!-- \/ Yoast SEO plugin. -->","yoast_head_json":{"title":"CITROEN C3 - #lucalife","description":"PRESENTATA IN ANTEPRIMA MONDIALE LA NUOVA CITROEN C3, UN CONCENTRATO DI ESSENZA CITROEN, UN MIX DI TRADIZIONE ED INNOVAZIONE, TECNICA D'AVANGUARDIA...","robots":{"index":"index","follow":"follow","max-snippet":"max-snippet:-1","max-image-preview":"max-image-preview:large","max-video-preview":"max-video-preview:-1"},"canonical":"https:\/\/www.drivelife.it\/news\/2016\/07\/01\/citroen-c3\/","og_locale":"en_US","og_type":"article","og_title":"CITROEN C3 - #lucalife","og_description":"PRESENTATA IN ANTEPRIMA MONDIALE LA NUOVA CITROEN C3, UN CONCENTRATO DI ESSENZA CITROEN, UN MIX DI TRADIZIONE ED INNOVAZIONE, TECNICA D'AVANGUARDIA...","og_url":"https:\/\/www.drivelife.it\/news\/2016\/07\/01\/citroen-c3\/","og_site_name":"#lucalife","article_publisher":"https:\/\/www.facebook.com\/pages\/Drivelife\/467833073239720","article_published_time":"2016-07-01T14:24:44+00:00","og_image":[{"width":2560,"height":1706,"url":"https:\/\/www.drivelife.it\/news\/wp-content\/uploads\/2016\/07\/CL-16.058.004.jpg","type":"image\/jpeg"}],"author":"Redazione","twitter_card":"summary_large_image","twitter_creator":"@tweetdrivelife","twitter_site":"@tweetdrivelife","twitter_misc":{"Written by":"Redazione","Est. reading time":"3 minutes"},"schema":{"@context":"https:\/\/schema.org","@graph":[{"@type":"Article","@id":"https:\/\/www.drivelife.it\/news\/2016\/07\/01\/citroen-c3\/#article","isPartOf":{"@id":"https:\/\/www.drivelife.it\/news\/2016\/07\/01\/citroen-c3\/"},"author":{"name":"Redazione","@id":"https:\/\/www.drivelife.it\/news\/#\/schema\/person\/b6c194c3423ff451be4914f5fd9c2188"},"headline":"CITROEN C3","datePublished":"2016-07-01T14:24:44+00:00","mainEntityOfPage":{"@id":"https:\/\/www.drivelife.it\/news\/2016\/07\/01\/citroen-c3\/"},"wordCount":630,"commentCount":0,"image":{"@id":"https:\/\/www.drivelife.it\/news\/2016\/07\/01\/citroen-c3\/#primaryimage"},"thumbnailUrl":"https:\/\/www.drivelife.it\/news\/wp-content\/uploads\/2016\/07\/CL-16.058.004.jpg","keywords":["citroen C3","DRIVELIFE","Lione"],"articleSection":["AUTOMOTIVE","CITROEN","NEWS","PUNTATE DRIVELIFE TV 2016","TEST DRIVE","VIDEO"],"inLanguage":"en-US","potentialAction":[{"@type":"CommentAction","name":"Comment","target":["https:\/\/www.drivelife.it\/news\/2016\/07\/01\/citroen-c3\/#respond"]}]},{"@type":"WebPage","@id":"https:\/\/www.drivelife.it\/news\/2016\/07\/01\/citroen-c3\/","url":"https:\/\/www.drivelife.it\/news\/2016\/07\/01\/citroen-c3\/","name":"CITROEN C3 - #lucalife","isPartOf":{"@id":"https:\/\/www.drivelife.it\/news\/#website"},"primaryImageOfPage":{"@id":"https:\/\/www.drivelife.it\/news\/2016\/07\/01\/citroen-c3\/#primaryimage"},"image":{"@id":"https:\/\/www.drivelife.it\/news\/2016\/07\/01\/citroen-c3\/#primaryimage"},"thumbnailUrl":"https:\/\/www.drivelife.it\/news\/wp-content\/uploads\/2016\/07\/CL-16.058.004.jpg","datePublished":"2016-07-01T14:24:44+00:00","author":{"@id":"https:\/\/www.drivelife.it\/news\/#\/schema\/person\/b6c194c3423ff451be4914f5fd9c2188"},"description":"PRESENTATA IN ANTEPRIMA MONDIALE LA NUOVA CITROEN C3, UN CONCENTRATO DI ESSENZA CITROEN, UN MIX DI TRADIZIONE ED INNOVAZIONE, TECNICA D'AVANGUARDIA...","breadcrumb":{"@id":"https:\/\/www.drivelife.it\/news\/2016\/07\/01\/citroen-c3\/#breadcrumb"},"inLanguage":"en-US","potentialAction":[{"@type":"ReadAction","target":["https:\/\/www.drivelife.it\/news\/2016\/07\/01\/citroen-c3\/"]}]},{"@type":"ImageObject","inLanguage":"en-US","@id":"https:\/\/www.drivelife.it\/news\/2016\/07\/01\/citroen-c3\/#primaryimage","url":"https:\/\/www.drivelife.it\/news\/wp-content\/uploads\/2016\/07\/CL-16.058.004.jpg","contentUrl":"https:\/\/www.drivelife.it\/news\/wp-content\/uploads\/2016\/07\/CL-16.058.004.jpg","width":2560,"height":1706,"caption":"Copyright William Crozes @ Continental Produtions"},{"@type":"BreadcrumbList","@id":"https:\/\/www.drivelife.it\/news\/2016\/07\/01\/citroen-c3\/#breadcrumb","itemListElement":[{"@type":"ListItem","position":1,"name":"Home","item":"https:\/\/www.drivelife.it\/news\/"},{"@type":"ListItem","position":2,"name":"CITROEN C3"}]},{"@type":"WebSite","@id":"https:\/\/www.drivelife.it\/news\/#website","url":"https:\/\/www.drivelife.it\/news\/","name":"#lucalife","description":"DRIVELIFE le mie automobili","potentialAction":[{"@type":"SearchAction","target":{"@type":"EntryPoint","urlTemplate":"https:\/\/www.drivelife.it\/news\/?s={search_term_string}"},"query-input":{"@type":"PropertyValueSpecification","valueRequired":true,"valueName":"search_term_string"}}],"inLanguage":"en-US"},{"@type":"Person","@id":"https:\/\/www.drivelife.it\/news\/#\/schema\/person\/b6c194c3423ff451be4914f5fd9c2188","name":"Redazione","image":{"@type":"ImageObject","inLanguage":"en-US","@id":"https:\/\/secure.gravatar.com\/avatar\/8d186f6b07ba8a94441344759f0e13bf1909b6ceaa171df0425551b4590fd558?s=96&d=mm&r=g","url":"https:\/\/secure.gravatar.com\/avatar\/8d186f6b07ba8a94441344759f0e13bf1909b6ceaa171df0425551b4590fd558?s=96&d=mm&r=g","contentUrl":"https:\/\/secure.gravatar.com\/avatar\/8d186f6b07ba8a94441344759f0e13bf1909b6ceaa171df0425551b4590fd558?s=96&d=mm&r=g","caption":"Redazione"},"url":"https:\/\/www.drivelife.it\/news\/author\/admin\/"}]}},"amp_enabled":true,"_links":{"self":[{"href":"https:\/\/www.drivelife.it\/news\/wp-json\/wp\/v2\/posts\/10489","targetHints":{"allow":["GET"]}}],"collection":[{"href":"https:\/\/www.drivelife.it\/news\/wp-json\/wp\/v2\/posts"}],"about":[{"href":"https:\/\/www.drivelife.it\/news\/wp-json\/wp\/v2\/types\/post"}],"author":[{"embeddable":true,"href":"https:\/\/www.drivelife.it\/news\/wp-json\/wp\/v2\/users\/1"}],"replies":[{"embeddable":true,"href":"https:\/\/www.drivelife.it\/news\/wp-json\/wp\/v2\/comments?post=10489"}],"version-history":[{"count":1,"href":"https:\/\/www.drivelife.it\/news\/wp-json\/wp\/v2\/posts\/10489\/revisions"}],"predecessor-version":[{"id":10533,"href":"https:\/\/www.drivelife.it\/news\/wp-json\/wp\/v2\/posts\/10489\/revisions\/10533"}],"wp:featuredmedia":[{"embeddable":true,"href":"https:\/\/www.drivelife.it\/news\/wp-json\/wp\/v2\/media\/10490"}],"wp:attachment":[{"href":"https:\/\/www.drivelife.it\/news\/wp-json\/wp\/v2\/media?parent=10489"}],"wp:term":[{"taxonomy":"category","embeddable":true,"href":"https:\/\/www.drivelife.it\/news\/wp-json\/wp\/v2\/categories?post=10489"},{"taxonomy":"post_tag","embeddable":true,"href":"https:\/\/www.drivelife.it\/news\/wp-json\/wp\/v2\/tags?post=10489"}],"curies":[{"name":"wp","href":"https:\/\/api.w.org\/{rel}","templated":true}]}}