{"id":10467,"date":"2016-06-08T17:13:10","date_gmt":"2016-06-08T17:13:10","guid":{"rendered":"http:\/\/www.drivelife.it\/news\/?p=10467"},"modified":"2016-06-08T17:13:10","modified_gmt":"2016-06-08T17:13:10","slug":"cuba-audi-q2","status":"publish","type":"post","link":"https:\/\/www.drivelife.it\/news\/2016\/06\/08\/cuba-audi-q2\/","title":{"rendered":"CUBA, AUDI Q2"},"content":{"rendered":"<h2>drivelife \/ vimeo, puntata del 11 GIUGNO<\/h2>\n<p>https:\/\/vimeo.com\/169854195<br \/>\n&nbsp;<br \/>\n&nbsp;<br \/>\n<a data-flip-widget=\"flipit\" href=\"https:\/\/flipboard.com\">Add to Flipboard Magazine.<\/a><script src=\"https:\/\/cdn.flipboard.com\/web\/buttons\/js\/flbuttons.min.js\" type=\"text\/javascript\"><\/script><br \/>\ndi LUCA ROMANO<br \/>\n\u2028DURATA, 02&#8217;44&#8221; \u2028<br \/>\nIN TV CON DRIVELIFE DEL 11 GIUGNO 2016<br \/>\n&nbsp;<br \/>\n&nbsp;<br \/>\n<em><strong>(da drivelife per TV del 11 GIUGNO 2016, approfondimenti) &#8211; AUDI Q2, CUBA, 02&#8217;44&#8221; \/ START @ 00&#8217;40&#8221; &#8211; <\/strong><\/em> &#8211; Una sola cosa accomuna l&#8217;Audi Q2 e la SEAT ATECA. Lo spagnolo. E&#8217; la madrelingua per SEAT che a Barcellona presenta in questi giorni la Ateca ed \u00e8 la lingua che si parla diffusamente a Cuba dove Audi ha presentato, prima casa automobilistica del mondo, la nuova Audi Q2.<br \/>\n&nbsp;<br \/>\nAudi Q2 &#8211; della SEAT Ateca raccontiamo la prossima settimana, dopo il test drive di Barcellona &#8211; arriver\u00e0 sul mercato, in autunno, con sei motori tra i quali il tre cilindri TSFI di un litro, affiancato &#8211; in crescendo &#8211; da due motori benzina, quattro cilindri, di uno-virgola-quattro litri e duemila. La gamma di motori a gasolio \u00e8 la classica triade di Ingolstadt: mille-e-sei e duemila con potenze di 116 fino a 190 cavalli.<br \/>\n&nbsp;<br \/>\nPer i motori della Q2 Audi ha previsto l&#8217;adozione di cambi con sistema doppia frizione S tronic mentre il motore due litri TDi \u00e8 disponibile anche una nuova versione che brilla per la riduzione degli attriti a tutto vantaggio della velocit\u00e0 del passaggio da una marcia all&#8217;altra. La trazione \u00e8 del tipo anteriore, due ruote motrici oppure il classico schema &#8220;quattro&#8221;, trazione integrale permanente. Cambiamenti di schema delle sospensioni sono previsti a seconda del tipo di trazione.<br \/>\n&nbsp;<br \/>\nIl cambiamento di stile \u00e8 forte, l&#8217;Audi Q2 perde quelle linee tonde che hanno definito le serie costruttive precedenti e forza il suo apparire in strada con pi\u00f9 decisione e muscoli ben in mostra. Linea di cintura alta e forma del tetto ricordano lo stile di una coup\u00e9, sottolineato da un frontale con un&#8217;evidente griglia del radiatore single frame e due grandi prese d&#8217;aria. Anche dalla parte posteriore gruppi ottici, spoiler e diffusore danno l&#8217;aria di un carattere forte e sportivo. Nell&#8217;abitacolo la posizione di guida molto bassa rende ancor meglio l&#8217;idea di questa rinnovata vocazione sportiva.<br \/>\n&nbsp;<br \/>\nNonostante il design sia un tributo alle linee filanti e le misure non siano quelle di una Q7, (la Q2 \u00e8 lunga solo quattro-metri-e-venti) lo spazio a bordo \u00e8 tanto cos\u00ec come \u00e8 molto capiente il vano bagagli. Con un volume di 405 litri pu\u00f2 accogliere, nella configurazione pi\u00f9 ampia, oggetti fino al volume di oltre mille litri. Il portellone \u00e8 apribile con il comando elettrico, mentre all&#8217;interno la configurazione del bagagliaio permette sfruttare la soluzione del carico passante.<br \/>\nA bordo, durante la marcia, tutte le funzioni di connettivit\u00e0 e compatibilit\u00e0 tra il sistema centrale ed il proprio smartphone, attraverso il MMI plus che ai passeggeri offre un hotspot wi-fi ed il traffico dati integrato nel costo della vettura equipaggiata con MMI Plus ed Audi connect.<br \/>\n&nbsp;<br \/>\n&nbsp;<br \/>\n<em><strong>PRIMA CASA AUTOMOBILISTICA DEL MONDO AUDI HA PRESENTATO IL NUOVO MODELLO Q2 A CUBA<\/em><\/strong><br \/>\n&nbsp;<br \/>\n&nbsp;<\/p>\n<h2>GALLERIA FOTOGRAFICA<\/h2>\n<p>\n\t\t<style>\n\t\t\t#gallery-1 {\n\t\t\t\tmargin: auto;\n\t\t\t}\n\t\t\t#gallery-1 .gallery-item {\n\t\t\t\tfloat: left;\n\t\t\t\tmargin-top: 10px;\n\t\t\t\ttext-align: center;\n\t\t\t\twidth: 33%;\n\t\t\t}\n\t\t\t#gallery-1 img {\n\t\t\t\tborder: 2px solid #cfcfcf;\n\t\t\t}\n\t\t\t#gallery-1 .gallery-caption {\n\t\t\t\tmargin-left: 0;\n\t\t\t}\n\t\t\t\/* see gallery_shortcode() in wp-includes\/media.php *\/\n\t\t<\/style>\n\t\t<div id='gallery-1' class='gallery galleryid-10467 gallery-columns-3 gallery-size-large'><dl class='gallery-item'>\n\t\t\t<dt class='gallery-icon landscape'>\n\t\t\t\t<a href='https:\/\/www.drivelife.it\/news\/2016\/06\/08\/cuba-audi-q2\/attachment\/436451\/'><img loading=\"lazy\" decoding=\"async\" width=\"960\" height=\"640\" src=\"https:\/\/www.drivelife.it\/news\/wp-content\/uploads\/2016\/06\/436451-960x640.jpg\" class=\"attachment-large size-large no-lazy\" alt=\"\" srcset=\"https:\/\/www.drivelife.it\/news\/wp-content\/uploads\/2016\/06\/436451-960x640.jpg 960w, https:\/\/www.drivelife.it\/news\/wp-content\/uploads\/2016\/06\/436451-580x387.jpg 580w, https:\/\/www.drivelife.it\/news\/wp-content\/uploads\/2016\/06\/436451-768x512.jpg 768w, https:\/\/www.drivelife.it\/news\/wp-content\/uploads\/2016\/06\/436451-300x200.jpg 300w\" sizes=\"auto, (max-width: 960px) 100vw, 960px\" \/><\/a>\n\t\t\t<\/dt><\/dl><dl class='gallery-item'>\n\t\t\t<dt class='gallery-icon landscape'>\n\t\t\t\t<a href='https:\/\/www.drivelife.it\/news\/2016\/06\/08\/cuba-audi-q2\/attachment\/436449\/'><img loading=\"lazy\" decoding=\"async\" width=\"960\" height=\"640\" src=\"https:\/\/www.drivelife.it\/news\/wp-content\/uploads\/2016\/06\/436449-960x640.jpg\" class=\"attachment-large size-large no-lazy\" alt=\"\" srcset=\"https:\/\/www.drivelife.it\/news\/wp-content\/uploads\/2016\/06\/436449-960x640.jpg 960w, https:\/\/www.drivelife.it\/news\/wp-content\/uploads\/2016\/06\/436449-580x387.jpg 580w, https:\/\/www.drivelife.it\/news\/wp-content\/uploads\/2016\/06\/436449-768x512.jpg 768w, https:\/\/www.drivelife.it\/news\/wp-content\/uploads\/2016\/06\/436449-300x200.jpg 300w\" sizes=\"auto, (max-width: 960px) 100vw, 960px\" \/><\/a>\n\t\t\t<\/dt><\/dl><dl class='gallery-item'>\n\t\t\t<dt class='gallery-icon landscape'>\n\t\t\t\t<a href='https:\/\/www.drivelife.it\/news\/2016\/06\/08\/cuba-audi-q2\/attachment\/436450\/'><img loading=\"lazy\" decoding=\"async\" width=\"960\" height=\"640\" src=\"https:\/\/www.drivelife.it\/news\/wp-content\/uploads\/2016\/06\/436450-960x640.jpg\" class=\"attachment-large size-large no-lazy\" alt=\"\" srcset=\"https:\/\/www.drivelife.it\/news\/wp-content\/uploads\/2016\/06\/436450-960x640.jpg 960w, https:\/\/www.drivelife.it\/news\/wp-content\/uploads\/2016\/06\/436450-580x387.jpg 580w, https:\/\/www.drivelife.it\/news\/wp-content\/uploads\/2016\/06\/436450-768x512.jpg 768w, https:\/\/www.drivelife.it\/news\/wp-content\/uploads\/2016\/06\/436450-300x200.jpg 300w\" sizes=\"auto, (max-width: 960px) 100vw, 960px\" \/><\/a>\n\t\t\t<\/dt><\/dl><br style=\"clear: both\" \/>\n\t\t<\/div>\n<br \/>\n&nbsp;<br \/>\n&nbsp;<\/p>\n<h1>RUBRICA TV AUTOMOTIVE DI 12\u201900\u201d &#8211; CUBA, AUDI Q2, TEST DRIVE INTERNAZIONALE, 02&#8217;44&#8221; &#8211; BMW iPERFORMANCE, TEST DRIVE NAZIONALE, 01&#8217;00&#8221; &#8211; MERCEDES CLASSE C CABRIO, 02&#8217;19&#8221; &#8211; AUDI A5, 02&#8217;00&#8221; &#8211; SUBARU WRX STI, FILM L&#8217;AMERICANINO, 02&#8217;33&#8221; &#8211;<br \/>\n<\/h1>\n<p>&nbsp;<br \/>\n&nbsp;<\/p>\n<h2>START @ &#8211; CUBA, AUDI Q2, TEST DRIVE INTERNAZIONALE, 00&#8217;40&#8221; &#8211; BMW iPERFORMANCE, TEST DRIVE NAZIONALE, 03&#8217;28&#8221; &#8211; MERCEDES CLASSE C CABRIO, 04&#8217;32&#8221; &#8211; AUDI A5, 06&#8217;55&#8221; &#8211; SUBARU WRX STI, FILM L&#8217;AMERICANINO, 08&#8217;59&#8221; &#8211;<br \/>\n<\/h2>\n<p>&nbsp;<br \/>\n&nbsp;<br \/>\n<a href=\"http:\/\/vimeo.com\/drivelife\"><img decoding=\"async\" src=\"http:\/\/a.vimeocdn.com\/images_v6\/blogbadge_channels.png\" alt=\"Vimeo\" \/><\/a><\/p>\n<blockquote>\n<h1><strong>In TV con drivelife del 11 GIUGNO<\/strong><\/h1>\n<\/blockquote>\n<p><a href=\"https:\/\/flipboard.com\/@mrlukkor\/drivelife-q5flocp8y\" data-flip-widget=\"mag\">View my Flipboard Magazine.<\/a><\/p>\n<h2>Guarda di pi\u00f9 con\u00a0drivelife<\/h2>\n<p style=\"color: #021eaa;\"><a href=\"http:\/\/car.18x24.it\">http:\/\/car.18&#215;24.it<\/a><\/p>\n<p style=\"color: #021eaa;\"><a href=\"http:\/\/www.drivelife.it\">http:\/\/www.drivelife.it<\/a><\/p>\n<p style=\"color: #021eaa;\"><a href=\"http:\/\/www.drivelife.it\/clip\/\">http:\/\/www.drivelife.it\/clip\/<\/a><\/p>\n<p style=\"color: #021eaa;\"><a href=\"http:\/\/www.drivelife.it\/dlnew\/\">http:\/\/www.drivelife.it\/dlnew\/<\/a><\/p>\n<p style=\"color: #021eaa;\"><a href=\"http:\/\/www.drivelife.it\/moto\/\">http:\/\/www.drivelife.it\/moto\/<\/a><\/p>\n<p style=\"color: #021eaa;\"><a href=\"http:\/\/www.drivelife.it\/car\/\">http:\/\/www.drivelife.it\/car\/<\/a><\/p>\n<p style=\"color: #021eaa;\"><a href=\"http:\/\/www.drivelife.it\/drivelifeintv\/\">http:\/\/www.drivelife.it\/drivelifeintv\/<\/a><\/p>\n<p style=\"color: #021eaa;\"><a href=\"http:\/\/www.drivelife.it\/pics\/\">http:\/\/www.drivelife.it\/pics\/<\/a><\/p>\n<p style=\"color: #021eaa;\"><a href=\"http:\/\/www.drivelife.it\/dresscode\/\">http:\/\/www.drivelife.it\/dresscode\/<\/a><\/p>\n<p style=\"color: #021eaa;\"><a href=\"https:\/\/twitter.com\/tweetdrivelife\">https:\/\/twitter.com\/tweetdrivelife<\/a><\/p>\n<p style=\"color: #021eaa;\"><a href=\"https:\/\/flipboard.com\/@mrlukkor\/drivelife-q5flocp8y\">https:\/\/flipboard.com\/@mrlukkor\/drivelife-q5flocp8y<\/a><\/p>\n<p>https:\/\/vimeo.com\/169854195<\/p>\n","protected":false},"excerpt":{"rendered":"<p>PRIMA CASA AUTOMOBILISTICA DEL MONDO AUDI HA PRESENTATO IL NUOVO MODELLO Q2 A CUBA<\/p>\n","protected":false},"author":1,"featured_media":10469,"comment_status":"open","ping_status":"open","sticky":false,"template":"","format":"video","meta":{"ngg_post_thumbnail":0,"footnotes":""},"categories":[42,39,55,71,759,53],"tags":[838,880],"class_list":["post-10467","post","type-post","status-publish","format-video","has-post-thumbnail","hentry","category-audi","category-automotive","category-news","category-puntata-drivelife","category-puntate-drivelife-tv-2016","category-video","tag-audi-q2","tag-cuba","post_format-post-format-video"],"yoast_head":"<!-- This site is optimized with the Yoast SEO plugin v27.5 - https:\/\/yoast.com\/product\/yoast-seo-wordpress\/ -->\n<title>CUBA, AUDI Q2 - #lucalife<\/title>\n<meta name=\"description\" content=\"PRIMA CASA AUTOMOBILISTICA DEL MONDO AUDI HA PRESENTATO IL NUOVO MODELLO Q2 A CUBA\" \/>\n<meta name=\"robots\" content=\"index, follow, max-snippet:-1, max-image-preview:large, max-video-preview:-1\" \/>\n<link rel=\"canonical\" href=\"https:\/\/www.drivelife.it\/news\/2016\/06\/08\/cuba-audi-q2\/\" \/>\n<meta property=\"og:locale\" content=\"en_US\" \/>\n<meta property=\"og:type\" content=\"article\" \/>\n<meta property=\"og:title\" content=\"CUBA, AUDI Q2 - #lucalife\" \/>\n<meta property=\"og:description\" content=\"PRIMA CASA AUTOMOBILISTICA DEL MONDO AUDI HA PRESENTATO IL NUOVO MODELLO Q2 A CUBA\" \/>\n<meta property=\"og:url\" content=\"https:\/\/www.drivelife.it\/news\/2016\/06\/08\/cuba-audi-q2\/\" \/>\n<meta property=\"og:site_name\" content=\"#lucalife\" \/>\n<meta property=\"article:publisher\" content=\"https:\/\/www.facebook.com\/pages\/Drivelife\/467833073239720\" \/>\n<meta property=\"article:published_time\" content=\"2016-06-08T17:13:10+00:00\" \/>\n<meta property=\"og:image\" content=\"https:\/\/www.drivelife.it\/news\/wp-content\/uploads\/2016\/06\/436449.jpg\" \/>\n\t<meta property=\"og:image:width\" content=\"2560\" \/>\n\t<meta property=\"og:image:height\" content=\"1706\" \/>\n\t<meta property=\"og:image:type\" content=\"image\/jpeg\" \/>\n<meta name=\"author\" content=\"Redazione\" \/>\n<meta name=\"twitter:card\" content=\"summary_large_image\" \/>\n<meta name=\"twitter:creator\" content=\"@tweetdrivelife\" \/>\n<meta name=\"twitter:site\" content=\"@tweetdrivelife\" \/>\n<meta name=\"twitter:label1\" content=\"Written by\" \/>\n\t<meta name=\"twitter:data1\" content=\"Redazione\" \/>\n\t<meta name=\"twitter:label2\" content=\"Est. reading time\" \/>\n\t<meta name=\"twitter:data2\" content=\"3 minutes\" \/>\n<script type=\"application\/ld+json\" class=\"yoast-schema-graph\">{\"@context\":\"https:\\\/\\\/schema.org\",\"@graph\":[{\"@type\":\"Article\",\"@id\":\"https:\\\/\\\/www.drivelife.it\\\/news\\\/2016\\\/06\\\/08\\\/cuba-audi-q2\\\/#article\",\"isPartOf\":{\"@id\":\"https:\\\/\\\/www.drivelife.it\\\/news\\\/2016\\\/06\\\/08\\\/cuba-audi-q2\\\/\"},\"author\":{\"name\":\"Redazione\",\"@id\":\"https:\\\/\\\/www.drivelife.it\\\/news\\\/#\\\/schema\\\/person\\\/b6c194c3423ff451be4914f5fd9c2188\"},\"headline\":\"CUBA, AUDI Q2\",\"datePublished\":\"2016-06-08T17:13:10+00:00\",\"mainEntityOfPage\":{\"@id\":\"https:\\\/\\\/www.drivelife.it\\\/news\\\/2016\\\/06\\\/08\\\/cuba-audi-q2\\\/\"},\"wordCount\":633,\"commentCount\":0,\"image\":{\"@id\":\"https:\\\/\\\/www.drivelife.it\\\/news\\\/2016\\\/06\\\/08\\\/cuba-audi-q2\\\/#primaryimage\"},\"thumbnailUrl\":\"https:\\\/\\\/www.drivelife.it\\\/news\\\/wp-content\\\/uploads\\\/2016\\\/06\\\/436449.jpg\",\"keywords\":[\"audi q2\",\"cuba\"],\"articleSection\":[\"AUDI\",\"AUTOMOTIVE\",\"NEWS\",\"PUNTATA DRIVELIFE\",\"PUNTATE DRIVELIFE TV 2016\",\"VIDEO\"],\"inLanguage\":\"en-US\",\"potentialAction\":[{\"@type\":\"CommentAction\",\"name\":\"Comment\",\"target\":[\"https:\\\/\\\/www.drivelife.it\\\/news\\\/2016\\\/06\\\/08\\\/cuba-audi-q2\\\/#respond\"]}]},{\"@type\":\"WebPage\",\"@id\":\"https:\\\/\\\/www.drivelife.it\\\/news\\\/2016\\\/06\\\/08\\\/cuba-audi-q2\\\/\",\"url\":\"https:\\\/\\\/www.drivelife.it\\\/news\\\/2016\\\/06\\\/08\\\/cuba-audi-q2\\\/\",\"name\":\"CUBA, AUDI Q2 - #lucalife\",\"isPartOf\":{\"@id\":\"https:\\\/\\\/www.drivelife.it\\\/news\\\/#website\"},\"primaryImageOfPage\":{\"@id\":\"https:\\\/\\\/www.drivelife.it\\\/news\\\/2016\\\/06\\\/08\\\/cuba-audi-q2\\\/#primaryimage\"},\"image\":{\"@id\":\"https:\\\/\\\/www.drivelife.it\\\/news\\\/2016\\\/06\\\/08\\\/cuba-audi-q2\\\/#primaryimage\"},\"thumbnailUrl\":\"https:\\\/\\\/www.drivelife.it\\\/news\\\/wp-content\\\/uploads\\\/2016\\\/06\\\/436449.jpg\",\"datePublished\":\"2016-06-08T17:13:10+00:00\",\"author\":{\"@id\":\"https:\\\/\\\/www.drivelife.it\\\/news\\\/#\\\/schema\\\/person\\\/b6c194c3423ff451be4914f5fd9c2188\"},\"description\":\"PRIMA CASA AUTOMOBILISTICA DEL MONDO AUDI HA PRESENTATO IL NUOVO MODELLO Q2 A CUBA\",\"breadcrumb\":{\"@id\":\"https:\\\/\\\/www.drivelife.it\\\/news\\\/2016\\\/06\\\/08\\\/cuba-audi-q2\\\/#breadcrumb\"},\"inLanguage\":\"en-US\",\"potentialAction\":[{\"@type\":\"ReadAction\",\"target\":[\"https:\\\/\\\/www.drivelife.it\\\/news\\\/2016\\\/06\\\/08\\\/cuba-audi-q2\\\/\"]}]},{\"@type\":\"ImageObject\",\"inLanguage\":\"en-US\",\"@id\":\"https:\\\/\\\/www.drivelife.it\\\/news\\\/2016\\\/06\\\/08\\\/cuba-audi-q2\\\/#primaryimage\",\"url\":\"https:\\\/\\\/www.drivelife.it\\\/news\\\/wp-content\\\/uploads\\\/2016\\\/06\\\/436449.jpg\",\"contentUrl\":\"https:\\\/\\\/www.drivelife.it\\\/news\\\/wp-content\\\/uploads\\\/2016\\\/06\\\/436449.jpg\",\"width\":2560,\"height\":1706},{\"@type\":\"BreadcrumbList\",\"@id\":\"https:\\\/\\\/www.drivelife.it\\\/news\\\/2016\\\/06\\\/08\\\/cuba-audi-q2\\\/#breadcrumb\",\"itemListElement\":[{\"@type\":\"ListItem\",\"position\":1,\"name\":\"Home\",\"item\":\"https:\\\/\\\/www.drivelife.it\\\/news\\\/\"},{\"@type\":\"ListItem\",\"position\":2,\"name\":\"CUBA, AUDI Q2\"}]},{\"@type\":\"WebSite\",\"@id\":\"https:\\\/\\\/www.drivelife.it\\\/news\\\/#website\",\"url\":\"https:\\\/\\\/www.drivelife.it\\\/news\\\/\",\"name\":\"#lucalife\",\"description\":\"DRIVELIFE le mie automobili\",\"potentialAction\":[{\"@type\":\"SearchAction\",\"target\":{\"@type\":\"EntryPoint\",\"urlTemplate\":\"https:\\\/\\\/www.drivelife.it\\\/news\\\/?s={search_term_string}\"},\"query-input\":{\"@type\":\"PropertyValueSpecification\",\"valueRequired\":true,\"valueName\":\"search_term_string\"}}],\"inLanguage\":\"en-US\"},{\"@type\":\"Person\",\"@id\":\"https:\\\/\\\/www.drivelife.it\\\/news\\\/#\\\/schema\\\/person\\\/b6c194c3423ff451be4914f5fd9c2188\",\"name\":\"Redazione\",\"image\":{\"@type\":\"ImageObject\",\"inLanguage\":\"en-US\",\"@id\":\"https:\\\/\\\/secure.gravatar.com\\\/avatar\\\/8d186f6b07ba8a94441344759f0e13bf1909b6ceaa171df0425551b4590fd558?s=96&d=mm&r=g\",\"url\":\"https:\\\/\\\/secure.gravatar.com\\\/avatar\\\/8d186f6b07ba8a94441344759f0e13bf1909b6ceaa171df0425551b4590fd558?s=96&d=mm&r=g\",\"contentUrl\":\"https:\\\/\\\/secure.gravatar.com\\\/avatar\\\/8d186f6b07ba8a94441344759f0e13bf1909b6ceaa171df0425551b4590fd558?s=96&d=mm&r=g\",\"caption\":\"Redazione\"},\"url\":\"https:\\\/\\\/www.drivelife.it\\\/news\\\/author\\\/admin\\\/\"}]}<\/script>\n<!-- \/ Yoast SEO plugin. -->","yoast_head_json":{"title":"CUBA, AUDI Q2 - #lucalife","description":"PRIMA CASA AUTOMOBILISTICA DEL MONDO AUDI HA PRESENTATO IL NUOVO MODELLO Q2 A CUBA","robots":{"index":"index","follow":"follow","max-snippet":"max-snippet:-1","max-image-preview":"max-image-preview:large","max-video-preview":"max-video-preview:-1"},"canonical":"https:\/\/www.drivelife.it\/news\/2016\/06\/08\/cuba-audi-q2\/","og_locale":"en_US","og_type":"article","og_title":"CUBA, AUDI Q2 - #lucalife","og_description":"PRIMA CASA AUTOMOBILISTICA DEL MONDO AUDI HA PRESENTATO IL NUOVO MODELLO Q2 A CUBA","og_url":"https:\/\/www.drivelife.it\/news\/2016\/06\/08\/cuba-audi-q2\/","og_site_name":"#lucalife","article_publisher":"https:\/\/www.facebook.com\/pages\/Drivelife\/467833073239720","article_published_time":"2016-06-08T17:13:10+00:00","og_image":[{"width":2560,"height":1706,"url":"https:\/\/www.drivelife.it\/news\/wp-content\/uploads\/2016\/06\/436449.jpg","type":"image\/jpeg"}],"author":"Redazione","twitter_card":"summary_large_image","twitter_creator":"@tweetdrivelife","twitter_site":"@tweetdrivelife","twitter_misc":{"Written by":"Redazione","Est. reading time":"3 minutes"},"schema":{"@context":"https:\/\/schema.org","@graph":[{"@type":"Article","@id":"https:\/\/www.drivelife.it\/news\/2016\/06\/08\/cuba-audi-q2\/#article","isPartOf":{"@id":"https:\/\/www.drivelife.it\/news\/2016\/06\/08\/cuba-audi-q2\/"},"author":{"name":"Redazione","@id":"https:\/\/www.drivelife.it\/news\/#\/schema\/person\/b6c194c3423ff451be4914f5fd9c2188"},"headline":"CUBA, AUDI Q2","datePublished":"2016-06-08T17:13:10+00:00","mainEntityOfPage":{"@id":"https:\/\/www.drivelife.it\/news\/2016\/06\/08\/cuba-audi-q2\/"},"wordCount":633,"commentCount":0,"image":{"@id":"https:\/\/www.drivelife.it\/news\/2016\/06\/08\/cuba-audi-q2\/#primaryimage"},"thumbnailUrl":"https:\/\/www.drivelife.it\/news\/wp-content\/uploads\/2016\/06\/436449.jpg","keywords":["audi q2","cuba"],"articleSection":["AUDI","AUTOMOTIVE","NEWS","PUNTATA DRIVELIFE","PUNTATE DRIVELIFE TV 2016","VIDEO"],"inLanguage":"en-US","potentialAction":[{"@type":"CommentAction","name":"Comment","target":["https:\/\/www.drivelife.it\/news\/2016\/06\/08\/cuba-audi-q2\/#respond"]}]},{"@type":"WebPage","@id":"https:\/\/www.drivelife.it\/news\/2016\/06\/08\/cuba-audi-q2\/","url":"https:\/\/www.drivelife.it\/news\/2016\/06\/08\/cuba-audi-q2\/","name":"CUBA, AUDI Q2 - #lucalife","isPartOf":{"@id":"https:\/\/www.drivelife.it\/news\/#website"},"primaryImageOfPage":{"@id":"https:\/\/www.drivelife.it\/news\/2016\/06\/08\/cuba-audi-q2\/#primaryimage"},"image":{"@id":"https:\/\/www.drivelife.it\/news\/2016\/06\/08\/cuba-audi-q2\/#primaryimage"},"thumbnailUrl":"https:\/\/www.drivelife.it\/news\/wp-content\/uploads\/2016\/06\/436449.jpg","datePublished":"2016-06-08T17:13:10+00:00","author":{"@id":"https:\/\/www.drivelife.it\/news\/#\/schema\/person\/b6c194c3423ff451be4914f5fd9c2188"},"description":"PRIMA CASA AUTOMOBILISTICA DEL MONDO AUDI HA PRESENTATO IL NUOVO MODELLO Q2 A CUBA","breadcrumb":{"@id":"https:\/\/www.drivelife.it\/news\/2016\/06\/08\/cuba-audi-q2\/#breadcrumb"},"inLanguage":"en-US","potentialAction":[{"@type":"ReadAction","target":["https:\/\/www.drivelife.it\/news\/2016\/06\/08\/cuba-audi-q2\/"]}]},{"@type":"ImageObject","inLanguage":"en-US","@id":"https:\/\/www.drivelife.it\/news\/2016\/06\/08\/cuba-audi-q2\/#primaryimage","url":"https:\/\/www.drivelife.it\/news\/wp-content\/uploads\/2016\/06\/436449.jpg","contentUrl":"https:\/\/www.drivelife.it\/news\/wp-content\/uploads\/2016\/06\/436449.jpg","width":2560,"height":1706},{"@type":"BreadcrumbList","@id":"https:\/\/www.drivelife.it\/news\/2016\/06\/08\/cuba-audi-q2\/#breadcrumb","itemListElement":[{"@type":"ListItem","position":1,"name":"Home","item":"https:\/\/www.drivelife.it\/news\/"},{"@type":"ListItem","position":2,"name":"CUBA, AUDI Q2"}]},{"@type":"WebSite","@id":"https:\/\/www.drivelife.it\/news\/#website","url":"https:\/\/www.drivelife.it\/news\/","name":"#lucalife","description":"DRIVELIFE le mie automobili","potentialAction":[{"@type":"SearchAction","target":{"@type":"EntryPoint","urlTemplate":"https:\/\/www.drivelife.it\/news\/?s={search_term_string}"},"query-input":{"@type":"PropertyValueSpecification","valueRequired":true,"valueName":"search_term_string"}}],"inLanguage":"en-US"},{"@type":"Person","@id":"https:\/\/www.drivelife.it\/news\/#\/schema\/person\/b6c194c3423ff451be4914f5fd9c2188","name":"Redazione","image":{"@type":"ImageObject","inLanguage":"en-US","@id":"https:\/\/secure.gravatar.com\/avatar\/8d186f6b07ba8a94441344759f0e13bf1909b6ceaa171df0425551b4590fd558?s=96&d=mm&r=g","url":"https:\/\/secure.gravatar.com\/avatar\/8d186f6b07ba8a94441344759f0e13bf1909b6ceaa171df0425551b4590fd558?s=96&d=mm&r=g","contentUrl":"https:\/\/secure.gravatar.com\/avatar\/8d186f6b07ba8a94441344759f0e13bf1909b6ceaa171df0425551b4590fd558?s=96&d=mm&r=g","caption":"Redazione"},"url":"https:\/\/www.drivelife.it\/news\/author\/admin\/"}]}},"amp_enabled":true,"_links":{"self":[{"href":"https:\/\/www.drivelife.it\/news\/wp-json\/wp\/v2\/posts\/10467","targetHints":{"allow":["GET"]}}],"collection":[{"href":"https:\/\/www.drivelife.it\/news\/wp-json\/wp\/v2\/posts"}],"about":[{"href":"https:\/\/www.drivelife.it\/news\/wp-json\/wp\/v2\/types\/post"}],"author":[{"embeddable":true,"href":"https:\/\/www.drivelife.it\/news\/wp-json\/wp\/v2\/users\/1"}],"replies":[{"embeddable":true,"href":"https:\/\/www.drivelife.it\/news\/wp-json\/wp\/v2\/comments?post=10467"}],"version-history":[{"count":1,"href":"https:\/\/www.drivelife.it\/news\/wp-json\/wp\/v2\/posts\/10467\/revisions"}],"predecessor-version":[{"id":10471,"href":"https:\/\/www.drivelife.it\/news\/wp-json\/wp\/v2\/posts\/10467\/revisions\/10471"}],"wp:featuredmedia":[{"embeddable":true,"href":"https:\/\/www.drivelife.it\/news\/wp-json\/wp\/v2\/media\/10469"}],"wp:attachment":[{"href":"https:\/\/www.drivelife.it\/news\/wp-json\/wp\/v2\/media?parent=10467"}],"wp:term":[{"taxonomy":"category","embeddable":true,"href":"https:\/\/www.drivelife.it\/news\/wp-json\/wp\/v2\/categories?post=10467"},{"taxonomy":"post_tag","embeddable":true,"href":"https:\/\/www.drivelife.it\/news\/wp-json\/wp\/v2\/tags?post=10467"}],"curies":[{"name":"wp","href":"https:\/\/api.w.org\/{rel}","templated":true}]}}