{"id":10396,"date":"2016-05-17T18:09:11","date_gmt":"2016-05-17T18:09:11","guid":{"rendered":"http:\/\/www.drivelife.it\/news\/?p=10396"},"modified":"2016-05-17T18:09:11","modified_gmt":"2016-05-17T18:09:11","slug":"mercedes-sl","status":"publish","type":"post","link":"https:\/\/www.drivelife.it\/news\/2016\/05\/17\/mercedes-sl\/","title":{"rendered":"MERCEDES SL"},"content":{"rendered":"<h2>drivelife \/ vimeo, puntata del 21 MAGGIO<\/h2>\n<p>https:\/\/vimeo.com\/166962991<br \/>\n&nbsp;<\/p>\n<h1>#CabrioAttack<\/h1>\n<p>&nbsp;<br \/>\n<a data-flip-widget=\"flipit\" href=\"https:\/\/flipboard.com\">Add to Flipboard Magazine.<\/a><script src=\"https:\/\/cdn.flipboard.com\/web\/buttons\/js\/flbuttons.min.js\" type=\"text\/javascript\"><\/script><br \/>\ndi Luca Romano<br \/>\n\u2028DURATA, 02&#8242; 03&#8243; \u2028<br \/>\nIN TV CON DRIVELIFE DEL 21 MAGGIO 2016<br \/>\n&nbsp;<br \/>\n&nbsp;<br \/>\n<em><strong>(da drivelife per TV del 21 MAGGIO 2016, approfondimenti) &#8211; MERCEDES SL, 02&#8217;03&#8221; \/ START @ 04&#8217;07&#8221; &#8211; <\/strong><\/em> &#8211; Le roadster, le cabrio, le convertible, tanti nomi per definire un tipo di automobile che \u00e8 la sintesi di due aspetti importanti nella vita di un driver, di qualsiasi genere. Il desiderio di essere protagonista e quello di essere al volante della perfezione tecnica e di quella stilistica. I costruttori che si cimentano nell\u2019avventura di mettere su strada una roadster sono tanti ma pochi quelli che progettano grandi automobili.<br \/>\n&nbsp;<br \/>\nMercedes con la fortunata, commercialmente, serie costruttiva di SL ha progettato un\u2019automobile di grande fascino. L\u2019errore \u00e8 stato quello di cercare di estendere questo fascino ad altri modelli che &#8211; con grande sincerit\u00e0 &#8211; quel fascino non possono averlo. Per status e per dimensioni che, \u00e8 inevitabile, generano proporzioni sgraziate. Insomma dopo SL \u00e8 inutile &#8211; per me &#8211; considerare le serie costruttive inferiori. E affermo inferiori perch\u00e8 non possono rivaleggiare in niente con SL. Poi il marketing vi fa credere tutto quello che volete. Liberi di credere ma se provaste a guidare una SL vi accorgereste della differenza. Profonda, sostanziale, incolmabile. Irraggiungibile.<br \/>\n&nbsp;<br \/>\nCon questa premessa il suggerimento: se vi interessano le serie inferiori la rete dei concessionari Mercedes ha un gran numero di venditori che saranno felici di illustrarvi dote tecnica e qualit\u00e0 di prodotto. Qui un breve accenno alla SL. A Stoccarda sono fieri di affermare che la nuova SL ha una maggior facilit\u00e0 nell\u2019uso quotidiano. Per me gi\u00e0 andava bene con la prima serie, oggi avranno fatto mirabilie.<br \/>\n&nbsp;<br \/>\nI motori, infatti, sono pi\u00f9 potenti, il cambio \u00e8 il 9G-Tronic ed il telaio asseconda le curve con il sistema ABC, Active Body Control, riducendo i movimenti di carrozzeria in partenza, frenata e &#8211; appunto &#8211; in curva. Ci\u00f2 vuol dire che la SL sar\u00e0 sempre \u201cpiatta\u201d, annullando rollio e beccheggio tipico di una sospensione che deve risolvere l\u2019equazione confort e sportivit\u00e0. La gamma della nuova serie costruttiva SL si declina in quattro modelli, SL 400, SL 500, SL 63 ed SL 63. Sono sparite, finalmente, le motorizzazioni inferiori. Potenze comprese tra i 367 CV ed i 630 CV della SL 65.<br \/>\n&nbsp;<br \/>\n&nbsp;<br \/>\n<em><strong>\u00c8 UNA VETTURA LEGGENDARIA, UN&#8217;ICONA. \u00c8 STATA, SEMPRE, INSIEME ALLA CLASSE S, LA PIU&#8217; ALTA ESPRESSIONE DELLA CAPACIT\u00c0 INDUSTRIALE DI MERCEDES, NEL SENSO PI\u00d9 AMPIO POSSIBILE DEL TERMINE E DEL CONCETTO, ED HA RAPPRESENTATO L&#8217;ELEGANZA E LA CLASSE CHE SOLO MERCEDES SA INFONDERE NEI SUOI MODELLI PI\u00d9 COSTOSI. QUEI MODELLI CHE OGGI, USANDO UN ODIOSO INGLESISMO, TUTTI AMANO DEFINIRE PREMIUM E CHE TUTTI CERCANO DI IMITARE. SENZA RIUSCIRCI. PERCH\u00c8 MERCEDES \u00c8 IL SIMBOLO DEL LUSSO DA MOLTO TEMPO PRIMA DI &#8220;LORO&#8221;<\/em><\/strong><br \/>\n&nbsp;<br \/>\n&nbsp;<\/p>\n<h2>GALLERIA FOTOGRAFICA<\/h2>\n<p>\n\t\t<style>\n\t\t\t#gallery-1 {\n\t\t\t\tmargin: auto;\n\t\t\t}\n\t\t\t#gallery-1 .gallery-item {\n\t\t\t\tfloat: left;\n\t\t\t\tmargin-top: 10px;\n\t\t\t\ttext-align: center;\n\t\t\t\twidth: 11%;\n\t\t\t}\n\t\t\t#gallery-1 img {\n\t\t\t\tborder: 2px solid #cfcfcf;\n\t\t\t}\n\t\t\t#gallery-1 .gallery-caption {\n\t\t\t\tmargin-left: 0;\n\t\t\t}\n\t\t\t\/* see gallery_shortcode() in wp-includes\/media.php *\/\n\t\t<\/style>\n\t\t<div id='gallery-1' class='gallery galleryid-10396 gallery-columns-9 gallery-size-thumbnail'><dl class='gallery-item'>\n\t\t\t<dt class='gallery-icon landscape'>\n\t\t\t\t<a href='https:\/\/www.drivelife.it\/news\/2016\/05\/17\/mercedes-sl\/mercedes-amg-sl-r-231-2015-11\/'><img loading=\"lazy\" decoding=\"async\" width=\"150\" height=\"150\" src=\"https:\/\/www.drivelife.it\/news\/wp-content\/uploads\/2016\/05\/111918_broadcast32-150x150.jpg\" class=\"attachment-thumbnail size-thumbnail no-lazy\" alt=\"\" aria-describedby=\"gallery-1-10409\" srcset=\"https:\/\/www.drivelife.it\/news\/wp-content\/uploads\/2016\/05\/111918_broadcast32-150x150.jpg 150w, https:\/\/www.drivelife.it\/news\/wp-content\/uploads\/2016\/05\/111918_broadcast32-160x160.jpg 160w, https:\/\/www.drivelife.it\/news\/wp-content\/uploads\/2016\/05\/111918_broadcast32-320x320.jpg 320w\" sizes=\"auto, (max-width: 150px) 100vw, 150px\" \/><\/a>\n\t\t\t<\/dt>\n\t\t\t\t<dd class='wp-caption-text gallery-caption' id='gallery-1-10409'>\n\t\t\t\tMercedes-AMG SL 65, Brilliantblau, V12-Biturbomotor, 463 kW (630 PS), \n1000 Nm\n\t\t\t\t<\/dd><\/dl><dl class='gallery-item'>\n\t\t\t<dt class='gallery-icon landscape'>\n\t\t\t\t<a href='https:\/\/www.drivelife.it\/news\/2016\/05\/17\/mercedes-sl\/mercedes-benz-sl-r-231-2015-2\/'><img loading=\"lazy\" decoding=\"async\" width=\"150\" height=\"150\" src=\"https:\/\/www.drivelife.it\/news\/wp-content\/uploads\/2016\/05\/111918_broadcast34-150x150.jpg\" class=\"attachment-thumbnail size-thumbnail no-lazy\" alt=\"\" aria-describedby=\"gallery-1-10411\" srcset=\"https:\/\/www.drivelife.it\/news\/wp-content\/uploads\/2016\/05\/111918_broadcast34-150x150.jpg 150w, https:\/\/www.drivelife.it\/news\/wp-content\/uploads\/2016\/05\/111918_broadcast34-160x160.jpg 160w, https:\/\/www.drivelife.it\/news\/wp-content\/uploads\/2016\/05\/111918_broadcast34-320x320.jpg 320w\" sizes=\"auto, (max-width: 150px) 100vw, 150px\" \/><\/a>\n\t\t\t<\/dt>\n\t\t\t\t<dd class='wp-caption-text gallery-caption' id='gallery-1-10411'>\n\t\t\t\tMercedes-Benz SL 500. Brillantblau mit AMG Line\n\t\t\t\t<\/dd><\/dl><dl class='gallery-item'>\n\t\t\t<dt class='gallery-icon landscape'>\n\t\t\t\t<a href='https:\/\/www.drivelife.it\/news\/2016\/05\/17\/mercedes-sl\/mercedes-amg-sl-r-231-2015-9\/'><img loading=\"lazy\" decoding=\"async\" width=\"150\" height=\"150\" src=\"https:\/\/www.drivelife.it\/news\/wp-content\/uploads\/2016\/05\/111918_broadcast29-150x150.jpg\" class=\"attachment-thumbnail size-thumbnail no-lazy\" alt=\"\" aria-describedby=\"gallery-1-10406\" srcset=\"https:\/\/www.drivelife.it\/news\/wp-content\/uploads\/2016\/05\/111918_broadcast29-150x150.jpg 150w, https:\/\/www.drivelife.it\/news\/wp-content\/uploads\/2016\/05\/111918_broadcast29-160x160.jpg 160w, https:\/\/www.drivelife.it\/news\/wp-content\/uploads\/2016\/05\/111918_broadcast29-320x320.jpg 320w\" sizes=\"auto, (max-width: 150px) 100vw, 150px\" \/><\/a>\n\t\t\t<\/dt>\n\t\t\t\t<dd class='wp-caption-text gallery-caption' id='gallery-1-10406'>\n\t\t\t\tMercedes AMG SL 63, Diamantwei\u00df\n\t\t\t\t<\/dd><\/dl><dl class='gallery-item'>\n\t\t\t<dt class='gallery-icon landscape'>\n\t\t\t\t<a href='https:\/\/www.drivelife.it\/news\/2016\/05\/17\/mercedes-sl\/mercedes-amg-sl-r-231-2015-6\/'><img loading=\"lazy\" decoding=\"async\" width=\"150\" height=\"150\" src=\"https:\/\/www.drivelife.it\/news\/wp-content\/uploads\/2016\/05\/111918_broadcast25-150x150.jpg\" class=\"attachment-thumbnail size-thumbnail no-lazy\" alt=\"\" aria-describedby=\"gallery-1-10402\" srcset=\"https:\/\/www.drivelife.it\/news\/wp-content\/uploads\/2016\/05\/111918_broadcast25-150x150.jpg 150w, https:\/\/www.drivelife.it\/news\/wp-content\/uploads\/2016\/05\/111918_broadcast25-160x160.jpg 160w, https:\/\/www.drivelife.it\/news\/wp-content\/uploads\/2016\/05\/111918_broadcast25-320x320.jpg 320w\" sizes=\"auto, (max-width: 150px) 100vw, 150px\" \/><\/a>\n\t\t\t<\/dt>\n\t\t\t\t<dd class='wp-caption-text gallery-caption' id='gallery-1-10402'>\n\t\t\t\tMercedes AMG SL 63, Diamantwei\u00df\n\t\t\t\t<\/dd><\/dl><dl class='gallery-item'>\n\t\t\t<dt class='gallery-icon landscape'>\n\t\t\t\t<a href='https:\/\/www.drivelife.it\/news\/2016\/05\/17\/mercedes-sl\/mercedes-benz-sl-r-231-2015-7\/'><img loading=\"lazy\" decoding=\"async\" width=\"150\" height=\"150\" src=\"https:\/\/www.drivelife.it\/news\/wp-content\/uploads\/2016\/05\/111918_broadcast42-150x150.jpg\" class=\"attachment-thumbnail size-thumbnail no-lazy\" alt=\"\" aria-describedby=\"gallery-1-10419\" srcset=\"https:\/\/www.drivelife.it\/news\/wp-content\/uploads\/2016\/05\/111918_broadcast42-150x150.jpg 150w, https:\/\/www.drivelife.it\/news\/wp-content\/uploads\/2016\/05\/111918_broadcast42-160x160.jpg 160w, https:\/\/www.drivelife.it\/news\/wp-content\/uploads\/2016\/05\/111918_broadcast42-320x320.jpg 320w\" sizes=\"auto, (max-width: 150px) 100vw, 150px\" \/><\/a>\n\t\t\t<\/dt>\n\t\t\t\t<dd class='wp-caption-text gallery-caption' id='gallery-1-10419'>\n\t\t\t\tMercedes-Benz SL 500. Brillantblau mit AMG Line\n\t\t\t\t<\/dd><\/dl><dl class='gallery-item'>\n\t\t\t<dt class='gallery-icon landscape'>\n\t\t\t\t<a href='https:\/\/www.drivelife.it\/news\/2016\/05\/17\/mercedes-sl\/mercedes-amg-sl-r-231-2015-7\/'><img loading=\"lazy\" decoding=\"async\" width=\"150\" height=\"150\" src=\"https:\/\/www.drivelife.it\/news\/wp-content\/uploads\/2016\/05\/111918_broadcast27-150x150.jpg\" class=\"attachment-thumbnail size-thumbnail no-lazy\" alt=\"\" aria-describedby=\"gallery-1-10404\" srcset=\"https:\/\/www.drivelife.it\/news\/wp-content\/uploads\/2016\/05\/111918_broadcast27-150x150.jpg 150w, https:\/\/www.drivelife.it\/news\/wp-content\/uploads\/2016\/05\/111918_broadcast27-160x160.jpg 160w, https:\/\/www.drivelife.it\/news\/wp-content\/uploads\/2016\/05\/111918_broadcast27-320x320.jpg 320w\" sizes=\"auto, (max-width: 150px) 100vw, 150px\" \/><\/a>\n\t\t\t<\/dt>\n\t\t\t\t<dd class='wp-caption-text gallery-caption' id='gallery-1-10404'>\n\t\t\t\tMercedes AMG SL 63, Diamantwei\u00df\n\t\t\t\t<\/dd><\/dl><dl class='gallery-item'>\n\t\t\t<dt class='gallery-icon landscape'>\n\t\t\t\t<a href='https:\/\/www.drivelife.it\/news\/2016\/05\/17\/mercedes-sl\/mercedes-amg-sl-r-231-2015-2\/'><img loading=\"lazy\" decoding=\"async\" width=\"150\" height=\"150\" src=\"https:\/\/www.drivelife.it\/news\/wp-content\/uploads\/2016\/05\/111918_broadcast21-150x150.jpg\" class=\"attachment-thumbnail size-thumbnail no-lazy\" alt=\"\" aria-describedby=\"gallery-1-10398\" srcset=\"https:\/\/www.drivelife.it\/news\/wp-content\/uploads\/2016\/05\/111918_broadcast21-150x150.jpg 150w, https:\/\/www.drivelife.it\/news\/wp-content\/uploads\/2016\/05\/111918_broadcast21-160x160.jpg 160w, https:\/\/www.drivelife.it\/news\/wp-content\/uploads\/2016\/05\/111918_broadcast21-320x320.jpg 320w\" sizes=\"auto, (max-width: 150px) 100vw, 150px\" \/><\/a>\n\t\t\t<\/dt>\n\t\t\t\t<dd class='wp-caption-text gallery-caption' id='gallery-1-10398'>\n\t\t\t\tMercedes AMG SL 63, Diamantwei\u00df\n\t\t\t\t<\/dd><\/dl><dl class='gallery-item'>\n\t\t\t<dt class='gallery-icon landscape'>\n\t\t\t\t<a href='https:\/\/www.drivelife.it\/news\/2016\/05\/17\/mercedes-sl\/mercedes-amg-sl-r-231-2015-12\/'><img loading=\"lazy\" decoding=\"async\" width=\"150\" height=\"150\" src=\"https:\/\/www.drivelife.it\/news\/wp-content\/uploads\/2016\/05\/111918_broadcast33-150x150.jpg\" class=\"attachment-thumbnail size-thumbnail no-lazy\" alt=\"\" aria-describedby=\"gallery-1-10410\" srcset=\"https:\/\/www.drivelife.it\/news\/wp-content\/uploads\/2016\/05\/111918_broadcast33-150x150.jpg 150w, https:\/\/www.drivelife.it\/news\/wp-content\/uploads\/2016\/05\/111918_broadcast33-160x160.jpg 160w, https:\/\/www.drivelife.it\/news\/wp-content\/uploads\/2016\/05\/111918_broadcast33-320x320.jpg 320w\" sizes=\"auto, (max-width: 150px) 100vw, 150px\" \/><\/a>\n\t\t\t<\/dt>\n\t\t\t\t<dd class='wp-caption-text gallery-caption' id='gallery-1-10410'>\n\t\t\t\tMercedes-AMG SL 65, Brilliantblau\n\t\t\t\t<\/dd><\/dl><dl class='gallery-item'>\n\t\t\t<dt class='gallery-icon landscape'>\n\t\t\t\t<a href='https:\/\/www.drivelife.it\/news\/2016\/05\/17\/mercedes-sl\/mercedes-amg-sl-r-231-2015-4\/'><img loading=\"lazy\" decoding=\"async\" width=\"150\" height=\"150\" src=\"https:\/\/www.drivelife.it\/news\/wp-content\/uploads\/2016\/05\/111918_broadcast23-150x150.jpg\" class=\"attachment-thumbnail size-thumbnail no-lazy\" alt=\"\" aria-describedby=\"gallery-1-10400\" srcset=\"https:\/\/www.drivelife.it\/news\/wp-content\/uploads\/2016\/05\/111918_broadcast23-150x150.jpg 150w, https:\/\/www.drivelife.it\/news\/wp-content\/uploads\/2016\/05\/111918_broadcast23-160x160.jpg 160w, https:\/\/www.drivelife.it\/news\/wp-content\/uploads\/2016\/05\/111918_broadcast23-320x320.jpg 320w\" sizes=\"auto, (max-width: 150px) 100vw, 150px\" \/><\/a>\n\t\t\t<\/dt>\n\t\t\t\t<dd class='wp-caption-text gallery-caption' id='gallery-1-10400'>\n\t\t\t\tMercedes-AMG SL 63, Polsterung: Leder schwarz, Zierteile: AMG Carbon\n\t\t\t\t<\/dd><\/dl><br style=\"clear: both\" \/><dl class='gallery-item'>\n\t\t\t<dt class='gallery-icon landscape'>\n\t\t\t\t<a href='https:\/\/www.drivelife.it\/news\/2016\/05\/17\/mercedes-sl\/mercedes-benz-sl-r-231-2015-4\/'><img loading=\"lazy\" decoding=\"async\" width=\"150\" height=\"150\" src=\"https:\/\/www.drivelife.it\/news\/wp-content\/uploads\/2016\/05\/111918_broadcast38-150x150.jpg\" class=\"attachment-thumbnail size-thumbnail no-lazy\" alt=\"\" aria-describedby=\"gallery-1-10415\" srcset=\"https:\/\/www.drivelife.it\/news\/wp-content\/uploads\/2016\/05\/111918_broadcast38-150x150.jpg 150w, https:\/\/www.drivelife.it\/news\/wp-content\/uploads\/2016\/05\/111918_broadcast38-160x160.jpg 160w, https:\/\/www.drivelife.it\/news\/wp-content\/uploads\/2016\/05\/111918_broadcast38-320x320.jpg 320w\" sizes=\"auto, (max-width: 150px) 100vw, 150px\" \/><\/a>\n\t\t\t<\/dt>\n\t\t\t\t<dd class='wp-caption-text gallery-caption' id='gallery-1-10415'>\n\t\t\t\tMercedes-Benz SL 500. Brillantblau mit AMG Line\n\t\t\t\t<\/dd><\/dl><dl class='gallery-item'>\n\t\t\t<dt class='gallery-icon landscape'>\n\t\t\t\t<a href='https:\/\/www.drivelife.it\/news\/2016\/05\/17\/mercedes-sl\/mercedes-amg-sl-r-231-2015-15\/'><img loading=\"lazy\" decoding=\"async\" width=\"150\" height=\"150\" src=\"https:\/\/www.drivelife.it\/news\/wp-content\/uploads\/2016\/05\/111918_broadcast39-150x150.jpg\" class=\"attachment-thumbnail size-thumbnail no-lazy\" alt=\"\" aria-describedby=\"gallery-1-10416\" srcset=\"https:\/\/www.drivelife.it\/news\/wp-content\/uploads\/2016\/05\/111918_broadcast39-150x150.jpg 150w, https:\/\/www.drivelife.it\/news\/wp-content\/uploads\/2016\/05\/111918_broadcast39-160x160.jpg 160w, https:\/\/www.drivelife.it\/news\/wp-content\/uploads\/2016\/05\/111918_broadcast39-320x320.jpg 320w\" sizes=\"auto, (max-width: 150px) 100vw, 150px\" \/><\/a>\n\t\t\t<\/dt>\n\t\t\t\t<dd class='wp-caption-text gallery-caption' id='gallery-1-10416'>\n\t\t\t\tMercedes-AMG SL 65, Brilliantblau\n\t\t\t\t<\/dd><\/dl><dl class='gallery-item'>\n\t\t\t<dt class='gallery-icon landscape'>\n\t\t\t\t<a href='https:\/\/www.drivelife.it\/news\/2016\/05\/17\/mercedes-sl\/mercedes-amg-sl-r-231-2015-8\/'><img loading=\"lazy\" decoding=\"async\" width=\"150\" height=\"150\" src=\"https:\/\/www.drivelife.it\/news\/wp-content\/uploads\/2016\/05\/111918_broadcast28-150x150.jpg\" class=\"attachment-thumbnail size-thumbnail no-lazy\" alt=\"\" aria-describedby=\"gallery-1-10405\" srcset=\"https:\/\/www.drivelife.it\/news\/wp-content\/uploads\/2016\/05\/111918_broadcast28-150x150.jpg 150w, https:\/\/www.drivelife.it\/news\/wp-content\/uploads\/2016\/05\/111918_broadcast28-160x160.jpg 160w, https:\/\/www.drivelife.it\/news\/wp-content\/uploads\/2016\/05\/111918_broadcast28-320x320.jpg 320w\" sizes=\"auto, (max-width: 150px) 100vw, 150px\" \/><\/a>\n\t\t\t<\/dt>\n\t\t\t\t<dd class='wp-caption-text gallery-caption' id='gallery-1-10405'>\n\t\t\t\tMercedes AMG SL 63, Diamantwei\u00df\n\t\t\t\t<\/dd><\/dl><dl class='gallery-item'>\n\t\t\t<dt class='gallery-icon landscape'>\n\t\t\t\t<a href='https:\/\/www.drivelife.it\/news\/2016\/05\/17\/mercedes-sl\/mercedes-benz-sl-r-231-2015\/'><img loading=\"lazy\" decoding=\"async\" width=\"150\" height=\"150\" src=\"https:\/\/www.drivelife.it\/news\/wp-content\/uploads\/2016\/05\/111918_broadcast31-150x150.jpg\" class=\"attachment-thumbnail size-thumbnail no-lazy\" alt=\"\" aria-describedby=\"gallery-1-10408\" srcset=\"https:\/\/www.drivelife.it\/news\/wp-content\/uploads\/2016\/05\/111918_broadcast31-150x150.jpg 150w, https:\/\/www.drivelife.it\/news\/wp-content\/uploads\/2016\/05\/111918_broadcast31-160x160.jpg 160w, https:\/\/www.drivelife.it\/news\/wp-content\/uploads\/2016\/05\/111918_broadcast31-320x320.jpg 320w\" sizes=\"auto, (max-width: 150px) 100vw, 150px\" \/><\/a>\n\t\t\t<\/dt>\n\t\t\t\t<dd class='wp-caption-text gallery-caption' id='gallery-1-10408'>\n\t\t\t\tMercedes-Benz SL 500. Brillantblau mit AMG Line\n\t\t\t\t<\/dd><\/dl><dl class='gallery-item'>\n\t\t\t<dt class='gallery-icon landscape'>\n\t\t\t\t<a href='https:\/\/www.drivelife.it\/news\/2016\/05\/17\/mercedes-sl\/mercedes-amg-sl-r-231-2015-5\/'><img loading=\"lazy\" decoding=\"async\" width=\"150\" height=\"150\" src=\"https:\/\/www.drivelife.it\/news\/wp-content\/uploads\/2016\/05\/111918_broadcast24-150x150.jpg\" class=\"attachment-thumbnail size-thumbnail no-lazy\" alt=\"\" aria-describedby=\"gallery-1-10401\" srcset=\"https:\/\/www.drivelife.it\/news\/wp-content\/uploads\/2016\/05\/111918_broadcast24-150x150.jpg 150w, https:\/\/www.drivelife.it\/news\/wp-content\/uploads\/2016\/05\/111918_broadcast24-160x160.jpg 160w, https:\/\/www.drivelife.it\/news\/wp-content\/uploads\/2016\/05\/111918_broadcast24-320x320.jpg 320w\" sizes=\"auto, (max-width: 150px) 100vw, 150px\" \/><\/a>\n\t\t\t<\/dt>\n\t\t\t\t<dd class='wp-caption-text gallery-caption' id='gallery-1-10401'>\n\t\t\t\tMercedes-AMG SL 63, Polsterung: Leder schwarz, Zierteile: AMG Carbon\n\t\t\t\t<\/dd><\/dl><dl class='gallery-item'>\n\t\t\t<dt class='gallery-icon landscape'>\n\t\t\t\t<a href='https:\/\/www.drivelife.it\/news\/2016\/05\/17\/mercedes-sl\/mercedes-amg-sl-63-polsterung-leder-schwarz-zierteile-amg-carbon\/'><img loading=\"lazy\" decoding=\"async\" width=\"150\" height=\"150\" src=\"https:\/\/www.drivelife.it\/news\/wp-content\/uploads\/2016\/05\/111918_broadcast26-150x150.jpg\" class=\"attachment-thumbnail size-thumbnail no-lazy\" alt=\"\" aria-describedby=\"gallery-1-10403\" srcset=\"https:\/\/www.drivelife.it\/news\/wp-content\/uploads\/2016\/05\/111918_broadcast26-150x150.jpg 150w, https:\/\/www.drivelife.it\/news\/wp-content\/uploads\/2016\/05\/111918_broadcast26-160x160.jpg 160w, https:\/\/www.drivelife.it\/news\/wp-content\/uploads\/2016\/05\/111918_broadcast26-320x320.jpg 320w\" sizes=\"auto, (max-width: 150px) 100vw, 150px\" \/><\/a>\n\t\t\t<\/dt>\n\t\t\t\t<dd class='wp-caption-text gallery-caption' id='gallery-1-10403'>\n\t\t\t\tMercedes-AMG SL 63, Polsterung: Leder schwarz, Zierteile: AMG Carbon\n\t\t\t\t<\/dd><\/dl><dl class='gallery-item'>\n\t\t\t<dt class='gallery-icon landscape'>\n\t\t\t\t<a href='https:\/\/www.drivelife.it\/news\/2016\/05\/17\/mercedes-sl\/mercedes-amg-sl-r-231-2015-10\/'><img loading=\"lazy\" decoding=\"async\" width=\"150\" height=\"150\" src=\"https:\/\/www.drivelife.it\/news\/wp-content\/uploads\/2016\/05\/111918_broadcast30-150x150.jpg\" class=\"attachment-thumbnail size-thumbnail no-lazy\" alt=\"\" aria-describedby=\"gallery-1-10407\" srcset=\"https:\/\/www.drivelife.it\/news\/wp-content\/uploads\/2016\/05\/111918_broadcast30-150x150.jpg 150w, https:\/\/www.drivelife.it\/news\/wp-content\/uploads\/2016\/05\/111918_broadcast30-160x160.jpg 160w, https:\/\/www.drivelife.it\/news\/wp-content\/uploads\/2016\/05\/111918_broadcast30-320x320.jpg 320w\" sizes=\"auto, (max-width: 150px) 100vw, 150px\" \/><\/a>\n\t\t\t<\/dt>\n\t\t\t\t<dd class='wp-caption-text gallery-caption' id='gallery-1-10407'>\n\t\t\t\tMercedes-AMG SL 63, Polsterung: Leder schwarz, Zierteile: AMG Carbon\n\t\t\t\t<\/dd><\/dl><dl class='gallery-item'>\n\t\t\t<dt class='gallery-icon landscape'>\n\t\t\t\t<a href='https:\/\/www.drivelife.it\/news\/2016\/05\/17\/mercedes-sl\/mercedes-amg-sl-r-231-2015-13\/'><img loading=\"lazy\" decoding=\"async\" width=\"150\" height=\"150\" src=\"https:\/\/www.drivelife.it\/news\/wp-content\/uploads\/2016\/05\/111918_broadcast35-150x150.jpg\" class=\"attachment-thumbnail size-thumbnail no-lazy\" alt=\"\" aria-describedby=\"gallery-1-10412\" srcset=\"https:\/\/www.drivelife.it\/news\/wp-content\/uploads\/2016\/05\/111918_broadcast35-150x150.jpg 150w, https:\/\/www.drivelife.it\/news\/wp-content\/uploads\/2016\/05\/111918_broadcast35-160x160.jpg 160w, https:\/\/www.drivelife.it\/news\/wp-content\/uploads\/2016\/05\/111918_broadcast35-320x320.jpg 320w\" sizes=\"auto, (max-width: 150px) 100vw, 150px\" \/><\/a>\n\t\t\t<\/dt>\n\t\t\t\t<dd class='wp-caption-text gallery-caption' id='gallery-1-10412'>\n\t\t\t\tMercedes-AMG SL 65, Polsterung: Nappaleder Porzellan, Zierteile AMG Carbon\n\t\t\t\t<\/dd><\/dl><dl class='gallery-item'>\n\t\t\t<dt class='gallery-icon landscape'>\n\t\t\t\t<a href='https:\/\/www.drivelife.it\/news\/2016\/05\/17\/mercedes-sl\/mercedes-benz-sl-r-231-2015-6\/'><img loading=\"lazy\" decoding=\"async\" width=\"150\" height=\"150\" src=\"https:\/\/www.drivelife.it\/news\/wp-content\/uploads\/2016\/05\/111918_broadcast41-150x150.jpg\" class=\"attachment-thumbnail size-thumbnail no-lazy\" alt=\"\" aria-describedby=\"gallery-1-10418\" srcset=\"https:\/\/www.drivelife.it\/news\/wp-content\/uploads\/2016\/05\/111918_broadcast41-150x150.jpg 150w, https:\/\/www.drivelife.it\/news\/wp-content\/uploads\/2016\/05\/111918_broadcast41-160x160.jpg 160w, https:\/\/www.drivelife.it\/news\/wp-content\/uploads\/2016\/05\/111918_broadcast41-320x320.jpg 320w\" sizes=\"auto, (max-width: 150px) 100vw, 150px\" \/><\/a>\n\t\t\t<\/dt>\n\t\t\t\t<dd class='wp-caption-text gallery-caption' id='gallery-1-10418'>\n\t\t\t\tMercedes-Benz SL 500. Brillantblau mit AMG Line\n\t\t\t\t<\/dd><\/dl><br style=\"clear: both\" \/><dl class='gallery-item'>\n\t\t\t<dt class='gallery-icon landscape'>\n\t\t\t\t<a href='https:\/\/www.drivelife.it\/news\/2016\/05\/17\/mercedes-sl\/mercedes-amg-sl-r-231-2015-14\/'><img loading=\"lazy\" decoding=\"async\" width=\"150\" height=\"150\" src=\"https:\/\/www.drivelife.it\/news\/wp-content\/uploads\/2016\/05\/111918_broadcast37-150x150.jpg\" class=\"attachment-thumbnail size-thumbnail no-lazy\" alt=\"\" aria-describedby=\"gallery-1-10414\" srcset=\"https:\/\/www.drivelife.it\/news\/wp-content\/uploads\/2016\/05\/111918_broadcast37-150x150.jpg 150w, https:\/\/www.drivelife.it\/news\/wp-content\/uploads\/2016\/05\/111918_broadcast37-160x160.jpg 160w, https:\/\/www.drivelife.it\/news\/wp-content\/uploads\/2016\/05\/111918_broadcast37-320x320.jpg 320w\" sizes=\"auto, (max-width: 150px) 100vw, 150px\" \/><\/a>\n\t\t\t<\/dt>\n\t\t\t\t<dd class='wp-caption-text gallery-caption' id='gallery-1-10414'>\n\t\t\t\tMercedes-AMG SL 65, Brilliantblau\n\t\t\t\t<\/dd><\/dl><dl class='gallery-item'>\n\t\t\t<dt class='gallery-icon landscape'>\n\t\t\t\t<a href='https:\/\/www.drivelife.it\/news\/2016\/05\/17\/mercedes-sl\/mercedes-benz-sl-r-231-2015-3\/'><img loading=\"lazy\" decoding=\"async\" width=\"150\" height=\"150\" src=\"https:\/\/www.drivelife.it\/news\/wp-content\/uploads\/2016\/05\/111918_broadcast36-150x150.jpg\" class=\"attachment-thumbnail size-thumbnail no-lazy\" alt=\"\" aria-describedby=\"gallery-1-10413\" srcset=\"https:\/\/www.drivelife.it\/news\/wp-content\/uploads\/2016\/05\/111918_broadcast36-150x150.jpg 150w, https:\/\/www.drivelife.it\/news\/wp-content\/uploads\/2016\/05\/111918_broadcast36-160x160.jpg 160w, https:\/\/www.drivelife.it\/news\/wp-content\/uploads\/2016\/05\/111918_broadcast36-320x320.jpg 320w\" sizes=\"auto, (max-width: 150px) 100vw, 150px\" \/><\/a>\n\t\t\t<\/dt>\n\t\t\t\t<dd class='wp-caption-text gallery-caption' id='gallery-1-10413'>\n\t\t\t\tMercedes-Benz SL. Interieur, Nappaleder porzellan \/ schwarz\n\t\t\t\t<\/dd><\/dl><dl class='gallery-item'>\n\t\t\t<dt class='gallery-icon landscape'>\n\t\t\t\t<a href='https:\/\/www.drivelife.it\/news\/2016\/05\/17\/mercedes-sl\/mercedes-benz-sl-r-231-2015-5\/'><img loading=\"lazy\" decoding=\"async\" width=\"150\" height=\"150\" src=\"https:\/\/www.drivelife.it\/news\/wp-content\/uploads\/2016\/05\/111918_broadcast40-150x150.jpg\" class=\"attachment-thumbnail size-thumbnail no-lazy\" alt=\"\" aria-describedby=\"gallery-1-10417\" srcset=\"https:\/\/www.drivelife.it\/news\/wp-content\/uploads\/2016\/05\/111918_broadcast40-150x150.jpg 150w, https:\/\/www.drivelife.it\/news\/wp-content\/uploads\/2016\/05\/111918_broadcast40-160x160.jpg 160w, https:\/\/www.drivelife.it\/news\/wp-content\/uploads\/2016\/05\/111918_broadcast40-320x320.jpg 320w\" sizes=\"auto, (max-width: 150px) 100vw, 150px\" \/><\/a>\n\t\t\t<\/dt>\n\t\t\t\t<dd class='wp-caption-text gallery-caption' id='gallery-1-10417'>\n\t\t\t\tMercedes-Benz SL 500. Brillantblau mit AMG Line\n\t\t\t\t<\/dd><\/dl><dl class='gallery-item'>\n\t\t\t<dt class='gallery-icon landscape'>\n\t\t\t\t<a href='https:\/\/www.drivelife.it\/news\/2016\/05\/17\/mercedes-sl\/mercedes-benz-sl-r-231-2015-8\/'><img loading=\"lazy\" decoding=\"async\" width=\"150\" height=\"150\" src=\"https:\/\/www.drivelife.it\/news\/wp-content\/uploads\/2016\/05\/111918_broadcast43-150x150.jpg\" class=\"attachment-thumbnail size-thumbnail no-lazy\" alt=\"\" aria-describedby=\"gallery-1-10420\" srcset=\"https:\/\/www.drivelife.it\/news\/wp-content\/uploads\/2016\/05\/111918_broadcast43-150x150.jpg 150w, https:\/\/www.drivelife.it\/news\/wp-content\/uploads\/2016\/05\/111918_broadcast43-160x160.jpg 160w, https:\/\/www.drivelife.it\/news\/wp-content\/uploads\/2016\/05\/111918_broadcast43-320x320.jpg 320w\" sizes=\"auto, (max-width: 150px) 100vw, 150px\" \/><\/a>\n\t\t\t<\/dt>\n\t\t\t\t<dd class='wp-caption-text gallery-caption' id='gallery-1-10420'>\n\t\t\t\tMercedes-Benz SL 500. Brillantblau mit AMG Line\n\t\t\t\t<\/dd><\/dl><dl class='gallery-item'>\n\t\t\t<dt class='gallery-icon landscape'>\n\t\t\t\t<a href='https:\/\/www.drivelife.it\/news\/2016\/05\/17\/mercedes-sl\/mercedes-amg-sl-r-231-2015-3\/'><img loading=\"lazy\" decoding=\"async\" width=\"150\" height=\"150\" src=\"https:\/\/www.drivelife.it\/news\/wp-content\/uploads\/2016\/05\/111918_broadcast22-150x150.jpg\" class=\"attachment-thumbnail size-thumbnail no-lazy\" alt=\"\" aria-describedby=\"gallery-1-10399\" srcset=\"https:\/\/www.drivelife.it\/news\/wp-content\/uploads\/2016\/05\/111918_broadcast22-150x150.jpg 150w, https:\/\/www.drivelife.it\/news\/wp-content\/uploads\/2016\/05\/111918_broadcast22-160x160.jpg 160w, https:\/\/www.drivelife.it\/news\/wp-content\/uploads\/2016\/05\/111918_broadcast22-320x320.jpg 320w\" sizes=\"auto, (max-width: 150px) 100vw, 150px\" \/><\/a>\n\t\t\t<\/dt>\n\t\t\t\t<dd class='wp-caption-text gallery-caption' id='gallery-1-10399'>\n\t\t\t\tMercedes-AMG SL 63, AMG Drive Unit\n\t\t\t\t<\/dd><\/dl>\n\t\t\t<br style='clear: both' \/>\n\t\t<\/div>\n<br \/>\n&nbsp;<br \/>\n&nbsp;<\/p>\n<h1>RUBRICA TV AUTOMOTIVE DI 12\u201900\u201d &#8211;  FORD F150 RAPTOR, 00\u201945\u201d &#8211; JEEP, HARLEY-DAVIDSON, EUROFESTIVAL, 02\u201933\u201d &#8211; MERCEDES GAMMA CABRIO, 02\u201903\u201d &#8211; AUDI A3, 01\u201909\u201d &#8211; PEUGEOT 208 GTI FILM ROMA, 04\u201906\u201d<br \/>\n<\/h1>\n<p>&nbsp;<br \/>\n&nbsp;<\/p>\n<h2>START @ &#8211;  FORD F150 RAPTOR, 00\u201940\u201d &#8211; JEEP, HARLEY-DAVIDSON, EUROFESTIVAL, 01\u201929\u201d &#8211; MERCEDES GAMMA CABRIO, 04\u201907\u201d &#8211; AUDI A3, 06\u201914\u201d &#8211; PEUGEOT 208 GTI FILM ROMA, 07\u201927\u201d<br \/>\n<\/h2>\n<p>&nbsp;<br \/>\n&nbsp;<br \/>\n<a href=\"http:\/\/vimeo.com\/drivelife\"><img decoding=\"async\" src=\"http:\/\/a.vimeocdn.com\/images_v6\/blogbadge_channels.png\" alt=\"Vimeo\" \/><\/a><\/p>\n<blockquote>\n<h1><strong>In TV con drivelife del 21 MAGGIO <\/strong><\/h1>\n<\/blockquote>\n<p><a href=\"https:\/\/flipboard.com\/@mrlukkor\/drivelife-q5flocp8y\" data-flip-widget=\"mag\">View my Flipboard Magazine.<\/a><\/p>\n<h2>Guarda di pi\u00f9 con\u00a0drivelife<\/h2>\n<p style=\"color: #021eaa;\"><a href=\"http:\/\/car.18x24.it\">http:\/\/car.18&#215;24.it<\/a><\/p>\n<p style=\"color: #021eaa;\"><a href=\"http:\/\/www.drivelife.it\">http:\/\/www.drivelife.it<\/a><\/p>\n<p style=\"color: #021eaa;\"><a href=\"http:\/\/www.drivelife.it\/clip\/\">http:\/\/www.drivelife.it\/clip\/<\/a><\/p>\n<p style=\"color: #021eaa;\"><a href=\"http:\/\/www.drivelife.it\/dlnew\/\">http:\/\/www.drivelife.it\/dlnew\/<\/a><\/p>\n<p style=\"color: #021eaa;\"><a href=\"http:\/\/www.drivelife.it\/moto\/\">http:\/\/www.drivelife.it\/moto\/<\/a><\/p>\n<p style=\"color: #021eaa;\"><a href=\"http:\/\/www.drivelife.it\/car\/\">http:\/\/www.drivelife.it\/car\/<\/a><\/p>\n<p style=\"color: #021eaa;\"><a href=\"http:\/\/www.drivelife.it\/drivelifeintv\/\">http:\/\/www.drivelife.it\/drivelifeintv\/<\/a><\/p>\n<p style=\"color: #021eaa;\"><a href=\"http:\/\/www.drivelife.it\/pics\/\">http:\/\/www.drivelife.it\/pics\/<\/a><\/p>\n<p style=\"color: #021eaa;\"><a href=\"http:\/\/www.drivelife.it\/dresscode\/\">http:\/\/www.drivelife.it\/dresscode\/<\/a><\/p>\n<p style=\"color: #021eaa;\"><a href=\"https:\/\/twitter.com\/tweetdrivelife\">https:\/\/twitter.com\/tweetdrivelife<\/a><\/p>\n<p style=\"color: #021eaa;\"><a href=\"https:\/\/flipboard.com\/@mrlukkor\/drivelife-q5flocp8y\">https:\/\/flipboard.com\/@mrlukkor\/drivelife-q5flocp8y<\/a><\/p>\n","protected":false},"excerpt":{"rendered":"<p>\u00c8 UNA VETTURA LEGGENDARIA, UN&#8217;ICONA. \u00c8 STATA, SEMPRE, INSIEME ALLA CLASSE S, LA PIU&#8217; ALTA ESPRESSIONE DELLA CAPACIT\u00c0 INDUSTRIALE DI MERCEDES, NEL SENSO PI\u00d9 AMPIO POSSIBILE DEL TERMINE E DEL CONCETTO, ED HA RAPPRESENTATO L&#8217;ELEGANZA E LA CLASSE CHE SOLO MERCEDES SA INFONDERE NEI SUOI MODELLI PI\u00d9 COSTOSI. QUEI MODELLI CHE OGGI, USANDO UN ODIOSO INGLESISMO, TUTTI AMANO DEFINIRE PREMIUM E CHE TUTTI CERCANO DI IMITARE. SENZA RIUSCIRCI. PERCH\u00c8 MERCEDES \u00c8 IL SIMBOLO DEL LUSSO DA MOLTO TEMPO PRIMA DI &#8220;LORO&#8221;<\/p>\n","protected":false},"author":1,"featured_media":10397,"comment_status":"open","ping_status":"open","sticky":false,"template":"","format":"video","meta":{"ngg_post_thumbnail":0,"footnotes":""},"categories":[39,75,55,71,759,53],"tags":[91,873,870,871,215,538,872,96],"class_list":["post-10396","post","type-post","status-publish","format-video","has-post-thumbnail","hentry","category-automotive","category-mercedes","category-news","category-puntata-drivelife","category-puntate-drivelife-tv-2016","category-video","tag-audi-a3","tag-film-roma","tag-ford-f150-raptor","tag-harley-davidson","tag-jeep-2","tag-lucaromanopix","tag-mercedes-sl","tag-peugeot-208-gti","post_format-post-format-video"],"yoast_head":"<!-- This site is optimized with the Yoast SEO plugin v27.5 - https:\/\/yoast.com\/product\/yoast-seo-wordpress\/ -->\n<title>MERCEDES SL - #lucalife<\/title>\n<meta name=\"robots\" content=\"index, follow, max-snippet:-1, max-image-preview:large, max-video-preview:-1\" \/>\n<link rel=\"canonical\" href=\"https:\/\/www.drivelife.it\/news\/2016\/05\/17\/mercedes-sl\/\" \/>\n<meta property=\"og:locale\" content=\"en_US\" \/>\n<meta property=\"og:type\" content=\"article\" \/>\n<meta property=\"og:title\" content=\"MERCEDES SL - #lucalife\" \/>\n<meta property=\"og:description\" content=\"\u00c8 UNA VETTURA LEGGENDARIA, UN&#039;ICONA. \u00c8 STATA, SEMPRE, INSIEME ALLA CLASSE S, LA PIU&#039; ALTA ESPRESSIONE DELLA CAPACIT\u00c0 INDUSTRIALE DI MERCEDES, NEL SENSO PI\u00d9 AMPIO POSSIBILE DEL TERMINE E DEL CONCETTO, ED HA RAPPRESENTATO L&#039;ELEGANZA E LA CLASSE CHE SOLO MERCEDES SA INFONDERE NEI SUOI MODELLI PI\u00d9 COSTOSI. QUEI MODELLI CHE OGGI, USANDO UN ODIOSO INGLESISMO, TUTTI AMANO DEFINIRE PREMIUM E CHE TUTTI CERCANO DI IMITARE. SENZA RIUSCIRCI. PERCH\u00c8 MERCEDES \u00c8 IL SIMBOLO DEL LUSSO DA MOLTO TEMPO PRIMA DI &quot;LORO&quot;\" \/>\n<meta property=\"og:url\" content=\"https:\/\/www.drivelife.it\/news\/2016\/05\/17\/mercedes-sl\/\" \/>\n<meta property=\"og:site_name\" content=\"#lucalife\" \/>\n<meta property=\"article:publisher\" content=\"https:\/\/www.facebook.com\/pages\/Drivelife\/467833073239720\" \/>\n<meta property=\"article:published_time\" content=\"2016-05-17T18:09:11+00:00\" \/>\n<meta property=\"og:image\" content=\"https:\/\/www.drivelife.it\/news\/wp-content\/uploads\/2016\/05\/111918_broadcast29-apre.jpg\" \/>\n\t<meta property=\"og:image:width\" content=\"1920\" \/>\n\t<meta property=\"og:image:height\" content=\"1057\" \/>\n\t<meta property=\"og:image:type\" content=\"image\/jpeg\" \/>\n<meta name=\"author\" content=\"Redazione\" \/>\n<meta name=\"twitter:card\" content=\"summary_large_image\" \/>\n<meta name=\"twitter:creator\" content=\"@tweetdrivelife\" \/>\n<meta name=\"twitter:site\" content=\"@tweetdrivelife\" \/>\n<meta name=\"twitter:label1\" content=\"Written by\" \/>\n\t<meta name=\"twitter:data1\" content=\"Redazione\" \/>\n\t<meta name=\"twitter:label2\" content=\"Est. reading time\" \/>\n\t<meta name=\"twitter:data2\" content=\"3 minutes\" \/>\n<script type=\"application\/ld+json\" class=\"yoast-schema-graph\">{\"@context\":\"https:\\\/\\\/schema.org\",\"@graph\":[{\"@type\":\"Article\",\"@id\":\"https:\\\/\\\/www.drivelife.it\\\/news\\\/2016\\\/05\\\/17\\\/mercedes-sl\\\/#article\",\"isPartOf\":{\"@id\":\"https:\\\/\\\/www.drivelife.it\\\/news\\\/2016\\\/05\\\/17\\\/mercedes-sl\\\/\"},\"author\":{\"name\":\"Redazione\",\"@id\":\"https:\\\/\\\/www.drivelife.it\\\/news\\\/#\\\/schema\\\/person\\\/b6c194c3423ff451be4914f5fd9c2188\"},\"headline\":\"MERCEDES SL\",\"datePublished\":\"2016-05-17T18:09:11+00:00\",\"mainEntityOfPage\":{\"@id\":\"https:\\\/\\\/www.drivelife.it\\\/news\\\/2016\\\/05\\\/17\\\/mercedes-sl\\\/\"},\"wordCount\":591,\"commentCount\":0,\"image\":{\"@id\":\"https:\\\/\\\/www.drivelife.it\\\/news\\\/2016\\\/05\\\/17\\\/mercedes-sl\\\/#primaryimage\"},\"thumbnailUrl\":\"https:\\\/\\\/www.drivelife.it\\\/news\\\/wp-content\\\/uploads\\\/2016\\\/05\\\/111918_broadcast29-apre.jpg\",\"keywords\":[\"AUDI A3\",\"film roma\",\"ford f150 raptor\",\"harley-davidson\",\"jeep\",\"lucaromanopix\",\"mercedes SL\",\"PEUGEOT 208 GTI\"],\"articleSection\":[\"AUTOMOTIVE\",\"MERCEDES\",\"NEWS\",\"PUNTATA DRIVELIFE\",\"PUNTATE DRIVELIFE TV 2016\",\"VIDEO\"],\"inLanguage\":\"en-US\",\"potentialAction\":[{\"@type\":\"CommentAction\",\"name\":\"Comment\",\"target\":[\"https:\\\/\\\/www.drivelife.it\\\/news\\\/2016\\\/05\\\/17\\\/mercedes-sl\\\/#respond\"]}]},{\"@type\":\"WebPage\",\"@id\":\"https:\\\/\\\/www.drivelife.it\\\/news\\\/2016\\\/05\\\/17\\\/mercedes-sl\\\/\",\"url\":\"https:\\\/\\\/www.drivelife.it\\\/news\\\/2016\\\/05\\\/17\\\/mercedes-sl\\\/\",\"name\":\"MERCEDES SL - #lucalife\",\"isPartOf\":{\"@id\":\"https:\\\/\\\/www.drivelife.it\\\/news\\\/#website\"},\"primaryImageOfPage\":{\"@id\":\"https:\\\/\\\/www.drivelife.it\\\/news\\\/2016\\\/05\\\/17\\\/mercedes-sl\\\/#primaryimage\"},\"image\":{\"@id\":\"https:\\\/\\\/www.drivelife.it\\\/news\\\/2016\\\/05\\\/17\\\/mercedes-sl\\\/#primaryimage\"},\"thumbnailUrl\":\"https:\\\/\\\/www.drivelife.it\\\/news\\\/wp-content\\\/uploads\\\/2016\\\/05\\\/111918_broadcast29-apre.jpg\",\"datePublished\":\"2016-05-17T18:09:11+00:00\",\"author\":{\"@id\":\"https:\\\/\\\/www.drivelife.it\\\/news\\\/#\\\/schema\\\/person\\\/b6c194c3423ff451be4914f5fd9c2188\"},\"breadcrumb\":{\"@id\":\"https:\\\/\\\/www.drivelife.it\\\/news\\\/2016\\\/05\\\/17\\\/mercedes-sl\\\/#breadcrumb\"},\"inLanguage\":\"en-US\",\"potentialAction\":[{\"@type\":\"ReadAction\",\"target\":[\"https:\\\/\\\/www.drivelife.it\\\/news\\\/2016\\\/05\\\/17\\\/mercedes-sl\\\/\"]}]},{\"@type\":\"ImageObject\",\"inLanguage\":\"en-US\",\"@id\":\"https:\\\/\\\/www.drivelife.it\\\/news\\\/2016\\\/05\\\/17\\\/mercedes-sl\\\/#primaryimage\",\"url\":\"https:\\\/\\\/www.drivelife.it\\\/news\\\/wp-content\\\/uploads\\\/2016\\\/05\\\/111918_broadcast29-apre.jpg\",\"contentUrl\":\"https:\\\/\\\/www.drivelife.it\\\/news\\\/wp-content\\\/uploads\\\/2016\\\/05\\\/111918_broadcast29-apre.jpg\",\"width\":1920,\"height\":1057,\"caption\":\"Mercedes AMG SL 63, Diamantwei\u00df\"},{\"@type\":\"BreadcrumbList\",\"@id\":\"https:\\\/\\\/www.drivelife.it\\\/news\\\/2016\\\/05\\\/17\\\/mercedes-sl\\\/#breadcrumb\",\"itemListElement\":[{\"@type\":\"ListItem\",\"position\":1,\"name\":\"Home\",\"item\":\"https:\\\/\\\/www.drivelife.it\\\/news\\\/\"},{\"@type\":\"ListItem\",\"position\":2,\"name\":\"MERCEDES SL\"}]},{\"@type\":\"WebSite\",\"@id\":\"https:\\\/\\\/www.drivelife.it\\\/news\\\/#website\",\"url\":\"https:\\\/\\\/www.drivelife.it\\\/news\\\/\",\"name\":\"#lucalife\",\"description\":\"DRIVELIFE le mie automobili\",\"potentialAction\":[{\"@type\":\"SearchAction\",\"target\":{\"@type\":\"EntryPoint\",\"urlTemplate\":\"https:\\\/\\\/www.drivelife.it\\\/news\\\/?s={search_term_string}\"},\"query-input\":{\"@type\":\"PropertyValueSpecification\",\"valueRequired\":true,\"valueName\":\"search_term_string\"}}],\"inLanguage\":\"en-US\"},{\"@type\":\"Person\",\"@id\":\"https:\\\/\\\/www.drivelife.it\\\/news\\\/#\\\/schema\\\/person\\\/b6c194c3423ff451be4914f5fd9c2188\",\"name\":\"Redazione\",\"image\":{\"@type\":\"ImageObject\",\"inLanguage\":\"en-US\",\"@id\":\"https:\\\/\\\/secure.gravatar.com\\\/avatar\\\/8d186f6b07ba8a94441344759f0e13bf1909b6ceaa171df0425551b4590fd558?s=96&d=mm&r=g\",\"url\":\"https:\\\/\\\/secure.gravatar.com\\\/avatar\\\/8d186f6b07ba8a94441344759f0e13bf1909b6ceaa171df0425551b4590fd558?s=96&d=mm&r=g\",\"contentUrl\":\"https:\\\/\\\/secure.gravatar.com\\\/avatar\\\/8d186f6b07ba8a94441344759f0e13bf1909b6ceaa171df0425551b4590fd558?s=96&d=mm&r=g\",\"caption\":\"Redazione\"},\"url\":\"https:\\\/\\\/www.drivelife.it\\\/news\\\/author\\\/admin\\\/\"}]}<\/script>\n<!-- \/ Yoast SEO plugin. -->","yoast_head_json":{"title":"MERCEDES SL - #lucalife","robots":{"index":"index","follow":"follow","max-snippet":"max-snippet:-1","max-image-preview":"max-image-preview:large","max-video-preview":"max-video-preview:-1"},"canonical":"https:\/\/www.drivelife.it\/news\/2016\/05\/17\/mercedes-sl\/","og_locale":"en_US","og_type":"article","og_title":"MERCEDES SL - #lucalife","og_description":"\u00c8 UNA VETTURA LEGGENDARIA, UN'ICONA. \u00c8 STATA, SEMPRE, INSIEME ALLA CLASSE S, LA PIU' ALTA ESPRESSIONE DELLA CAPACIT\u00c0 INDUSTRIALE DI MERCEDES, NEL SENSO PI\u00d9 AMPIO POSSIBILE DEL TERMINE E DEL CONCETTO, ED HA RAPPRESENTATO L'ELEGANZA E LA CLASSE CHE SOLO MERCEDES SA INFONDERE NEI SUOI MODELLI PI\u00d9 COSTOSI. QUEI MODELLI CHE OGGI, USANDO UN ODIOSO INGLESISMO, TUTTI AMANO DEFINIRE PREMIUM E CHE TUTTI CERCANO DI IMITARE. SENZA RIUSCIRCI. PERCH\u00c8 MERCEDES \u00c8 IL SIMBOLO DEL LUSSO DA MOLTO TEMPO PRIMA DI \"LORO\"","og_url":"https:\/\/www.drivelife.it\/news\/2016\/05\/17\/mercedes-sl\/","og_site_name":"#lucalife","article_publisher":"https:\/\/www.facebook.com\/pages\/Drivelife\/467833073239720","article_published_time":"2016-05-17T18:09:11+00:00","og_image":[{"width":1920,"height":1057,"url":"https:\/\/www.drivelife.it\/news\/wp-content\/uploads\/2016\/05\/111918_broadcast29-apre.jpg","type":"image\/jpeg"}],"author":"Redazione","twitter_card":"summary_large_image","twitter_creator":"@tweetdrivelife","twitter_site":"@tweetdrivelife","twitter_misc":{"Written by":"Redazione","Est. reading time":"3 minutes"},"schema":{"@context":"https:\/\/schema.org","@graph":[{"@type":"Article","@id":"https:\/\/www.drivelife.it\/news\/2016\/05\/17\/mercedes-sl\/#article","isPartOf":{"@id":"https:\/\/www.drivelife.it\/news\/2016\/05\/17\/mercedes-sl\/"},"author":{"name":"Redazione","@id":"https:\/\/www.drivelife.it\/news\/#\/schema\/person\/b6c194c3423ff451be4914f5fd9c2188"},"headline":"MERCEDES SL","datePublished":"2016-05-17T18:09:11+00:00","mainEntityOfPage":{"@id":"https:\/\/www.drivelife.it\/news\/2016\/05\/17\/mercedes-sl\/"},"wordCount":591,"commentCount":0,"image":{"@id":"https:\/\/www.drivelife.it\/news\/2016\/05\/17\/mercedes-sl\/#primaryimage"},"thumbnailUrl":"https:\/\/www.drivelife.it\/news\/wp-content\/uploads\/2016\/05\/111918_broadcast29-apre.jpg","keywords":["AUDI A3","film roma","ford f150 raptor","harley-davidson","jeep","lucaromanopix","mercedes SL","PEUGEOT 208 GTI"],"articleSection":["AUTOMOTIVE","MERCEDES","NEWS","PUNTATA DRIVELIFE","PUNTATE DRIVELIFE TV 2016","VIDEO"],"inLanguage":"en-US","potentialAction":[{"@type":"CommentAction","name":"Comment","target":["https:\/\/www.drivelife.it\/news\/2016\/05\/17\/mercedes-sl\/#respond"]}]},{"@type":"WebPage","@id":"https:\/\/www.drivelife.it\/news\/2016\/05\/17\/mercedes-sl\/","url":"https:\/\/www.drivelife.it\/news\/2016\/05\/17\/mercedes-sl\/","name":"MERCEDES SL - #lucalife","isPartOf":{"@id":"https:\/\/www.drivelife.it\/news\/#website"},"primaryImageOfPage":{"@id":"https:\/\/www.drivelife.it\/news\/2016\/05\/17\/mercedes-sl\/#primaryimage"},"image":{"@id":"https:\/\/www.drivelife.it\/news\/2016\/05\/17\/mercedes-sl\/#primaryimage"},"thumbnailUrl":"https:\/\/www.drivelife.it\/news\/wp-content\/uploads\/2016\/05\/111918_broadcast29-apre.jpg","datePublished":"2016-05-17T18:09:11+00:00","author":{"@id":"https:\/\/www.drivelife.it\/news\/#\/schema\/person\/b6c194c3423ff451be4914f5fd9c2188"},"breadcrumb":{"@id":"https:\/\/www.drivelife.it\/news\/2016\/05\/17\/mercedes-sl\/#breadcrumb"},"inLanguage":"en-US","potentialAction":[{"@type":"ReadAction","target":["https:\/\/www.drivelife.it\/news\/2016\/05\/17\/mercedes-sl\/"]}]},{"@type":"ImageObject","inLanguage":"en-US","@id":"https:\/\/www.drivelife.it\/news\/2016\/05\/17\/mercedes-sl\/#primaryimage","url":"https:\/\/www.drivelife.it\/news\/wp-content\/uploads\/2016\/05\/111918_broadcast29-apre.jpg","contentUrl":"https:\/\/www.drivelife.it\/news\/wp-content\/uploads\/2016\/05\/111918_broadcast29-apre.jpg","width":1920,"height":1057,"caption":"Mercedes AMG SL 63, Diamantwei\u00df"},{"@type":"BreadcrumbList","@id":"https:\/\/www.drivelife.it\/news\/2016\/05\/17\/mercedes-sl\/#breadcrumb","itemListElement":[{"@type":"ListItem","position":1,"name":"Home","item":"https:\/\/www.drivelife.it\/news\/"},{"@type":"ListItem","position":2,"name":"MERCEDES SL"}]},{"@type":"WebSite","@id":"https:\/\/www.drivelife.it\/news\/#website","url":"https:\/\/www.drivelife.it\/news\/","name":"#lucalife","description":"DRIVELIFE le mie automobili","potentialAction":[{"@type":"SearchAction","target":{"@type":"EntryPoint","urlTemplate":"https:\/\/www.drivelife.it\/news\/?s={search_term_string}"},"query-input":{"@type":"PropertyValueSpecification","valueRequired":true,"valueName":"search_term_string"}}],"inLanguage":"en-US"},{"@type":"Person","@id":"https:\/\/www.drivelife.it\/news\/#\/schema\/person\/b6c194c3423ff451be4914f5fd9c2188","name":"Redazione","image":{"@type":"ImageObject","inLanguage":"en-US","@id":"https:\/\/secure.gravatar.com\/avatar\/8d186f6b07ba8a94441344759f0e13bf1909b6ceaa171df0425551b4590fd558?s=96&d=mm&r=g","url":"https:\/\/secure.gravatar.com\/avatar\/8d186f6b07ba8a94441344759f0e13bf1909b6ceaa171df0425551b4590fd558?s=96&d=mm&r=g","contentUrl":"https:\/\/secure.gravatar.com\/avatar\/8d186f6b07ba8a94441344759f0e13bf1909b6ceaa171df0425551b4590fd558?s=96&d=mm&r=g","caption":"Redazione"},"url":"https:\/\/www.drivelife.it\/news\/author\/admin\/"}]}},"amp_enabled":true,"_links":{"self":[{"href":"https:\/\/www.drivelife.it\/news\/wp-json\/wp\/v2\/posts\/10396","targetHints":{"allow":["GET"]}}],"collection":[{"href":"https:\/\/www.drivelife.it\/news\/wp-json\/wp\/v2\/posts"}],"about":[{"href":"https:\/\/www.drivelife.it\/news\/wp-json\/wp\/v2\/types\/post"}],"author":[{"embeddable":true,"href":"https:\/\/www.drivelife.it\/news\/wp-json\/wp\/v2\/users\/1"}],"replies":[{"embeddable":true,"href":"https:\/\/www.drivelife.it\/news\/wp-json\/wp\/v2\/comments?post=10396"}],"version-history":[{"count":1,"href":"https:\/\/www.drivelife.it\/news\/wp-json\/wp\/v2\/posts\/10396\/revisions"}],"predecessor-version":[{"id":10421,"href":"https:\/\/www.drivelife.it\/news\/wp-json\/wp\/v2\/posts\/10396\/revisions\/10421"}],"wp:featuredmedia":[{"embeddable":true,"href":"https:\/\/www.drivelife.it\/news\/wp-json\/wp\/v2\/media\/10397"}],"wp:attachment":[{"href":"https:\/\/www.drivelife.it\/news\/wp-json\/wp\/v2\/media?parent=10396"}],"wp:term":[{"taxonomy":"category","embeddable":true,"href":"https:\/\/www.drivelife.it\/news\/wp-json\/wp\/v2\/categories?post=10396"},{"taxonomy":"post_tag","embeddable":true,"href":"https:\/\/www.drivelife.it\/news\/wp-json\/wp\/v2\/tags?post=10396"}],"curies":[{"name":"wp","href":"https:\/\/api.w.org\/{rel}","templated":true}]}}