{"id":7545,"date":"2015-08-21T11:19:58","date_gmt":"2015-08-21T11:19:58","guid":{"rendered":"http:\/\/www.drivelife.it\/dlnew\/?p=7545"},"modified":"2016-01-20T22:11:25","modified_gmt":"2016-01-20T22:11:25","slug":"subaru-forester-lineartronic","status":"publish","type":"post","link":"https:\/\/www.drivelife.it\/dlnew\/2015\/08\/21\/subaru-forester-lineartronic\/","title":{"rendered":"SUBARU FORESTER LINEARTRONIC"},"content":{"rendered":"<h1>AUTO SENSORIALE<\/h1>\n<h2>Tutto nasce dal fatto che ringraziando per la disponibilit\u00e0 della Forester per un lungo test drive ho detto di apprezzare il colore (bordeaux, uno dei miei preferiti) della vettura e che avrei cercato di valorizzare le tonalit\u00e0 del rosso scuro con qualche fotografia&#8230;<\/h2>\n<figure id=\"attachment_7546\" aria-describedby=\"caption-attachment-7546\" style=\"width: 1000px\" class=\"wp-caption aligncenter\"><a href=\"http:\/\/www.drivelife.it\/dlnew\/wp-content\/uploads\/2015\/08\/SUBARU-FORESTER-LINEARTRONIC_5_lucaromanopix-2.jpg\"><img loading=\"lazy\" decoding=\"async\" class=\"size-large wp-image-7546\" src=\"http:\/\/www.drivelife.it\/dlnew\/wp-content\/uploads\/2015\/08\/SUBARU-FORESTER-LINEARTRONIC_5_lucaromanopix-2-1000x667.jpg\" alt=\"SUBARU FORESTER LINEARTRONIC \u00a9lucaromanopix\" width=\"1000\" height=\"667\" srcset=\"https:\/\/www.drivelife.it\/dlnew\/wp-content\/uploads\/2015\/08\/SUBARU-FORESTER-LINEARTRONIC_5_lucaromanopix-2-1000x667.jpg 1000w, https:\/\/www.drivelife.it\/dlnew\/wp-content\/uploads\/2015\/08\/SUBARU-FORESTER-LINEARTRONIC_5_lucaromanopix-2-620x413.jpg 620w, https:\/\/www.drivelife.it\/dlnew\/wp-content\/uploads\/2015\/08\/SUBARU-FORESTER-LINEARTRONIC_5_lucaromanopix-2-300x200.jpg 300w, https:\/\/www.drivelife.it\/dlnew\/wp-content\/uploads\/2015\/08\/SUBARU-FORESTER-LINEARTRONIC_5_lucaromanopix-2-1600x1067.jpg 1600w\" sizes=\"auto, (max-width: 1000px) 100vw, 1000px\" \/><\/a><figcaption id=\"caption-attachment-7546\" class=\"wp-caption-text\">SUBARU FORESTER LINEARTRONIC \u00a9lucaromanopix<\/figcaption><\/figure>\n<p><a href=\"http:\/\/www.drivelife.it\/dlnew\/tw-portfolio\/subaru-forester-lineartronic\/\">La galleria fotografica<\/a><\/p>\n<p>E mi sono cacciato in bel guaio, non solo perch\u00e9 Agosto dovrebbe essere un mese di vacanza ma anche perch\u00e9 per le foto\u00a0di automobili ho esaurito tutta la fantasia\u2026 ed i set.<\/p>\n<p>L\u2019ansia della ricerca di una bella foto (impresa molto difficile comunque) mi ha attanagliato ogni giornata del mese vacanziero&#8230;<\/p>\n<p>La Subaru Forester Lineartronic ha parecchie qualit\u00e0, aspetti tecnici e dinamici descritti con profusione di commenti in occasione del test drive per il lancio del modello sul mercato italiano con la puntata di <a href=\"http:\/\/www.drivelife.it\/clip\/2015\/04\/24\/drivelife-puntata-25-aprile\/\">Drivelife del 25 Aprile<\/a>.<\/p>\n<p>Tuttavia in quella occasione non poteva esser notato, cos\u00ec come \u00e8 apparso in questi giorni, un particolare aspetto della sua dinamica di marcia. Colpa, allora, del chiacchiericcio a bordo, dei pettegolezzi e dei commenti sulla prova che mi hanno distratto e ora nel silenzio della ricerca di un set fotografico a bordo della Forester, diventa evidente proprio per la sua quasi totale assenza.<\/p>\n<p>E&#8217; la silenziosit\u00e0 di marcia, la fluidit\u00e0 di marcia, l&#8217;impercettibile funzionamento del cambio Lineartronic della Forester e del suo motore boxer.<\/p>\n<p>Rifuggendo espressioni che rimandano a invernali tessuti ma la cui immagine s&#8217;\u00e8 gi\u00e0 formata nella mente di chi legge, descrivere quel funzionamento \u00e8 come raccontare di qualcosa molto, molto, morbido. Le similitudini sono infinite, dalla pelle di una gran figa ai petali di rosa. Ma nessuna rende l&#8217;idea di essere al volante della Forester Lineartronic e percepire quella fluidit\u00e0 che sfida le condizioni del traffico e del manto stradale. E&#8217; una sensazione avvolgente che pervade tutto il corpo, coinvolge la mente e, in definitiva, regala confort di guida impareggiabile.<\/p>\n<p>Forse la similitudine che pi\u00f9 d&#8217;ogni altra s&#8217;avvicina a quella provata guidando la Forester \u00e8 quella di un volo con l&#8217;aliante. Assenza totale di rumore meccanico, percezione del fruscio del vento. E cos\u00ec \u00e8 con la Forester.<\/p>\n<p>Ci\u00f2 non vuol dire che la vettura non abbia carattere e prestazioni. Il boxer salendo di giri eroga le ben note doti di ripresa ed accelerazione.<em> (Continua)<\/em><\/p>\n<figure id=\"attachment_7549\" aria-describedby=\"caption-attachment-7549\" style=\"width: 1000px\" class=\"wp-caption aligncenter\"><a href=\"http:\/\/www.drivelife.it\/dlnew\/wp-content\/uploads\/2015\/08\/SUBARU-FORESTER-AGOSTO_5lucaromanopix.jpg\"><img loading=\"lazy\" decoding=\"async\" class=\"size-large wp-image-7549\" src=\"http:\/\/www.drivelife.it\/dlnew\/wp-content\/uploads\/2015\/08\/SUBARU-FORESTER-AGOSTO_5lucaromanopix-1000x667.jpg\" alt=\"SUBARU FORESTER LINEARTRONIC \u00a9lucaromanopix\" width=\"1000\" height=\"667\" srcset=\"https:\/\/www.drivelife.it\/dlnew\/wp-content\/uploads\/2015\/08\/SUBARU-FORESTER-AGOSTO_5lucaromanopix-1000x667.jpg 1000w, https:\/\/www.drivelife.it\/dlnew\/wp-content\/uploads\/2015\/08\/SUBARU-FORESTER-AGOSTO_5lucaromanopix-620x413.jpg 620w, https:\/\/www.drivelife.it\/dlnew\/wp-content\/uploads\/2015\/08\/SUBARU-FORESTER-AGOSTO_5lucaromanopix-300x200.jpg 300w, https:\/\/www.drivelife.it\/dlnew\/wp-content\/uploads\/2015\/08\/SUBARU-FORESTER-AGOSTO_5lucaromanopix-1600x1067.jpg 1600w\" sizes=\"auto, (max-width: 1000px) 100vw, 1000px\" \/><\/a><figcaption id=\"caption-attachment-7549\" class=\"wp-caption-text\">SUBARU FORESTER LINEARTRONIC \u00a9lucaromanopix<\/figcaption><\/figure>\n<figure id=\"attachment_7552\" aria-describedby=\"caption-attachment-7552\" style=\"width: 1000px\" class=\"wp-caption aligncenter\"><a href=\"http:\/\/www.drivelife.it\/dlnew\/wp-content\/uploads\/2015\/08\/SUBARU-FORESTER-LINEARTRONIC_3_lucaromanopix-2.jpg\"><img loading=\"lazy\" decoding=\"async\" class=\"size-large wp-image-7552\" src=\"http:\/\/www.drivelife.it\/dlnew\/wp-content\/uploads\/2015\/08\/SUBARU-FORESTER-LINEARTRONIC_3_lucaromanopix-2-1000x667.jpg\" alt=\"SUBARU FORESTER LINEARTRONIC \u00a9lucaromanopix Tutte le fotografie \u00a9lucaromanopix - Vietata la riproduzione e la diffusione su e con qualsiasi mezzo e\/o social network senza il consenso scritto dell'autore. Le fotografie sono file con firma digitale. Le fotografie sono protette secondo le norme vigenti in Italia del diritto d'autore.\" width=\"1000\" height=\"667\" srcset=\"https:\/\/www.drivelife.it\/dlnew\/wp-content\/uploads\/2015\/08\/SUBARU-FORESTER-LINEARTRONIC_3_lucaromanopix-2-1000x667.jpg 1000w, https:\/\/www.drivelife.it\/dlnew\/wp-content\/uploads\/2015\/08\/SUBARU-FORESTER-LINEARTRONIC_3_lucaromanopix-2-620x413.jpg 620w, https:\/\/www.drivelife.it\/dlnew\/wp-content\/uploads\/2015\/08\/SUBARU-FORESTER-LINEARTRONIC_3_lucaromanopix-2-300x200.jpg 300w, https:\/\/www.drivelife.it\/dlnew\/wp-content\/uploads\/2015\/08\/SUBARU-FORESTER-LINEARTRONIC_3_lucaromanopix-2-1600x1067.jpg 1600w\" sizes=\"auto, (max-width: 1000px) 100vw, 1000px\" \/><\/a><figcaption id=\"caption-attachment-7552\" class=\"wp-caption-text\">SUBARU FORESTER LINEARTRONIC \u00a9lucaromanopix<\/figcaption><\/figure>\n<p>&nbsp;<\/p>\n<h2>Le clip di Subaru Forester<\/h2>\n<h1>Film Moonlight<\/h1>\n<p>&nbsp;<\/p>\n<p><iframe loading=\"lazy\" src=\"https:\/\/player.vimeo.com\/video\/142126561\" width=\"1200\" height=\"675\"frameborder=\"0\" title=\"SUBARU FORESTER Moonlight Rel02\" webkitallowfullscreen mozallowfullscreen allowfullscreen><\/iframe><\/p>\n<p>Preview Film Moonlight<br \/>\n<iframe loading=\"lazy\" src=\"https:\/\/player.vimeo.com\/video\/141992327\" width=\"1200\" height=\"675\"frameborder=\"0\" title=\"SUBARU FORESTER moonlight\" webkitallowfullscreen mozallowfullscreen allowfullscreen><\/iframe><\/p>\n<p><iframe loading=\"lazy\" src=\"https:\/\/player.vimeo.com\/video\/138275208\" width=\"1200\" height=\"675\"frameborder=\"0\" title=\"Subaru Forester LinearTronic\" webkitallowfullscreen mozallowfullscreen allowfullscreen><\/iframe><\/p>\n<p>Slideshow galleria fotografica<br \/>\n<iframe loading=\"lazy\" src=\"https:\/\/player.vimeo.com\/video\/138285322\" width=\"1200\" height=\"675\"frameborder=\"0\" title=\"Subaru Forester LinearTronic\" webkitallowfullscreen mozallowfullscreen allowfullscreen><\/iframe><\/p>\n<p><strong>Credit &#8211; Tutte le fotografie e le clip \u00a9lucaromanopix &#8211;<\/strong> Vietata la riproduzione e la diffusione su e con qualsiasi mezzo e\/o social network senza il consenso scritto dell&#8217;autore. Le fotografie sono file con firma digitale. Le fotografie sono protette secondo le norme vigenti in Italia del diritto d\u2019autore.<\/p>\n<blockquote>\n<h2>Once Ansel Adams said: \u201cThe single most important component of a camera is the twelve inches behind it\u201d.<\/h2>\n<\/blockquote>\n<p>&nbsp;<\/p>\n","protected":false},"excerpt":{"rendered":"<p>AUTO SENSORIALE Tutto nasce dal fatto che ringraziando per la disponibilit\u00e0 della Forester per un lungo test drive ho detto di apprezzare il colore (bordeaux, uno dei miei preferiti) della vettura e che avrei cercato di valorizzare le tonalit\u00e0 del rosso scuro con qualche fotografia&#8230; La galleria fotografica E mi sono cacciato in bel guaio, [&hellip;]<\/p>\n","protected":false},"author":1,"featured_media":7546,"comment_status":"open","ping_status":"open","sticky":false,"template":"","format":"standard","meta":{"_monsterinsights_skip_tracking":false,"_monsterinsights_sitenote_active":false,"_monsterinsights_sitenote_note":"","_monsterinsights_sitenote_category":0,"ngg_post_thumbnail":0,"footnotes":""},"categories":[121,1,33,248,6,95,323],"tags":[403,422,562,569,559,560,5,561,573,567,402,568,414,535,574,572,558,565,423,555,466,575,566,556,557,571,563,570,36,576,564],"class_list":["post-7545","post","type-post","status-publish","format-standard","has-post-thumbnail","hentry","category-automotive","category-drivelife-news","category-drivelife-test","category-photobooklr","category-set-fotografici","category-subaru","category-subaru-photobooklr","tag-subaruitalia","tag-august","tag-awd","tag-boxersubaru","tag-colore","tag-colour","tag-drivelife","tag-ferragosto","tag-friendshipday","tag-highway","tag-instgram","tag-intown","tag-lineartronic","tag-lucaromanopix","tag-makeadogsday","tag-noabbandono","tag-passionesubaru","tag-provala","tag-rome","tag-sempresubaru","tag-set-fotografici","tag-showyourpowers","tag-subaru3d","tag-subaruforester","tag-subarulove","tag-summertime","tag-symmetrical","tag-symmetricalawd","tag-test-drive","tag-testyourpowers","tag-xmode"],"_links":{"self":[{"href":"https:\/\/www.drivelife.it\/dlnew\/wp-json\/wp\/v2\/posts\/7545","targetHints":{"allow":["GET"]}}],"collection":[{"href":"https:\/\/www.drivelife.it\/dlnew\/wp-json\/wp\/v2\/posts"}],"about":[{"href":"https:\/\/www.drivelife.it\/dlnew\/wp-json\/wp\/v2\/types\/post"}],"author":[{"embeddable":true,"href":"https:\/\/www.drivelife.it\/dlnew\/wp-json\/wp\/v2\/users\/1"}],"replies":[{"embeddable":true,"href":"https:\/\/www.drivelife.it\/dlnew\/wp-json\/wp\/v2\/comments?post=7545"}],"version-history":[{"count":8,"href":"https:\/\/www.drivelife.it\/dlnew\/wp-json\/wp\/v2\/posts\/7545\/revisions"}],"predecessor-version":[{"id":8244,"href":"https:\/\/www.drivelife.it\/dlnew\/wp-json\/wp\/v2\/posts\/7545\/revisions\/8244"}],"wp:featuredmedia":[{"embeddable":true,"href":"https:\/\/www.drivelife.it\/dlnew\/wp-json\/wp\/v2\/media\/7546"}],"wp:attachment":[{"href":"https:\/\/www.drivelife.it\/dlnew\/wp-json\/wp\/v2\/media?parent=7545"}],"wp:term":[{"taxonomy":"category","embeddable":true,"href":"https:\/\/www.drivelife.it\/dlnew\/wp-json\/wp\/v2\/categories?post=7545"},{"taxonomy":"post_tag","embeddable":true,"href":"https:\/\/www.drivelife.it\/dlnew\/wp-json\/wp\/v2\/tags?post=7545"}],"curies":[{"name":"wp","href":"https:\/\/api.w.org\/{rel}","templated":true}]}}