{"id":5459,"date":"2014-03-09T19:00:56","date_gmt":"2014-03-09T19:00:56","guid":{"rendered":"http:\/\/www.drivelife.it\/dlnew\/?p=5459"},"modified":"2014-04-09T08:27:26","modified_gmt":"2014-04-09T08:27:26","slug":"ginevra-2014","status":"publish","type":"post","link":"https:\/\/www.drivelife.it\/dlnew\/2014\/03\/09\/ginevra-2014\/","title":{"rendered":"GINEVRA 2014"},"content":{"rendered":"<div class=\"fb-facepile\" data-href=\"https:\/\/www.facebook.com\/pages\/Drivelife\/467833073239720\" data-action=\"app_id, action, data-href\" data-max-rows=\"2\" data-colorscheme=\"light\" data-size=\"medium\" data-show-count=\"true\"><strong>di Federico DI LERNIA<\/strong><\/div>\n<h1><b>DA GINEVRA ALLA STRADA<\/b><\/h1>\n<h2><b>LAYOUT DELLA PUNTATA DEL PROSSIMO 15 MARZO.<br \/>\nALCUNE DELLE NOVIT\u00c0 DEL SALONE DI GINEVRA<br \/>\nSONO GI\u00c0 DISPONIBILI NELLE RETI DI VENDITA<br \/>\nDEI PRINCIPALI MERCATI EUROPEI.<br \/>\nQUAL\u2019\u00c8 IL RUOLO DEL SALONE, ALLORA?<\/b><\/h2>\n<figure id=\"attachment_5460\" aria-describedby=\"caption-attachment-5460\" style=\"width: 960px\" class=\"wp-caption alignnone\"><img loading=\"lazy\" decoding=\"async\" class=\"size-large wp-image-5460\" alt=\"Alfieri concept car-trequarti\" src=\"http:\/\/www.drivelife.it\/dlnew\/wp-content\/uploads\/2014\/03\/Alfieri-concept-car-trequarti-1000x385.jpg\" width=\"960\" height=\"369\" srcset=\"https:\/\/www.drivelife.it\/dlnew\/wp-content\/uploads\/2014\/03\/Alfieri-concept-car-trequarti-1000x385.jpg 1000w, https:\/\/www.drivelife.it\/dlnew\/wp-content\/uploads\/2014\/03\/Alfieri-concept-car-trequarti-620x239.jpg 620w, https:\/\/www.drivelife.it\/dlnew\/wp-content\/uploads\/2014\/03\/Alfieri-concept-car-trequarti-1600x617.jpg 1600w\" sizes=\"auto, (max-width: 960px) 100vw, 960px\" \/><figcaption id=\"caption-attachment-5460\" class=\"wp-caption-text\">Maserati Alfieri<\/figcaption><\/figure>\n<p><b>CON DRIVELIFE DEL 15 MARZO &#8211; DURATA, 02\u2019 12\u201d <\/b><b>&#8211;\u00a0<\/b> In altre parole, perch\u00e9 Ginevra sopravvive alla ecatombe del mercato automobilistico europeo? Perch\u00e9 le case automobilistiche investono ancora montagne di quattrini per gli sfavillanti stand dove allietare il pubblico con le ultime novit\u00e0? Forse per far dimenticare la crisi ed illudere il cliente che ci sar\u00e0 un futuro ancora roseo per l\u2019automobile?<\/p>\n<p><span style=\"line-height: 1.5em;\">Principi contrapposti alle ingenti risorse che le case automobilistiche dispensano in comunicazione per cercare di portare i potenziali clienti in concessionaria. Dai social network alle reclame in tv e tra le pagine dei giornali, ogni costruttore dissipa una valanga di soldi in questa affannosa ricerca, o rincorsa, al cliente, all\u2019automobilista. Suo cliente o da strappare alla concorrenza.\u00a0<\/span><\/p>\n<p><span style=\"line-height: 1.5em;\">Contrapposti perch\u00e9 se spendi per Ginevra perch\u00e9 devi spendere pure per la rete?<\/span><\/p>\n<p>Una spesa non potrebbe escludere l\u2019altra? Soprattutto in un momento di crisi, quando i budget sono il problema di ogni staff meeting del luned\u00ec mattina?<\/p>\n<p><span style=\"line-height: 1.5em;\">In Italia la battaglia tra Milano e Bologna, la morte del motorshow ed il tentativo di far nascere, o rinascere, un salone importante, come in altri tempi fu il quello del Valentino, \u00e8 il termometro che misura la febbre di questa paziente, l\u2019automobile. Alta, molto alta. Ancora. Tant\u2019\u00e8 che la cura, qui in Italia, \u00e8 forte ed \u00e8 proprio la somministrazione di potenti farmaci che sono gli investimenti sulle attivit\u00e0 di comunicazione che tutte, ma proprio tutte &#8211; dalla piccola Suzuki Italia alla potente Volkswagen Group &#8211; praticano senza risparmio di colpi e risorse.<\/span><\/p>\n<p><span style=\"line-height: 1.5em;\">C\u2019\u00e8 chi spende nella vela, Volvo con la sua Ocean Race &#8211; di richiamo planetario &#8211; chi nello sci, Audi, chi nel golf, Jaguar (in realt\u00e0, tutte le case hanno il loro circuito), chi nella 1000 Miglia o nella moda (Mercedes), Chi valorizza le proprie risorse per una fugace apparizione al festival di Sanremo. Potrei scrivere un elenco lungo, tanto lungo da riempire lo stesso numero di pagine di un libro Umberto Eco.<\/span><\/p>\n<p><span style=\"line-height: 1.5em;\">Ma il mercato, nonostante gli sforzi, crolla. E lasciate da parte i timidi segnali positivi di inizio anno, sono una chimera.\u00a0<\/span><\/p>\n<p><span style=\"line-height: 1.5em;\">Sar\u00e0 che l\u2019automobilista, forse ora pi\u00f9 cittadino che automobilista, ha smesso di credere all\u2019automobile come mezzo di mobilit\u00e0 centrale nella sua vita? Sar\u00e0 che per Ginevra che ride per il successo dei suoi stand il contraltare \u00e8 la moria di posti di lavoro nelle fabbriche, la feroce riduzione dei budget per alcune attivit\u00e0 di supporto alla comunicazione?<\/span><\/p>\n<p><span style=\"line-height: 1.5em;\">Ginevra, tuttavia, il suo successo l\u2019ha colto anche quest\u2019anno: pienone di novit\u00e0 e visitatori. Maserati Alfieri e Ferrari California le primedonne.\u00a0<\/span><\/p>\n<h2><span style=\"line-height: 1.5em;\">Sar\u00e0 che Ginevra ha successo perch\u00e9 gli svizzeri, e con loro le case costruttrici, hanno applicato alla lettera il detto romano dei tempi del Colosseo?<\/span><\/h2>\n<h2><span style=\"line-height: 1.5em;\">Panem et circenses.\u00a0<\/span><\/h2>\n<h2><span style=\"line-height: 1.5em;\">Per illuderci, ancora un po\u2019, che l\u2019impero non \u00e8 in disfacimento.<\/span><\/h2>\n<p><b style=\"line-height: 1.5em;\">MASERATI ALFIERI &#8211;\u00a0 Apre, durata 00\u201959\u201d<\/b><\/p>\n<p><b> FERRARI CALIFORNIA T &#8211; durata 01\u201913\u201d<\/b><\/p>\n<figure id=\"attachment_5461\" aria-describedby=\"caption-attachment-5461\" style=\"width: 960px\" class=\"wp-caption alignnone\"><img loading=\"lazy\" decoding=\"async\" class=\"size-large wp-image-5461\" alt=\"Alfieri concept car-3\/4 posteriore\" src=\"http:\/\/www.drivelife.it\/dlnew\/wp-content\/uploads\/2014\/03\/Alfieri-concept-car-3-1000x707.jpg\" width=\"960\" height=\"678\" srcset=\"https:\/\/www.drivelife.it\/dlnew\/wp-content\/uploads\/2014\/03\/Alfieri-concept-car-3-1000x707.jpg 1000w, https:\/\/www.drivelife.it\/dlnew\/wp-content\/uploads\/2014\/03\/Alfieri-concept-car-3-620x438.jpg 620w, https:\/\/www.drivelife.it\/dlnew\/wp-content\/uploads\/2014\/03\/Alfieri-concept-car-3-1600x1131.jpg 1600w\" sizes=\"auto, (max-width: 960px) 100vw, 960px\" \/><figcaption id=\"caption-attachment-5461\" class=\"wp-caption-text\">Maserati Alfieri<\/figcaption><\/figure>\n","protected":false},"excerpt":{"rendered":"<p>di Federico DI LERNIA DA GINEVRA ALLA STRADA LAYOUT DELLA PUNTATA DEL PROSSIMO 15 MARZO. ALCUNE DELLE NOVIT\u00c0 DEL SALONE DI GINEVRA SONO GI\u00c0 DISPONIBILI NELLE RETI DI VENDITA DEI PRINCIPALI MERCATI EUROPEI. QUAL\u2019\u00c8 IL RUOLO DEL SALONE, ALLORA? CON DRIVELIFE DEL 15 MARZO &#8211; DURATA, 02\u2019 12\u201d &#8211;\u00a0 In altre parole, perch\u00e9 Ginevra sopravvive [&hellip;]<\/p>\n","protected":false},"author":1,"featured_media":5460,"comment_status":"open","ping_status":"open","sticky":false,"template":"","format":"standard","meta":{"_monsterinsights_skip_tracking":false,"_monsterinsights_sitenote_active":false,"_monsterinsights_sitenote_note":"","_monsterinsights_sitenote_category":0,"ngg_post_thumbnail":0,"footnotes":""},"categories":[121,1,127],"tags":[],"class_list":["post-5459","post","type-post","status-publish","format-standard","has-post-thumbnail","hentry","category-automotive","category-drivelife-news","category-edizione"],"_links":{"self":[{"href":"https:\/\/www.drivelife.it\/dlnew\/wp-json\/wp\/v2\/posts\/5459","targetHints":{"allow":["GET"]}}],"collection":[{"href":"https:\/\/www.drivelife.it\/dlnew\/wp-json\/wp\/v2\/posts"}],"about":[{"href":"https:\/\/www.drivelife.it\/dlnew\/wp-json\/wp\/v2\/types\/post"}],"author":[{"embeddable":true,"href":"https:\/\/www.drivelife.it\/dlnew\/wp-json\/wp\/v2\/users\/1"}],"replies":[{"embeddable":true,"href":"https:\/\/www.drivelife.it\/dlnew\/wp-json\/wp\/v2\/comments?post=5459"}],"version-history":[{"count":8,"href":"https:\/\/www.drivelife.it\/dlnew\/wp-json\/wp\/v2\/posts\/5459\/revisions"}],"predecessor-version":[{"id":5692,"href":"https:\/\/www.drivelife.it\/dlnew\/wp-json\/wp\/v2\/posts\/5459\/revisions\/5692"}],"wp:featuredmedia":[{"embeddable":true,"href":"https:\/\/www.drivelife.it\/dlnew\/wp-json\/wp\/v2\/media\/5460"}],"wp:attachment":[{"href":"https:\/\/www.drivelife.it\/dlnew\/wp-json\/wp\/v2\/media?parent=5459"}],"wp:term":[{"taxonomy":"category","embeddable":true,"href":"https:\/\/www.drivelife.it\/dlnew\/wp-json\/wp\/v2\/categories?post=5459"},{"taxonomy":"post_tag","embeddable":true,"href":"https:\/\/www.drivelife.it\/dlnew\/wp-json\/wp\/v2\/tags?post=5459"}],"curies":[{"name":"wp","href":"https:\/\/api.w.org\/{rel}","templated":true}]}}