{"id":5440,"date":"2014-03-07T16:37:05","date_gmt":"2014-03-07T16:37:05","guid":{"rendered":"http:\/\/www.drivelife.it\/dlnew\/?p=5440"},"modified":"2014-04-09T08:22:49","modified_gmt":"2014-04-09T08:22:49","slug":"arriva-lelettricita-in-citta","status":"publish","type":"post","link":"https:\/\/www.drivelife.it\/dlnew\/2014\/03\/07\/arriva-lelettricita-in-citta\/","title":{"rendered":"Arriva l&#8217;elettricit\u00e0 in citt\u00e0"},"content":{"rendered":"<div class=\"fb-facepile\" data-href=\"https:\/\/www.facebook.com\/pages\/Drivelife\/467833073239720\" data-action=\"app_id, action, data-href\" data-max-rows=\"2\" data-colorscheme=\"light\" data-size=\"medium\" data-show-count=\"true\"><strong>di Nicoletta TRIGGIANI<\/strong><\/div>\n<p><img loading=\"lazy\" decoding=\"async\" class=\"alignnone size-large wp-image-5439\" alt=\"i8-frontale-crop\" src=\"http:\/\/www.drivelife.it\/dlnew\/wp-content\/uploads\/2014\/03\/i8-frontale-crop-1000x380.jpg\" width=\"960\" height=\"364\" srcset=\"https:\/\/www.drivelife.it\/dlnew\/wp-content\/uploads\/2014\/03\/i8-frontale-crop-1000x380.jpg 1000w, https:\/\/www.drivelife.it\/dlnew\/wp-content\/uploads\/2014\/03\/i8-frontale-crop-620x236.jpg 620w, https:\/\/www.drivelife.it\/dlnew\/wp-content\/uploads\/2014\/03\/i8-frontale-crop-1600x609.jpg 1600w\" sizes=\"auto, (max-width: 960px) 100vw, 960px\" \/><\/p>\n<h1><strong>BMW APRE NEL CENTRO DI ROMA<\/strong><br \/>\n<strong>UNA SHOW ROOM DEDICATA<\/strong><br \/>\n<strong>ALLA GAMMA &#8220;I&#8221;<\/strong><\/h1>\n<p><span style=\"line-height: 1.5em;\">Il mutamento \u00e8 arrivato, tutto ad un tratto. E realizzi che son passati trentacinque anni di storia dell&#8217;automobile. Ma ti sembra siano volati. Sono passati veloci come un fulmine che attraversa il cielo prima di un forte temporale.<\/span><\/p>\n<p>E paragone pi\u00f9 calzante non potrebbe essere applicato perch\u00e9 si tratta di elettricit\u00e0.<br \/>\nL&#8217;elettricit\u00e0 \u00e8 la forma di energia che muove le vetture del nuovo brand BMW, la gamma &#8220;i&#8221;.<br \/>\nL&#8217;elettricit\u00e0 \u00e8 nell&#8217;automobile da quando l&#8217;automobile \u00e8 stata inventata, senza l&#8217;elettricit\u00e0 l&#8217;automobile non esisterebbe e, soprattutto, sarebbe una massa pi\u00f9 o meno informe e\/o bella, ma immobile. L&#8217;esatto opposto di ci\u00f2 che \u00e8 l&#8217;automobile. Ovvio, vero? Si, ma pensateci un istante. Non \u00e8 poi cos\u00ec ovvio, ci siamo abituati.<br \/>\nL&#8217;elettricit\u00e0 non \u00e8 una speciale caratteristica di BMW, tutti i costruttori hanno automobili, modelli, che hanno spinto oltre le funzioni di bordo l&#8217;uso dell&#8217;elettricit\u00e0. Utilizzando l&#8217;elettricit\u00e0 per il movimento, una fonte di energia alternativa a quella termica, o &#8211; \u00e8 il caso delle ibride &#8211; una fonte di energia che \u00e8 gestita in simbiosi con quella termica.<br \/>\nMa BMW \u00e8 l&#8217;unico costruttore al mondo che ha ideato, progettato, realizzato ed ora commercializza, una gamma completa di automobili. Non derivata, non &#8220;sinergica&#8221; con altri modelli.<br \/>\nLa gamma di modelli BMW &#8211; per ora la i3 e la, sportiva, i8, \u00e8 una gamma a s\u00e8 stante, distaccata e diversa dai prodotti BMW &#8220;normali&#8221;.<br \/>\nCon la gamma &#8220;i&#8221; \u00e8 come se fosse nato un nuovo costruttore di automobili.<br \/>\nS\u00ec, in California c&#8217;\u00e8 Tesla. Ma Tesla \u00e8 confinata, rispetto al mercato, in una piccola nicchia. BMW con la gamma &#8220;i&#8221; entra sul mercato con una potenza economica che Tesla neanche pu\u00f2 immaginare.<br \/>\nTant&#8217;\u00e8 che \u00e8 BMW che questa sera inaugura in centro, a Roma, una nuova show room dedicata alla gamma &#8220;i&#8221;. BMW non Tesla.<\/p>\n<p><img loading=\"lazy\" decoding=\"async\" class=\"alignnone size-large wp-image-5450\" alt=\"bmw-roma-showroom\" src=\"http:\/\/www.drivelife.it\/dlnew\/wp-content\/uploads\/2014\/03\/bmw-roma-showroom-1000x666.jpg\" width=\"960\" height=\"639\" srcset=\"https:\/\/www.drivelife.it\/dlnew\/wp-content\/uploads\/2014\/03\/bmw-roma-showroom-1000x666.jpg 1000w, https:\/\/www.drivelife.it\/dlnew\/wp-content\/uploads\/2014\/03\/bmw-roma-showroom-620x413.jpg 620w, https:\/\/www.drivelife.it\/dlnew\/wp-content\/uploads\/2014\/03\/bmw-roma-showroom-1600x1066.jpg 1600w\" sizes=\"auto, (max-width: 960px) 100vw, 960px\" \/><\/p>\n\n            <style type='text\/css'>\n                #gallery-1 {\n                    margin: auto;\n                }\n                #gallery-1 .gallery-item {\n                    float: left;\n                    margin-top: 10px;\n                    text-align: center;\n                    width: 16%;\n                }\n                #gallery-1 img {\n                    border: 2px solid #cfcfcf;\n                }\n                #gallery-1 .gallery-caption {\n                    margin-left: 0;\n                }\n            <\/style>\n            <!-- see gallery_shortcode() in wp-includes\/media.php -->\n\t\t<div id='gallery-1' class='gallery galleryid-5440 gallery-columns-6 gallery-size-thumbnail'><dl class='gallery-item'>\n                <dt class='gallery-icon'>\n                    <a href='https:\/\/www.drivelife.it\/dlnew\/2014\/03\/07\/arriva-lelettricita-in-citta\/i8-frontale\/'><img loading=\"lazy\" decoding=\"async\" width=\"150\" height=\"150\" src=\"https:\/\/www.drivelife.it\/dlnew\/wp-content\/uploads\/2014\/03\/i8-frontale-150x150.jpg\" class=\"attachment-thumbnail size-thumbnail\" alt=\"\" srcset=\"https:\/\/www.drivelife.it\/dlnew\/wp-content\/uploads\/2014\/03\/i8-frontale-150x150.jpg 150w, https:\/\/www.drivelife.it\/dlnew\/wp-content\/uploads\/2014\/03\/i8-frontale-480x480.jpg 480w, https:\/\/www.drivelife.it\/dlnew\/wp-content\/uploads\/2014\/03\/i8-frontale-640x640.jpg 640w\" sizes=\"auto, (max-width: 150px) 100vw, 150px\" \/><\/a>\n                <\/dt><\/dl><dl class='gallery-item'>\n                <dt class='gallery-icon'>\n                    <a href='https:\/\/www.drivelife.it\/dlnew\/2014\/03\/07\/arriva-lelettricita-in-citta\/i8-laterale-sinistra\/'><img loading=\"lazy\" decoding=\"async\" width=\"150\" height=\"150\" src=\"https:\/\/www.drivelife.it\/dlnew\/wp-content\/uploads\/2014\/03\/i8-laterale-sinistra-150x150.jpg\" class=\"attachment-thumbnail size-thumbnail\" alt=\"\" srcset=\"https:\/\/www.drivelife.it\/dlnew\/wp-content\/uploads\/2014\/03\/i8-laterale-sinistra-150x150.jpg 150w, https:\/\/www.drivelife.it\/dlnew\/wp-content\/uploads\/2014\/03\/i8-laterale-sinistra-480x480.jpg 480w, https:\/\/www.drivelife.it\/dlnew\/wp-content\/uploads\/2014\/03\/i8-laterale-sinistra-640x640.jpg 640w\" sizes=\"auto, (max-width: 150px) 100vw, 150px\" \/><\/a>\n                <\/dt><\/dl><dl class='gallery-item'>\n                <dt class='gallery-icon'>\n                    <a href='https:\/\/www.drivelife.it\/dlnew\/2014\/03\/07\/arriva-lelettricita-in-citta\/i8-tre-quarti-alto\/'><img loading=\"lazy\" decoding=\"async\" width=\"150\" height=\"150\" src=\"https:\/\/www.drivelife.it\/dlnew\/wp-content\/uploads\/2014\/03\/i8-tre-quarti-alto-150x150.jpg\" class=\"attachment-thumbnail size-thumbnail\" alt=\"\" srcset=\"https:\/\/www.drivelife.it\/dlnew\/wp-content\/uploads\/2014\/03\/i8-tre-quarti-alto-150x150.jpg 150w, https:\/\/www.drivelife.it\/dlnew\/wp-content\/uploads\/2014\/03\/i8-tre-quarti-alto-480x480.jpg 480w, https:\/\/www.drivelife.it\/dlnew\/wp-content\/uploads\/2014\/03\/i8-tre-quarti-alto-640x640.jpg 640w\" sizes=\"auto, (max-width: 150px) 100vw, 150px\" \/><\/a>\n                <\/dt><\/dl><dl class='gallery-item'>\n                <dt class='gallery-icon'>\n                    <a href='https:\/\/www.drivelife.it\/dlnew\/2014\/03\/07\/arriva-lelettricita-in-citta\/i8-strada-ambiente\/'><img loading=\"lazy\" decoding=\"async\" width=\"150\" height=\"150\" src=\"https:\/\/www.drivelife.it\/dlnew\/wp-content\/uploads\/2014\/03\/i8-strada-ambiente-150x150.jpg\" class=\"attachment-thumbnail size-thumbnail\" alt=\"\" srcset=\"https:\/\/www.drivelife.it\/dlnew\/wp-content\/uploads\/2014\/03\/i8-strada-ambiente-150x150.jpg 150w, https:\/\/www.drivelife.it\/dlnew\/wp-content\/uploads\/2014\/03\/i8-strada-ambiente-480x480.jpg 480w, https:\/\/www.drivelife.it\/dlnew\/wp-content\/uploads\/2014\/03\/i8-strada-ambiente-640x640.jpg 640w\" sizes=\"auto, (max-width: 150px) 100vw, 150px\" \/><\/a>\n                <\/dt><\/dl><dl class='gallery-item'>\n                <dt class='gallery-icon'>\n                    <a href='https:\/\/www.drivelife.it\/dlnew\/2014\/03\/07\/arriva-lelettricita-in-citta\/i8-set-vuitton\/'><img loading=\"lazy\" decoding=\"async\" width=\"150\" height=\"150\" src=\"https:\/\/www.drivelife.it\/dlnew\/wp-content\/uploads\/2014\/03\/i8-set-vuitton-150x150.jpg\" class=\"attachment-thumbnail size-thumbnail\" alt=\"\" srcset=\"https:\/\/www.drivelife.it\/dlnew\/wp-content\/uploads\/2014\/03\/i8-set-vuitton-150x150.jpg 150w, https:\/\/www.drivelife.it\/dlnew\/wp-content\/uploads\/2014\/03\/i8-set-vuitton-480x480.jpg 480w, https:\/\/www.drivelife.it\/dlnew\/wp-content\/uploads\/2014\/03\/i8-set-vuitton-640x640.jpg 640w\" sizes=\"auto, (max-width: 150px) 100vw, 150px\" \/><\/a>\n                <\/dt><\/dl><dl class='gallery-item'>\n                <dt class='gallery-icon'>\n                    <a href='https:\/\/www.drivelife.it\/dlnew\/2014\/03\/07\/arriva-lelettricita-in-citta\/i8-frontale-crop-2\/'><img loading=\"lazy\" decoding=\"async\" width=\"150\" height=\"150\" src=\"https:\/\/www.drivelife.it\/dlnew\/wp-content\/uploads\/2014\/03\/i8-frontale-crop1-150x150.jpg\" class=\"attachment-thumbnail size-thumbnail\" alt=\"\" srcset=\"https:\/\/www.drivelife.it\/dlnew\/wp-content\/uploads\/2014\/03\/i8-frontale-crop1-150x150.jpg 150w, https:\/\/www.drivelife.it\/dlnew\/wp-content\/uploads\/2014\/03\/i8-frontale-crop1-480x480.jpg 480w, https:\/\/www.drivelife.it\/dlnew\/wp-content\/uploads\/2014\/03\/i8-frontale-crop1-640x640.jpg 640w\" sizes=\"auto, (max-width: 150px) 100vw, 150px\" \/><\/a>\n                <\/dt><\/dl><br style=\"clear: both\" \/>\n                <br style='clear: both;' \/>\n            <\/div>\n\n<p><a href=\"\/\/www.pinterest.com\/pin\/create\/button\/\" data-pin-do=\"buttonBookmark\"><img decoding=\"async\" alt=\"\" src=\"\/\/assets.pinterest.com\/images\/pidgets\/pinit_fg_en_rect_gray_20.png\" \/><\/a><br \/>\n<!-- Please call pinit.js only once per page --><br \/>\n<script type=\"text\/javascript\" src=\"\/\/assets.pinterest.com\/js\/pinit.js\" async=\"\"><\/script><br \/>\n<a href=\"https:\/\/plus.google.com\/110377036101111074262\" rel=\"publisher\">Google+<\/a><\/p>\n","protected":false},"excerpt":{"rendered":"<p>di Nicoletta TRIGGIANI BMW APRE NEL CENTRO DI ROMA UNA SHOW ROOM DEDICATA ALLA GAMMA &#8220;I&#8221; Il mutamento \u00e8 arrivato, tutto ad un tratto. E realizzi che son passati trentacinque anni di storia dell&#8217;automobile. Ma ti sembra siano volati. Sono passati veloci come un fulmine che attraversa il cielo prima di un forte temporale. E [&hellip;]<\/p>\n","protected":false},"author":1,"featured_media":5441,"comment_status":"open","ping_status":"open","sticky":false,"template":"","format":"standard","meta":{"_monsterinsights_skip_tracking":false,"_monsterinsights_sitenote_active":false,"_monsterinsights_sitenote_note":"","_monsterinsights_sitenote_category":0,"ngg_post_thumbnail":0,"footnotes":""},"categories":[121,45,1,14],"tags":[],"class_list":["post-5440","post","type-post","status-publish","format-standard","has-post-thumbnail","hentry","category-automotive","category-bmw","category-drivelife-news","category-gallery"],"_links":{"self":[{"href":"https:\/\/www.drivelife.it\/dlnew\/wp-json\/wp\/v2\/posts\/5440","targetHints":{"allow":["GET"]}}],"collection":[{"href":"https:\/\/www.drivelife.it\/dlnew\/wp-json\/wp\/v2\/posts"}],"about":[{"href":"https:\/\/www.drivelife.it\/dlnew\/wp-json\/wp\/v2\/types\/post"}],"author":[{"embeddable":true,"href":"https:\/\/www.drivelife.it\/dlnew\/wp-json\/wp\/v2\/users\/1"}],"replies":[{"embeddable":true,"href":"https:\/\/www.drivelife.it\/dlnew\/wp-json\/wp\/v2\/comments?post=5440"}],"version-history":[{"count":7,"href":"https:\/\/www.drivelife.it\/dlnew\/wp-json\/wp\/v2\/posts\/5440\/revisions"}],"predecessor-version":[{"id":5690,"href":"https:\/\/www.drivelife.it\/dlnew\/wp-json\/wp\/v2\/posts\/5440\/revisions\/5690"}],"wp:featuredmedia":[{"embeddable":true,"href":"https:\/\/www.drivelife.it\/dlnew\/wp-json\/wp\/v2\/media\/5441"}],"wp:attachment":[{"href":"https:\/\/www.drivelife.it\/dlnew\/wp-json\/wp\/v2\/media?parent=5440"}],"wp:term":[{"taxonomy":"category","embeddable":true,"href":"https:\/\/www.drivelife.it\/dlnew\/wp-json\/wp\/v2\/categories?post=5440"},{"taxonomy":"post_tag","embeddable":true,"href":"https:\/\/www.drivelife.it\/dlnew\/wp-json\/wp\/v2\/tags?post=5440"}],"curies":[{"name":"wp","href":"https:\/\/api.w.org\/{rel}","templated":true}]}}