{"id":3805,"date":"2013-10-11T11:40:27","date_gmt":"2013-10-11T11:40:27","guid":{"rendered":"http:\/\/www.drivelife.it\/dlnew\/?p=3805"},"modified":"2013-10-11T12:16:03","modified_gmt":"2013-10-11T12:16:03","slug":"bmw-serie-5","status":"publish","type":"post","link":"https:\/\/www.drivelife.it\/dlnew\/2013\/10\/11\/bmw-serie-5\/","title":{"rendered":"BMW SERIE 5"},"content":{"rendered":"<h1>EHILA&#8217; , COME SEI CRESCIUTA!<\/h1>\n<figure id=\"attachment_3806\" aria-describedby=\"caption-attachment-3806\" style=\"width: 960px\" class=\"wp-caption alignnone\"><img loading=\"lazy\" decoding=\"async\" class=\"size-large wp-image-3806\" alt=\"BMW SERIE 5 @drivelife\" src=\"http:\/\/www.drivelife.it\/dlnew\/wp-content\/uploads\/2013\/10\/BMW_serie-5_12-1000x666.jpg\" width=\"960\" height=\"639\" srcset=\"https:\/\/www.drivelife.it\/dlnew\/wp-content\/uploads\/2013\/10\/BMW_serie-5_12-1000x666.jpg 1000w, https:\/\/www.drivelife.it\/dlnew\/wp-content\/uploads\/2013\/10\/BMW_serie-5_12-620x413.jpg 620w, https:\/\/www.drivelife.it\/dlnew\/wp-content\/uploads\/2013\/10\/BMW_serie-5_12-1600x1066.jpg 1600w, https:\/\/www.drivelife.it\/dlnew\/wp-content\/uploads\/2013\/10\/BMW_serie-5_12.jpg 1920w\" sizes=\"auto, (max-width: 960px) 100vw, 960px\" \/><figcaption id=\"caption-attachment-3806\" class=\"wp-caption-text\">BMW SERIE 5 @drivelife<\/figcaption><\/figure>\n<p>Roma &#8211; (L&#8217;inviato) &#8211; Se le dimensioni non cambiano e tutto sommato il facelift di mezz&#8217;et\u00e0, tre anni e mezzo su sette di vita\/modello per BWM, \u00e8 moderato mentre i contenuti tecnici sono pi\u00f9 importanti, la crescita &#8211; quella non misurabile ad occhio &#8211; \u00e8 a dir poco impressionante.<\/p>\n<p>Forti di una previsione di crescita del mercato delle auto di lusso maggiore del dieci per cento anno per i prossimi almeno cinque, BMW nello slideshow, con orgoglio, presenta i numeri di quanto sia diventata pi\u00f9 grande di tutte la Serie 5, sesta generazione modello.<br \/>\nTre anni e mezzo di vita ed oltre 1 milione di macchine vendute. Che rapportato al numero totale della serie costruttiva, 6,6 milioni (diciamo dal &#8217;72 ad oggi), portano alla considerazione che la crescita \u00e8 davvero strabiliante. E che vale per la &#8220;5&#8221; il titolo di best in segment, ossia come noi non vende nessuno, siamo i migliori.<\/p>\n<p>La Serie 5, articolata su tre modelli con spiccate personalit\u00e0 ognuna delle quali \u00e8 premiata su altrettanto diversi mercati (la Touring in Europa, la Berlina negli Stati Uniti e la GT in Cina) oltre all&#8217;aggiornamento\/modello offre al cliente una nuova opportunit\u00e0 di scelta: la 518d. Equipaggiata con un motore quattro cilindri con 143CV di potenza, emissioni di CO2 a 119 grammi per chilometro e 4,5 litri di gasolio il consumo per cento chilometri. La 518d, nuovo modello entry level costa 43.750 euro (IVA al 22%) nella versione berlina, 46.300 la Touring mentre la GT \u00e8 disponibile &#8211; come versione base &#8211; con la motorizzazione duemila, la 520GT costa 54.650.<\/p>\n<p>Scrivere di motori e prezzi alla luce della presentazione prodotto vista ed ascoltata \u00e8 riduttivo, ma per rendere conto di tutte le novit\u00e0 che la Serie 5 propone non sarebbe sufficiente una intera giornata di scrittura per redigere il pezzo. E non mi sembra il caso &#8211; almeno per questa volta e qui su FB &#8211; fare un copia\/incolla della doc stampa rilasciata: sono 81 pagine di un file pdf. \ud83d\ude09<br \/>\nPer\u00f2 che il prodotto sia completo ed allo stesso complesso \u00e8 un aspetto che pu\u00f2 esser reso bene, ed in poche righe, citando la domanda di una simpatica collega alla quale \u00e8 venuto il dubbio che al momento della consegna il cliente forse abbia bisogno di un &#8220;minimo&#8221; di informazioni.<br \/>\nEbbene s\u00ec. Il cliente viene istruito con un&#8217;apposita procedura di consegna durante la quale viene spiegato &#8211; immaginiamo con germanica precisione &#8211; come funziona una BMW Serie 5. Aspetti tecnici e quelli di infotainment. E qualora egli abbia, durante le prime settimane di possesso, ancora qualche dubbio\/perplessit\u00e0\/curiosit\u00e0 pu\u00f2 tornare in concessionaria per delle &#8220;ripetizioni&#8221; fino a tre volte. Gratis, poi si paga.<br \/>\nRipetizioni alle quali, immaginiamo, aderiranno in molti perch\u00e9 al di la del volante, quattro ruote ed un motore la Serie 5 di BMW offre cos\u00ec tanti servizi accessori soprattutto sul tema &#8220;servizi di bordo&#8221; che aprono &#8220;vaste praterie&#8221; di nuove funzioni per le quali &#8211; ammettiamolo &#8211; dobbiamo considerarci come alunni ancora alle elementari.<br \/>\nTanto per dire: il controller centrale &#8211; quel manettone tondo (iDrive Controller) con il quale si abilitano le funzioni del computer di bordo &#8211; in quest&#8217;ultima versione ha la superficie che funziona come il trackpad di un computer. Ed \u00e8 sensibile alla scrittura. Nel senso che con il dito scrivo &#8220;A&#8221; e lui legge &#8220;A&#8221;. Posso cos\u00ec &#8220;scrivere&#8221; l&#8217;indirizzo di destinazione del mio percorso e lui, il computer di bordo\u2026 provvede. E che dire del Concierge Service? Prenotazioni alberghiere e altri servizi, un\u2019offerta esclusiva BMW su scala mondiale con un call center &#8211; pare sia in Germania &#8211; che non solo &#8220;riconosce&#8221; la macchina, grazie alla SIM integrata &#8211; ma considera anche la propriet\u00e0, grazie all&#8217;account, ed il luogo dove la macchina sta circolando. Cos\u00ec se con una macchina italiana siete in Germania non correte il rischio che vi risponda un operatore che parla solo tedesco. O che vi dirottino verso un hotel in Italia mentre siete dalle parti di Monaco.<br \/>\nEcco, quante righe per due sole funzioni. Forse avrei potuto essere pi\u00f9 sintetico nello scrivere, magari + bravo.<br \/>\nE&#8217; certo che si pu\u00f2 sintetizzare cos\u00ec: l&#8217;automobile, BMW in primis, \u00e8 orientata a diventare sempre di pi\u00f9 uno smartphone.<br \/>\nEsattamente come un iPhone 5 o un Galaxy S4.<br \/>\nCosa fate con questi due oggetti?<br \/>\nTutto.<br \/>\nBene anche con una Serie 5.<br \/>\nE qui la finisco, altrimenti\u2026<br \/>\nVabbe&#8217;, dai\u2026 certo, la &#8220;5&#8221; non la mettete in tasca.<\/p>\n<p>&nbsp;<\/p>\n<h2><strong>GALLERY BMW SERIE 5 BERLINA, TOURING E GT<br \/>\n\n            <style type='text\/css'>\n                #gallery-1 {\n                    margin: auto;\n                }\n                #gallery-1 .gallery-item {\n                    float: left;\n                    margin-top: 10px;\n                    text-align: center;\n                    width: 11%;\n                }\n                #gallery-1 img {\n                    border: 2px solid #cfcfcf;\n                }\n                #gallery-1 .gallery-caption {\n                    margin-left: 0;\n                }\n            <\/style>\n            <!-- see gallery_shortcode() in wp-includes\/media.php -->\n\t\t<div id='gallery-1' class='gallery galleryid-3805 gallery-columns-9 gallery-size-thumbnail'><dl class='gallery-item'>\n                <dt class='gallery-icon'>\n                    <a href='https:\/\/www.drivelife.it\/dlnew\/2013\/10\/11\/bmw-serie-5\/bmw_serie-5_touring_04\/'><img loading=\"lazy\" decoding=\"async\" width=\"150\" height=\"150\" src=\"https:\/\/www.drivelife.it\/dlnew\/wp-content\/uploads\/2013\/10\/BMW_serie-5_touring_04-150x150.jpg\" class=\"attachment-thumbnail size-thumbnail\" alt=\"\" srcset=\"https:\/\/www.drivelife.it\/dlnew\/wp-content\/uploads\/2013\/10\/BMW_serie-5_touring_04-150x150.jpg 150w, https:\/\/www.drivelife.it\/dlnew\/wp-content\/uploads\/2013\/10\/BMW_serie-5_touring_04-480x480.jpg 480w, https:\/\/www.drivelife.it\/dlnew\/wp-content\/uploads\/2013\/10\/BMW_serie-5_touring_04-640x640.jpg 640w\" sizes=\"auto, (max-width: 150px) 100vw, 150px\" \/><\/a>\n                <\/dt><\/dl><dl class='gallery-item'>\n                <dt class='gallery-icon'>\n                    <a href='https:\/\/www.drivelife.it\/dlnew\/2013\/10\/11\/bmw-serie-5\/bmw_serie-5_touring_05\/'><img loading=\"lazy\" decoding=\"async\" width=\"150\" height=\"150\" src=\"https:\/\/www.drivelife.it\/dlnew\/wp-content\/uploads\/2013\/10\/BMW_serie-5_touring_05-150x150.jpg\" class=\"attachment-thumbnail size-thumbnail\" alt=\"\" srcset=\"https:\/\/www.drivelife.it\/dlnew\/wp-content\/uploads\/2013\/10\/BMW_serie-5_touring_05-150x150.jpg 150w, https:\/\/www.drivelife.it\/dlnew\/wp-content\/uploads\/2013\/10\/BMW_serie-5_touring_05-480x480.jpg 480w, https:\/\/www.drivelife.it\/dlnew\/wp-content\/uploads\/2013\/10\/BMW_serie-5_touring_05-640x640.jpg 640w\" sizes=\"auto, (max-width: 150px) 100vw, 150px\" \/><\/a>\n                <\/dt><\/dl><dl class='gallery-item'>\n                <dt class='gallery-icon'>\n                    <a href='https:\/\/www.drivelife.it\/dlnew\/2013\/10\/11\/bmw-serie-5\/bmw_serie-5_touring_06\/'><img loading=\"lazy\" decoding=\"async\" width=\"150\" height=\"150\" src=\"https:\/\/www.drivelife.it\/dlnew\/wp-content\/uploads\/2013\/10\/BMW_serie-5_touring_06-150x150.jpg\" class=\"attachment-thumbnail size-thumbnail\" alt=\"\" srcset=\"https:\/\/www.drivelife.it\/dlnew\/wp-content\/uploads\/2013\/10\/BMW_serie-5_touring_06-150x150.jpg 150w, https:\/\/www.drivelife.it\/dlnew\/wp-content\/uploads\/2013\/10\/BMW_serie-5_touring_06-480x480.jpg 480w, https:\/\/www.drivelife.it\/dlnew\/wp-content\/uploads\/2013\/10\/BMW_serie-5_touring_06-640x640.jpg 640w\" sizes=\"auto, (max-width: 150px) 100vw, 150px\" \/><\/a>\n                <\/dt><\/dl><dl class='gallery-item'>\n                <dt class='gallery-icon'>\n                    <a href='https:\/\/www.drivelife.it\/dlnew\/2013\/10\/11\/bmw-serie-5\/bmw_serie-5_touring_07\/'><img loading=\"lazy\" decoding=\"async\" width=\"150\" height=\"150\" src=\"https:\/\/www.drivelife.it\/dlnew\/wp-content\/uploads\/2013\/10\/BMW_serie-5_touring_07-150x150.jpg\" class=\"attachment-thumbnail size-thumbnail\" alt=\"\" srcset=\"https:\/\/www.drivelife.it\/dlnew\/wp-content\/uploads\/2013\/10\/BMW_serie-5_touring_07-150x150.jpg 150w, https:\/\/www.drivelife.it\/dlnew\/wp-content\/uploads\/2013\/10\/BMW_serie-5_touring_07-480x480.jpg 480w, https:\/\/www.drivelife.it\/dlnew\/wp-content\/uploads\/2013\/10\/BMW_serie-5_touring_07-640x640.jpg 640w\" sizes=\"auto, (max-width: 150px) 100vw, 150px\" \/><\/a>\n                <\/dt><\/dl><dl class='gallery-item'>\n                <dt class='gallery-icon'>\n                    <a href='https:\/\/www.drivelife.it\/dlnew\/2013\/10\/11\/bmw-serie-5\/bmw_serie-5_touring_08\/'><img loading=\"lazy\" decoding=\"async\" width=\"150\" height=\"150\" src=\"https:\/\/www.drivelife.it\/dlnew\/wp-content\/uploads\/2013\/10\/BMW_serie-5_touring_08-150x150.jpg\" class=\"attachment-thumbnail size-thumbnail\" alt=\"\" srcset=\"https:\/\/www.drivelife.it\/dlnew\/wp-content\/uploads\/2013\/10\/BMW_serie-5_touring_08-150x150.jpg 150w, https:\/\/www.drivelife.it\/dlnew\/wp-content\/uploads\/2013\/10\/BMW_serie-5_touring_08-480x480.jpg 480w, https:\/\/www.drivelife.it\/dlnew\/wp-content\/uploads\/2013\/10\/BMW_serie-5_touring_08-640x640.jpg 640w\" sizes=\"auto, (max-width: 150px) 100vw, 150px\" \/><\/a>\n                <\/dt><\/dl><dl class='gallery-item'>\n                <dt class='gallery-icon'>\n                    <a href='https:\/\/www.drivelife.it\/dlnew\/2013\/10\/11\/bmw-serie-5\/bmw_serie-5_touring_09\/'><img loading=\"lazy\" decoding=\"async\" width=\"150\" height=\"150\" src=\"https:\/\/www.drivelife.it\/dlnew\/wp-content\/uploads\/2013\/10\/BMW_serie-5_touring_09-150x150.jpg\" class=\"attachment-thumbnail size-thumbnail\" alt=\"\" srcset=\"https:\/\/www.drivelife.it\/dlnew\/wp-content\/uploads\/2013\/10\/BMW_serie-5_touring_09-150x150.jpg 150w, https:\/\/www.drivelife.it\/dlnew\/wp-content\/uploads\/2013\/10\/BMW_serie-5_touring_09-480x480.jpg 480w, https:\/\/www.drivelife.it\/dlnew\/wp-content\/uploads\/2013\/10\/BMW_serie-5_touring_09-640x640.jpg 640w\" sizes=\"auto, (max-width: 150px) 100vw, 150px\" \/><\/a>\n                <\/dt><\/dl><dl class='gallery-item'>\n                <dt class='gallery-icon'>\n                    <a href='https:\/\/www.drivelife.it\/dlnew\/2013\/10\/11\/bmw-serie-5\/bmw_serie-5_touring_10\/'><img loading=\"lazy\" decoding=\"async\" width=\"150\" height=\"150\" src=\"https:\/\/www.drivelife.it\/dlnew\/wp-content\/uploads\/2013\/10\/BMW_serie-5_touring_10-150x150.jpg\" class=\"attachment-thumbnail size-thumbnail\" alt=\"\" srcset=\"https:\/\/www.drivelife.it\/dlnew\/wp-content\/uploads\/2013\/10\/BMW_serie-5_touring_10-150x150.jpg 150w, https:\/\/www.drivelife.it\/dlnew\/wp-content\/uploads\/2013\/10\/BMW_serie-5_touring_10-480x480.jpg 480w, https:\/\/www.drivelife.it\/dlnew\/wp-content\/uploads\/2013\/10\/BMW_serie-5_touring_10-640x640.jpg 640w\" sizes=\"auto, (max-width: 150px) 100vw, 150px\" \/><\/a>\n                <\/dt><\/dl><dl class='gallery-item'>\n                <dt class='gallery-icon'>\n                    <a href='https:\/\/www.drivelife.it\/dlnew\/2013\/10\/11\/bmw-serie-5\/bmw_serie-5_touring_11\/'><img loading=\"lazy\" decoding=\"async\" width=\"150\" height=\"150\" src=\"https:\/\/www.drivelife.it\/dlnew\/wp-content\/uploads\/2013\/10\/BMW_serie-5_touring_11-150x150.jpg\" class=\"attachment-thumbnail size-thumbnail\" alt=\"\" srcset=\"https:\/\/www.drivelife.it\/dlnew\/wp-content\/uploads\/2013\/10\/BMW_serie-5_touring_11-150x150.jpg 150w, https:\/\/www.drivelife.it\/dlnew\/wp-content\/uploads\/2013\/10\/BMW_serie-5_touring_11-480x480.jpg 480w, https:\/\/www.drivelife.it\/dlnew\/wp-content\/uploads\/2013\/10\/BMW_serie-5_touring_11-640x640.jpg 640w\" sizes=\"auto, (max-width: 150px) 100vw, 150px\" \/><\/a>\n                <\/dt><\/dl><dl class='gallery-item'>\n                <dt class='gallery-icon'>\n                    <a href='https:\/\/www.drivelife.it\/dlnew\/2013\/10\/11\/bmw-serie-5\/bmw_serie-5_touring_12\/'><img loading=\"lazy\" decoding=\"async\" width=\"150\" height=\"150\" src=\"https:\/\/www.drivelife.it\/dlnew\/wp-content\/uploads\/2013\/10\/BMW_serie-5_touring_12-150x150.jpg\" class=\"attachment-thumbnail size-thumbnail\" alt=\"\" srcset=\"https:\/\/www.drivelife.it\/dlnew\/wp-content\/uploads\/2013\/10\/BMW_serie-5_touring_12-150x150.jpg 150w, https:\/\/www.drivelife.it\/dlnew\/wp-content\/uploads\/2013\/10\/BMW_serie-5_touring_12-480x480.jpg 480w, https:\/\/www.drivelife.it\/dlnew\/wp-content\/uploads\/2013\/10\/BMW_serie-5_touring_12-640x640.jpg 640w\" sizes=\"auto, (max-width: 150px) 100vw, 150px\" \/><\/a>\n                <\/dt><\/dl><br style=\"clear: both\" \/><dl class='gallery-item'>\n                <dt class='gallery-icon'>\n                    <a href='https:\/\/www.drivelife.it\/dlnew\/2013\/10\/11\/bmw-serie-5\/bmw_serie-5_touring_13\/'><img loading=\"lazy\" decoding=\"async\" width=\"150\" height=\"150\" src=\"https:\/\/www.drivelife.it\/dlnew\/wp-content\/uploads\/2013\/10\/BMW_serie-5_touring_13-150x150.jpg\" class=\"attachment-thumbnail size-thumbnail\" alt=\"\" srcset=\"https:\/\/www.drivelife.it\/dlnew\/wp-content\/uploads\/2013\/10\/BMW_serie-5_touring_13-150x150.jpg 150w, https:\/\/www.drivelife.it\/dlnew\/wp-content\/uploads\/2013\/10\/BMW_serie-5_touring_13-480x480.jpg 480w, https:\/\/www.drivelife.it\/dlnew\/wp-content\/uploads\/2013\/10\/BMW_serie-5_touring_13-640x640.jpg 640w\" sizes=\"auto, (max-width: 150px) 100vw, 150px\" \/><\/a>\n                <\/dt><\/dl><dl class='gallery-item'>\n                <dt class='gallery-icon'>\n                    <a href='https:\/\/www.drivelife.it\/dlnew\/2013\/10\/11\/bmw-serie-5\/bmw_serie-5_touring_14\/'><img loading=\"lazy\" decoding=\"async\" width=\"150\" height=\"150\" src=\"https:\/\/www.drivelife.it\/dlnew\/wp-content\/uploads\/2013\/10\/BMW_serie-5_touring_14-150x150.jpg\" class=\"attachment-thumbnail size-thumbnail\" alt=\"\" srcset=\"https:\/\/www.drivelife.it\/dlnew\/wp-content\/uploads\/2013\/10\/BMW_serie-5_touring_14-150x150.jpg 150w, https:\/\/www.drivelife.it\/dlnew\/wp-content\/uploads\/2013\/10\/BMW_serie-5_touring_14-480x480.jpg 480w, https:\/\/www.drivelife.it\/dlnew\/wp-content\/uploads\/2013\/10\/BMW_serie-5_touring_14-640x640.jpg 640w\" sizes=\"auto, (max-width: 150px) 100vw, 150px\" \/><\/a>\n                <\/dt><\/dl><dl class='gallery-item'>\n                <dt class='gallery-icon'>\n                    <a href='https:\/\/www.drivelife.it\/dlnew\/2013\/10\/11\/bmw-serie-5\/bmw_serie-5_touring_15\/'><img loading=\"lazy\" decoding=\"async\" width=\"150\" height=\"150\" src=\"https:\/\/www.drivelife.it\/dlnew\/wp-content\/uploads\/2013\/10\/BMW_serie-5_touring_15-150x150.jpg\" class=\"attachment-thumbnail size-thumbnail\" alt=\"\" srcset=\"https:\/\/www.drivelife.it\/dlnew\/wp-content\/uploads\/2013\/10\/BMW_serie-5_touring_15-150x150.jpg 150w, https:\/\/www.drivelife.it\/dlnew\/wp-content\/uploads\/2013\/10\/BMW_serie-5_touring_15-480x480.jpg 480w, https:\/\/www.drivelife.it\/dlnew\/wp-content\/uploads\/2013\/10\/BMW_serie-5_touring_15-640x640.jpg 640w\" sizes=\"auto, (max-width: 150px) 100vw, 150px\" \/><\/a>\n                <\/dt><\/dl><dl class='gallery-item'>\n                <dt class='gallery-icon'>\n                    <a href='https:\/\/www.drivelife.it\/dlnew\/2013\/10\/11\/bmw-serie-5\/bmw_serie-5_touring_16\/'><img loading=\"lazy\" decoding=\"async\" width=\"150\" height=\"150\" src=\"https:\/\/www.drivelife.it\/dlnew\/wp-content\/uploads\/2013\/10\/BMW_serie-5_touring_16-150x150.jpg\" class=\"attachment-thumbnail size-thumbnail\" alt=\"\" srcset=\"https:\/\/www.drivelife.it\/dlnew\/wp-content\/uploads\/2013\/10\/BMW_serie-5_touring_16-150x150.jpg 150w, https:\/\/www.drivelife.it\/dlnew\/wp-content\/uploads\/2013\/10\/BMW_serie-5_touring_16-480x480.jpg 480w, https:\/\/www.drivelife.it\/dlnew\/wp-content\/uploads\/2013\/10\/BMW_serie-5_touring_16-640x640.jpg 640w\" sizes=\"auto, (max-width: 150px) 100vw, 150px\" \/><\/a>\n                <\/dt><\/dl><dl class='gallery-item'>\n                <dt class='gallery-icon'>\n                    <a href='https:\/\/www.drivelife.it\/dlnew\/2013\/10\/11\/bmw-serie-5\/bmw_serie-5_touring_17\/'><img loading=\"lazy\" decoding=\"async\" width=\"150\" height=\"150\" src=\"https:\/\/www.drivelife.it\/dlnew\/wp-content\/uploads\/2013\/10\/BMW_serie-5_touring_17-150x150.jpg\" class=\"attachment-thumbnail size-thumbnail\" alt=\"\" srcset=\"https:\/\/www.drivelife.it\/dlnew\/wp-content\/uploads\/2013\/10\/BMW_serie-5_touring_17-150x150.jpg 150w, https:\/\/www.drivelife.it\/dlnew\/wp-content\/uploads\/2013\/10\/BMW_serie-5_touring_17-480x480.jpg 480w, https:\/\/www.drivelife.it\/dlnew\/wp-content\/uploads\/2013\/10\/BMW_serie-5_touring_17-640x640.jpg 640w\" sizes=\"auto, (max-width: 150px) 100vw, 150px\" \/><\/a>\n                <\/dt><\/dl><dl class='gallery-item'>\n                <dt class='gallery-icon'>\n                    <a href='https:\/\/www.drivelife.it\/dlnew\/2013\/10\/11\/bmw-serie-5\/bmw_serie-5_touring_18\/'><img loading=\"lazy\" decoding=\"async\" width=\"150\" height=\"150\" src=\"https:\/\/www.drivelife.it\/dlnew\/wp-content\/uploads\/2013\/10\/BMW_serie-5_touring_18-150x150.jpg\" class=\"attachment-thumbnail size-thumbnail\" alt=\"\" srcset=\"https:\/\/www.drivelife.it\/dlnew\/wp-content\/uploads\/2013\/10\/BMW_serie-5_touring_18-150x150.jpg 150w, https:\/\/www.drivelife.it\/dlnew\/wp-content\/uploads\/2013\/10\/BMW_serie-5_touring_18-480x480.jpg 480w, https:\/\/www.drivelife.it\/dlnew\/wp-content\/uploads\/2013\/10\/BMW_serie-5_touring_18-640x640.jpg 640w\" sizes=\"auto, (max-width: 150px) 100vw, 150px\" \/><\/a>\n                <\/dt><\/dl><dl class='gallery-item'>\n                <dt class='gallery-icon'>\n                    <a href='https:\/\/www.drivelife.it\/dlnew\/2013\/10\/11\/bmw-serie-5\/bmw_serie-5_touring_19\/'><img loading=\"lazy\" decoding=\"async\" width=\"150\" height=\"150\" src=\"https:\/\/www.drivelife.it\/dlnew\/wp-content\/uploads\/2013\/10\/BMW_serie-5_touring_19-150x150.jpg\" class=\"attachment-thumbnail size-thumbnail\" alt=\"\" srcset=\"https:\/\/www.drivelife.it\/dlnew\/wp-content\/uploads\/2013\/10\/BMW_serie-5_touring_19-150x150.jpg 150w, https:\/\/www.drivelife.it\/dlnew\/wp-content\/uploads\/2013\/10\/BMW_serie-5_touring_19-480x480.jpg 480w, https:\/\/www.drivelife.it\/dlnew\/wp-content\/uploads\/2013\/10\/BMW_serie-5_touring_19-640x640.jpg 640w\" sizes=\"auto, (max-width: 150px) 100vw, 150px\" \/><\/a>\n                <\/dt><\/dl><dl class='gallery-item'>\n                <dt class='gallery-icon'>\n                    <a href='https:\/\/www.drivelife.it\/dlnew\/2013\/10\/11\/bmw-serie-5\/bmw_serie-5_touring_20\/'><img loading=\"lazy\" decoding=\"async\" width=\"150\" height=\"150\" src=\"https:\/\/www.drivelife.it\/dlnew\/wp-content\/uploads\/2013\/10\/BMW_serie-5_touring_20-150x150.jpg\" class=\"attachment-thumbnail size-thumbnail\" alt=\"\" srcset=\"https:\/\/www.drivelife.it\/dlnew\/wp-content\/uploads\/2013\/10\/BMW_serie-5_touring_20-150x150.jpg 150w, https:\/\/www.drivelife.it\/dlnew\/wp-content\/uploads\/2013\/10\/BMW_serie-5_touring_20-480x480.jpg 480w, https:\/\/www.drivelife.it\/dlnew\/wp-content\/uploads\/2013\/10\/BMW_serie-5_touring_20-640x640.jpg 640w\" sizes=\"auto, (max-width: 150px) 100vw, 150px\" \/><\/a>\n                <\/dt><\/dl><dl class='gallery-item'>\n                <dt class='gallery-icon'>\n                    <a href='https:\/\/www.drivelife.it\/dlnew\/2013\/10\/11\/bmw-serie-5\/bmw_serie-5_touring_21\/'><img loading=\"lazy\" decoding=\"async\" width=\"150\" height=\"150\" src=\"https:\/\/www.drivelife.it\/dlnew\/wp-content\/uploads\/2013\/10\/BMW_serie-5_touring_21-150x150.jpg\" class=\"attachment-thumbnail size-thumbnail\" alt=\"\" srcset=\"https:\/\/www.drivelife.it\/dlnew\/wp-content\/uploads\/2013\/10\/BMW_serie-5_touring_21-150x150.jpg 150w, https:\/\/www.drivelife.it\/dlnew\/wp-content\/uploads\/2013\/10\/BMW_serie-5_touring_21-480x480.jpg 480w, https:\/\/www.drivelife.it\/dlnew\/wp-content\/uploads\/2013\/10\/BMW_serie-5_touring_21-640x640.jpg 640w\" sizes=\"auto, (max-width: 150px) 100vw, 150px\" \/><\/a>\n                <\/dt><\/dl><br style=\"clear: both\" \/><dl class='gallery-item'>\n                <dt class='gallery-icon'>\n                    <a href='https:\/\/www.drivelife.it\/dlnew\/2013\/10\/11\/bmw-serie-5\/bmw_serie-5_touring_22\/'><img loading=\"lazy\" decoding=\"async\" width=\"150\" height=\"150\" src=\"https:\/\/www.drivelife.it\/dlnew\/wp-content\/uploads\/2013\/10\/BMW_serie-5_touring_22-150x150.jpg\" class=\"attachment-thumbnail size-thumbnail\" alt=\"\" srcset=\"https:\/\/www.drivelife.it\/dlnew\/wp-content\/uploads\/2013\/10\/BMW_serie-5_touring_22-150x150.jpg 150w, https:\/\/www.drivelife.it\/dlnew\/wp-content\/uploads\/2013\/10\/BMW_serie-5_touring_22-480x480.jpg 480w, https:\/\/www.drivelife.it\/dlnew\/wp-content\/uploads\/2013\/10\/BMW_serie-5_touring_22-640x640.jpg 640w\" sizes=\"auto, (max-width: 150px) 100vw, 150px\" \/><\/a>\n                <\/dt><\/dl><dl class='gallery-item'>\n                <dt class='gallery-icon'>\n                    <a href='https:\/\/www.drivelife.it\/dlnew\/2013\/10\/11\/bmw-serie-5\/bmw_serie-5_touring_23\/'><img loading=\"lazy\" decoding=\"async\" width=\"150\" height=\"150\" src=\"https:\/\/www.drivelife.it\/dlnew\/wp-content\/uploads\/2013\/10\/BMW_serie-5_touring_23-150x150.jpg\" class=\"attachment-thumbnail size-thumbnail\" alt=\"\" srcset=\"https:\/\/www.drivelife.it\/dlnew\/wp-content\/uploads\/2013\/10\/BMW_serie-5_touring_23-150x150.jpg 150w, https:\/\/www.drivelife.it\/dlnew\/wp-content\/uploads\/2013\/10\/BMW_serie-5_touring_23-480x480.jpg 480w, https:\/\/www.drivelife.it\/dlnew\/wp-content\/uploads\/2013\/10\/BMW_serie-5_touring_23-640x640.jpg 640w\" sizes=\"auto, (max-width: 150px) 100vw, 150px\" \/><\/a>\n                <\/dt><\/dl><dl class='gallery-item'>\n                <dt class='gallery-icon'>\n                    <a href='https:\/\/www.drivelife.it\/dlnew\/2013\/10\/11\/bmw-serie-5\/bmw_serie-5_touring_24\/'><img loading=\"lazy\" decoding=\"async\" width=\"150\" height=\"150\" src=\"https:\/\/www.drivelife.it\/dlnew\/wp-content\/uploads\/2013\/10\/BMW_serie-5_touring_24-150x150.jpg\" class=\"attachment-thumbnail size-thumbnail\" alt=\"\" srcset=\"https:\/\/www.drivelife.it\/dlnew\/wp-content\/uploads\/2013\/10\/BMW_serie-5_touring_24-150x150.jpg 150w, https:\/\/www.drivelife.it\/dlnew\/wp-content\/uploads\/2013\/10\/BMW_serie-5_touring_24-480x480.jpg 480w, https:\/\/www.drivelife.it\/dlnew\/wp-content\/uploads\/2013\/10\/BMW_serie-5_touring_24-640x640.jpg 640w\" sizes=\"auto, (max-width: 150px) 100vw, 150px\" \/><\/a>\n                <\/dt><\/dl><dl class='gallery-item'>\n                <dt class='gallery-icon'>\n                    <a href='https:\/\/www.drivelife.it\/dlnew\/2013\/10\/11\/bmw-serie-5\/bmw_serie-5_touring_25\/'><img loading=\"lazy\" decoding=\"async\" width=\"150\" height=\"150\" src=\"https:\/\/www.drivelife.it\/dlnew\/wp-content\/uploads\/2013\/10\/BMW_serie-5_touring_25-150x150.jpg\" class=\"attachment-thumbnail size-thumbnail\" alt=\"\" srcset=\"https:\/\/www.drivelife.it\/dlnew\/wp-content\/uploads\/2013\/10\/BMW_serie-5_touring_25-150x150.jpg 150w, https:\/\/www.drivelife.it\/dlnew\/wp-content\/uploads\/2013\/10\/BMW_serie-5_touring_25-480x480.jpg 480w, https:\/\/www.drivelife.it\/dlnew\/wp-content\/uploads\/2013\/10\/BMW_serie-5_touring_25-640x640.jpg 640w\" sizes=\"auto, (max-width: 150px) 100vw, 150px\" \/><\/a>\n                <\/dt><\/dl><dl class='gallery-item'>\n                <dt class='gallery-icon'>\n                    <a href='https:\/\/www.drivelife.it\/dlnew\/2013\/10\/11\/bmw-serie-5\/bmw_serie-5_touring_26\/'><img loading=\"lazy\" decoding=\"async\" width=\"150\" height=\"150\" src=\"https:\/\/www.drivelife.it\/dlnew\/wp-content\/uploads\/2013\/10\/BMW_serie-5_touring_26-150x150.jpg\" class=\"attachment-thumbnail size-thumbnail\" alt=\"\" srcset=\"https:\/\/www.drivelife.it\/dlnew\/wp-content\/uploads\/2013\/10\/BMW_serie-5_touring_26-150x150.jpg 150w, https:\/\/www.drivelife.it\/dlnew\/wp-content\/uploads\/2013\/10\/BMW_serie-5_touring_26-480x480.jpg 480w, https:\/\/www.drivelife.it\/dlnew\/wp-content\/uploads\/2013\/10\/BMW_serie-5_touring_26-640x640.jpg 640w\" sizes=\"auto, (max-width: 150px) 100vw, 150px\" \/><\/a>\n                <\/dt><\/dl><dl class='gallery-item'>\n                <dt class='gallery-icon'>\n                    <a href='https:\/\/www.drivelife.it\/dlnew\/2013\/10\/11\/bmw-serie-5\/bmw_serie-5_touring_27\/'><img loading=\"lazy\" decoding=\"async\" width=\"150\" height=\"150\" src=\"https:\/\/www.drivelife.it\/dlnew\/wp-content\/uploads\/2013\/10\/BMW_serie-5_touring_27-150x150.jpg\" class=\"attachment-thumbnail size-thumbnail\" alt=\"\" srcset=\"https:\/\/www.drivelife.it\/dlnew\/wp-content\/uploads\/2013\/10\/BMW_serie-5_touring_27-150x150.jpg 150w, https:\/\/www.drivelife.it\/dlnew\/wp-content\/uploads\/2013\/10\/BMW_serie-5_touring_27-480x480.jpg 480w, https:\/\/www.drivelife.it\/dlnew\/wp-content\/uploads\/2013\/10\/BMW_serie-5_touring_27-640x640.jpg 640w\" sizes=\"auto, (max-width: 150px) 100vw, 150px\" \/><\/a>\n                <\/dt><\/dl><dl class='gallery-item'>\n                <dt class='gallery-icon'>\n                    <a href='https:\/\/www.drivelife.it\/dlnew\/2013\/10\/11\/bmw-serie-5\/bmw_serie-5_touring_28\/'><img loading=\"lazy\" decoding=\"async\" width=\"150\" height=\"150\" src=\"https:\/\/www.drivelife.it\/dlnew\/wp-content\/uploads\/2013\/10\/BMW_serie-5_touring_28-150x150.jpg\" class=\"attachment-thumbnail size-thumbnail\" alt=\"\" srcset=\"https:\/\/www.drivelife.it\/dlnew\/wp-content\/uploads\/2013\/10\/BMW_serie-5_touring_28-150x150.jpg 150w, https:\/\/www.drivelife.it\/dlnew\/wp-content\/uploads\/2013\/10\/BMW_serie-5_touring_28-480x480.jpg 480w, https:\/\/www.drivelife.it\/dlnew\/wp-content\/uploads\/2013\/10\/BMW_serie-5_touring_28-640x640.jpg 640w\" sizes=\"auto, (max-width: 150px) 100vw, 150px\" \/><\/a>\n                <\/dt><\/dl><dl class='gallery-item'>\n                <dt class='gallery-icon'>\n                    <a href='https:\/\/www.drivelife.it\/dlnew\/2013\/10\/11\/bmw-serie-5\/bmw_serie-5_touring_29\/'><img loading=\"lazy\" decoding=\"async\" width=\"150\" height=\"150\" src=\"https:\/\/www.drivelife.it\/dlnew\/wp-content\/uploads\/2013\/10\/BMW_serie-5_touring_29-150x150.jpg\" class=\"attachment-thumbnail size-thumbnail\" alt=\"\" srcset=\"https:\/\/www.drivelife.it\/dlnew\/wp-content\/uploads\/2013\/10\/BMW_serie-5_touring_29-150x150.jpg 150w, https:\/\/www.drivelife.it\/dlnew\/wp-content\/uploads\/2013\/10\/BMW_serie-5_touring_29-480x480.jpg 480w, https:\/\/www.drivelife.it\/dlnew\/wp-content\/uploads\/2013\/10\/BMW_serie-5_touring_29-640x640.jpg 640w\" sizes=\"auto, (max-width: 150px) 100vw, 150px\" \/><\/a>\n                <\/dt><\/dl><dl class='gallery-item'>\n                <dt class='gallery-icon'>\n                    <a href='https:\/\/www.drivelife.it\/dlnew\/2013\/10\/11\/bmw-serie-5\/bmw_serie-5_touring_30\/'><img loading=\"lazy\" decoding=\"async\" width=\"150\" height=\"150\" src=\"https:\/\/www.drivelife.it\/dlnew\/wp-content\/uploads\/2013\/10\/BMW_serie-5_touring_30-150x150.jpg\" class=\"attachment-thumbnail size-thumbnail\" alt=\"\" srcset=\"https:\/\/www.drivelife.it\/dlnew\/wp-content\/uploads\/2013\/10\/BMW_serie-5_touring_30-150x150.jpg 150w, https:\/\/www.drivelife.it\/dlnew\/wp-content\/uploads\/2013\/10\/BMW_serie-5_touring_30-480x480.jpg 480w, https:\/\/www.drivelife.it\/dlnew\/wp-content\/uploads\/2013\/10\/BMW_serie-5_touring_30-640x640.jpg 640w\" sizes=\"auto, (max-width: 150px) 100vw, 150px\" \/><\/a>\n                <\/dt><\/dl><br style=\"clear: both\" \/><dl class='gallery-item'>\n                <dt class='gallery-icon'>\n                    <a href='https:\/\/www.drivelife.it\/dlnew\/2013\/10\/11\/bmw-serie-5\/bmw_serie-5_touring_31\/'><img loading=\"lazy\" decoding=\"async\" width=\"150\" height=\"150\" src=\"https:\/\/www.drivelife.it\/dlnew\/wp-content\/uploads\/2013\/10\/BMW_serie-5_touring_31-150x150.jpg\" class=\"attachment-thumbnail size-thumbnail\" alt=\"\" srcset=\"https:\/\/www.drivelife.it\/dlnew\/wp-content\/uploads\/2013\/10\/BMW_serie-5_touring_31-150x150.jpg 150w, https:\/\/www.drivelife.it\/dlnew\/wp-content\/uploads\/2013\/10\/BMW_serie-5_touring_31-480x480.jpg 480w, https:\/\/www.drivelife.it\/dlnew\/wp-content\/uploads\/2013\/10\/BMW_serie-5_touring_31-640x640.jpg 640w\" sizes=\"auto, (max-width: 150px) 100vw, 150px\" \/><\/a>\n                <\/dt><\/dl><dl class='gallery-item'>\n                <dt class='gallery-icon'>\n                    <a href='https:\/\/www.drivelife.it\/dlnew\/2013\/10\/11\/bmw-serie-5\/bmw_serie-5_touring_32\/'><img loading=\"lazy\" decoding=\"async\" width=\"150\" height=\"150\" src=\"https:\/\/www.drivelife.it\/dlnew\/wp-content\/uploads\/2013\/10\/BMW_serie-5_touring_32-150x150.jpg\" class=\"attachment-thumbnail size-thumbnail\" alt=\"\" srcset=\"https:\/\/www.drivelife.it\/dlnew\/wp-content\/uploads\/2013\/10\/BMW_serie-5_touring_32-150x150.jpg 150w, https:\/\/www.drivelife.it\/dlnew\/wp-content\/uploads\/2013\/10\/BMW_serie-5_touring_32-480x480.jpg 480w, https:\/\/www.drivelife.it\/dlnew\/wp-content\/uploads\/2013\/10\/BMW_serie-5_touring_32-640x640.jpg 640w\" sizes=\"auto, (max-width: 150px) 100vw, 150px\" \/><\/a>\n                <\/dt><\/dl><dl class='gallery-item'>\n                <dt class='gallery-icon'>\n                    <a href='https:\/\/www.drivelife.it\/dlnew\/2013\/10\/11\/bmw-serie-5\/bmw_serie-5_touring_33\/'><img loading=\"lazy\" decoding=\"async\" width=\"150\" height=\"150\" src=\"https:\/\/www.drivelife.it\/dlnew\/wp-content\/uploads\/2013\/10\/BMW_serie-5_touring_33-150x150.jpg\" class=\"attachment-thumbnail size-thumbnail\" alt=\"\" srcset=\"https:\/\/www.drivelife.it\/dlnew\/wp-content\/uploads\/2013\/10\/BMW_serie-5_touring_33-150x150.jpg 150w, https:\/\/www.drivelife.it\/dlnew\/wp-content\/uploads\/2013\/10\/BMW_serie-5_touring_33-480x480.jpg 480w, https:\/\/www.drivelife.it\/dlnew\/wp-content\/uploads\/2013\/10\/BMW_serie-5_touring_33-640x640.jpg 640w\" sizes=\"auto, (max-width: 150px) 100vw, 150px\" \/><\/a>\n                <\/dt><\/dl><dl class='gallery-item'>\n                <dt class='gallery-icon'>\n                    <a href='https:\/\/www.drivelife.it\/dlnew\/2013\/10\/11\/bmw-serie-5\/bmw_serie-5_touring_34\/'><img loading=\"lazy\" decoding=\"async\" width=\"150\" height=\"150\" src=\"https:\/\/www.drivelife.it\/dlnew\/wp-content\/uploads\/2013\/10\/BMW_serie-5_touring_34-150x150.jpg\" class=\"attachment-thumbnail size-thumbnail\" alt=\"\" srcset=\"https:\/\/www.drivelife.it\/dlnew\/wp-content\/uploads\/2013\/10\/BMW_serie-5_touring_34-150x150.jpg 150w, https:\/\/www.drivelife.it\/dlnew\/wp-content\/uploads\/2013\/10\/BMW_serie-5_touring_34-480x480.jpg 480w, https:\/\/www.drivelife.it\/dlnew\/wp-content\/uploads\/2013\/10\/BMW_serie-5_touring_34-640x640.jpg 640w\" sizes=\"auto, (max-width: 150px) 100vw, 150px\" \/><\/a>\n                <\/dt><\/dl><dl class='gallery-item'>\n                <dt class='gallery-icon'>\n                    <a href='https:\/\/www.drivelife.it\/dlnew\/2013\/10\/11\/bmw-serie-5\/bmw_serie-5_touring_35\/'><img loading=\"lazy\" decoding=\"async\" width=\"150\" height=\"150\" src=\"https:\/\/www.drivelife.it\/dlnew\/wp-content\/uploads\/2013\/10\/BMW_serie-5_touring_35-150x150.jpg\" class=\"attachment-thumbnail size-thumbnail\" alt=\"\" srcset=\"https:\/\/www.drivelife.it\/dlnew\/wp-content\/uploads\/2013\/10\/BMW_serie-5_touring_35-150x150.jpg 150w, https:\/\/www.drivelife.it\/dlnew\/wp-content\/uploads\/2013\/10\/BMW_serie-5_touring_35-480x480.jpg 480w, https:\/\/www.drivelife.it\/dlnew\/wp-content\/uploads\/2013\/10\/BMW_serie-5_touring_35-640x640.jpg 640w\" sizes=\"auto, (max-width: 150px) 100vw, 150px\" \/><\/a>\n                <\/dt><\/dl><dl class='gallery-item'>\n                <dt class='gallery-icon'>\n                    <a href='https:\/\/www.drivelife.it\/dlnew\/2013\/10\/11\/bmw-serie-5\/bmw_serie-5_touring_36\/'><img loading=\"lazy\" decoding=\"async\" width=\"150\" height=\"150\" src=\"https:\/\/www.drivelife.it\/dlnew\/wp-content\/uploads\/2013\/10\/BMW_serie-5_touring_36-150x150.jpg\" class=\"attachment-thumbnail size-thumbnail\" alt=\"\" srcset=\"https:\/\/www.drivelife.it\/dlnew\/wp-content\/uploads\/2013\/10\/BMW_serie-5_touring_36-150x150.jpg 150w, https:\/\/www.drivelife.it\/dlnew\/wp-content\/uploads\/2013\/10\/BMW_serie-5_touring_36-480x480.jpg 480w, https:\/\/www.drivelife.it\/dlnew\/wp-content\/uploads\/2013\/10\/BMW_serie-5_touring_36-640x640.jpg 640w\" sizes=\"auto, (max-width: 150px) 100vw, 150px\" \/><\/a>\n                <\/dt><\/dl><dl class='gallery-item'>\n                <dt class='gallery-icon'>\n                    <a href='https:\/\/www.drivelife.it\/dlnew\/2013\/10\/11\/bmw-serie-5\/bmw_serie-5_touring_37\/'><img loading=\"lazy\" decoding=\"async\" width=\"150\" height=\"150\" src=\"https:\/\/www.drivelife.it\/dlnew\/wp-content\/uploads\/2013\/10\/BMW_serie-5_touring_37-150x150.jpg\" class=\"attachment-thumbnail size-thumbnail\" alt=\"\" srcset=\"https:\/\/www.drivelife.it\/dlnew\/wp-content\/uploads\/2013\/10\/BMW_serie-5_touring_37-150x150.jpg 150w, https:\/\/www.drivelife.it\/dlnew\/wp-content\/uploads\/2013\/10\/BMW_serie-5_touring_37-480x480.jpg 480w, https:\/\/www.drivelife.it\/dlnew\/wp-content\/uploads\/2013\/10\/BMW_serie-5_touring_37-640x640.jpg 640w\" sizes=\"auto, (max-width: 150px) 100vw, 150px\" \/><\/a>\n                <\/dt><\/dl><dl class='gallery-item'>\n                <dt class='gallery-icon'>\n                    <a href='https:\/\/www.drivelife.it\/dlnew\/2013\/10\/11\/bmw-serie-5\/bmw_serie-5_touring_38\/'><img loading=\"lazy\" decoding=\"async\" width=\"150\" height=\"150\" src=\"https:\/\/www.drivelife.it\/dlnew\/wp-content\/uploads\/2013\/10\/BMW_serie-5_touring_38-150x150.jpg\" class=\"attachment-thumbnail size-thumbnail\" alt=\"\" srcset=\"https:\/\/www.drivelife.it\/dlnew\/wp-content\/uploads\/2013\/10\/BMW_serie-5_touring_38-150x150.jpg 150w, https:\/\/www.drivelife.it\/dlnew\/wp-content\/uploads\/2013\/10\/BMW_serie-5_touring_38-480x480.jpg 480w, https:\/\/www.drivelife.it\/dlnew\/wp-content\/uploads\/2013\/10\/BMW_serie-5_touring_38-640x640.jpg 640w\" sizes=\"auto, (max-width: 150px) 100vw, 150px\" \/><\/a>\n                <\/dt><\/dl><dl class='gallery-item'>\n                <dt class='gallery-icon'>\n                    <a href='https:\/\/www.drivelife.it\/dlnew\/2013\/10\/11\/bmw-serie-5\/bmw_serie-5_touring_39\/'><img loading=\"lazy\" decoding=\"async\" width=\"150\" height=\"150\" src=\"https:\/\/www.drivelife.it\/dlnew\/wp-content\/uploads\/2013\/10\/BMW_serie-5_touring_39-150x150.jpg\" class=\"attachment-thumbnail size-thumbnail\" alt=\"\" srcset=\"https:\/\/www.drivelife.it\/dlnew\/wp-content\/uploads\/2013\/10\/BMW_serie-5_touring_39-150x150.jpg 150w, https:\/\/www.drivelife.it\/dlnew\/wp-content\/uploads\/2013\/10\/BMW_serie-5_touring_39-480x480.jpg 480w, https:\/\/www.drivelife.it\/dlnew\/wp-content\/uploads\/2013\/10\/BMW_serie-5_touring_39-640x640.jpg 640w\" sizes=\"auto, (max-width: 150px) 100vw, 150px\" \/><\/a>\n                <\/dt><\/dl><br style=\"clear: both\" \/><dl class='gallery-item'>\n                <dt class='gallery-icon'>\n                    <a href='https:\/\/www.drivelife.it\/dlnew\/2013\/10\/11\/bmw-serie-5\/bmw_serie-5_touring_40\/'><img loading=\"lazy\" decoding=\"async\" width=\"150\" height=\"150\" src=\"https:\/\/www.drivelife.it\/dlnew\/wp-content\/uploads\/2013\/10\/BMW_serie-5_touring_40-150x150.jpg\" class=\"attachment-thumbnail size-thumbnail\" alt=\"\" srcset=\"https:\/\/www.drivelife.it\/dlnew\/wp-content\/uploads\/2013\/10\/BMW_serie-5_touring_40-150x150.jpg 150w, https:\/\/www.drivelife.it\/dlnew\/wp-content\/uploads\/2013\/10\/BMW_serie-5_touring_40-480x480.jpg 480w, https:\/\/www.drivelife.it\/dlnew\/wp-content\/uploads\/2013\/10\/BMW_serie-5_touring_40-640x640.jpg 640w\" sizes=\"auto, (max-width: 150px) 100vw, 150px\" \/><\/a>\n                <\/dt><\/dl><dl class='gallery-item'>\n                <dt class='gallery-icon'>\n                    <a href='https:\/\/www.drivelife.it\/dlnew\/2013\/10\/11\/bmw-serie-5\/bmw_serie-5_touring_41\/'><img loading=\"lazy\" decoding=\"async\" width=\"150\" height=\"150\" src=\"https:\/\/www.drivelife.it\/dlnew\/wp-content\/uploads\/2013\/10\/BMW_serie-5_touring_41-150x150.jpg\" class=\"attachment-thumbnail size-thumbnail\" alt=\"\" srcset=\"https:\/\/www.drivelife.it\/dlnew\/wp-content\/uploads\/2013\/10\/BMW_serie-5_touring_41-150x150.jpg 150w, https:\/\/www.drivelife.it\/dlnew\/wp-content\/uploads\/2013\/10\/BMW_serie-5_touring_41-480x480.jpg 480w, https:\/\/www.drivelife.it\/dlnew\/wp-content\/uploads\/2013\/10\/BMW_serie-5_touring_41-640x640.jpg 640w\" sizes=\"auto, (max-width: 150px) 100vw, 150px\" \/><\/a>\n                <\/dt><\/dl><dl class='gallery-item'>\n                <dt class='gallery-icon'>\n                    <a href='https:\/\/www.drivelife.it\/dlnew\/2013\/10\/11\/bmw-serie-5\/bmw_serie-5_touring_42\/'><img loading=\"lazy\" decoding=\"async\" width=\"150\" height=\"150\" src=\"https:\/\/www.drivelife.it\/dlnew\/wp-content\/uploads\/2013\/10\/BMW_serie-5_touring_42-150x150.jpg\" class=\"attachment-thumbnail size-thumbnail\" alt=\"\" srcset=\"https:\/\/www.drivelife.it\/dlnew\/wp-content\/uploads\/2013\/10\/BMW_serie-5_touring_42-150x150.jpg 150w, https:\/\/www.drivelife.it\/dlnew\/wp-content\/uploads\/2013\/10\/BMW_serie-5_touring_42-480x480.jpg 480w, https:\/\/www.drivelife.it\/dlnew\/wp-content\/uploads\/2013\/10\/BMW_serie-5_touring_42-640x640.jpg 640w\" sizes=\"auto, (max-width: 150px) 100vw, 150px\" \/><\/a>\n                <\/dt><\/dl><dl class='gallery-item'>\n                <dt class='gallery-icon'>\n                    <a href='https:\/\/www.drivelife.it\/dlnew\/2013\/10\/11\/bmw-serie-5\/bmw_serie-5_touring_43\/'><img loading=\"lazy\" decoding=\"async\" width=\"150\" height=\"150\" src=\"https:\/\/www.drivelife.it\/dlnew\/wp-content\/uploads\/2013\/10\/BMW_serie-5_touring_43-150x150.jpg\" class=\"attachment-thumbnail size-thumbnail\" alt=\"\" srcset=\"https:\/\/www.drivelife.it\/dlnew\/wp-content\/uploads\/2013\/10\/BMW_serie-5_touring_43-150x150.jpg 150w, https:\/\/www.drivelife.it\/dlnew\/wp-content\/uploads\/2013\/10\/BMW_serie-5_touring_43-480x480.jpg 480w, https:\/\/www.drivelife.it\/dlnew\/wp-content\/uploads\/2013\/10\/BMW_serie-5_touring_43-640x640.jpg 640w\" sizes=\"auto, (max-width: 150px) 100vw, 150px\" \/><\/a>\n                <\/dt><\/dl><dl class='gallery-item'>\n                <dt class='gallery-icon'>\n                    <a href='https:\/\/www.drivelife.it\/dlnew\/2013\/10\/11\/bmw-serie-5\/bmw_serie-5_touring_44\/'><img loading=\"lazy\" decoding=\"async\" width=\"150\" height=\"150\" src=\"https:\/\/www.drivelife.it\/dlnew\/wp-content\/uploads\/2013\/10\/BMW_serie-5_touring_44-150x150.jpg\" class=\"attachment-thumbnail size-thumbnail\" alt=\"\" srcset=\"https:\/\/www.drivelife.it\/dlnew\/wp-content\/uploads\/2013\/10\/BMW_serie-5_touring_44-150x150.jpg 150w, https:\/\/www.drivelife.it\/dlnew\/wp-content\/uploads\/2013\/10\/BMW_serie-5_touring_44-480x480.jpg 480w, https:\/\/www.drivelife.it\/dlnew\/wp-content\/uploads\/2013\/10\/BMW_serie-5_touring_44-640x640.jpg 640w\" sizes=\"auto, (max-width: 150px) 100vw, 150px\" \/><\/a>\n                <\/dt><\/dl><dl class='gallery-item'>\n                <dt class='gallery-icon'>\n                    <a href='https:\/\/www.drivelife.it\/dlnew\/2013\/10\/11\/bmw-serie-5\/bmw_serie-5_touring_45\/'><img loading=\"lazy\" decoding=\"async\" width=\"150\" height=\"150\" src=\"https:\/\/www.drivelife.it\/dlnew\/wp-content\/uploads\/2013\/10\/BMW_serie-5_touring_45-150x150.jpg\" class=\"attachment-thumbnail size-thumbnail\" alt=\"\" srcset=\"https:\/\/www.drivelife.it\/dlnew\/wp-content\/uploads\/2013\/10\/BMW_serie-5_touring_45-150x150.jpg 150w, https:\/\/www.drivelife.it\/dlnew\/wp-content\/uploads\/2013\/10\/BMW_serie-5_touring_45-480x480.jpg 480w, https:\/\/www.drivelife.it\/dlnew\/wp-content\/uploads\/2013\/10\/BMW_serie-5_touring_45-640x640.jpg 640w\" sizes=\"auto, (max-width: 150px) 100vw, 150px\" \/><\/a>\n                <\/dt><\/dl><dl class='gallery-item'>\n                <dt class='gallery-icon'>\n                    <a href='https:\/\/www.drivelife.it\/dlnew\/2013\/10\/11\/bmw-serie-5\/bmw_serie-5_touring_46\/'><img loading=\"lazy\" decoding=\"async\" width=\"150\" height=\"150\" src=\"https:\/\/www.drivelife.it\/dlnew\/wp-content\/uploads\/2013\/10\/BMW_serie-5_touring_46-150x150.jpg\" class=\"attachment-thumbnail size-thumbnail\" alt=\"\" srcset=\"https:\/\/www.drivelife.it\/dlnew\/wp-content\/uploads\/2013\/10\/BMW_serie-5_touring_46-150x150.jpg 150w, https:\/\/www.drivelife.it\/dlnew\/wp-content\/uploads\/2013\/10\/BMW_serie-5_touring_46-480x480.jpg 480w, https:\/\/www.drivelife.it\/dlnew\/wp-content\/uploads\/2013\/10\/BMW_serie-5_touring_46-640x640.jpg 640w\" sizes=\"auto, (max-width: 150px) 100vw, 150px\" \/><\/a>\n                <\/dt><\/dl><dl class='gallery-item'>\n                <dt class='gallery-icon'>\n                    <a href='https:\/\/www.drivelife.it\/dlnew\/2013\/10\/11\/bmw-serie-5\/bmw_serie-5_touring_47\/'><img loading=\"lazy\" decoding=\"async\" width=\"150\" height=\"150\" src=\"https:\/\/www.drivelife.it\/dlnew\/wp-content\/uploads\/2013\/10\/BMW_serie-5_touring_47-150x150.jpg\" class=\"attachment-thumbnail size-thumbnail\" alt=\"\" srcset=\"https:\/\/www.drivelife.it\/dlnew\/wp-content\/uploads\/2013\/10\/BMW_serie-5_touring_47-150x150.jpg 150w, https:\/\/www.drivelife.it\/dlnew\/wp-content\/uploads\/2013\/10\/BMW_serie-5_touring_47-480x480.jpg 480w, https:\/\/www.drivelife.it\/dlnew\/wp-content\/uploads\/2013\/10\/BMW_serie-5_touring_47-640x640.jpg 640w\" sizes=\"auto, (max-width: 150px) 100vw, 150px\" \/><\/a>\n                <\/dt><\/dl><dl class='gallery-item'>\n                <dt class='gallery-icon'>\n                    <a href='https:\/\/www.drivelife.it\/dlnew\/2013\/10\/11\/bmw-serie-5\/bmw_serie-5_touring_48\/'><img loading=\"lazy\" decoding=\"async\" width=\"150\" height=\"150\" src=\"https:\/\/www.drivelife.it\/dlnew\/wp-content\/uploads\/2013\/10\/BMW_serie-5_touring_48-150x150.jpg\" class=\"attachment-thumbnail size-thumbnail\" alt=\"\" srcset=\"https:\/\/www.drivelife.it\/dlnew\/wp-content\/uploads\/2013\/10\/BMW_serie-5_touring_48-150x150.jpg 150w, https:\/\/www.drivelife.it\/dlnew\/wp-content\/uploads\/2013\/10\/BMW_serie-5_touring_48-480x480.jpg 480w, https:\/\/www.drivelife.it\/dlnew\/wp-content\/uploads\/2013\/10\/BMW_serie-5_touring_48-640x640.jpg 640w\" sizes=\"auto, (max-width: 150px) 100vw, 150px\" \/><\/a>\n                <\/dt><\/dl><br style=\"clear: both\" \/><dl class='gallery-item'>\n                <dt class='gallery-icon'>\n                    <a href='https:\/\/www.drivelife.it\/dlnew\/2013\/10\/11\/bmw-serie-5\/bmw_serie-5_touring_49\/'><img loading=\"lazy\" decoding=\"async\" width=\"150\" height=\"150\" src=\"https:\/\/www.drivelife.it\/dlnew\/wp-content\/uploads\/2013\/10\/BMW_serie-5_touring_49-150x150.jpg\" class=\"attachment-thumbnail size-thumbnail\" alt=\"\" srcset=\"https:\/\/www.drivelife.it\/dlnew\/wp-content\/uploads\/2013\/10\/BMW_serie-5_touring_49-150x150.jpg 150w, https:\/\/www.drivelife.it\/dlnew\/wp-content\/uploads\/2013\/10\/BMW_serie-5_touring_49-480x480.jpg 480w, https:\/\/www.drivelife.it\/dlnew\/wp-content\/uploads\/2013\/10\/BMW_serie-5_touring_49-640x640.jpg 640w\" sizes=\"auto, (max-width: 150px) 100vw, 150px\" \/><\/a>\n                <\/dt><\/dl><dl class='gallery-item'>\n                <dt class='gallery-icon'>\n                    <a href='https:\/\/www.drivelife.it\/dlnew\/2013\/10\/11\/bmw-serie-5\/bmw_serie-5_touring_50\/'><img loading=\"lazy\" decoding=\"async\" width=\"150\" height=\"150\" src=\"https:\/\/www.drivelife.it\/dlnew\/wp-content\/uploads\/2013\/10\/BMW_serie-5_touring_50-150x150.jpg\" class=\"attachment-thumbnail size-thumbnail\" alt=\"\" srcset=\"https:\/\/www.drivelife.it\/dlnew\/wp-content\/uploads\/2013\/10\/BMW_serie-5_touring_50-150x150.jpg 150w, https:\/\/www.drivelife.it\/dlnew\/wp-content\/uploads\/2013\/10\/BMW_serie-5_touring_50-480x480.jpg 480w, https:\/\/www.drivelife.it\/dlnew\/wp-content\/uploads\/2013\/10\/BMW_serie-5_touring_50-640x640.jpg 640w\" sizes=\"auto, (max-width: 150px) 100vw, 150px\" \/><\/a>\n                <\/dt><\/dl><dl class='gallery-item'>\n                <dt class='gallery-icon'>\n                    <a href='https:\/\/www.drivelife.it\/dlnew\/2013\/10\/11\/bmw-serie-5\/bmw_serie-5_touring_51\/'><img loading=\"lazy\" decoding=\"async\" width=\"150\" height=\"150\" src=\"https:\/\/www.drivelife.it\/dlnew\/wp-content\/uploads\/2013\/10\/BMW_serie-5_touring_51-150x150.jpg\" class=\"attachment-thumbnail size-thumbnail\" alt=\"\" srcset=\"https:\/\/www.drivelife.it\/dlnew\/wp-content\/uploads\/2013\/10\/BMW_serie-5_touring_51-150x150.jpg 150w, https:\/\/www.drivelife.it\/dlnew\/wp-content\/uploads\/2013\/10\/BMW_serie-5_touring_51-480x480.jpg 480w, https:\/\/www.drivelife.it\/dlnew\/wp-content\/uploads\/2013\/10\/BMW_serie-5_touring_51-640x640.jpg 640w\" sizes=\"auto, (max-width: 150px) 100vw, 150px\" \/><\/a>\n                <\/dt><\/dl><dl class='gallery-item'>\n                <dt class='gallery-icon'>\n                    <a href='https:\/\/www.drivelife.it\/dlnew\/2013\/10\/11\/bmw-serie-5\/bmw_serie-5_touring_52\/'><img loading=\"lazy\" decoding=\"async\" width=\"150\" height=\"150\" src=\"https:\/\/www.drivelife.it\/dlnew\/wp-content\/uploads\/2013\/10\/BMW_serie-5_touring_52-150x150.jpg\" class=\"attachment-thumbnail size-thumbnail\" alt=\"\" srcset=\"https:\/\/www.drivelife.it\/dlnew\/wp-content\/uploads\/2013\/10\/BMW_serie-5_touring_52-150x150.jpg 150w, https:\/\/www.drivelife.it\/dlnew\/wp-content\/uploads\/2013\/10\/BMW_serie-5_touring_52-480x480.jpg 480w, https:\/\/www.drivelife.it\/dlnew\/wp-content\/uploads\/2013\/10\/BMW_serie-5_touring_52-640x640.jpg 640w\" sizes=\"auto, (max-width: 150px) 100vw, 150px\" \/><\/a>\n                <\/dt><\/dl><dl class='gallery-item'>\n                <dt class='gallery-icon'>\n                    <a href='https:\/\/www.drivelife.it\/dlnew\/2013\/10\/11\/bmw-serie-5\/bmw_serie-5_touring_54\/'><img loading=\"lazy\" decoding=\"async\" width=\"150\" height=\"150\" src=\"https:\/\/www.drivelife.it\/dlnew\/wp-content\/uploads\/2013\/10\/BMW_serie-5_touring_54-150x150.jpg\" class=\"attachment-thumbnail size-thumbnail\" alt=\"\" srcset=\"https:\/\/www.drivelife.it\/dlnew\/wp-content\/uploads\/2013\/10\/BMW_serie-5_touring_54-150x150.jpg 150w, https:\/\/www.drivelife.it\/dlnew\/wp-content\/uploads\/2013\/10\/BMW_serie-5_touring_54-480x480.jpg 480w, https:\/\/www.drivelife.it\/dlnew\/wp-content\/uploads\/2013\/10\/BMW_serie-5_touring_54-640x640.jpg 640w\" sizes=\"auto, (max-width: 150px) 100vw, 150px\" \/><\/a>\n                <\/dt><\/dl><dl class='gallery-item'>\n                <dt class='gallery-icon'>\n                    <a href='https:\/\/www.drivelife.it\/dlnew\/2013\/10\/11\/bmw-serie-5\/bmw_serie-5_touring_55\/'><img loading=\"lazy\" decoding=\"async\" width=\"150\" height=\"150\" src=\"https:\/\/www.drivelife.it\/dlnew\/wp-content\/uploads\/2013\/10\/BMW_serie-5_touring_55-150x150.jpg\" class=\"attachment-thumbnail size-thumbnail\" alt=\"\" srcset=\"https:\/\/www.drivelife.it\/dlnew\/wp-content\/uploads\/2013\/10\/BMW_serie-5_touring_55-150x150.jpg 150w, https:\/\/www.drivelife.it\/dlnew\/wp-content\/uploads\/2013\/10\/BMW_serie-5_touring_55-480x480.jpg 480w, https:\/\/www.drivelife.it\/dlnew\/wp-content\/uploads\/2013\/10\/BMW_serie-5_touring_55-640x640.jpg 640w\" sizes=\"auto, (max-width: 150px) 100vw, 150px\" \/><\/a>\n                <\/dt><\/dl><dl class='gallery-item'>\n                <dt class='gallery-icon'>\n                    <a href='https:\/\/www.drivelife.it\/dlnew\/2013\/10\/11\/bmw-serie-5\/bmw_serie-5_touring_56\/'><img loading=\"lazy\" decoding=\"async\" width=\"150\" height=\"150\" src=\"https:\/\/www.drivelife.it\/dlnew\/wp-content\/uploads\/2013\/10\/BMW_serie-5_touring_56-150x150.jpg\" class=\"attachment-thumbnail size-thumbnail\" alt=\"\" srcset=\"https:\/\/www.drivelife.it\/dlnew\/wp-content\/uploads\/2013\/10\/BMW_serie-5_touring_56-150x150.jpg 150w, https:\/\/www.drivelife.it\/dlnew\/wp-content\/uploads\/2013\/10\/BMW_serie-5_touring_56-480x480.jpg 480w, https:\/\/www.drivelife.it\/dlnew\/wp-content\/uploads\/2013\/10\/BMW_serie-5_touring_56-640x640.jpg 640w\" sizes=\"auto, (max-width: 150px) 100vw, 150px\" \/><\/a>\n                <\/dt><\/dl><dl class='gallery-item'>\n                <dt class='gallery-icon'>\n                    <a href='https:\/\/www.drivelife.it\/dlnew\/2013\/10\/11\/bmw-serie-5\/bmw_serie-5_touring_57\/'><img loading=\"lazy\" decoding=\"async\" width=\"150\" height=\"150\" src=\"https:\/\/www.drivelife.it\/dlnew\/wp-content\/uploads\/2013\/10\/BMW_serie-5_touring_57-150x150.jpg\" class=\"attachment-thumbnail size-thumbnail\" alt=\"\" srcset=\"https:\/\/www.drivelife.it\/dlnew\/wp-content\/uploads\/2013\/10\/BMW_serie-5_touring_57-150x150.jpg 150w, https:\/\/www.drivelife.it\/dlnew\/wp-content\/uploads\/2013\/10\/BMW_serie-5_touring_57-480x480.jpg 480w, https:\/\/www.drivelife.it\/dlnew\/wp-content\/uploads\/2013\/10\/BMW_serie-5_touring_57-640x640.jpg 640w\" sizes=\"auto, (max-width: 150px) 100vw, 150px\" \/><\/a>\n                <\/dt><\/dl><dl class='gallery-item'>\n                <dt class='gallery-icon'>\n                    <a href='https:\/\/www.drivelife.it\/dlnew\/2013\/10\/11\/bmw-serie-5\/bmw_serie-5_01\/'><img loading=\"lazy\" decoding=\"async\" width=\"150\" height=\"150\" src=\"https:\/\/www.drivelife.it\/dlnew\/wp-content\/uploads\/2013\/10\/BMW_serie-5_01-150x150.jpg\" class=\"attachment-thumbnail size-thumbnail\" alt=\"\" srcset=\"https:\/\/www.drivelife.it\/dlnew\/wp-content\/uploads\/2013\/10\/BMW_serie-5_01-150x150.jpg 150w, https:\/\/www.drivelife.it\/dlnew\/wp-content\/uploads\/2013\/10\/BMW_serie-5_01-480x480.jpg 480w, https:\/\/www.drivelife.it\/dlnew\/wp-content\/uploads\/2013\/10\/BMW_serie-5_01-640x640.jpg 640w\" sizes=\"auto, (max-width: 150px) 100vw, 150px\" \/><\/a>\n                <\/dt><\/dl><br style=\"clear: both\" \/><dl class='gallery-item'>\n                <dt class='gallery-icon'>\n                    <a href='https:\/\/www.drivelife.it\/dlnew\/2013\/10\/11\/bmw-serie-5\/bmw_serie-5_02\/'><img loading=\"lazy\" decoding=\"async\" width=\"150\" height=\"150\" src=\"https:\/\/www.drivelife.it\/dlnew\/wp-content\/uploads\/2013\/10\/BMW_serie-5_02-150x150.jpg\" class=\"attachment-thumbnail size-thumbnail\" alt=\"\" srcset=\"https:\/\/www.drivelife.it\/dlnew\/wp-content\/uploads\/2013\/10\/BMW_serie-5_02-150x150.jpg 150w, https:\/\/www.drivelife.it\/dlnew\/wp-content\/uploads\/2013\/10\/BMW_serie-5_02-480x480.jpg 480w, https:\/\/www.drivelife.it\/dlnew\/wp-content\/uploads\/2013\/10\/BMW_serie-5_02-640x640.jpg 640w\" sizes=\"auto, (max-width: 150px) 100vw, 150px\" \/><\/a>\n                <\/dt><\/dl><dl class='gallery-item'>\n                <dt class='gallery-icon'>\n                    <a href='https:\/\/www.drivelife.it\/dlnew\/2013\/10\/11\/bmw-serie-5\/bmw_serie-5_03\/'><img loading=\"lazy\" decoding=\"async\" width=\"150\" height=\"150\" src=\"https:\/\/www.drivelife.it\/dlnew\/wp-content\/uploads\/2013\/10\/BMW_serie-5_03-150x150.jpg\" class=\"attachment-thumbnail size-thumbnail\" alt=\"\" srcset=\"https:\/\/www.drivelife.it\/dlnew\/wp-content\/uploads\/2013\/10\/BMW_serie-5_03-150x150.jpg 150w, https:\/\/www.drivelife.it\/dlnew\/wp-content\/uploads\/2013\/10\/BMW_serie-5_03-480x480.jpg 480w, https:\/\/www.drivelife.it\/dlnew\/wp-content\/uploads\/2013\/10\/BMW_serie-5_03-640x640.jpg 640w\" sizes=\"auto, (max-width: 150px) 100vw, 150px\" \/><\/a>\n                <\/dt><\/dl><dl class='gallery-item'>\n                <dt class='gallery-icon'>\n                    <a href='https:\/\/www.drivelife.it\/dlnew\/2013\/10\/11\/bmw-serie-5\/bmw_serie-5_04\/'><img loading=\"lazy\" decoding=\"async\" width=\"150\" height=\"150\" src=\"https:\/\/www.drivelife.it\/dlnew\/wp-content\/uploads\/2013\/10\/BMW_serie-5_04-150x150.jpg\" class=\"attachment-thumbnail size-thumbnail\" alt=\"\" srcset=\"https:\/\/www.drivelife.it\/dlnew\/wp-content\/uploads\/2013\/10\/BMW_serie-5_04-150x150.jpg 150w, https:\/\/www.drivelife.it\/dlnew\/wp-content\/uploads\/2013\/10\/BMW_serie-5_04-480x480.jpg 480w, https:\/\/www.drivelife.it\/dlnew\/wp-content\/uploads\/2013\/10\/BMW_serie-5_04-640x640.jpg 640w\" sizes=\"auto, (max-width: 150px) 100vw, 150px\" \/><\/a>\n                <\/dt><\/dl><dl class='gallery-item'>\n                <dt class='gallery-icon'>\n                    <a href='https:\/\/www.drivelife.it\/dlnew\/2013\/10\/11\/bmw-serie-5\/bmw_serie-5_05\/'><img loading=\"lazy\" decoding=\"async\" width=\"150\" height=\"150\" src=\"https:\/\/www.drivelife.it\/dlnew\/wp-content\/uploads\/2013\/10\/BMW_serie-5_05-150x150.jpg\" class=\"attachment-thumbnail size-thumbnail\" alt=\"\" srcset=\"https:\/\/www.drivelife.it\/dlnew\/wp-content\/uploads\/2013\/10\/BMW_serie-5_05-150x150.jpg 150w, https:\/\/www.drivelife.it\/dlnew\/wp-content\/uploads\/2013\/10\/BMW_serie-5_05-480x480.jpg 480w, https:\/\/www.drivelife.it\/dlnew\/wp-content\/uploads\/2013\/10\/BMW_serie-5_05-640x640.jpg 640w\" sizes=\"auto, (max-width: 150px) 100vw, 150px\" \/><\/a>\n                <\/dt><\/dl><dl class='gallery-item'>\n                <dt class='gallery-icon'>\n                    <a href='https:\/\/www.drivelife.it\/dlnew\/2013\/10\/11\/bmw-serie-5\/bmw_serie-5_06\/'><img loading=\"lazy\" decoding=\"async\" width=\"150\" height=\"150\" src=\"https:\/\/www.drivelife.it\/dlnew\/wp-content\/uploads\/2013\/10\/BMW_serie-5_06-150x150.jpg\" class=\"attachment-thumbnail size-thumbnail\" alt=\"\" srcset=\"https:\/\/www.drivelife.it\/dlnew\/wp-content\/uploads\/2013\/10\/BMW_serie-5_06-150x150.jpg 150w, https:\/\/www.drivelife.it\/dlnew\/wp-content\/uploads\/2013\/10\/BMW_serie-5_06-480x480.jpg 480w, https:\/\/www.drivelife.it\/dlnew\/wp-content\/uploads\/2013\/10\/BMW_serie-5_06-640x640.jpg 640w\" sizes=\"auto, (max-width: 150px) 100vw, 150px\" \/><\/a>\n                <\/dt><\/dl><dl class='gallery-item'>\n                <dt class='gallery-icon'>\n                    <a href='https:\/\/www.drivelife.it\/dlnew\/2013\/10\/11\/bmw-serie-5\/bmw_serie-5_07\/'><img loading=\"lazy\" decoding=\"async\" width=\"150\" height=\"150\" src=\"https:\/\/www.drivelife.it\/dlnew\/wp-content\/uploads\/2013\/10\/BMW_serie-5_07-150x150.jpg\" class=\"attachment-thumbnail size-thumbnail\" alt=\"\" srcset=\"https:\/\/www.drivelife.it\/dlnew\/wp-content\/uploads\/2013\/10\/BMW_serie-5_07-150x150.jpg 150w, https:\/\/www.drivelife.it\/dlnew\/wp-content\/uploads\/2013\/10\/BMW_serie-5_07-480x480.jpg 480w, https:\/\/www.drivelife.it\/dlnew\/wp-content\/uploads\/2013\/10\/BMW_serie-5_07-640x640.jpg 640w\" sizes=\"auto, (max-width: 150px) 100vw, 150px\" \/><\/a>\n                <\/dt><\/dl><dl class='gallery-item'>\n                <dt class='gallery-icon'>\n                    <a href='https:\/\/www.drivelife.it\/dlnew\/2013\/10\/11\/bmw-serie-5\/bmw_serie-5_08\/'><img loading=\"lazy\" decoding=\"async\" width=\"150\" height=\"150\" src=\"https:\/\/www.drivelife.it\/dlnew\/wp-content\/uploads\/2013\/10\/BMW_serie-5_08-150x150.jpg\" class=\"attachment-thumbnail size-thumbnail\" alt=\"\" srcset=\"https:\/\/www.drivelife.it\/dlnew\/wp-content\/uploads\/2013\/10\/BMW_serie-5_08-150x150.jpg 150w, https:\/\/www.drivelife.it\/dlnew\/wp-content\/uploads\/2013\/10\/BMW_serie-5_08-480x480.jpg 480w, https:\/\/www.drivelife.it\/dlnew\/wp-content\/uploads\/2013\/10\/BMW_serie-5_08-640x640.jpg 640w\" sizes=\"auto, (max-width: 150px) 100vw, 150px\" \/><\/a>\n                <\/dt><\/dl><dl class='gallery-item'>\n                <dt class='gallery-icon'>\n                    <a href='https:\/\/www.drivelife.it\/dlnew\/2013\/10\/11\/bmw-serie-5\/bmw_serie-5_09\/'><img loading=\"lazy\" decoding=\"async\" width=\"150\" height=\"150\" src=\"https:\/\/www.drivelife.it\/dlnew\/wp-content\/uploads\/2013\/10\/BMW_serie-5_09-150x150.jpg\" class=\"attachment-thumbnail size-thumbnail\" alt=\"\" srcset=\"https:\/\/www.drivelife.it\/dlnew\/wp-content\/uploads\/2013\/10\/BMW_serie-5_09-150x150.jpg 150w, https:\/\/www.drivelife.it\/dlnew\/wp-content\/uploads\/2013\/10\/BMW_serie-5_09-480x480.jpg 480w, https:\/\/www.drivelife.it\/dlnew\/wp-content\/uploads\/2013\/10\/BMW_serie-5_09-640x640.jpg 640w\" sizes=\"auto, (max-width: 150px) 100vw, 150px\" \/><\/a>\n                <\/dt><\/dl><dl class='gallery-item'>\n                <dt class='gallery-icon'>\n                    <a href='https:\/\/www.drivelife.it\/dlnew\/2013\/10\/11\/bmw-serie-5\/bmw_serie-5_10\/'><img loading=\"lazy\" decoding=\"async\" width=\"150\" height=\"150\" src=\"https:\/\/www.drivelife.it\/dlnew\/wp-content\/uploads\/2013\/10\/BMW_serie-5_10-150x150.jpg\" class=\"attachment-thumbnail size-thumbnail\" alt=\"\" srcset=\"https:\/\/www.drivelife.it\/dlnew\/wp-content\/uploads\/2013\/10\/BMW_serie-5_10-150x150.jpg 150w, https:\/\/www.drivelife.it\/dlnew\/wp-content\/uploads\/2013\/10\/BMW_serie-5_10-480x480.jpg 480w, https:\/\/www.drivelife.it\/dlnew\/wp-content\/uploads\/2013\/10\/BMW_serie-5_10-640x640.jpg 640w\" sizes=\"auto, (max-width: 150px) 100vw, 150px\" \/><\/a>\n                <\/dt><\/dl><br style=\"clear: both\" \/><dl class='gallery-item'>\n                <dt class='gallery-icon'>\n                    <a href='https:\/\/www.drivelife.it\/dlnew\/2013\/10\/11\/bmw-serie-5\/bmw_serie-5_11\/'><img loading=\"lazy\" decoding=\"async\" width=\"150\" height=\"150\" src=\"https:\/\/www.drivelife.it\/dlnew\/wp-content\/uploads\/2013\/10\/BMW_serie-5_11-150x150.jpg\" class=\"attachment-thumbnail size-thumbnail\" alt=\"\" srcset=\"https:\/\/www.drivelife.it\/dlnew\/wp-content\/uploads\/2013\/10\/BMW_serie-5_11-150x150.jpg 150w, https:\/\/www.drivelife.it\/dlnew\/wp-content\/uploads\/2013\/10\/BMW_serie-5_11-480x480.jpg 480w, https:\/\/www.drivelife.it\/dlnew\/wp-content\/uploads\/2013\/10\/BMW_serie-5_11-640x640.jpg 640w\" sizes=\"auto, (max-width: 150px) 100vw, 150px\" \/><\/a>\n                <\/dt><\/dl><dl class='gallery-item'>\n                <dt class='gallery-icon'>\n                    <a href='https:\/\/www.drivelife.it\/dlnew\/2013\/10\/11\/bmw-serie-5\/bmw_serie-5_12-3\/'><img loading=\"lazy\" decoding=\"async\" width=\"150\" height=\"150\" src=\"https:\/\/www.drivelife.it\/dlnew\/wp-content\/uploads\/2013\/10\/BMW_serie-5_122-150x150.jpg\" class=\"attachment-thumbnail size-thumbnail\" alt=\"\" srcset=\"https:\/\/www.drivelife.it\/dlnew\/wp-content\/uploads\/2013\/10\/BMW_serie-5_122-150x150.jpg 150w, https:\/\/www.drivelife.it\/dlnew\/wp-content\/uploads\/2013\/10\/BMW_serie-5_122-480x480.jpg 480w, https:\/\/www.drivelife.it\/dlnew\/wp-content\/uploads\/2013\/10\/BMW_serie-5_122-640x640.jpg 640w\" sizes=\"auto, (max-width: 150px) 100vw, 150px\" \/><\/a>\n                <\/dt><\/dl><dl class='gallery-item'>\n                <dt class='gallery-icon'>\n                    <a href='https:\/\/www.drivelife.it\/dlnew\/2013\/10\/11\/bmw-serie-5\/bmw_serie-5_13\/'><img loading=\"lazy\" decoding=\"async\" width=\"150\" height=\"150\" src=\"https:\/\/www.drivelife.it\/dlnew\/wp-content\/uploads\/2013\/10\/BMW_serie-5_13-150x150.jpg\" class=\"attachment-thumbnail size-thumbnail\" alt=\"\" srcset=\"https:\/\/www.drivelife.it\/dlnew\/wp-content\/uploads\/2013\/10\/BMW_serie-5_13-150x150.jpg 150w, https:\/\/www.drivelife.it\/dlnew\/wp-content\/uploads\/2013\/10\/BMW_serie-5_13-480x480.jpg 480w, https:\/\/www.drivelife.it\/dlnew\/wp-content\/uploads\/2013\/10\/BMW_serie-5_13-640x640.jpg 640w\" sizes=\"auto, (max-width: 150px) 100vw, 150px\" \/><\/a>\n                <\/dt><\/dl><dl class='gallery-item'>\n                <dt class='gallery-icon'>\n                    <a href='https:\/\/www.drivelife.it\/dlnew\/2013\/10\/11\/bmw-serie-5\/bmw_serie-5_14\/'><img loading=\"lazy\" decoding=\"async\" width=\"150\" height=\"150\" src=\"https:\/\/www.drivelife.it\/dlnew\/wp-content\/uploads\/2013\/10\/BMW_serie-5_14-150x150.jpg\" class=\"attachment-thumbnail size-thumbnail\" alt=\"\" srcset=\"https:\/\/www.drivelife.it\/dlnew\/wp-content\/uploads\/2013\/10\/BMW_serie-5_14-150x150.jpg 150w, https:\/\/www.drivelife.it\/dlnew\/wp-content\/uploads\/2013\/10\/BMW_serie-5_14-480x480.jpg 480w, https:\/\/www.drivelife.it\/dlnew\/wp-content\/uploads\/2013\/10\/BMW_serie-5_14-640x640.jpg 640w\" sizes=\"auto, (max-width: 150px) 100vw, 150px\" \/><\/a>\n                <\/dt><\/dl><dl class='gallery-item'>\n                <dt class='gallery-icon'>\n                    <a href='https:\/\/www.drivelife.it\/dlnew\/2013\/10\/11\/bmw-serie-5\/bmw_serie-5_15\/'><img loading=\"lazy\" decoding=\"async\" width=\"150\" height=\"150\" src=\"https:\/\/www.drivelife.it\/dlnew\/wp-content\/uploads\/2013\/10\/BMW_serie-5_15-150x150.jpg\" class=\"attachment-thumbnail size-thumbnail\" alt=\"\" srcset=\"https:\/\/www.drivelife.it\/dlnew\/wp-content\/uploads\/2013\/10\/BMW_serie-5_15-150x150.jpg 150w, https:\/\/www.drivelife.it\/dlnew\/wp-content\/uploads\/2013\/10\/BMW_serie-5_15-480x480.jpg 480w, https:\/\/www.drivelife.it\/dlnew\/wp-content\/uploads\/2013\/10\/BMW_serie-5_15-640x640.jpg 640w\" sizes=\"auto, (max-width: 150px) 100vw, 150px\" \/><\/a>\n                <\/dt><\/dl><dl class='gallery-item'>\n                <dt class='gallery-icon'>\n                    <a href='https:\/\/www.drivelife.it\/dlnew\/2013\/10\/11\/bmw-serie-5\/bmw_serie-5_16\/'><img loading=\"lazy\" decoding=\"async\" width=\"150\" height=\"150\" src=\"https:\/\/www.drivelife.it\/dlnew\/wp-content\/uploads\/2013\/10\/BMW_serie-5_16-150x150.jpg\" class=\"attachment-thumbnail size-thumbnail\" alt=\"\" srcset=\"https:\/\/www.drivelife.it\/dlnew\/wp-content\/uploads\/2013\/10\/BMW_serie-5_16-150x150.jpg 150w, https:\/\/www.drivelife.it\/dlnew\/wp-content\/uploads\/2013\/10\/BMW_serie-5_16-480x480.jpg 480w, https:\/\/www.drivelife.it\/dlnew\/wp-content\/uploads\/2013\/10\/BMW_serie-5_16-640x640.jpg 640w\" sizes=\"auto, (max-width: 150px) 100vw, 150px\" \/><\/a>\n                <\/dt><\/dl><dl class='gallery-item'>\n                <dt class='gallery-icon'>\n                    <a href='https:\/\/www.drivelife.it\/dlnew\/2013\/10\/11\/bmw-serie-5\/bmw_serie-5_17\/'><img loading=\"lazy\" decoding=\"async\" width=\"150\" height=\"150\" src=\"https:\/\/www.drivelife.it\/dlnew\/wp-content\/uploads\/2013\/10\/BMW_serie-5_17-150x150.jpg\" class=\"attachment-thumbnail size-thumbnail\" alt=\"\" srcset=\"https:\/\/www.drivelife.it\/dlnew\/wp-content\/uploads\/2013\/10\/BMW_serie-5_17-150x150.jpg 150w, https:\/\/www.drivelife.it\/dlnew\/wp-content\/uploads\/2013\/10\/BMW_serie-5_17-480x480.jpg 480w, https:\/\/www.drivelife.it\/dlnew\/wp-content\/uploads\/2013\/10\/BMW_serie-5_17-640x640.jpg 640w\" sizes=\"auto, (max-width: 150px) 100vw, 150px\" \/><\/a>\n                <\/dt><\/dl><dl class='gallery-item'>\n                <dt class='gallery-icon'>\n                    <a href='https:\/\/www.drivelife.it\/dlnew\/2013\/10\/11\/bmw-serie-5\/bmw_serie-5_18\/'><img loading=\"lazy\" decoding=\"async\" width=\"150\" height=\"150\" src=\"https:\/\/www.drivelife.it\/dlnew\/wp-content\/uploads\/2013\/10\/BMW_serie-5_18-150x150.jpg\" class=\"attachment-thumbnail size-thumbnail\" alt=\"\" srcset=\"https:\/\/www.drivelife.it\/dlnew\/wp-content\/uploads\/2013\/10\/BMW_serie-5_18-150x150.jpg 150w, https:\/\/www.drivelife.it\/dlnew\/wp-content\/uploads\/2013\/10\/BMW_serie-5_18-480x480.jpg 480w, https:\/\/www.drivelife.it\/dlnew\/wp-content\/uploads\/2013\/10\/BMW_serie-5_18-640x640.jpg 640w\" sizes=\"auto, (max-width: 150px) 100vw, 150px\" \/><\/a>\n                <\/dt><\/dl><dl class='gallery-item'>\n                <dt class='gallery-icon'>\n                    <a href='https:\/\/www.drivelife.it\/dlnew\/2013\/10\/11\/bmw-serie-5\/bmw_serie-5_19\/'><img loading=\"lazy\" decoding=\"async\" width=\"150\" height=\"150\" src=\"https:\/\/www.drivelife.it\/dlnew\/wp-content\/uploads\/2013\/10\/BMW_serie-5_19-150x150.jpg\" class=\"attachment-thumbnail size-thumbnail\" alt=\"\" srcset=\"https:\/\/www.drivelife.it\/dlnew\/wp-content\/uploads\/2013\/10\/BMW_serie-5_19-150x150.jpg 150w, https:\/\/www.drivelife.it\/dlnew\/wp-content\/uploads\/2013\/10\/BMW_serie-5_19-480x480.jpg 480w, https:\/\/www.drivelife.it\/dlnew\/wp-content\/uploads\/2013\/10\/BMW_serie-5_19-640x640.jpg 640w\" sizes=\"auto, (max-width: 150px) 100vw, 150px\" \/><\/a>\n                <\/dt><\/dl><br style=\"clear: both\" \/><dl class='gallery-item'>\n                <dt class='gallery-icon'>\n                    <a href='https:\/\/www.drivelife.it\/dlnew\/2013\/10\/11\/bmw-serie-5\/bmw_serie-5_berlina_01\/'><img loading=\"lazy\" decoding=\"async\" width=\"150\" height=\"150\" src=\"https:\/\/www.drivelife.it\/dlnew\/wp-content\/uploads\/2013\/10\/BMW_serie-5_berlina_01-150x150.jpg\" class=\"attachment-thumbnail size-thumbnail\" alt=\"\" srcset=\"https:\/\/www.drivelife.it\/dlnew\/wp-content\/uploads\/2013\/10\/BMW_serie-5_berlina_01-150x150.jpg 150w, https:\/\/www.drivelife.it\/dlnew\/wp-content\/uploads\/2013\/10\/BMW_serie-5_berlina_01-480x480.jpg 480w, https:\/\/www.drivelife.it\/dlnew\/wp-content\/uploads\/2013\/10\/BMW_serie-5_berlina_01-640x640.jpg 640w\" sizes=\"auto, (max-width: 150px) 100vw, 150px\" \/><\/a>\n                <\/dt><\/dl><dl class='gallery-item'>\n                <dt class='gallery-icon'>\n                    <a href='https:\/\/www.drivelife.it\/dlnew\/2013\/10\/11\/bmw-serie-5\/bmw_serie-5_berlina_02\/'><img loading=\"lazy\" decoding=\"async\" width=\"150\" height=\"150\" src=\"https:\/\/www.drivelife.it\/dlnew\/wp-content\/uploads\/2013\/10\/BMW_serie-5_berlina_02-150x150.jpg\" class=\"attachment-thumbnail size-thumbnail\" alt=\"\" srcset=\"https:\/\/www.drivelife.it\/dlnew\/wp-content\/uploads\/2013\/10\/BMW_serie-5_berlina_02-150x150.jpg 150w, https:\/\/www.drivelife.it\/dlnew\/wp-content\/uploads\/2013\/10\/BMW_serie-5_berlina_02-480x480.jpg 480w, https:\/\/www.drivelife.it\/dlnew\/wp-content\/uploads\/2013\/10\/BMW_serie-5_berlina_02-640x640.jpg 640w\" sizes=\"auto, (max-width: 150px) 100vw, 150px\" \/><\/a>\n                <\/dt><\/dl><dl class='gallery-item'>\n                <dt class='gallery-icon'>\n                    <a href='https:\/\/www.drivelife.it\/dlnew\/2013\/10\/11\/bmw-serie-5\/bmw_serie-5_berlina_03\/'><img loading=\"lazy\" decoding=\"async\" width=\"150\" height=\"150\" src=\"https:\/\/www.drivelife.it\/dlnew\/wp-content\/uploads\/2013\/10\/BMW_serie-5_berlina_03-150x150.jpg\" class=\"attachment-thumbnail size-thumbnail\" alt=\"\" srcset=\"https:\/\/www.drivelife.it\/dlnew\/wp-content\/uploads\/2013\/10\/BMW_serie-5_berlina_03-150x150.jpg 150w, https:\/\/www.drivelife.it\/dlnew\/wp-content\/uploads\/2013\/10\/BMW_serie-5_berlina_03-480x480.jpg 480w, https:\/\/www.drivelife.it\/dlnew\/wp-content\/uploads\/2013\/10\/BMW_serie-5_berlina_03-640x640.jpg 640w\" sizes=\"auto, (max-width: 150px) 100vw, 150px\" \/><\/a>\n                <\/dt><\/dl><dl class='gallery-item'>\n                <dt class='gallery-icon'>\n                    <a href='https:\/\/www.drivelife.it\/dlnew\/2013\/10\/11\/bmw-serie-5\/bmw_serie-5_berlina_04\/'><img loading=\"lazy\" decoding=\"async\" width=\"150\" height=\"150\" src=\"https:\/\/www.drivelife.it\/dlnew\/wp-content\/uploads\/2013\/10\/BMW_serie-5_berlina_04-150x150.jpg\" class=\"attachment-thumbnail size-thumbnail\" alt=\"\" srcset=\"https:\/\/www.drivelife.it\/dlnew\/wp-content\/uploads\/2013\/10\/BMW_serie-5_berlina_04-150x150.jpg 150w, https:\/\/www.drivelife.it\/dlnew\/wp-content\/uploads\/2013\/10\/BMW_serie-5_berlina_04-480x480.jpg 480w, https:\/\/www.drivelife.it\/dlnew\/wp-content\/uploads\/2013\/10\/BMW_serie-5_berlina_04-640x640.jpg 640w\" sizes=\"auto, (max-width: 150px) 100vw, 150px\" \/><\/a>\n                <\/dt><\/dl><dl class='gallery-item'>\n                <dt class='gallery-icon'>\n                    <a href='https:\/\/www.drivelife.it\/dlnew\/2013\/10\/11\/bmw-serie-5\/bmw_serie-5_berlina_05\/'><img loading=\"lazy\" decoding=\"async\" width=\"150\" height=\"150\" src=\"https:\/\/www.drivelife.it\/dlnew\/wp-content\/uploads\/2013\/10\/BMW_serie-5_berlina_05-150x150.jpg\" class=\"attachment-thumbnail size-thumbnail\" alt=\"\" srcset=\"https:\/\/www.drivelife.it\/dlnew\/wp-content\/uploads\/2013\/10\/BMW_serie-5_berlina_05-150x150.jpg 150w, https:\/\/www.drivelife.it\/dlnew\/wp-content\/uploads\/2013\/10\/BMW_serie-5_berlina_05-480x480.jpg 480w, https:\/\/www.drivelife.it\/dlnew\/wp-content\/uploads\/2013\/10\/BMW_serie-5_berlina_05-640x640.jpg 640w\" sizes=\"auto, (max-width: 150px) 100vw, 150px\" \/><\/a>\n                <\/dt><\/dl><dl class='gallery-item'>\n                <dt class='gallery-icon'>\n                    <a href='https:\/\/www.drivelife.it\/dlnew\/2013\/10\/11\/bmw-serie-5\/bmw_serie-5_berlina_06\/'><img loading=\"lazy\" decoding=\"async\" width=\"150\" height=\"150\" src=\"https:\/\/www.drivelife.it\/dlnew\/wp-content\/uploads\/2013\/10\/BMW_serie-5_berlina_06-150x150.jpg\" class=\"attachment-thumbnail size-thumbnail\" alt=\"\" srcset=\"https:\/\/www.drivelife.it\/dlnew\/wp-content\/uploads\/2013\/10\/BMW_serie-5_berlina_06-150x150.jpg 150w, https:\/\/www.drivelife.it\/dlnew\/wp-content\/uploads\/2013\/10\/BMW_serie-5_berlina_06-480x480.jpg 480w, https:\/\/www.drivelife.it\/dlnew\/wp-content\/uploads\/2013\/10\/BMW_serie-5_berlina_06-640x640.jpg 640w\" sizes=\"auto, (max-width: 150px) 100vw, 150px\" \/><\/a>\n                <\/dt><\/dl><dl class='gallery-item'>\n                <dt class='gallery-icon'>\n                    <a href='https:\/\/www.drivelife.it\/dlnew\/2013\/10\/11\/bmw-serie-5\/bmw_serie-5_berlina_07\/'><img loading=\"lazy\" decoding=\"async\" width=\"150\" height=\"150\" src=\"https:\/\/www.drivelife.it\/dlnew\/wp-content\/uploads\/2013\/10\/BMW_serie-5_berlina_07-150x150.jpg\" class=\"attachment-thumbnail size-thumbnail\" alt=\"\" srcset=\"https:\/\/www.drivelife.it\/dlnew\/wp-content\/uploads\/2013\/10\/BMW_serie-5_berlina_07-150x150.jpg 150w, https:\/\/www.drivelife.it\/dlnew\/wp-content\/uploads\/2013\/10\/BMW_serie-5_berlina_07-480x480.jpg 480w, https:\/\/www.drivelife.it\/dlnew\/wp-content\/uploads\/2013\/10\/BMW_serie-5_berlina_07-640x640.jpg 640w\" sizes=\"auto, (max-width: 150px) 100vw, 150px\" \/><\/a>\n                <\/dt><\/dl><dl class='gallery-item'>\n                <dt class='gallery-icon'>\n                    <a href='https:\/\/www.drivelife.it\/dlnew\/2013\/10\/11\/bmw-serie-5\/bmw_serie-5_berlina_08\/'><img loading=\"lazy\" decoding=\"async\" width=\"150\" height=\"150\" src=\"https:\/\/www.drivelife.it\/dlnew\/wp-content\/uploads\/2013\/10\/BMW_serie-5_berlina_08-150x150.jpg\" class=\"attachment-thumbnail size-thumbnail\" alt=\"\" srcset=\"https:\/\/www.drivelife.it\/dlnew\/wp-content\/uploads\/2013\/10\/BMW_serie-5_berlina_08-150x150.jpg 150w, https:\/\/www.drivelife.it\/dlnew\/wp-content\/uploads\/2013\/10\/BMW_serie-5_berlina_08-480x480.jpg 480w, https:\/\/www.drivelife.it\/dlnew\/wp-content\/uploads\/2013\/10\/BMW_serie-5_berlina_08-640x640.jpg 640w\" sizes=\"auto, (max-width: 150px) 100vw, 150px\" \/><\/a>\n                <\/dt><\/dl><dl class='gallery-item'>\n                <dt class='gallery-icon'>\n                    <a href='https:\/\/www.drivelife.it\/dlnew\/2013\/10\/11\/bmw-serie-5\/bmw_serie-5_berlina_09\/'><img loading=\"lazy\" decoding=\"async\" width=\"150\" height=\"150\" src=\"https:\/\/www.drivelife.it\/dlnew\/wp-content\/uploads\/2013\/10\/BMW_serie-5_berlina_09-150x150.jpg\" class=\"attachment-thumbnail size-thumbnail\" alt=\"\" srcset=\"https:\/\/www.drivelife.it\/dlnew\/wp-content\/uploads\/2013\/10\/BMW_serie-5_berlina_09-150x150.jpg 150w, https:\/\/www.drivelife.it\/dlnew\/wp-content\/uploads\/2013\/10\/BMW_serie-5_berlina_09-480x480.jpg 480w, https:\/\/www.drivelife.it\/dlnew\/wp-content\/uploads\/2013\/10\/BMW_serie-5_berlina_09-640x640.jpg 640w\" sizes=\"auto, (max-width: 150px) 100vw, 150px\" \/><\/a>\n                <\/dt><\/dl><br style=\"clear: both\" \/><dl class='gallery-item'>\n                <dt class='gallery-icon'>\n                    <a href='https:\/\/www.drivelife.it\/dlnew\/2013\/10\/11\/bmw-serie-5\/bmw_serie-5_berlina_10\/'><img loading=\"lazy\" decoding=\"async\" width=\"150\" height=\"150\" src=\"https:\/\/www.drivelife.it\/dlnew\/wp-content\/uploads\/2013\/10\/BMW_serie-5_berlina_10-150x150.jpg\" class=\"attachment-thumbnail size-thumbnail\" alt=\"\" srcset=\"https:\/\/www.drivelife.it\/dlnew\/wp-content\/uploads\/2013\/10\/BMW_serie-5_berlina_10-150x150.jpg 150w, https:\/\/www.drivelife.it\/dlnew\/wp-content\/uploads\/2013\/10\/BMW_serie-5_berlina_10-480x480.jpg 480w, https:\/\/www.drivelife.it\/dlnew\/wp-content\/uploads\/2013\/10\/BMW_serie-5_berlina_10-640x640.jpg 640w\" sizes=\"auto, (max-width: 150px) 100vw, 150px\" \/><\/a>\n                <\/dt><\/dl><dl class='gallery-item'>\n                <dt class='gallery-icon'>\n                    <a href='https:\/\/www.drivelife.it\/dlnew\/2013\/10\/11\/bmw-serie-5\/bmw_serie-5_berlina_11\/'><img loading=\"lazy\" decoding=\"async\" width=\"150\" height=\"150\" src=\"https:\/\/www.drivelife.it\/dlnew\/wp-content\/uploads\/2013\/10\/BMW_serie-5_berlina_11-150x150.jpg\" class=\"attachment-thumbnail size-thumbnail\" alt=\"\" srcset=\"https:\/\/www.drivelife.it\/dlnew\/wp-content\/uploads\/2013\/10\/BMW_serie-5_berlina_11-150x150.jpg 150w, https:\/\/www.drivelife.it\/dlnew\/wp-content\/uploads\/2013\/10\/BMW_serie-5_berlina_11-480x480.jpg 480w, https:\/\/www.drivelife.it\/dlnew\/wp-content\/uploads\/2013\/10\/BMW_serie-5_berlina_11-640x640.jpg 640w\" sizes=\"auto, (max-width: 150px) 100vw, 150px\" \/><\/a>\n                <\/dt><\/dl><dl class='gallery-item'>\n                <dt class='gallery-icon'>\n                    <a href='https:\/\/www.drivelife.it\/dlnew\/2013\/10\/11\/bmw-serie-5\/bmw_serie-5_berlina_12\/'><img loading=\"lazy\" decoding=\"async\" width=\"150\" height=\"150\" src=\"https:\/\/www.drivelife.it\/dlnew\/wp-content\/uploads\/2013\/10\/BMW_serie-5_berlina_12-150x150.jpg\" class=\"attachment-thumbnail size-thumbnail\" alt=\"\" srcset=\"https:\/\/www.drivelife.it\/dlnew\/wp-content\/uploads\/2013\/10\/BMW_serie-5_berlina_12-150x150.jpg 150w, https:\/\/www.drivelife.it\/dlnew\/wp-content\/uploads\/2013\/10\/BMW_serie-5_berlina_12-480x480.jpg 480w, https:\/\/www.drivelife.it\/dlnew\/wp-content\/uploads\/2013\/10\/BMW_serie-5_berlina_12-640x640.jpg 640w\" sizes=\"auto, (max-width: 150px) 100vw, 150px\" \/><\/a>\n                <\/dt><\/dl><dl class='gallery-item'>\n                <dt class='gallery-icon'>\n                    <a href='https:\/\/www.drivelife.it\/dlnew\/2013\/10\/11\/bmw-serie-5\/bmw_serie-5_berlina_13\/'><img loading=\"lazy\" decoding=\"async\" width=\"150\" height=\"150\" src=\"https:\/\/www.drivelife.it\/dlnew\/wp-content\/uploads\/2013\/10\/BMW_serie-5_berlina_13-150x150.jpg\" class=\"attachment-thumbnail size-thumbnail\" alt=\"\" srcset=\"https:\/\/www.drivelife.it\/dlnew\/wp-content\/uploads\/2013\/10\/BMW_serie-5_berlina_13-150x150.jpg 150w, https:\/\/www.drivelife.it\/dlnew\/wp-content\/uploads\/2013\/10\/BMW_serie-5_berlina_13-480x480.jpg 480w, https:\/\/www.drivelife.it\/dlnew\/wp-content\/uploads\/2013\/10\/BMW_serie-5_berlina_13-640x640.jpg 640w\" sizes=\"auto, (max-width: 150px) 100vw, 150px\" \/><\/a>\n                <\/dt><\/dl><dl class='gallery-item'>\n                <dt class='gallery-icon'>\n                    <a href='https:\/\/www.drivelife.it\/dlnew\/2013\/10\/11\/bmw-serie-5\/bmw_serie-5_berlina_14\/'><img loading=\"lazy\" decoding=\"async\" width=\"150\" height=\"150\" src=\"https:\/\/www.drivelife.it\/dlnew\/wp-content\/uploads\/2013\/10\/BMW_serie-5_berlina_14-150x150.jpg\" class=\"attachment-thumbnail size-thumbnail\" alt=\"\" srcset=\"https:\/\/www.drivelife.it\/dlnew\/wp-content\/uploads\/2013\/10\/BMW_serie-5_berlina_14-150x150.jpg 150w, https:\/\/www.drivelife.it\/dlnew\/wp-content\/uploads\/2013\/10\/BMW_serie-5_berlina_14-480x480.jpg 480w, https:\/\/www.drivelife.it\/dlnew\/wp-content\/uploads\/2013\/10\/BMW_serie-5_berlina_14-640x640.jpg 640w\" sizes=\"auto, (max-width: 150px) 100vw, 150px\" \/><\/a>\n                <\/dt><\/dl><dl class='gallery-item'>\n                <dt class='gallery-icon'>\n                    <a href='https:\/\/www.drivelife.it\/dlnew\/2013\/10\/11\/bmw-serie-5\/bmw_serie-5_berlina_15\/'><img loading=\"lazy\" decoding=\"async\" width=\"150\" height=\"150\" src=\"https:\/\/www.drivelife.it\/dlnew\/wp-content\/uploads\/2013\/10\/BMW_serie-5_berlina_15-150x150.jpg\" class=\"attachment-thumbnail size-thumbnail\" alt=\"\" srcset=\"https:\/\/www.drivelife.it\/dlnew\/wp-content\/uploads\/2013\/10\/BMW_serie-5_berlina_15-150x150.jpg 150w, https:\/\/www.drivelife.it\/dlnew\/wp-content\/uploads\/2013\/10\/BMW_serie-5_berlina_15-480x480.jpg 480w, https:\/\/www.drivelife.it\/dlnew\/wp-content\/uploads\/2013\/10\/BMW_serie-5_berlina_15-640x640.jpg 640w\" sizes=\"auto, (max-width: 150px) 100vw, 150px\" \/><\/a>\n                <\/dt><\/dl><dl class='gallery-item'>\n                <dt class='gallery-icon'>\n                    <a href='https:\/\/www.drivelife.it\/dlnew\/2013\/10\/11\/bmw-serie-5\/bmw_serie-5_berlina_16\/'><img loading=\"lazy\" decoding=\"async\" width=\"150\" height=\"150\" src=\"https:\/\/www.drivelife.it\/dlnew\/wp-content\/uploads\/2013\/10\/BMW_serie-5_berlina_16-150x150.jpg\" class=\"attachment-thumbnail size-thumbnail\" alt=\"\" srcset=\"https:\/\/www.drivelife.it\/dlnew\/wp-content\/uploads\/2013\/10\/BMW_serie-5_berlina_16-150x150.jpg 150w, https:\/\/www.drivelife.it\/dlnew\/wp-content\/uploads\/2013\/10\/BMW_serie-5_berlina_16-480x480.jpg 480w, https:\/\/www.drivelife.it\/dlnew\/wp-content\/uploads\/2013\/10\/BMW_serie-5_berlina_16-640x640.jpg 640w\" sizes=\"auto, (max-width: 150px) 100vw, 150px\" \/><\/a>\n                <\/dt><\/dl><dl class='gallery-item'>\n                <dt class='gallery-icon'>\n                    <a href='https:\/\/www.drivelife.it\/dlnew\/2013\/10\/11\/bmw-serie-5\/bmw_serie-5_berlina_17\/'><img loading=\"lazy\" decoding=\"async\" width=\"150\" height=\"150\" src=\"https:\/\/www.drivelife.it\/dlnew\/wp-content\/uploads\/2013\/10\/BMW_serie-5_berlina_17-150x150.jpg\" class=\"attachment-thumbnail size-thumbnail\" alt=\"\" srcset=\"https:\/\/www.drivelife.it\/dlnew\/wp-content\/uploads\/2013\/10\/BMW_serie-5_berlina_17-150x150.jpg 150w, https:\/\/www.drivelife.it\/dlnew\/wp-content\/uploads\/2013\/10\/BMW_serie-5_berlina_17-480x480.jpg 480w, https:\/\/www.drivelife.it\/dlnew\/wp-content\/uploads\/2013\/10\/BMW_serie-5_berlina_17-640x640.jpg 640w\" sizes=\"auto, (max-width: 150px) 100vw, 150px\" \/><\/a>\n                <\/dt><\/dl><dl class='gallery-item'>\n                <dt class='gallery-icon'>\n                    <a href='https:\/\/www.drivelife.it\/dlnew\/2013\/10\/11\/bmw-serie-5\/bmw_serie-5_berlina_18\/'><img loading=\"lazy\" decoding=\"async\" width=\"150\" height=\"150\" src=\"https:\/\/www.drivelife.it\/dlnew\/wp-content\/uploads\/2013\/10\/BMW_serie-5_berlina_18-150x150.jpg\" class=\"attachment-thumbnail size-thumbnail\" alt=\"\" srcset=\"https:\/\/www.drivelife.it\/dlnew\/wp-content\/uploads\/2013\/10\/BMW_serie-5_berlina_18-150x150.jpg 150w, https:\/\/www.drivelife.it\/dlnew\/wp-content\/uploads\/2013\/10\/BMW_serie-5_berlina_18-480x480.jpg 480w, https:\/\/www.drivelife.it\/dlnew\/wp-content\/uploads\/2013\/10\/BMW_serie-5_berlina_18-640x640.jpg 640w\" sizes=\"auto, (max-width: 150px) 100vw, 150px\" \/><\/a>\n                <\/dt><\/dl><br style=\"clear: both\" \/><dl class='gallery-item'>\n                <dt class='gallery-icon'>\n                    <a href='https:\/\/www.drivelife.it\/dlnew\/2013\/10\/11\/bmw-serie-5\/bmw_serie-5_berlina_19\/'><img loading=\"lazy\" decoding=\"async\" width=\"150\" height=\"150\" src=\"https:\/\/www.drivelife.it\/dlnew\/wp-content\/uploads\/2013\/10\/BMW_serie-5_berlina_19-150x150.jpg\" class=\"attachment-thumbnail size-thumbnail\" alt=\"\" srcset=\"https:\/\/www.drivelife.it\/dlnew\/wp-content\/uploads\/2013\/10\/BMW_serie-5_berlina_19-150x150.jpg 150w, https:\/\/www.drivelife.it\/dlnew\/wp-content\/uploads\/2013\/10\/BMW_serie-5_berlina_19-480x480.jpg 480w, https:\/\/www.drivelife.it\/dlnew\/wp-content\/uploads\/2013\/10\/BMW_serie-5_berlina_19-640x640.jpg 640w\" sizes=\"auto, (max-width: 150px) 100vw, 150px\" \/><\/a>\n                <\/dt><\/dl><dl class='gallery-item'>\n                <dt class='gallery-icon'>\n                    <a href='https:\/\/www.drivelife.it\/dlnew\/2013\/10\/11\/bmw-serie-5\/bmw_serie-5_berlina_20\/'><img loading=\"lazy\" decoding=\"async\" width=\"150\" height=\"150\" src=\"https:\/\/www.drivelife.it\/dlnew\/wp-content\/uploads\/2013\/10\/BMW_serie-5_berlina_20-150x150.jpg\" class=\"attachment-thumbnail size-thumbnail\" alt=\"\" srcset=\"https:\/\/www.drivelife.it\/dlnew\/wp-content\/uploads\/2013\/10\/BMW_serie-5_berlina_20-150x150.jpg 150w, https:\/\/www.drivelife.it\/dlnew\/wp-content\/uploads\/2013\/10\/BMW_serie-5_berlina_20-480x480.jpg 480w, https:\/\/www.drivelife.it\/dlnew\/wp-content\/uploads\/2013\/10\/BMW_serie-5_berlina_20-640x640.jpg 640w\" sizes=\"auto, (max-width: 150px) 100vw, 150px\" \/><\/a>\n                <\/dt><\/dl><dl class='gallery-item'>\n                <dt class='gallery-icon'>\n                    <a href='https:\/\/www.drivelife.it\/dlnew\/2013\/10\/11\/bmw-serie-5\/bmw_serie-5_berlina_21\/'><img loading=\"lazy\" decoding=\"async\" width=\"150\" height=\"150\" src=\"https:\/\/www.drivelife.it\/dlnew\/wp-content\/uploads\/2013\/10\/BMW_serie-5_berlina_21-150x150.jpg\" class=\"attachment-thumbnail size-thumbnail\" alt=\"\" srcset=\"https:\/\/www.drivelife.it\/dlnew\/wp-content\/uploads\/2013\/10\/BMW_serie-5_berlina_21-150x150.jpg 150w, https:\/\/www.drivelife.it\/dlnew\/wp-content\/uploads\/2013\/10\/BMW_serie-5_berlina_21-480x480.jpg 480w, https:\/\/www.drivelife.it\/dlnew\/wp-content\/uploads\/2013\/10\/BMW_serie-5_berlina_21-640x640.jpg 640w\" sizes=\"auto, (max-width: 150px) 100vw, 150px\" \/><\/a>\n                <\/dt><\/dl><dl class='gallery-item'>\n                <dt class='gallery-icon'>\n                    <a href='https:\/\/www.drivelife.it\/dlnew\/2013\/10\/11\/bmw-serie-5\/bmw_serie-5_berlina_22\/'><img loading=\"lazy\" decoding=\"async\" width=\"150\" height=\"150\" src=\"https:\/\/www.drivelife.it\/dlnew\/wp-content\/uploads\/2013\/10\/BMW_serie-5_berlina_22-150x150.jpg\" class=\"attachment-thumbnail size-thumbnail\" alt=\"\" srcset=\"https:\/\/www.drivelife.it\/dlnew\/wp-content\/uploads\/2013\/10\/BMW_serie-5_berlina_22-150x150.jpg 150w, https:\/\/www.drivelife.it\/dlnew\/wp-content\/uploads\/2013\/10\/BMW_serie-5_berlina_22-480x480.jpg 480w, https:\/\/www.drivelife.it\/dlnew\/wp-content\/uploads\/2013\/10\/BMW_serie-5_berlina_22-640x640.jpg 640w\" sizes=\"auto, (max-width: 150px) 100vw, 150px\" \/><\/a>\n                <\/dt><\/dl><dl class='gallery-item'>\n                <dt class='gallery-icon'>\n                    <a href='https:\/\/www.drivelife.it\/dlnew\/2013\/10\/11\/bmw-serie-5\/bmw_serie-5_berlina_23\/'><img loading=\"lazy\" decoding=\"async\" width=\"150\" height=\"150\" src=\"https:\/\/www.drivelife.it\/dlnew\/wp-content\/uploads\/2013\/10\/BMW_serie-5_berlina_23-150x150.jpg\" class=\"attachment-thumbnail size-thumbnail\" alt=\"\" srcset=\"https:\/\/www.drivelife.it\/dlnew\/wp-content\/uploads\/2013\/10\/BMW_serie-5_berlina_23-150x150.jpg 150w, https:\/\/www.drivelife.it\/dlnew\/wp-content\/uploads\/2013\/10\/BMW_serie-5_berlina_23-480x480.jpg 480w, https:\/\/www.drivelife.it\/dlnew\/wp-content\/uploads\/2013\/10\/BMW_serie-5_berlina_23-640x640.jpg 640w\" sizes=\"auto, (max-width: 150px) 100vw, 150px\" \/><\/a>\n                <\/dt><\/dl><dl class='gallery-item'>\n                <dt class='gallery-icon'>\n                    <a href='https:\/\/www.drivelife.it\/dlnew\/2013\/10\/11\/bmw-serie-5\/bmw_serie-5_berlina_24\/'><img loading=\"lazy\" decoding=\"async\" width=\"150\" height=\"150\" src=\"https:\/\/www.drivelife.it\/dlnew\/wp-content\/uploads\/2013\/10\/BMW_serie-5_berlina_24-150x150.jpg\" class=\"attachment-thumbnail size-thumbnail\" alt=\"\" srcset=\"https:\/\/www.drivelife.it\/dlnew\/wp-content\/uploads\/2013\/10\/BMW_serie-5_berlina_24-150x150.jpg 150w, https:\/\/www.drivelife.it\/dlnew\/wp-content\/uploads\/2013\/10\/BMW_serie-5_berlina_24-480x480.jpg 480w, https:\/\/www.drivelife.it\/dlnew\/wp-content\/uploads\/2013\/10\/BMW_serie-5_berlina_24-640x640.jpg 640w\" sizes=\"auto, (max-width: 150px) 100vw, 150px\" \/><\/a>\n                <\/dt><\/dl><dl class='gallery-item'>\n                <dt class='gallery-icon'>\n                    <a href='https:\/\/www.drivelife.it\/dlnew\/2013\/10\/11\/bmw-serie-5\/bmw_serie-5_berlina_25\/'><img loading=\"lazy\" decoding=\"async\" width=\"150\" height=\"150\" src=\"https:\/\/www.drivelife.it\/dlnew\/wp-content\/uploads\/2013\/10\/BMW_serie-5_berlina_25-150x150.jpg\" class=\"attachment-thumbnail size-thumbnail\" alt=\"\" srcset=\"https:\/\/www.drivelife.it\/dlnew\/wp-content\/uploads\/2013\/10\/BMW_serie-5_berlina_25-150x150.jpg 150w, https:\/\/www.drivelife.it\/dlnew\/wp-content\/uploads\/2013\/10\/BMW_serie-5_berlina_25-480x480.jpg 480w, https:\/\/www.drivelife.it\/dlnew\/wp-content\/uploads\/2013\/10\/BMW_serie-5_berlina_25-640x640.jpg 640w\" sizes=\"auto, (max-width: 150px) 100vw, 150px\" \/><\/a>\n                <\/dt><\/dl><dl class='gallery-item'>\n                <dt class='gallery-icon'>\n                    <a href='https:\/\/www.drivelife.it\/dlnew\/2013\/10\/11\/bmw-serie-5\/bmw_serie-5_berlina_26\/'><img loading=\"lazy\" decoding=\"async\" width=\"150\" height=\"150\" src=\"https:\/\/www.drivelife.it\/dlnew\/wp-content\/uploads\/2013\/10\/BMW_serie-5_berlina_26-150x150.jpg\" class=\"attachment-thumbnail size-thumbnail\" alt=\"\" srcset=\"https:\/\/www.drivelife.it\/dlnew\/wp-content\/uploads\/2013\/10\/BMW_serie-5_berlina_26-150x150.jpg 150w, https:\/\/www.drivelife.it\/dlnew\/wp-content\/uploads\/2013\/10\/BMW_serie-5_berlina_26-480x480.jpg 480w, https:\/\/www.drivelife.it\/dlnew\/wp-content\/uploads\/2013\/10\/BMW_serie-5_berlina_26-640x640.jpg 640w\" sizes=\"auto, (max-width: 150px) 100vw, 150px\" \/><\/a>\n                <\/dt><\/dl><dl class='gallery-item'>\n                <dt class='gallery-icon'>\n                    <a href='https:\/\/www.drivelife.it\/dlnew\/2013\/10\/11\/bmw-serie-5\/bmw_serie-5_berlina_28\/'><img loading=\"lazy\" decoding=\"async\" width=\"150\" height=\"150\" src=\"https:\/\/www.drivelife.it\/dlnew\/wp-content\/uploads\/2013\/10\/BMW_serie-5_berlina_28-150x150.jpg\" class=\"attachment-thumbnail size-thumbnail\" alt=\"\" srcset=\"https:\/\/www.drivelife.it\/dlnew\/wp-content\/uploads\/2013\/10\/BMW_serie-5_berlina_28-150x150.jpg 150w, https:\/\/www.drivelife.it\/dlnew\/wp-content\/uploads\/2013\/10\/BMW_serie-5_berlina_28-480x480.jpg 480w, https:\/\/www.drivelife.it\/dlnew\/wp-content\/uploads\/2013\/10\/BMW_serie-5_berlina_28-640x640.jpg 640w\" sizes=\"auto, (max-width: 150px) 100vw, 150px\" \/><\/a>\n                <\/dt><\/dl><br style=\"clear: both\" \/><dl class='gallery-item'>\n                <dt class='gallery-icon'>\n                    <a href='https:\/\/www.drivelife.it\/dlnew\/2013\/10\/11\/bmw-serie-5\/bmw_serie-5_berlina_29\/'><img loading=\"lazy\" decoding=\"async\" width=\"150\" height=\"150\" src=\"https:\/\/www.drivelife.it\/dlnew\/wp-content\/uploads\/2013\/10\/BMW_serie-5_berlina_29-150x150.jpg\" class=\"attachment-thumbnail size-thumbnail\" alt=\"\" srcset=\"https:\/\/www.drivelife.it\/dlnew\/wp-content\/uploads\/2013\/10\/BMW_serie-5_berlina_29-150x150.jpg 150w, https:\/\/www.drivelife.it\/dlnew\/wp-content\/uploads\/2013\/10\/BMW_serie-5_berlina_29-480x480.jpg 480w, https:\/\/www.drivelife.it\/dlnew\/wp-content\/uploads\/2013\/10\/BMW_serie-5_berlina_29-640x640.jpg 640w\" sizes=\"auto, (max-width: 150px) 100vw, 150px\" \/><\/a>\n                <\/dt><\/dl><dl class='gallery-item'>\n                <dt class='gallery-icon'>\n                    <a href='https:\/\/www.drivelife.it\/dlnew\/2013\/10\/11\/bmw-serie-5\/bmw_serie-5_berlina_30\/'><img loading=\"lazy\" decoding=\"async\" width=\"150\" height=\"150\" src=\"https:\/\/www.drivelife.it\/dlnew\/wp-content\/uploads\/2013\/10\/BMW_serie-5_berlina_30-150x150.jpg\" class=\"attachment-thumbnail size-thumbnail\" alt=\"\" srcset=\"https:\/\/www.drivelife.it\/dlnew\/wp-content\/uploads\/2013\/10\/BMW_serie-5_berlina_30-150x150.jpg 150w, https:\/\/www.drivelife.it\/dlnew\/wp-content\/uploads\/2013\/10\/BMW_serie-5_berlina_30-480x480.jpg 480w, https:\/\/www.drivelife.it\/dlnew\/wp-content\/uploads\/2013\/10\/BMW_serie-5_berlina_30-640x640.jpg 640w\" sizes=\"auto, (max-width: 150px) 100vw, 150px\" \/><\/a>\n                <\/dt><\/dl><dl class='gallery-item'>\n                <dt class='gallery-icon'>\n                    <a href='https:\/\/www.drivelife.it\/dlnew\/2013\/10\/11\/bmw-serie-5\/bmw_serie-5_berlina_31\/'><img loading=\"lazy\" decoding=\"async\" width=\"150\" height=\"150\" src=\"https:\/\/www.drivelife.it\/dlnew\/wp-content\/uploads\/2013\/10\/BMW_serie-5_berlina_31-150x150.jpg\" class=\"attachment-thumbnail size-thumbnail\" alt=\"\" srcset=\"https:\/\/www.drivelife.it\/dlnew\/wp-content\/uploads\/2013\/10\/BMW_serie-5_berlina_31-150x150.jpg 150w, https:\/\/www.drivelife.it\/dlnew\/wp-content\/uploads\/2013\/10\/BMW_serie-5_berlina_31-480x480.jpg 480w, https:\/\/www.drivelife.it\/dlnew\/wp-content\/uploads\/2013\/10\/BMW_serie-5_berlina_31-640x640.jpg 640w\" sizes=\"auto, (max-width: 150px) 100vw, 150px\" \/><\/a>\n                <\/dt><\/dl><dl class='gallery-item'>\n                <dt class='gallery-icon'>\n                    <a href='https:\/\/www.drivelife.it\/dlnew\/2013\/10\/11\/bmw-serie-5\/bmw_serie-5_berlina_32\/'><img loading=\"lazy\" decoding=\"async\" width=\"150\" height=\"150\" src=\"https:\/\/www.drivelife.it\/dlnew\/wp-content\/uploads\/2013\/10\/BMW_serie-5_berlina_32-150x150.jpg\" class=\"attachment-thumbnail size-thumbnail\" alt=\"\" srcset=\"https:\/\/www.drivelife.it\/dlnew\/wp-content\/uploads\/2013\/10\/BMW_serie-5_berlina_32-150x150.jpg 150w, https:\/\/www.drivelife.it\/dlnew\/wp-content\/uploads\/2013\/10\/BMW_serie-5_berlina_32-480x480.jpg 480w, https:\/\/www.drivelife.it\/dlnew\/wp-content\/uploads\/2013\/10\/BMW_serie-5_berlina_32-640x640.jpg 640w\" sizes=\"auto, (max-width: 150px) 100vw, 150px\" \/><\/a>\n                <\/dt><\/dl><dl class='gallery-item'>\n                <dt class='gallery-icon'>\n                    <a href='https:\/\/www.drivelife.it\/dlnew\/2013\/10\/11\/bmw-serie-5\/bmw_serie-5_berlina_33\/'><img loading=\"lazy\" decoding=\"async\" width=\"150\" height=\"150\" src=\"https:\/\/www.drivelife.it\/dlnew\/wp-content\/uploads\/2013\/10\/BMW_serie-5_berlina_33-150x150.jpg\" class=\"attachment-thumbnail size-thumbnail\" alt=\"\" srcset=\"https:\/\/www.drivelife.it\/dlnew\/wp-content\/uploads\/2013\/10\/BMW_serie-5_berlina_33-150x150.jpg 150w, https:\/\/www.drivelife.it\/dlnew\/wp-content\/uploads\/2013\/10\/BMW_serie-5_berlina_33-480x480.jpg 480w, https:\/\/www.drivelife.it\/dlnew\/wp-content\/uploads\/2013\/10\/BMW_serie-5_berlina_33-640x640.jpg 640w\" sizes=\"auto, (max-width: 150px) 100vw, 150px\" \/><\/a>\n                <\/dt><\/dl><dl class='gallery-item'>\n                <dt class='gallery-icon'>\n                    <a href='https:\/\/www.drivelife.it\/dlnew\/2013\/10\/11\/bmw-serie-5\/bmw_serie-5_berlina_34\/'><img loading=\"lazy\" decoding=\"async\" width=\"150\" height=\"150\" src=\"https:\/\/www.drivelife.it\/dlnew\/wp-content\/uploads\/2013\/10\/BMW_serie-5_berlina_34-150x150.jpg\" class=\"attachment-thumbnail size-thumbnail\" alt=\"\" srcset=\"https:\/\/www.drivelife.it\/dlnew\/wp-content\/uploads\/2013\/10\/BMW_serie-5_berlina_34-150x150.jpg 150w, https:\/\/www.drivelife.it\/dlnew\/wp-content\/uploads\/2013\/10\/BMW_serie-5_berlina_34-480x480.jpg 480w, https:\/\/www.drivelife.it\/dlnew\/wp-content\/uploads\/2013\/10\/BMW_serie-5_berlina_34-640x640.jpg 640w\" sizes=\"auto, (max-width: 150px) 100vw, 150px\" \/><\/a>\n                <\/dt><\/dl><dl class='gallery-item'>\n                <dt class='gallery-icon'>\n                    <a href='https:\/\/www.drivelife.it\/dlnew\/2013\/10\/11\/bmw-serie-5\/bmw_serie-5_berlina_35\/'><img loading=\"lazy\" decoding=\"async\" width=\"150\" height=\"150\" src=\"https:\/\/www.drivelife.it\/dlnew\/wp-content\/uploads\/2013\/10\/BMW_serie-5_berlina_35-150x150.jpg\" class=\"attachment-thumbnail size-thumbnail\" alt=\"\" srcset=\"https:\/\/www.drivelife.it\/dlnew\/wp-content\/uploads\/2013\/10\/BMW_serie-5_berlina_35-150x150.jpg 150w, https:\/\/www.drivelife.it\/dlnew\/wp-content\/uploads\/2013\/10\/BMW_serie-5_berlina_35-480x480.jpg 480w, https:\/\/www.drivelife.it\/dlnew\/wp-content\/uploads\/2013\/10\/BMW_serie-5_berlina_35-640x640.jpg 640w\" sizes=\"auto, (max-width: 150px) 100vw, 150px\" \/><\/a>\n                <\/dt><\/dl><dl class='gallery-item'>\n                <dt class='gallery-icon'>\n                    <a href='https:\/\/www.drivelife.it\/dlnew\/2013\/10\/11\/bmw-serie-5\/bmw_serie-5_berlina_36\/'><img loading=\"lazy\" decoding=\"async\" width=\"150\" height=\"150\" src=\"https:\/\/www.drivelife.it\/dlnew\/wp-content\/uploads\/2013\/10\/BMW_serie-5_berlina_36-150x150.jpg\" class=\"attachment-thumbnail size-thumbnail\" alt=\"\" srcset=\"https:\/\/www.drivelife.it\/dlnew\/wp-content\/uploads\/2013\/10\/BMW_serie-5_berlina_36-150x150.jpg 150w, https:\/\/www.drivelife.it\/dlnew\/wp-content\/uploads\/2013\/10\/BMW_serie-5_berlina_36-480x480.jpg 480w, https:\/\/www.drivelife.it\/dlnew\/wp-content\/uploads\/2013\/10\/BMW_serie-5_berlina_36-640x640.jpg 640w\" sizes=\"auto, (max-width: 150px) 100vw, 150px\" \/><\/a>\n                <\/dt><\/dl><dl class='gallery-item'>\n                <dt class='gallery-icon'>\n                    <a href='https:\/\/www.drivelife.it\/dlnew\/2013\/10\/11\/bmw-serie-5\/bmw_serie-5_berlina_37\/'><img loading=\"lazy\" decoding=\"async\" width=\"150\" height=\"150\" src=\"https:\/\/www.drivelife.it\/dlnew\/wp-content\/uploads\/2013\/10\/BMW_serie-5_berlina_37-150x150.jpg\" class=\"attachment-thumbnail size-thumbnail\" alt=\"\" srcset=\"https:\/\/www.drivelife.it\/dlnew\/wp-content\/uploads\/2013\/10\/BMW_serie-5_berlina_37-150x150.jpg 150w, https:\/\/www.drivelife.it\/dlnew\/wp-content\/uploads\/2013\/10\/BMW_serie-5_berlina_37-480x480.jpg 480w, https:\/\/www.drivelife.it\/dlnew\/wp-content\/uploads\/2013\/10\/BMW_serie-5_berlina_37-640x640.jpg 640w\" sizes=\"auto, (max-width: 150px) 100vw, 150px\" \/><\/a>\n                <\/dt><\/dl><br style=\"clear: both\" \/><dl class='gallery-item'>\n                <dt class='gallery-icon'>\n                    <a href='https:\/\/www.drivelife.it\/dlnew\/2013\/10\/11\/bmw-serie-5\/bmw_serie-5_berlina_38\/'><img loading=\"lazy\" decoding=\"async\" width=\"150\" height=\"150\" src=\"https:\/\/www.drivelife.it\/dlnew\/wp-content\/uploads\/2013\/10\/BMW_serie-5_berlina_38-150x150.jpg\" class=\"attachment-thumbnail size-thumbnail\" alt=\"\" srcset=\"https:\/\/www.drivelife.it\/dlnew\/wp-content\/uploads\/2013\/10\/BMW_serie-5_berlina_38-150x150.jpg 150w, https:\/\/www.drivelife.it\/dlnew\/wp-content\/uploads\/2013\/10\/BMW_serie-5_berlina_38-480x480.jpg 480w, https:\/\/www.drivelife.it\/dlnew\/wp-content\/uploads\/2013\/10\/BMW_serie-5_berlina_38-640x640.jpg 640w\" sizes=\"auto, (max-width: 150px) 100vw, 150px\" \/><\/a>\n                <\/dt><\/dl><dl class='gallery-item'>\n                <dt class='gallery-icon'>\n                    <a href='https:\/\/www.drivelife.it\/dlnew\/2013\/10\/11\/bmw-serie-5\/bmw_serie-5_berlina_39\/'><img loading=\"lazy\" decoding=\"async\" width=\"150\" height=\"150\" src=\"https:\/\/www.drivelife.it\/dlnew\/wp-content\/uploads\/2013\/10\/BMW_serie-5_berlina_39-150x150.jpg\" class=\"attachment-thumbnail size-thumbnail\" alt=\"\" srcset=\"https:\/\/www.drivelife.it\/dlnew\/wp-content\/uploads\/2013\/10\/BMW_serie-5_berlina_39-150x150.jpg 150w, https:\/\/www.drivelife.it\/dlnew\/wp-content\/uploads\/2013\/10\/BMW_serie-5_berlina_39-480x480.jpg 480w, https:\/\/www.drivelife.it\/dlnew\/wp-content\/uploads\/2013\/10\/BMW_serie-5_berlina_39-640x640.jpg 640w\" sizes=\"auto, (max-width: 150px) 100vw, 150px\" \/><\/a>\n                <\/dt><\/dl><dl class='gallery-item'>\n                <dt class='gallery-icon'>\n                    <a href='https:\/\/www.drivelife.it\/dlnew\/2013\/10\/11\/bmw-serie-5\/bmw_serie-5_berlina_40\/'><img loading=\"lazy\" decoding=\"async\" width=\"150\" height=\"150\" src=\"https:\/\/www.drivelife.it\/dlnew\/wp-content\/uploads\/2013\/10\/BMW_serie-5_berlina_40-150x150.jpg\" class=\"attachment-thumbnail size-thumbnail\" alt=\"\" srcset=\"https:\/\/www.drivelife.it\/dlnew\/wp-content\/uploads\/2013\/10\/BMW_serie-5_berlina_40-150x150.jpg 150w, https:\/\/www.drivelife.it\/dlnew\/wp-content\/uploads\/2013\/10\/BMW_serie-5_berlina_40-480x480.jpg 480w, https:\/\/www.drivelife.it\/dlnew\/wp-content\/uploads\/2013\/10\/BMW_serie-5_berlina_40-640x640.jpg 640w\" sizes=\"auto, (max-width: 150px) 100vw, 150px\" \/><\/a>\n                <\/dt><\/dl><dl class='gallery-item'>\n                <dt class='gallery-icon'>\n                    <a href='https:\/\/www.drivelife.it\/dlnew\/2013\/10\/11\/bmw-serie-5\/bmw_serie-5_berlina_41\/'><img loading=\"lazy\" decoding=\"async\" width=\"150\" height=\"150\" src=\"https:\/\/www.drivelife.it\/dlnew\/wp-content\/uploads\/2013\/10\/BMW_serie-5_berlina_41-150x150.jpg\" class=\"attachment-thumbnail size-thumbnail\" alt=\"\" srcset=\"https:\/\/www.drivelife.it\/dlnew\/wp-content\/uploads\/2013\/10\/BMW_serie-5_berlina_41-150x150.jpg 150w, https:\/\/www.drivelife.it\/dlnew\/wp-content\/uploads\/2013\/10\/BMW_serie-5_berlina_41-480x480.jpg 480w, https:\/\/www.drivelife.it\/dlnew\/wp-content\/uploads\/2013\/10\/BMW_serie-5_berlina_41-640x640.jpg 640w\" sizes=\"auto, (max-width: 150px) 100vw, 150px\" \/><\/a>\n                <\/dt><\/dl><dl class='gallery-item'>\n                <dt class='gallery-icon'>\n                    <a href='https:\/\/www.drivelife.it\/dlnew\/2013\/10\/11\/bmw-serie-5\/bmw_serie-5_berlina_42\/'><img loading=\"lazy\" decoding=\"async\" width=\"150\" height=\"150\" src=\"https:\/\/www.drivelife.it\/dlnew\/wp-content\/uploads\/2013\/10\/BMW_serie-5_berlina_42-150x150.jpg\" class=\"attachment-thumbnail size-thumbnail\" alt=\"\" srcset=\"https:\/\/www.drivelife.it\/dlnew\/wp-content\/uploads\/2013\/10\/BMW_serie-5_berlina_42-150x150.jpg 150w, https:\/\/www.drivelife.it\/dlnew\/wp-content\/uploads\/2013\/10\/BMW_serie-5_berlina_42-480x480.jpg 480w, https:\/\/www.drivelife.it\/dlnew\/wp-content\/uploads\/2013\/10\/BMW_serie-5_berlina_42-640x640.jpg 640w\" sizes=\"auto, (max-width: 150px) 100vw, 150px\" \/><\/a>\n                <\/dt><\/dl><dl class='gallery-item'>\n                <dt class='gallery-icon'>\n                    <a href='https:\/\/www.drivelife.it\/dlnew\/2013\/10\/11\/bmw-serie-5\/bmw_serie-5_berlina_43\/'><img loading=\"lazy\" decoding=\"async\" width=\"150\" height=\"150\" src=\"https:\/\/www.drivelife.it\/dlnew\/wp-content\/uploads\/2013\/10\/BMW_serie-5_berlina_43-150x150.jpg\" class=\"attachment-thumbnail size-thumbnail\" alt=\"\" srcset=\"https:\/\/www.drivelife.it\/dlnew\/wp-content\/uploads\/2013\/10\/BMW_serie-5_berlina_43-150x150.jpg 150w, https:\/\/www.drivelife.it\/dlnew\/wp-content\/uploads\/2013\/10\/BMW_serie-5_berlina_43-480x480.jpg 480w, https:\/\/www.drivelife.it\/dlnew\/wp-content\/uploads\/2013\/10\/BMW_serie-5_berlina_43-640x640.jpg 640w\" sizes=\"auto, (max-width: 150px) 100vw, 150px\" \/><\/a>\n                <\/dt><\/dl><dl class='gallery-item'>\n                <dt class='gallery-icon'>\n                    <a href='https:\/\/www.drivelife.it\/dlnew\/2013\/10\/11\/bmw-serie-5\/bmw_serie-5_berlina_44\/'><img loading=\"lazy\" decoding=\"async\" width=\"150\" height=\"150\" src=\"https:\/\/www.drivelife.it\/dlnew\/wp-content\/uploads\/2013\/10\/BMW_serie-5_berlina_44-150x150.jpg\" class=\"attachment-thumbnail size-thumbnail\" alt=\"\" srcset=\"https:\/\/www.drivelife.it\/dlnew\/wp-content\/uploads\/2013\/10\/BMW_serie-5_berlina_44-150x150.jpg 150w, https:\/\/www.drivelife.it\/dlnew\/wp-content\/uploads\/2013\/10\/BMW_serie-5_berlina_44-480x480.jpg 480w, https:\/\/www.drivelife.it\/dlnew\/wp-content\/uploads\/2013\/10\/BMW_serie-5_berlina_44-640x640.jpg 640w\" sizes=\"auto, (max-width: 150px) 100vw, 150px\" \/><\/a>\n                <\/dt><\/dl><dl class='gallery-item'>\n                <dt class='gallery-icon'>\n                    <a href='https:\/\/www.drivelife.it\/dlnew\/2013\/10\/11\/bmw-serie-5\/bmw_serie-5_berlina_45\/'><img loading=\"lazy\" decoding=\"async\" width=\"150\" height=\"150\" src=\"https:\/\/www.drivelife.it\/dlnew\/wp-content\/uploads\/2013\/10\/BMW_serie-5_berlina_45-150x150.jpg\" class=\"attachment-thumbnail size-thumbnail\" alt=\"\" srcset=\"https:\/\/www.drivelife.it\/dlnew\/wp-content\/uploads\/2013\/10\/BMW_serie-5_berlina_45-150x150.jpg 150w, https:\/\/www.drivelife.it\/dlnew\/wp-content\/uploads\/2013\/10\/BMW_serie-5_berlina_45-480x480.jpg 480w, https:\/\/www.drivelife.it\/dlnew\/wp-content\/uploads\/2013\/10\/BMW_serie-5_berlina_45-640x640.jpg 640w\" sizes=\"auto, (max-width: 150px) 100vw, 150px\" \/><\/a>\n                <\/dt><\/dl><dl class='gallery-item'>\n                <dt class='gallery-icon'>\n                    <a href='https:\/\/www.drivelife.it\/dlnew\/2013\/10\/11\/bmw-serie-5\/bmw_serie-5_berlina_46\/'><img loading=\"lazy\" decoding=\"async\" width=\"150\" height=\"150\" src=\"https:\/\/www.drivelife.it\/dlnew\/wp-content\/uploads\/2013\/10\/BMW_serie-5_berlina_46-150x150.jpg\" class=\"attachment-thumbnail size-thumbnail\" alt=\"\" srcset=\"https:\/\/www.drivelife.it\/dlnew\/wp-content\/uploads\/2013\/10\/BMW_serie-5_berlina_46-150x150.jpg 150w, https:\/\/www.drivelife.it\/dlnew\/wp-content\/uploads\/2013\/10\/BMW_serie-5_berlina_46-480x480.jpg 480w, https:\/\/www.drivelife.it\/dlnew\/wp-content\/uploads\/2013\/10\/BMW_serie-5_berlina_46-640x640.jpg 640w\" sizes=\"auto, (max-width: 150px) 100vw, 150px\" \/><\/a>\n                <\/dt><\/dl><br style=\"clear: both\" \/><dl class='gallery-item'>\n                <dt class='gallery-icon'>\n                    <a href='https:\/\/www.drivelife.it\/dlnew\/2013\/10\/11\/bmw-serie-5\/bmw_serie-5_berlina_47\/'><img loading=\"lazy\" decoding=\"async\" width=\"150\" height=\"150\" src=\"https:\/\/www.drivelife.it\/dlnew\/wp-content\/uploads\/2013\/10\/BMW_serie-5_berlina_47-150x150.jpg\" class=\"attachment-thumbnail size-thumbnail\" alt=\"\" srcset=\"https:\/\/www.drivelife.it\/dlnew\/wp-content\/uploads\/2013\/10\/BMW_serie-5_berlina_47-150x150.jpg 150w, https:\/\/www.drivelife.it\/dlnew\/wp-content\/uploads\/2013\/10\/BMW_serie-5_berlina_47-480x480.jpg 480w, https:\/\/www.drivelife.it\/dlnew\/wp-content\/uploads\/2013\/10\/BMW_serie-5_berlina_47-640x640.jpg 640w\" sizes=\"auto, (max-width: 150px) 100vw, 150px\" \/><\/a>\n                <\/dt><\/dl><dl class='gallery-item'>\n                <dt class='gallery-icon'>\n                    <a href='https:\/\/www.drivelife.it\/dlnew\/2013\/10\/11\/bmw-serie-5\/bmw_serie-5_berlina_48\/'><img loading=\"lazy\" decoding=\"async\" width=\"150\" height=\"150\" src=\"https:\/\/www.drivelife.it\/dlnew\/wp-content\/uploads\/2013\/10\/BMW_serie-5_berlina_48-150x150.jpg\" class=\"attachment-thumbnail size-thumbnail\" alt=\"\" srcset=\"https:\/\/www.drivelife.it\/dlnew\/wp-content\/uploads\/2013\/10\/BMW_serie-5_berlina_48-150x150.jpg 150w, https:\/\/www.drivelife.it\/dlnew\/wp-content\/uploads\/2013\/10\/BMW_serie-5_berlina_48-480x480.jpg 480w, https:\/\/www.drivelife.it\/dlnew\/wp-content\/uploads\/2013\/10\/BMW_serie-5_berlina_48-640x640.jpg 640w\" sizes=\"auto, (max-width: 150px) 100vw, 150px\" \/><\/a>\n                <\/dt><\/dl><dl class='gallery-item'>\n                <dt class='gallery-icon'>\n                    <a href='https:\/\/www.drivelife.it\/dlnew\/2013\/10\/11\/bmw-serie-5\/bmw_serie-5_berlina_49\/'><img loading=\"lazy\" decoding=\"async\" width=\"150\" height=\"150\" src=\"https:\/\/www.drivelife.it\/dlnew\/wp-content\/uploads\/2013\/10\/BMW_serie-5_berlina_49-150x150.jpg\" class=\"attachment-thumbnail size-thumbnail\" alt=\"\" srcset=\"https:\/\/www.drivelife.it\/dlnew\/wp-content\/uploads\/2013\/10\/BMW_serie-5_berlina_49-150x150.jpg 150w, https:\/\/www.drivelife.it\/dlnew\/wp-content\/uploads\/2013\/10\/BMW_serie-5_berlina_49-480x480.jpg 480w, https:\/\/www.drivelife.it\/dlnew\/wp-content\/uploads\/2013\/10\/BMW_serie-5_berlina_49-640x640.jpg 640w\" sizes=\"auto, (max-width: 150px) 100vw, 150px\" \/><\/a>\n                <\/dt><\/dl><dl class='gallery-item'>\n                <dt class='gallery-icon'>\n                    <a href='https:\/\/www.drivelife.it\/dlnew\/2013\/10\/11\/bmw-serie-5\/bmw_serie-5_berlina_50\/'><img loading=\"lazy\" decoding=\"async\" width=\"150\" height=\"150\" src=\"https:\/\/www.drivelife.it\/dlnew\/wp-content\/uploads\/2013\/10\/BMW_serie-5_berlina_50-150x150.jpg\" class=\"attachment-thumbnail size-thumbnail\" alt=\"\" srcset=\"https:\/\/www.drivelife.it\/dlnew\/wp-content\/uploads\/2013\/10\/BMW_serie-5_berlina_50-150x150.jpg 150w, https:\/\/www.drivelife.it\/dlnew\/wp-content\/uploads\/2013\/10\/BMW_serie-5_berlina_50-480x480.jpg 480w, https:\/\/www.drivelife.it\/dlnew\/wp-content\/uploads\/2013\/10\/BMW_serie-5_berlina_50-640x640.jpg 640w\" sizes=\"auto, (max-width: 150px) 100vw, 150px\" \/><\/a>\n                <\/dt><\/dl><dl class='gallery-item'>\n                <dt class='gallery-icon'>\n                    <a href='https:\/\/www.drivelife.it\/dlnew\/2013\/10\/11\/bmw-serie-5\/bmw_serie-5_berlina_51\/'><img loading=\"lazy\" decoding=\"async\" width=\"150\" height=\"150\" src=\"https:\/\/www.drivelife.it\/dlnew\/wp-content\/uploads\/2013\/10\/BMW_serie-5_berlina_51-150x150.jpg\" class=\"attachment-thumbnail size-thumbnail\" alt=\"\" srcset=\"https:\/\/www.drivelife.it\/dlnew\/wp-content\/uploads\/2013\/10\/BMW_serie-5_berlina_51-150x150.jpg 150w, https:\/\/www.drivelife.it\/dlnew\/wp-content\/uploads\/2013\/10\/BMW_serie-5_berlina_51-480x480.jpg 480w, https:\/\/www.drivelife.it\/dlnew\/wp-content\/uploads\/2013\/10\/BMW_serie-5_berlina_51-640x640.jpg 640w\" sizes=\"auto, (max-width: 150px) 100vw, 150px\" \/><\/a>\n                <\/dt><\/dl><dl class='gallery-item'>\n                <dt class='gallery-icon'>\n                    <a href='https:\/\/www.drivelife.it\/dlnew\/2013\/10\/11\/bmw-serie-5\/bmw_serie-5_berlina_52\/'><img loading=\"lazy\" decoding=\"async\" width=\"150\" height=\"150\" src=\"https:\/\/www.drivelife.it\/dlnew\/wp-content\/uploads\/2013\/10\/BMW_serie-5_berlina_52-150x150.jpg\" class=\"attachment-thumbnail size-thumbnail\" alt=\"\" srcset=\"https:\/\/www.drivelife.it\/dlnew\/wp-content\/uploads\/2013\/10\/BMW_serie-5_berlina_52-150x150.jpg 150w, https:\/\/www.drivelife.it\/dlnew\/wp-content\/uploads\/2013\/10\/BMW_serie-5_berlina_52-480x480.jpg 480w, https:\/\/www.drivelife.it\/dlnew\/wp-content\/uploads\/2013\/10\/BMW_serie-5_berlina_52-640x640.jpg 640w\" sizes=\"auto, (max-width: 150px) 100vw, 150px\" \/><\/a>\n                <\/dt><\/dl><dl class='gallery-item'>\n                <dt class='gallery-icon'>\n                    <a href='https:\/\/www.drivelife.it\/dlnew\/2013\/10\/11\/bmw-serie-5\/bmw_serie-5_berlina_55\/'><img loading=\"lazy\" decoding=\"async\" width=\"150\" height=\"150\" src=\"https:\/\/www.drivelife.it\/dlnew\/wp-content\/uploads\/2013\/10\/BMW_serie-5_berlina_55-150x150.jpg\" class=\"attachment-thumbnail size-thumbnail\" alt=\"\" srcset=\"https:\/\/www.drivelife.it\/dlnew\/wp-content\/uploads\/2013\/10\/BMW_serie-5_berlina_55-150x150.jpg 150w, https:\/\/www.drivelife.it\/dlnew\/wp-content\/uploads\/2013\/10\/BMW_serie-5_berlina_55-480x480.jpg 480w, https:\/\/www.drivelife.it\/dlnew\/wp-content\/uploads\/2013\/10\/BMW_serie-5_berlina_55-640x640.jpg 640w\" sizes=\"auto, (max-width: 150px) 100vw, 150px\" \/><\/a>\n                <\/dt><\/dl><dl class='gallery-item'>\n                <dt class='gallery-icon'>\n                    <a href='https:\/\/www.drivelife.it\/dlnew\/2013\/10\/11\/bmw-serie-5\/bmw_serie-5_gt_01\/'><img loading=\"lazy\" decoding=\"async\" width=\"150\" height=\"150\" src=\"https:\/\/www.drivelife.it\/dlnew\/wp-content\/uploads\/2013\/10\/BMW_serie-5_GT_01-150x150.jpg\" class=\"attachment-thumbnail size-thumbnail\" alt=\"\" srcset=\"https:\/\/www.drivelife.it\/dlnew\/wp-content\/uploads\/2013\/10\/BMW_serie-5_GT_01-150x150.jpg 150w, https:\/\/www.drivelife.it\/dlnew\/wp-content\/uploads\/2013\/10\/BMW_serie-5_GT_01-480x480.jpg 480w, https:\/\/www.drivelife.it\/dlnew\/wp-content\/uploads\/2013\/10\/BMW_serie-5_GT_01-640x640.jpg 640w\" sizes=\"auto, (max-width: 150px) 100vw, 150px\" \/><\/a>\n                <\/dt><\/dl><dl class='gallery-item'>\n                <dt class='gallery-icon'>\n                    <a href='https:\/\/www.drivelife.it\/dlnew\/2013\/10\/11\/bmw-serie-5\/bmw_serie-5_gt_02\/'><img loading=\"lazy\" decoding=\"async\" width=\"150\" height=\"150\" src=\"https:\/\/www.drivelife.it\/dlnew\/wp-content\/uploads\/2013\/10\/BMW_serie-5_GT_02-150x150.jpg\" class=\"attachment-thumbnail size-thumbnail\" alt=\"\" srcset=\"https:\/\/www.drivelife.it\/dlnew\/wp-content\/uploads\/2013\/10\/BMW_serie-5_GT_02-150x150.jpg 150w, https:\/\/www.drivelife.it\/dlnew\/wp-content\/uploads\/2013\/10\/BMW_serie-5_GT_02-480x480.jpg 480w, https:\/\/www.drivelife.it\/dlnew\/wp-content\/uploads\/2013\/10\/BMW_serie-5_GT_02-640x640.jpg 640w\" sizes=\"auto, (max-width: 150px) 100vw, 150px\" \/><\/a>\n                <\/dt><\/dl><br style=\"clear: both\" \/><dl class='gallery-item'>\n                <dt class='gallery-icon'>\n                    <a href='https:\/\/www.drivelife.it\/dlnew\/2013\/10\/11\/bmw-serie-5\/bmw_serie-5_gt_03\/'><img loading=\"lazy\" decoding=\"async\" width=\"150\" height=\"150\" src=\"https:\/\/www.drivelife.it\/dlnew\/wp-content\/uploads\/2013\/10\/BMW_serie-5_GT_03-150x150.jpg\" class=\"attachment-thumbnail size-thumbnail\" alt=\"\" srcset=\"https:\/\/www.drivelife.it\/dlnew\/wp-content\/uploads\/2013\/10\/BMW_serie-5_GT_03-150x150.jpg 150w, https:\/\/www.drivelife.it\/dlnew\/wp-content\/uploads\/2013\/10\/BMW_serie-5_GT_03-480x480.jpg 480w, https:\/\/www.drivelife.it\/dlnew\/wp-content\/uploads\/2013\/10\/BMW_serie-5_GT_03-640x640.jpg 640w\" sizes=\"auto, (max-width: 150px) 100vw, 150px\" \/><\/a>\n                <\/dt><\/dl><dl class='gallery-item'>\n                <dt class='gallery-icon'>\n                    <a href='https:\/\/www.drivelife.it\/dlnew\/2013\/10\/11\/bmw-serie-5\/bmw_serie-5_gt_04\/'><img loading=\"lazy\" decoding=\"async\" width=\"150\" height=\"150\" src=\"https:\/\/www.drivelife.it\/dlnew\/wp-content\/uploads\/2013\/10\/BMW_serie-5_GT_04-150x150.jpg\" class=\"attachment-thumbnail size-thumbnail\" alt=\"\" srcset=\"https:\/\/www.drivelife.it\/dlnew\/wp-content\/uploads\/2013\/10\/BMW_serie-5_GT_04-150x150.jpg 150w, https:\/\/www.drivelife.it\/dlnew\/wp-content\/uploads\/2013\/10\/BMW_serie-5_GT_04-480x480.jpg 480w, https:\/\/www.drivelife.it\/dlnew\/wp-content\/uploads\/2013\/10\/BMW_serie-5_GT_04-640x640.jpg 640w\" sizes=\"auto, (max-width: 150px) 100vw, 150px\" \/><\/a>\n                <\/dt><\/dl><dl class='gallery-item'>\n                <dt class='gallery-icon'>\n                    <a href='https:\/\/www.drivelife.it\/dlnew\/2013\/10\/11\/bmw-serie-5\/bmw_serie-5_gt_05\/'><img loading=\"lazy\" decoding=\"async\" width=\"150\" height=\"150\" src=\"https:\/\/www.drivelife.it\/dlnew\/wp-content\/uploads\/2013\/10\/BMW_serie-5_GT_05-150x150.jpg\" class=\"attachment-thumbnail size-thumbnail\" alt=\"\" srcset=\"https:\/\/www.drivelife.it\/dlnew\/wp-content\/uploads\/2013\/10\/BMW_serie-5_GT_05-150x150.jpg 150w, https:\/\/www.drivelife.it\/dlnew\/wp-content\/uploads\/2013\/10\/BMW_serie-5_GT_05-480x480.jpg 480w, https:\/\/www.drivelife.it\/dlnew\/wp-content\/uploads\/2013\/10\/BMW_serie-5_GT_05-640x640.jpg 640w\" sizes=\"auto, (max-width: 150px) 100vw, 150px\" \/><\/a>\n                <\/dt><\/dl><dl class='gallery-item'>\n                <dt class='gallery-icon'>\n                    <a href='https:\/\/www.drivelife.it\/dlnew\/2013\/10\/11\/bmw-serie-5\/bmw_serie-5_gt_06\/'><img loading=\"lazy\" decoding=\"async\" width=\"150\" height=\"150\" src=\"https:\/\/www.drivelife.it\/dlnew\/wp-content\/uploads\/2013\/10\/BMW_serie-5_GT_06-150x150.jpg\" class=\"attachment-thumbnail size-thumbnail\" alt=\"\" srcset=\"https:\/\/www.drivelife.it\/dlnew\/wp-content\/uploads\/2013\/10\/BMW_serie-5_GT_06-150x150.jpg 150w, https:\/\/www.drivelife.it\/dlnew\/wp-content\/uploads\/2013\/10\/BMW_serie-5_GT_06-480x480.jpg 480w, https:\/\/www.drivelife.it\/dlnew\/wp-content\/uploads\/2013\/10\/BMW_serie-5_GT_06-640x640.jpg 640w\" sizes=\"auto, (max-width: 150px) 100vw, 150px\" \/><\/a>\n                <\/dt><\/dl><dl class='gallery-item'>\n                <dt class='gallery-icon'>\n                    <a href='https:\/\/www.drivelife.it\/dlnew\/2013\/10\/11\/bmw-serie-5\/bmw_serie-5_gt_07\/'><img loading=\"lazy\" decoding=\"async\" width=\"150\" height=\"150\" src=\"https:\/\/www.drivelife.it\/dlnew\/wp-content\/uploads\/2013\/10\/BMW_serie-5_GT_07-150x150.jpg\" class=\"attachment-thumbnail size-thumbnail\" alt=\"\" srcset=\"https:\/\/www.drivelife.it\/dlnew\/wp-content\/uploads\/2013\/10\/BMW_serie-5_GT_07-150x150.jpg 150w, https:\/\/www.drivelife.it\/dlnew\/wp-content\/uploads\/2013\/10\/BMW_serie-5_GT_07-480x480.jpg 480w, https:\/\/www.drivelife.it\/dlnew\/wp-content\/uploads\/2013\/10\/BMW_serie-5_GT_07-640x640.jpg 640w\" sizes=\"auto, (max-width: 150px) 100vw, 150px\" \/><\/a>\n                <\/dt><\/dl><dl class='gallery-item'>\n                <dt class='gallery-icon'>\n                    <a href='https:\/\/www.drivelife.it\/dlnew\/2013\/10\/11\/bmw-serie-5\/bmw_serie-5_gt_08\/'><img loading=\"lazy\" decoding=\"async\" width=\"150\" height=\"150\" src=\"https:\/\/www.drivelife.it\/dlnew\/wp-content\/uploads\/2013\/10\/BMW_serie-5_GT_08-150x150.jpg\" class=\"attachment-thumbnail size-thumbnail\" alt=\"\" srcset=\"https:\/\/www.drivelife.it\/dlnew\/wp-content\/uploads\/2013\/10\/BMW_serie-5_GT_08-150x150.jpg 150w, https:\/\/www.drivelife.it\/dlnew\/wp-content\/uploads\/2013\/10\/BMW_serie-5_GT_08-480x480.jpg 480w, https:\/\/www.drivelife.it\/dlnew\/wp-content\/uploads\/2013\/10\/BMW_serie-5_GT_08-640x640.jpg 640w\" sizes=\"auto, (max-width: 150px) 100vw, 150px\" \/><\/a>\n                <\/dt><\/dl><dl class='gallery-item'>\n                <dt class='gallery-icon'>\n                    <a href='https:\/\/www.drivelife.it\/dlnew\/2013\/10\/11\/bmw-serie-5\/bmw_serie-5_gt_09\/'><img loading=\"lazy\" decoding=\"async\" width=\"150\" height=\"150\" src=\"https:\/\/www.drivelife.it\/dlnew\/wp-content\/uploads\/2013\/10\/BMW_serie-5_GT_09-150x150.jpg\" class=\"attachment-thumbnail size-thumbnail\" alt=\"\" srcset=\"https:\/\/www.drivelife.it\/dlnew\/wp-content\/uploads\/2013\/10\/BMW_serie-5_GT_09-150x150.jpg 150w, https:\/\/www.drivelife.it\/dlnew\/wp-content\/uploads\/2013\/10\/BMW_serie-5_GT_09-480x480.jpg 480w, https:\/\/www.drivelife.it\/dlnew\/wp-content\/uploads\/2013\/10\/BMW_serie-5_GT_09-640x640.jpg 640w\" sizes=\"auto, (max-width: 150px) 100vw, 150px\" \/><\/a>\n                <\/dt><\/dl><dl class='gallery-item'>\n                <dt class='gallery-icon'>\n                    <a href='https:\/\/www.drivelife.it\/dlnew\/2013\/10\/11\/bmw-serie-5\/bmw_serie-5_gt_10\/'><img loading=\"lazy\" decoding=\"async\" width=\"150\" height=\"150\" src=\"https:\/\/www.drivelife.it\/dlnew\/wp-content\/uploads\/2013\/10\/BMW_serie-5_GT_10-150x150.jpg\" class=\"attachment-thumbnail size-thumbnail\" alt=\"\" srcset=\"https:\/\/www.drivelife.it\/dlnew\/wp-content\/uploads\/2013\/10\/BMW_serie-5_GT_10-150x150.jpg 150w, https:\/\/www.drivelife.it\/dlnew\/wp-content\/uploads\/2013\/10\/BMW_serie-5_GT_10-480x480.jpg 480w, https:\/\/www.drivelife.it\/dlnew\/wp-content\/uploads\/2013\/10\/BMW_serie-5_GT_10-640x640.jpg 640w\" sizes=\"auto, (max-width: 150px) 100vw, 150px\" \/><\/a>\n                <\/dt><\/dl><dl class='gallery-item'>\n                <dt class='gallery-icon'>\n                    <a href='https:\/\/www.drivelife.it\/dlnew\/2013\/10\/11\/bmw-serie-5\/bmw_serie-5_gt_11\/'><img loading=\"lazy\" decoding=\"async\" width=\"150\" height=\"150\" src=\"https:\/\/www.drivelife.it\/dlnew\/wp-content\/uploads\/2013\/10\/BMW_serie-5_GT_11-150x150.jpg\" class=\"attachment-thumbnail size-thumbnail\" alt=\"\" srcset=\"https:\/\/www.drivelife.it\/dlnew\/wp-content\/uploads\/2013\/10\/BMW_serie-5_GT_11-150x150.jpg 150w, https:\/\/www.drivelife.it\/dlnew\/wp-content\/uploads\/2013\/10\/BMW_serie-5_GT_11-480x480.jpg 480w, https:\/\/www.drivelife.it\/dlnew\/wp-content\/uploads\/2013\/10\/BMW_serie-5_GT_11-640x640.jpg 640w\" sizes=\"auto, (max-width: 150px) 100vw, 150px\" \/><\/a>\n                <\/dt><\/dl><br style=\"clear: both\" \/><dl class='gallery-item'>\n                <dt class='gallery-icon'>\n                    <a href='https:\/\/www.drivelife.it\/dlnew\/2013\/10\/11\/bmw-serie-5\/bmw_serie-5_gt_12\/'><img loading=\"lazy\" decoding=\"async\" width=\"150\" height=\"150\" src=\"https:\/\/www.drivelife.it\/dlnew\/wp-content\/uploads\/2013\/10\/BMW_serie-5_GT_12-150x150.jpg\" class=\"attachment-thumbnail size-thumbnail\" alt=\"\" srcset=\"https:\/\/www.drivelife.it\/dlnew\/wp-content\/uploads\/2013\/10\/BMW_serie-5_GT_12-150x150.jpg 150w, https:\/\/www.drivelife.it\/dlnew\/wp-content\/uploads\/2013\/10\/BMW_serie-5_GT_12-480x480.jpg 480w, https:\/\/www.drivelife.it\/dlnew\/wp-content\/uploads\/2013\/10\/BMW_serie-5_GT_12-640x640.jpg 640w\" sizes=\"auto, (max-width: 150px) 100vw, 150px\" \/><\/a>\n                <\/dt><\/dl><dl class='gallery-item'>\n                <dt class='gallery-icon'>\n                    <a href='https:\/\/www.drivelife.it\/dlnew\/2013\/10\/11\/bmw-serie-5\/bmw_serie-5_gt_13\/'><img loading=\"lazy\" decoding=\"async\" width=\"150\" height=\"150\" src=\"https:\/\/www.drivelife.it\/dlnew\/wp-content\/uploads\/2013\/10\/BMW_serie-5_GT_13-150x150.jpg\" class=\"attachment-thumbnail size-thumbnail\" alt=\"\" srcset=\"https:\/\/www.drivelife.it\/dlnew\/wp-content\/uploads\/2013\/10\/BMW_serie-5_GT_13-150x150.jpg 150w, https:\/\/www.drivelife.it\/dlnew\/wp-content\/uploads\/2013\/10\/BMW_serie-5_GT_13-480x480.jpg 480w, https:\/\/www.drivelife.it\/dlnew\/wp-content\/uploads\/2013\/10\/BMW_serie-5_GT_13-640x640.jpg 640w\" sizes=\"auto, (max-width: 150px) 100vw, 150px\" \/><\/a>\n                <\/dt><\/dl><dl class='gallery-item'>\n                <dt class='gallery-icon'>\n                    <a href='https:\/\/www.drivelife.it\/dlnew\/2013\/10\/11\/bmw-serie-5\/bmw_serie-5_gt_14\/'><img loading=\"lazy\" decoding=\"async\" width=\"150\" height=\"150\" src=\"https:\/\/www.drivelife.it\/dlnew\/wp-content\/uploads\/2013\/10\/BMW_serie-5_GT_14-150x150.jpg\" class=\"attachment-thumbnail size-thumbnail\" alt=\"\" srcset=\"https:\/\/www.drivelife.it\/dlnew\/wp-content\/uploads\/2013\/10\/BMW_serie-5_GT_14-150x150.jpg 150w, https:\/\/www.drivelife.it\/dlnew\/wp-content\/uploads\/2013\/10\/BMW_serie-5_GT_14-480x480.jpg 480w, https:\/\/www.drivelife.it\/dlnew\/wp-content\/uploads\/2013\/10\/BMW_serie-5_GT_14-640x640.jpg 640w\" sizes=\"auto, (max-width: 150px) 100vw, 150px\" \/><\/a>\n                <\/dt><\/dl><dl class='gallery-item'>\n                <dt class='gallery-icon'>\n                    <a href='https:\/\/www.drivelife.it\/dlnew\/2013\/10\/11\/bmw-serie-5\/bmw_serie-5_gt_15\/'><img loading=\"lazy\" decoding=\"async\" width=\"150\" height=\"150\" src=\"https:\/\/www.drivelife.it\/dlnew\/wp-content\/uploads\/2013\/10\/BMW_serie-5_GT_15-150x150.jpg\" class=\"attachment-thumbnail size-thumbnail\" alt=\"\" srcset=\"https:\/\/www.drivelife.it\/dlnew\/wp-content\/uploads\/2013\/10\/BMW_serie-5_GT_15-150x150.jpg 150w, https:\/\/www.drivelife.it\/dlnew\/wp-content\/uploads\/2013\/10\/BMW_serie-5_GT_15-480x480.jpg 480w, https:\/\/www.drivelife.it\/dlnew\/wp-content\/uploads\/2013\/10\/BMW_serie-5_GT_15-640x640.jpg 640w\" sizes=\"auto, (max-width: 150px) 100vw, 150px\" \/><\/a>\n                <\/dt><\/dl><dl class='gallery-item'>\n                <dt class='gallery-icon'>\n                    <a href='https:\/\/www.drivelife.it\/dlnew\/2013\/10\/11\/bmw-serie-5\/bmw_serie-5_gt_16\/'><img loading=\"lazy\" decoding=\"async\" width=\"150\" height=\"150\" src=\"https:\/\/www.drivelife.it\/dlnew\/wp-content\/uploads\/2013\/10\/BMW_serie-5_GT_16-150x150.jpg\" class=\"attachment-thumbnail size-thumbnail\" alt=\"\" srcset=\"https:\/\/www.drivelife.it\/dlnew\/wp-content\/uploads\/2013\/10\/BMW_serie-5_GT_16-150x150.jpg 150w, https:\/\/www.drivelife.it\/dlnew\/wp-content\/uploads\/2013\/10\/BMW_serie-5_GT_16-480x480.jpg 480w, https:\/\/www.drivelife.it\/dlnew\/wp-content\/uploads\/2013\/10\/BMW_serie-5_GT_16-640x640.jpg 640w\" sizes=\"auto, (max-width: 150px) 100vw, 150px\" \/><\/a>\n                <\/dt><\/dl><dl class='gallery-item'>\n                <dt class='gallery-icon'>\n                    <a href='https:\/\/www.drivelife.it\/dlnew\/2013\/10\/11\/bmw-serie-5\/bmw_serie-5_gt_17\/'><img loading=\"lazy\" decoding=\"async\" width=\"150\" height=\"150\" src=\"https:\/\/www.drivelife.it\/dlnew\/wp-content\/uploads\/2013\/10\/BMW_serie-5_GT_17-150x150.jpg\" class=\"attachment-thumbnail size-thumbnail\" alt=\"\" srcset=\"https:\/\/www.drivelife.it\/dlnew\/wp-content\/uploads\/2013\/10\/BMW_serie-5_GT_17-150x150.jpg 150w, https:\/\/www.drivelife.it\/dlnew\/wp-content\/uploads\/2013\/10\/BMW_serie-5_GT_17-480x480.jpg 480w, https:\/\/www.drivelife.it\/dlnew\/wp-content\/uploads\/2013\/10\/BMW_serie-5_GT_17-640x640.jpg 640w\" sizes=\"auto, (max-width: 150px) 100vw, 150px\" \/><\/a>\n                <\/dt><\/dl><dl class='gallery-item'>\n                <dt class='gallery-icon'>\n                    <a href='https:\/\/www.drivelife.it\/dlnew\/2013\/10\/11\/bmw-serie-5\/bmw_serie-5_gt_18\/'><img loading=\"lazy\" decoding=\"async\" width=\"150\" height=\"150\" src=\"https:\/\/www.drivelife.it\/dlnew\/wp-content\/uploads\/2013\/10\/BMW_serie-5_GT_18-150x150.jpg\" class=\"attachment-thumbnail size-thumbnail\" alt=\"\" srcset=\"https:\/\/www.drivelife.it\/dlnew\/wp-content\/uploads\/2013\/10\/BMW_serie-5_GT_18-150x150.jpg 150w, https:\/\/www.drivelife.it\/dlnew\/wp-content\/uploads\/2013\/10\/BMW_serie-5_GT_18-480x480.jpg 480w, https:\/\/www.drivelife.it\/dlnew\/wp-content\/uploads\/2013\/10\/BMW_serie-5_GT_18-640x640.jpg 640w\" sizes=\"auto, (max-width: 150px) 100vw, 150px\" \/><\/a>\n                <\/dt><\/dl><dl class='gallery-item'>\n                <dt class='gallery-icon'>\n                    <a href='https:\/\/www.drivelife.it\/dlnew\/2013\/10\/11\/bmw-serie-5\/bmw_serie-5_gt_19\/'><img loading=\"lazy\" decoding=\"async\" width=\"150\" height=\"150\" src=\"https:\/\/www.drivelife.it\/dlnew\/wp-content\/uploads\/2013\/10\/BMW_serie-5_GT_19-150x150.jpg\" class=\"attachment-thumbnail size-thumbnail\" alt=\"\" srcset=\"https:\/\/www.drivelife.it\/dlnew\/wp-content\/uploads\/2013\/10\/BMW_serie-5_GT_19-150x150.jpg 150w, https:\/\/www.drivelife.it\/dlnew\/wp-content\/uploads\/2013\/10\/BMW_serie-5_GT_19-480x480.jpg 480w, https:\/\/www.drivelife.it\/dlnew\/wp-content\/uploads\/2013\/10\/BMW_serie-5_GT_19-640x640.jpg 640w\" sizes=\"auto, (max-width: 150px) 100vw, 150px\" \/><\/a>\n                <\/dt><\/dl><dl class='gallery-item'>\n                <dt class='gallery-icon'>\n                    <a href='https:\/\/www.drivelife.it\/dlnew\/2013\/10\/11\/bmw-serie-5\/bmw_serie-5_gt_20\/'><img loading=\"lazy\" decoding=\"async\" width=\"150\" height=\"150\" src=\"https:\/\/www.drivelife.it\/dlnew\/wp-content\/uploads\/2013\/10\/BMW_serie-5_GT_20-150x150.jpg\" class=\"attachment-thumbnail size-thumbnail\" alt=\"\" srcset=\"https:\/\/www.drivelife.it\/dlnew\/wp-content\/uploads\/2013\/10\/BMW_serie-5_GT_20-150x150.jpg 150w, https:\/\/www.drivelife.it\/dlnew\/wp-content\/uploads\/2013\/10\/BMW_serie-5_GT_20-480x480.jpg 480w, https:\/\/www.drivelife.it\/dlnew\/wp-content\/uploads\/2013\/10\/BMW_serie-5_GT_20-640x640.jpg 640w\" sizes=\"auto, (max-width: 150px) 100vw, 150px\" \/><\/a>\n                <\/dt><\/dl><br style=\"clear: both\" \/><dl class='gallery-item'>\n                <dt class='gallery-icon'>\n                    <a href='https:\/\/www.drivelife.it\/dlnew\/2013\/10\/11\/bmw-serie-5\/bmw_serie-5_gt_21\/'><img loading=\"lazy\" decoding=\"async\" width=\"150\" height=\"150\" src=\"https:\/\/www.drivelife.it\/dlnew\/wp-content\/uploads\/2013\/10\/BMW_serie-5_GT_21-150x150.jpg\" class=\"attachment-thumbnail size-thumbnail\" alt=\"\" srcset=\"https:\/\/www.drivelife.it\/dlnew\/wp-content\/uploads\/2013\/10\/BMW_serie-5_GT_21-150x150.jpg 150w, https:\/\/www.drivelife.it\/dlnew\/wp-content\/uploads\/2013\/10\/BMW_serie-5_GT_21-480x480.jpg 480w, https:\/\/www.drivelife.it\/dlnew\/wp-content\/uploads\/2013\/10\/BMW_serie-5_GT_21-640x640.jpg 640w\" sizes=\"auto, (max-width: 150px) 100vw, 150px\" \/><\/a>\n                <\/dt><\/dl><dl class='gallery-item'>\n                <dt class='gallery-icon'>\n                    <a href='https:\/\/www.drivelife.it\/dlnew\/2013\/10\/11\/bmw-serie-5\/bmw_serie-5_gt_22\/'><img loading=\"lazy\" decoding=\"async\" width=\"150\" height=\"150\" src=\"https:\/\/www.drivelife.it\/dlnew\/wp-content\/uploads\/2013\/10\/BMW_serie-5_GT_22-150x150.jpg\" class=\"attachment-thumbnail size-thumbnail\" alt=\"\" srcset=\"https:\/\/www.drivelife.it\/dlnew\/wp-content\/uploads\/2013\/10\/BMW_serie-5_GT_22-150x150.jpg 150w, https:\/\/www.drivelife.it\/dlnew\/wp-content\/uploads\/2013\/10\/BMW_serie-5_GT_22-480x480.jpg 480w, https:\/\/www.drivelife.it\/dlnew\/wp-content\/uploads\/2013\/10\/BMW_serie-5_GT_22-640x640.jpg 640w\" sizes=\"auto, (max-width: 150px) 100vw, 150px\" \/><\/a>\n                <\/dt><\/dl><dl class='gallery-item'>\n                <dt class='gallery-icon'>\n                    <a href='https:\/\/www.drivelife.it\/dlnew\/2013\/10\/11\/bmw-serie-5\/bmw_serie-5_gt_23\/'><img loading=\"lazy\" decoding=\"async\" width=\"150\" height=\"150\" src=\"https:\/\/www.drivelife.it\/dlnew\/wp-content\/uploads\/2013\/10\/BMW_serie-5_GT_23-150x150.jpg\" class=\"attachment-thumbnail size-thumbnail\" alt=\"\" srcset=\"https:\/\/www.drivelife.it\/dlnew\/wp-content\/uploads\/2013\/10\/BMW_serie-5_GT_23-150x150.jpg 150w, https:\/\/www.drivelife.it\/dlnew\/wp-content\/uploads\/2013\/10\/BMW_serie-5_GT_23-480x480.jpg 480w, https:\/\/www.drivelife.it\/dlnew\/wp-content\/uploads\/2013\/10\/BMW_serie-5_GT_23-640x640.jpg 640w\" sizes=\"auto, (max-width: 150px) 100vw, 150px\" \/><\/a>\n                <\/dt><\/dl><dl class='gallery-item'>\n                <dt class='gallery-icon'>\n                    <a href='https:\/\/www.drivelife.it\/dlnew\/2013\/10\/11\/bmw-serie-5\/bmw_serie-5_gt_24\/'><img loading=\"lazy\" decoding=\"async\" width=\"150\" height=\"150\" src=\"https:\/\/www.drivelife.it\/dlnew\/wp-content\/uploads\/2013\/10\/BMW_serie-5_GT_24-150x150.jpg\" class=\"attachment-thumbnail size-thumbnail\" alt=\"\" srcset=\"https:\/\/www.drivelife.it\/dlnew\/wp-content\/uploads\/2013\/10\/BMW_serie-5_GT_24-150x150.jpg 150w, https:\/\/www.drivelife.it\/dlnew\/wp-content\/uploads\/2013\/10\/BMW_serie-5_GT_24-480x480.jpg 480w, https:\/\/www.drivelife.it\/dlnew\/wp-content\/uploads\/2013\/10\/BMW_serie-5_GT_24-640x640.jpg 640w\" sizes=\"auto, (max-width: 150px) 100vw, 150px\" \/><\/a>\n                <\/dt><\/dl><dl class='gallery-item'>\n                <dt class='gallery-icon'>\n                    <a href='https:\/\/www.drivelife.it\/dlnew\/2013\/10\/11\/bmw-serie-5\/bmw_serie-5_gt_25\/'><img loading=\"lazy\" decoding=\"async\" width=\"150\" height=\"150\" src=\"https:\/\/www.drivelife.it\/dlnew\/wp-content\/uploads\/2013\/10\/BMW_serie-5_GT_25-150x150.jpg\" class=\"attachment-thumbnail size-thumbnail\" alt=\"\" srcset=\"https:\/\/www.drivelife.it\/dlnew\/wp-content\/uploads\/2013\/10\/BMW_serie-5_GT_25-150x150.jpg 150w, https:\/\/www.drivelife.it\/dlnew\/wp-content\/uploads\/2013\/10\/BMW_serie-5_GT_25-480x480.jpg 480w, https:\/\/www.drivelife.it\/dlnew\/wp-content\/uploads\/2013\/10\/BMW_serie-5_GT_25-640x640.jpg 640w\" sizes=\"auto, (max-width: 150px) 100vw, 150px\" \/><\/a>\n                <\/dt><\/dl><dl class='gallery-item'>\n                <dt class='gallery-icon'>\n                    <a href='https:\/\/www.drivelife.it\/dlnew\/2013\/10\/11\/bmw-serie-5\/bmw_serie-5_gt_26\/'><img loading=\"lazy\" decoding=\"async\" width=\"150\" height=\"150\" src=\"https:\/\/www.drivelife.it\/dlnew\/wp-content\/uploads\/2013\/10\/BMW_serie-5_GT_26-150x150.jpg\" class=\"attachment-thumbnail size-thumbnail\" alt=\"\" srcset=\"https:\/\/www.drivelife.it\/dlnew\/wp-content\/uploads\/2013\/10\/BMW_serie-5_GT_26-150x150.jpg 150w, https:\/\/www.drivelife.it\/dlnew\/wp-content\/uploads\/2013\/10\/BMW_serie-5_GT_26-480x480.jpg 480w, https:\/\/www.drivelife.it\/dlnew\/wp-content\/uploads\/2013\/10\/BMW_serie-5_GT_26-640x640.jpg 640w\" sizes=\"auto, (max-width: 150px) 100vw, 150px\" \/><\/a>\n                <\/dt><\/dl><dl class='gallery-item'>\n                <dt class='gallery-icon'>\n                    <a href='https:\/\/www.drivelife.it\/dlnew\/2013\/10\/11\/bmw-serie-5\/bmw_serie-5_gt_27\/'><img loading=\"lazy\" decoding=\"async\" width=\"150\" height=\"150\" src=\"https:\/\/www.drivelife.it\/dlnew\/wp-content\/uploads\/2013\/10\/BMW_serie-5_GT_27-150x150.jpg\" class=\"attachment-thumbnail size-thumbnail\" alt=\"\" srcset=\"https:\/\/www.drivelife.it\/dlnew\/wp-content\/uploads\/2013\/10\/BMW_serie-5_GT_27-150x150.jpg 150w, https:\/\/www.drivelife.it\/dlnew\/wp-content\/uploads\/2013\/10\/BMW_serie-5_GT_27-480x480.jpg 480w, https:\/\/www.drivelife.it\/dlnew\/wp-content\/uploads\/2013\/10\/BMW_serie-5_GT_27-640x640.jpg 640w\" sizes=\"auto, (max-width: 150px) 100vw, 150px\" \/><\/a>\n                <\/dt><\/dl><dl class='gallery-item'>\n                <dt class='gallery-icon'>\n                    <a href='https:\/\/www.drivelife.it\/dlnew\/2013\/10\/11\/bmw-serie-5\/bmw_serie-5_gt_28\/'><img loading=\"lazy\" decoding=\"async\" width=\"150\" height=\"150\" src=\"https:\/\/www.drivelife.it\/dlnew\/wp-content\/uploads\/2013\/10\/BMW_serie-5_GT_28-150x150.jpg\" class=\"attachment-thumbnail size-thumbnail\" alt=\"\" srcset=\"https:\/\/www.drivelife.it\/dlnew\/wp-content\/uploads\/2013\/10\/BMW_serie-5_GT_28-150x150.jpg 150w, https:\/\/www.drivelife.it\/dlnew\/wp-content\/uploads\/2013\/10\/BMW_serie-5_GT_28-480x480.jpg 480w, https:\/\/www.drivelife.it\/dlnew\/wp-content\/uploads\/2013\/10\/BMW_serie-5_GT_28-640x640.jpg 640w\" sizes=\"auto, (max-width: 150px) 100vw, 150px\" \/><\/a>\n                <\/dt><\/dl><dl class='gallery-item'>\n                <dt class='gallery-icon'>\n                    <a href='https:\/\/www.drivelife.it\/dlnew\/2013\/10\/11\/bmw-serie-5\/bmw_serie-5_gt_29\/'><img loading=\"lazy\" decoding=\"async\" width=\"150\" height=\"150\" src=\"https:\/\/www.drivelife.it\/dlnew\/wp-content\/uploads\/2013\/10\/BMW_serie-5_GT_29-150x150.jpg\" class=\"attachment-thumbnail size-thumbnail\" alt=\"\" srcset=\"https:\/\/www.drivelife.it\/dlnew\/wp-content\/uploads\/2013\/10\/BMW_serie-5_GT_29-150x150.jpg 150w, https:\/\/www.drivelife.it\/dlnew\/wp-content\/uploads\/2013\/10\/BMW_serie-5_GT_29-480x480.jpg 480w, https:\/\/www.drivelife.it\/dlnew\/wp-content\/uploads\/2013\/10\/BMW_serie-5_GT_29-640x640.jpg 640w\" sizes=\"auto, (max-width: 150px) 100vw, 150px\" \/><\/a>\n                <\/dt><\/dl><br style=\"clear: both\" \/><dl class='gallery-item'>\n                <dt class='gallery-icon'>\n                    <a href='https:\/\/www.drivelife.it\/dlnew\/2013\/10\/11\/bmw-serie-5\/bmw_serie-5_gt_30\/'><img loading=\"lazy\" decoding=\"async\" width=\"150\" height=\"150\" src=\"https:\/\/www.drivelife.it\/dlnew\/wp-content\/uploads\/2013\/10\/BMW_serie-5_GT_30-150x150.jpg\" class=\"attachment-thumbnail size-thumbnail\" alt=\"\" srcset=\"https:\/\/www.drivelife.it\/dlnew\/wp-content\/uploads\/2013\/10\/BMW_serie-5_GT_30-150x150.jpg 150w, https:\/\/www.drivelife.it\/dlnew\/wp-content\/uploads\/2013\/10\/BMW_serie-5_GT_30-480x480.jpg 480w, https:\/\/www.drivelife.it\/dlnew\/wp-content\/uploads\/2013\/10\/BMW_serie-5_GT_30-640x640.jpg 640w\" sizes=\"auto, (max-width: 150px) 100vw, 150px\" \/><\/a>\n                <\/dt><\/dl><dl class='gallery-item'>\n                <dt class='gallery-icon'>\n                    <a href='https:\/\/www.drivelife.it\/dlnew\/2013\/10\/11\/bmw-serie-5\/bmw_serie-5_gt_31\/'><img loading=\"lazy\" decoding=\"async\" width=\"150\" height=\"150\" src=\"https:\/\/www.drivelife.it\/dlnew\/wp-content\/uploads\/2013\/10\/BMW_serie-5_GT_31-150x150.jpg\" class=\"attachment-thumbnail size-thumbnail\" alt=\"\" srcset=\"https:\/\/www.drivelife.it\/dlnew\/wp-content\/uploads\/2013\/10\/BMW_serie-5_GT_31-150x150.jpg 150w, https:\/\/www.drivelife.it\/dlnew\/wp-content\/uploads\/2013\/10\/BMW_serie-5_GT_31-480x480.jpg 480w, https:\/\/www.drivelife.it\/dlnew\/wp-content\/uploads\/2013\/10\/BMW_serie-5_GT_31-640x640.jpg 640w\" sizes=\"auto, (max-width: 150px) 100vw, 150px\" \/><\/a>\n                <\/dt><\/dl><dl class='gallery-item'>\n                <dt class='gallery-icon'>\n                    <a href='https:\/\/www.drivelife.it\/dlnew\/2013\/10\/11\/bmw-serie-5\/bmw_serie-5_gt_32\/'><img loading=\"lazy\" decoding=\"async\" width=\"150\" height=\"150\" src=\"https:\/\/www.drivelife.it\/dlnew\/wp-content\/uploads\/2013\/10\/BMW_serie-5_GT_32-150x150.jpg\" class=\"attachment-thumbnail size-thumbnail\" alt=\"\" srcset=\"https:\/\/www.drivelife.it\/dlnew\/wp-content\/uploads\/2013\/10\/BMW_serie-5_GT_32-150x150.jpg 150w, https:\/\/www.drivelife.it\/dlnew\/wp-content\/uploads\/2013\/10\/BMW_serie-5_GT_32-480x480.jpg 480w, https:\/\/www.drivelife.it\/dlnew\/wp-content\/uploads\/2013\/10\/BMW_serie-5_GT_32-640x640.jpg 640w\" sizes=\"auto, (max-width: 150px) 100vw, 150px\" \/><\/a>\n                <\/dt><\/dl><dl class='gallery-item'>\n                <dt class='gallery-icon'>\n                    <a href='https:\/\/www.drivelife.it\/dlnew\/2013\/10\/11\/bmw-serie-5\/bmw_serie-5_gt_33\/'><img loading=\"lazy\" decoding=\"async\" width=\"150\" height=\"150\" src=\"https:\/\/www.drivelife.it\/dlnew\/wp-content\/uploads\/2013\/10\/BMW_serie-5_GT_33-150x150.jpg\" class=\"attachment-thumbnail size-thumbnail\" alt=\"\" srcset=\"https:\/\/www.drivelife.it\/dlnew\/wp-content\/uploads\/2013\/10\/BMW_serie-5_GT_33-150x150.jpg 150w, https:\/\/www.drivelife.it\/dlnew\/wp-content\/uploads\/2013\/10\/BMW_serie-5_GT_33-480x480.jpg 480w, https:\/\/www.drivelife.it\/dlnew\/wp-content\/uploads\/2013\/10\/BMW_serie-5_GT_33-640x640.jpg 640w\" sizes=\"auto, (max-width: 150px) 100vw, 150px\" \/><\/a>\n                <\/dt><\/dl><dl class='gallery-item'>\n                <dt class='gallery-icon'>\n                    <a href='https:\/\/www.drivelife.it\/dlnew\/2013\/10\/11\/bmw-serie-5\/bmw_serie-5_gt_34\/'><img loading=\"lazy\" decoding=\"async\" width=\"150\" height=\"150\" src=\"https:\/\/www.drivelife.it\/dlnew\/wp-content\/uploads\/2013\/10\/BMW_serie-5_GT_34-150x150.jpg\" class=\"attachment-thumbnail size-thumbnail\" alt=\"\" srcset=\"https:\/\/www.drivelife.it\/dlnew\/wp-content\/uploads\/2013\/10\/BMW_serie-5_GT_34-150x150.jpg 150w, https:\/\/www.drivelife.it\/dlnew\/wp-content\/uploads\/2013\/10\/BMW_serie-5_GT_34-480x480.jpg 480w, https:\/\/www.drivelife.it\/dlnew\/wp-content\/uploads\/2013\/10\/BMW_serie-5_GT_34-640x640.jpg 640w\" sizes=\"auto, (max-width: 150px) 100vw, 150px\" \/><\/a>\n                <\/dt><\/dl><dl class='gallery-item'>\n                <dt class='gallery-icon'>\n                    <a href='https:\/\/www.drivelife.it\/dlnew\/2013\/10\/11\/bmw-serie-5\/bmw_serie-5_gt_35\/'><img loading=\"lazy\" decoding=\"async\" width=\"150\" height=\"150\" src=\"https:\/\/www.drivelife.it\/dlnew\/wp-content\/uploads\/2013\/10\/BMW_serie-5_GT_35-150x150.jpg\" class=\"attachment-thumbnail size-thumbnail\" alt=\"\" srcset=\"https:\/\/www.drivelife.it\/dlnew\/wp-content\/uploads\/2013\/10\/BMW_serie-5_GT_35-150x150.jpg 150w, https:\/\/www.drivelife.it\/dlnew\/wp-content\/uploads\/2013\/10\/BMW_serie-5_GT_35-480x480.jpg 480w, https:\/\/www.drivelife.it\/dlnew\/wp-content\/uploads\/2013\/10\/BMW_serie-5_GT_35-640x640.jpg 640w\" sizes=\"auto, (max-width: 150px) 100vw, 150px\" \/><\/a>\n                <\/dt><\/dl><dl class='gallery-item'>\n                <dt class='gallery-icon'>\n                    <a href='https:\/\/www.drivelife.it\/dlnew\/2013\/10\/11\/bmw-serie-5\/bmw_serie-5_gt_36\/'><img loading=\"lazy\" decoding=\"async\" width=\"150\" height=\"150\" src=\"https:\/\/www.drivelife.it\/dlnew\/wp-content\/uploads\/2013\/10\/BMW_serie-5_GT_36-150x150.jpg\" class=\"attachment-thumbnail size-thumbnail\" alt=\"\" srcset=\"https:\/\/www.drivelife.it\/dlnew\/wp-content\/uploads\/2013\/10\/BMW_serie-5_GT_36-150x150.jpg 150w, https:\/\/www.drivelife.it\/dlnew\/wp-content\/uploads\/2013\/10\/BMW_serie-5_GT_36-480x480.jpg 480w, https:\/\/www.drivelife.it\/dlnew\/wp-content\/uploads\/2013\/10\/BMW_serie-5_GT_36-640x640.jpg 640w\" sizes=\"auto, (max-width: 150px) 100vw, 150px\" \/><\/a>\n                <\/dt><\/dl><dl class='gallery-item'>\n                <dt class='gallery-icon'>\n                    <a href='https:\/\/www.drivelife.it\/dlnew\/2013\/10\/11\/bmw-serie-5\/bmw_serie-5_gt_37\/'><img loading=\"lazy\" decoding=\"async\" width=\"150\" height=\"150\" src=\"https:\/\/www.drivelife.it\/dlnew\/wp-content\/uploads\/2013\/10\/BMW_serie-5_GT_37-150x150.jpg\" class=\"attachment-thumbnail size-thumbnail\" alt=\"\" srcset=\"https:\/\/www.drivelife.it\/dlnew\/wp-content\/uploads\/2013\/10\/BMW_serie-5_GT_37-150x150.jpg 150w, https:\/\/www.drivelife.it\/dlnew\/wp-content\/uploads\/2013\/10\/BMW_serie-5_GT_37-480x480.jpg 480w, https:\/\/www.drivelife.it\/dlnew\/wp-content\/uploads\/2013\/10\/BMW_serie-5_GT_37-640x640.jpg 640w\" sizes=\"auto, (max-width: 150px) 100vw, 150px\" \/><\/a>\n                <\/dt><\/dl><dl class='gallery-item'>\n                <dt class='gallery-icon'>\n                    <a href='https:\/\/www.drivelife.it\/dlnew\/2013\/10\/11\/bmw-serie-5\/bmw_serie-5_gt_38\/'><img loading=\"lazy\" decoding=\"async\" width=\"150\" height=\"150\" src=\"https:\/\/www.drivelife.it\/dlnew\/wp-content\/uploads\/2013\/10\/BMW_serie-5_GT_38-150x150.jpg\" class=\"attachment-thumbnail size-thumbnail\" alt=\"\" srcset=\"https:\/\/www.drivelife.it\/dlnew\/wp-content\/uploads\/2013\/10\/BMW_serie-5_GT_38-150x150.jpg 150w, https:\/\/www.drivelife.it\/dlnew\/wp-content\/uploads\/2013\/10\/BMW_serie-5_GT_38-480x480.jpg 480w, https:\/\/www.drivelife.it\/dlnew\/wp-content\/uploads\/2013\/10\/BMW_serie-5_GT_38-640x640.jpg 640w\" sizes=\"auto, (max-width: 150px) 100vw, 150px\" \/><\/a>\n                <\/dt><\/dl><br style=\"clear: both\" \/><dl class='gallery-item'>\n                <dt class='gallery-icon'>\n                    <a href='https:\/\/www.drivelife.it\/dlnew\/2013\/10\/11\/bmw-serie-5\/bmw_serie-5_gt_39\/'><img loading=\"lazy\" decoding=\"async\" width=\"150\" height=\"150\" src=\"https:\/\/www.drivelife.it\/dlnew\/wp-content\/uploads\/2013\/10\/BMW_serie-5_GT_39-150x150.jpg\" class=\"attachment-thumbnail size-thumbnail\" alt=\"\" srcset=\"https:\/\/www.drivelife.it\/dlnew\/wp-content\/uploads\/2013\/10\/BMW_serie-5_GT_39-150x150.jpg 150w, https:\/\/www.drivelife.it\/dlnew\/wp-content\/uploads\/2013\/10\/BMW_serie-5_GT_39-480x480.jpg 480w, https:\/\/www.drivelife.it\/dlnew\/wp-content\/uploads\/2013\/10\/BMW_serie-5_GT_39-640x640.jpg 640w\" sizes=\"auto, (max-width: 150px) 100vw, 150px\" \/><\/a>\n                <\/dt><\/dl><dl class='gallery-item'>\n                <dt class='gallery-icon'>\n                    <a href='https:\/\/www.drivelife.it\/dlnew\/2013\/10\/11\/bmw-serie-5\/bmw_serie-5_gt_40\/'><img loading=\"lazy\" decoding=\"async\" width=\"150\" height=\"150\" src=\"https:\/\/www.drivelife.it\/dlnew\/wp-content\/uploads\/2013\/10\/BMW_serie-5_GT_40-150x150.jpg\" class=\"attachment-thumbnail size-thumbnail\" alt=\"\" srcset=\"https:\/\/www.drivelife.it\/dlnew\/wp-content\/uploads\/2013\/10\/BMW_serie-5_GT_40-150x150.jpg 150w, https:\/\/www.drivelife.it\/dlnew\/wp-content\/uploads\/2013\/10\/BMW_serie-5_GT_40-480x480.jpg 480w, https:\/\/www.drivelife.it\/dlnew\/wp-content\/uploads\/2013\/10\/BMW_serie-5_GT_40-640x640.jpg 640w\" sizes=\"auto, (max-width: 150px) 100vw, 150px\" \/><\/a>\n                <\/dt><\/dl><dl class='gallery-item'>\n                <dt class='gallery-icon'>\n                    <a href='https:\/\/www.drivelife.it\/dlnew\/2013\/10\/11\/bmw-serie-5\/bmw_serie-5_gt_41\/'><img loading=\"lazy\" decoding=\"async\" width=\"150\" height=\"150\" src=\"https:\/\/www.drivelife.it\/dlnew\/wp-content\/uploads\/2013\/10\/BMW_serie-5_GT_41-150x150.jpg\" class=\"attachment-thumbnail size-thumbnail\" alt=\"\" srcset=\"https:\/\/www.drivelife.it\/dlnew\/wp-content\/uploads\/2013\/10\/BMW_serie-5_GT_41-150x150.jpg 150w, https:\/\/www.drivelife.it\/dlnew\/wp-content\/uploads\/2013\/10\/BMW_serie-5_GT_41-480x480.jpg 480w, https:\/\/www.drivelife.it\/dlnew\/wp-content\/uploads\/2013\/10\/BMW_serie-5_GT_41-640x640.jpg 640w\" sizes=\"auto, (max-width: 150px) 100vw, 150px\" \/><\/a>\n                <\/dt><\/dl><dl class='gallery-item'>\n                <dt class='gallery-icon'>\n                    <a href='https:\/\/www.drivelife.it\/dlnew\/2013\/10\/11\/bmw-serie-5\/bmw_serie-5_gt_42\/'><img loading=\"lazy\" decoding=\"async\" width=\"150\" height=\"150\" src=\"https:\/\/www.drivelife.it\/dlnew\/wp-content\/uploads\/2013\/10\/BMW_serie-5_GT_42-150x150.jpg\" class=\"attachment-thumbnail size-thumbnail\" alt=\"\" srcset=\"https:\/\/www.drivelife.it\/dlnew\/wp-content\/uploads\/2013\/10\/BMW_serie-5_GT_42-150x150.jpg 150w, https:\/\/www.drivelife.it\/dlnew\/wp-content\/uploads\/2013\/10\/BMW_serie-5_GT_42-480x480.jpg 480w, https:\/\/www.drivelife.it\/dlnew\/wp-content\/uploads\/2013\/10\/BMW_serie-5_GT_42-640x640.jpg 640w\" sizes=\"auto, (max-width: 150px) 100vw, 150px\" \/><\/a>\n                <\/dt><\/dl><dl class='gallery-item'>\n                <dt class='gallery-icon'>\n                    <a href='https:\/\/www.drivelife.it\/dlnew\/2013\/10\/11\/bmw-serie-5\/bmw_serie-5_gt_43\/'><img loading=\"lazy\" decoding=\"async\" width=\"150\" height=\"150\" src=\"https:\/\/www.drivelife.it\/dlnew\/wp-content\/uploads\/2013\/10\/BMW_serie-5_GT_43-150x150.jpg\" class=\"attachment-thumbnail size-thumbnail\" alt=\"\" srcset=\"https:\/\/www.drivelife.it\/dlnew\/wp-content\/uploads\/2013\/10\/BMW_serie-5_GT_43-150x150.jpg 150w, https:\/\/www.drivelife.it\/dlnew\/wp-content\/uploads\/2013\/10\/BMW_serie-5_GT_43-480x480.jpg 480w, https:\/\/www.drivelife.it\/dlnew\/wp-content\/uploads\/2013\/10\/BMW_serie-5_GT_43-640x640.jpg 640w\" sizes=\"auto, (max-width: 150px) 100vw, 150px\" \/><\/a>\n                <\/dt><\/dl><dl class='gallery-item'>\n                <dt class='gallery-icon'>\n                    <a href='https:\/\/www.drivelife.it\/dlnew\/2013\/10\/11\/bmw-serie-5\/bmw_serie-5_gt_44\/'><img loading=\"lazy\" decoding=\"async\" width=\"150\" height=\"150\" src=\"https:\/\/www.drivelife.it\/dlnew\/wp-content\/uploads\/2013\/10\/BMW_serie-5_GT_44-150x150.jpg\" class=\"attachment-thumbnail size-thumbnail\" alt=\"\" srcset=\"https:\/\/www.drivelife.it\/dlnew\/wp-content\/uploads\/2013\/10\/BMW_serie-5_GT_44-150x150.jpg 150w, https:\/\/www.drivelife.it\/dlnew\/wp-content\/uploads\/2013\/10\/BMW_serie-5_GT_44-480x480.jpg 480w, https:\/\/www.drivelife.it\/dlnew\/wp-content\/uploads\/2013\/10\/BMW_serie-5_GT_44-640x640.jpg 640w\" sizes=\"auto, (max-width: 150px) 100vw, 150px\" \/><\/a>\n                <\/dt><\/dl><dl class='gallery-item'>\n                <dt class='gallery-icon'>\n                    <a href='https:\/\/www.drivelife.it\/dlnew\/2013\/10\/11\/bmw-serie-5\/bmw_serie-5_gt_45\/'><img loading=\"lazy\" decoding=\"async\" width=\"150\" height=\"150\" src=\"https:\/\/www.drivelife.it\/dlnew\/wp-content\/uploads\/2013\/10\/BMW_serie-5_GT_45-150x150.jpg\" class=\"attachment-thumbnail size-thumbnail\" alt=\"\" srcset=\"https:\/\/www.drivelife.it\/dlnew\/wp-content\/uploads\/2013\/10\/BMW_serie-5_GT_45-150x150.jpg 150w, https:\/\/www.drivelife.it\/dlnew\/wp-content\/uploads\/2013\/10\/BMW_serie-5_GT_45-480x480.jpg 480w, https:\/\/www.drivelife.it\/dlnew\/wp-content\/uploads\/2013\/10\/BMW_serie-5_GT_45-640x640.jpg 640w\" sizes=\"auto, (max-width: 150px) 100vw, 150px\" \/><\/a>\n                <\/dt><\/dl><dl class='gallery-item'>\n                <dt class='gallery-icon'>\n                    <a href='https:\/\/www.drivelife.it\/dlnew\/2013\/10\/11\/bmw-serie-5\/bmw_serie-5_gt_46\/'><img loading=\"lazy\" decoding=\"async\" width=\"150\" height=\"150\" src=\"https:\/\/www.drivelife.it\/dlnew\/wp-content\/uploads\/2013\/10\/BMW_serie-5_GT_46-150x150.jpg\" class=\"attachment-thumbnail size-thumbnail\" alt=\"\" srcset=\"https:\/\/www.drivelife.it\/dlnew\/wp-content\/uploads\/2013\/10\/BMW_serie-5_GT_46-150x150.jpg 150w, https:\/\/www.drivelife.it\/dlnew\/wp-content\/uploads\/2013\/10\/BMW_serie-5_GT_46-480x480.jpg 480w, https:\/\/www.drivelife.it\/dlnew\/wp-content\/uploads\/2013\/10\/BMW_serie-5_GT_46-640x640.jpg 640w\" sizes=\"auto, (max-width: 150px) 100vw, 150px\" \/><\/a>\n                <\/dt><\/dl><dl class='gallery-item'>\n                <dt class='gallery-icon'>\n                    <a href='https:\/\/www.drivelife.it\/dlnew\/2013\/10\/11\/bmw-serie-5\/bmw_serie-5_gt_47\/'><img loading=\"lazy\" decoding=\"async\" width=\"150\" height=\"150\" src=\"https:\/\/www.drivelife.it\/dlnew\/wp-content\/uploads\/2013\/10\/BMW_serie-5_GT_47-150x150.jpg\" class=\"attachment-thumbnail size-thumbnail\" alt=\"\" srcset=\"https:\/\/www.drivelife.it\/dlnew\/wp-content\/uploads\/2013\/10\/BMW_serie-5_GT_47-150x150.jpg 150w, https:\/\/www.drivelife.it\/dlnew\/wp-content\/uploads\/2013\/10\/BMW_serie-5_GT_47-480x480.jpg 480w, https:\/\/www.drivelife.it\/dlnew\/wp-content\/uploads\/2013\/10\/BMW_serie-5_GT_47-640x640.jpg 640w\" sizes=\"auto, (max-width: 150px) 100vw, 150px\" \/><\/a>\n                <\/dt><\/dl><br style=\"clear: both\" \/><dl class='gallery-item'>\n                <dt class='gallery-icon'>\n                    <a href='https:\/\/www.drivelife.it\/dlnew\/2013\/10\/11\/bmw-serie-5\/bmw_serie-5_gt_48\/'><img loading=\"lazy\" decoding=\"async\" width=\"150\" height=\"150\" src=\"https:\/\/www.drivelife.it\/dlnew\/wp-content\/uploads\/2013\/10\/BMW_serie-5_GT_48-150x150.jpg\" class=\"attachment-thumbnail size-thumbnail\" alt=\"\" srcset=\"https:\/\/www.drivelife.it\/dlnew\/wp-content\/uploads\/2013\/10\/BMW_serie-5_GT_48-150x150.jpg 150w, https:\/\/www.drivelife.it\/dlnew\/wp-content\/uploads\/2013\/10\/BMW_serie-5_GT_48-480x480.jpg 480w, https:\/\/www.drivelife.it\/dlnew\/wp-content\/uploads\/2013\/10\/BMW_serie-5_GT_48-640x640.jpg 640w\" sizes=\"auto, (max-width: 150px) 100vw, 150px\" \/><\/a>\n                <\/dt><\/dl><dl class='gallery-item'>\n                <dt class='gallery-icon'>\n                    <a href='https:\/\/www.drivelife.it\/dlnew\/2013\/10\/11\/bmw-serie-5\/bmw_serie-5_gt_50\/'><img loading=\"lazy\" decoding=\"async\" width=\"150\" height=\"150\" src=\"https:\/\/www.drivelife.it\/dlnew\/wp-content\/uploads\/2013\/10\/BMW_serie-5_GT_50-150x150.jpg\" class=\"attachment-thumbnail size-thumbnail\" alt=\"\" srcset=\"https:\/\/www.drivelife.it\/dlnew\/wp-content\/uploads\/2013\/10\/BMW_serie-5_GT_50-150x150.jpg 150w, https:\/\/www.drivelife.it\/dlnew\/wp-content\/uploads\/2013\/10\/BMW_serie-5_GT_50-480x480.jpg 480w, https:\/\/www.drivelife.it\/dlnew\/wp-content\/uploads\/2013\/10\/BMW_serie-5_GT_50-640x640.jpg 640w\" sizes=\"auto, (max-width: 150px) 100vw, 150px\" \/><\/a>\n                <\/dt><\/dl><dl class='gallery-item'>\n                <dt class='gallery-icon'>\n                    <a href='https:\/\/www.drivelife.it\/dlnew\/2013\/10\/11\/bmw-serie-5\/bmw_serie-5_gt_51\/'><img loading=\"lazy\" decoding=\"async\" width=\"150\" height=\"150\" src=\"https:\/\/www.drivelife.it\/dlnew\/wp-content\/uploads\/2013\/10\/BMW_serie-5_GT_51-150x150.jpg\" class=\"attachment-thumbnail size-thumbnail\" alt=\"\" srcset=\"https:\/\/www.drivelife.it\/dlnew\/wp-content\/uploads\/2013\/10\/BMW_serie-5_GT_51-150x150.jpg 150w, https:\/\/www.drivelife.it\/dlnew\/wp-content\/uploads\/2013\/10\/BMW_serie-5_GT_51-480x480.jpg 480w, https:\/\/www.drivelife.it\/dlnew\/wp-content\/uploads\/2013\/10\/BMW_serie-5_GT_51-640x640.jpg 640w\" sizes=\"auto, (max-width: 150px) 100vw, 150px\" \/><\/a>\n                <\/dt><\/dl><dl class='gallery-item'>\n                <dt class='gallery-icon'>\n                    <a href='https:\/\/www.drivelife.it\/dlnew\/2013\/10\/11\/bmw-serie-5\/bmw_serie-5_gt_52\/'><img loading=\"lazy\" decoding=\"async\" width=\"150\" height=\"150\" src=\"https:\/\/www.drivelife.it\/dlnew\/wp-content\/uploads\/2013\/10\/BMW_serie-5_GT_52-150x150.jpg\" class=\"attachment-thumbnail size-thumbnail\" alt=\"\" srcset=\"https:\/\/www.drivelife.it\/dlnew\/wp-content\/uploads\/2013\/10\/BMW_serie-5_GT_52-150x150.jpg 150w, https:\/\/www.drivelife.it\/dlnew\/wp-content\/uploads\/2013\/10\/BMW_serie-5_GT_52-480x480.jpg 480w, https:\/\/www.drivelife.it\/dlnew\/wp-content\/uploads\/2013\/10\/BMW_serie-5_GT_52-640x640.jpg 640w\" sizes=\"auto, (max-width: 150px) 100vw, 150px\" \/><\/a>\n                <\/dt><\/dl><dl class='gallery-item'>\n                <dt class='gallery-icon'>\n                    <a href='https:\/\/www.drivelife.it\/dlnew\/2013\/10\/11\/bmw-serie-5\/bmw_serie-5_gt_53\/'><img loading=\"lazy\" decoding=\"async\" width=\"150\" height=\"150\" src=\"https:\/\/www.drivelife.it\/dlnew\/wp-content\/uploads\/2013\/10\/BMW_serie-5_GT_53-150x150.jpg\" class=\"attachment-thumbnail size-thumbnail\" alt=\"\" srcset=\"https:\/\/www.drivelife.it\/dlnew\/wp-content\/uploads\/2013\/10\/BMW_serie-5_GT_53-150x150.jpg 150w, https:\/\/www.drivelife.it\/dlnew\/wp-content\/uploads\/2013\/10\/BMW_serie-5_GT_53-480x480.jpg 480w, https:\/\/www.drivelife.it\/dlnew\/wp-content\/uploads\/2013\/10\/BMW_serie-5_GT_53-640x640.jpg 640w\" sizes=\"auto, (max-width: 150px) 100vw, 150px\" \/><\/a>\n                <\/dt><\/dl><dl class='gallery-item'>\n                <dt class='gallery-icon'>\n                    <a href='https:\/\/www.drivelife.it\/dlnew\/2013\/10\/11\/bmw-serie-5\/bmw_serie-5_touring_01\/'><img loading=\"lazy\" decoding=\"async\" width=\"150\" height=\"150\" src=\"https:\/\/www.drivelife.it\/dlnew\/wp-content\/uploads\/2013\/10\/BMW_serie-5_touring_01-150x150.jpg\" class=\"attachment-thumbnail size-thumbnail\" alt=\"\" srcset=\"https:\/\/www.drivelife.it\/dlnew\/wp-content\/uploads\/2013\/10\/BMW_serie-5_touring_01-150x150.jpg 150w, https:\/\/www.drivelife.it\/dlnew\/wp-content\/uploads\/2013\/10\/BMW_serie-5_touring_01-480x480.jpg 480w, https:\/\/www.drivelife.it\/dlnew\/wp-content\/uploads\/2013\/10\/BMW_serie-5_touring_01-640x640.jpg 640w\" sizes=\"auto, (max-width: 150px) 100vw, 150px\" \/><\/a>\n                <\/dt><\/dl><dl class='gallery-item'>\n                <dt class='gallery-icon'>\n                    <a href='https:\/\/www.drivelife.it\/dlnew\/2013\/10\/11\/bmw-serie-5\/bmw_serie-5_touring_02\/'><img loading=\"lazy\" decoding=\"async\" width=\"150\" height=\"150\" src=\"https:\/\/www.drivelife.it\/dlnew\/wp-content\/uploads\/2013\/10\/BMW_serie-5_touring_02-150x150.jpg\" class=\"attachment-thumbnail size-thumbnail\" alt=\"\" srcset=\"https:\/\/www.drivelife.it\/dlnew\/wp-content\/uploads\/2013\/10\/BMW_serie-5_touring_02-150x150.jpg 150w, https:\/\/www.drivelife.it\/dlnew\/wp-content\/uploads\/2013\/10\/BMW_serie-5_touring_02-480x480.jpg 480w, https:\/\/www.drivelife.it\/dlnew\/wp-content\/uploads\/2013\/10\/BMW_serie-5_touring_02-640x640.jpg 640w\" sizes=\"auto, (max-width: 150px) 100vw, 150px\" \/><\/a>\n                <\/dt><\/dl><dl class='gallery-item'>\n                <dt class='gallery-icon'>\n                    <a href='https:\/\/www.drivelife.it\/dlnew\/2013\/10\/11\/bmw-serie-5\/bmw_serie-5_touring_03\/'><img loading=\"lazy\" decoding=\"async\" width=\"150\" height=\"150\" src=\"https:\/\/www.drivelife.it\/dlnew\/wp-content\/uploads\/2013\/10\/BMW_serie-5_touring_03-150x150.jpg\" class=\"attachment-thumbnail size-thumbnail\" alt=\"\" srcset=\"https:\/\/www.drivelife.it\/dlnew\/wp-content\/uploads\/2013\/10\/BMW_serie-5_touring_03-150x150.jpg 150w, https:\/\/www.drivelife.it\/dlnew\/wp-content\/uploads\/2013\/10\/BMW_serie-5_touring_03-480x480.jpg 480w, https:\/\/www.drivelife.it\/dlnew\/wp-content\/uploads\/2013\/10\/BMW_serie-5_touring_03-640x640.jpg 640w\" sizes=\"auto, (max-width: 150px) 100vw, 150px\" \/><\/a>\n                <\/dt><\/dl>\n                <br style='clear: both;' \/>\n            <\/div>\n<\/p>\n<p><\/strong><\/h2>\n","protected":false},"excerpt":{"rendered":"<p>EHILA&#8217; , COME SEI CRESCIUTA! Roma &#8211; (L&#8217;inviato) &#8211; Se le dimensioni non cambiano e tutto sommato il facelift di mezz&#8217;et\u00e0, tre anni e mezzo su sette di vita\/modello per BWM, \u00e8 moderato mentre i contenuti tecnici sono pi\u00f9 importanti, la crescita &#8211; quella non misurabile ad occhio &#8211; \u00e8 a dir poco impressionante. Forti [&hellip;]<\/p>\n","protected":false},"author":1,"featured_media":3806,"comment_status":"open","ping_status":"open","sticky":false,"template":"","format":"standard","meta":{"_monsterinsights_skip_tracking":false,"_monsterinsights_sitenote_active":false,"_monsterinsights_sitenote_note":"","_monsterinsights_sitenote_category":0,"ngg_post_thumbnail":0,"footnotes":""},"categories":[121,45,1,33,127,14],"tags":[503,5,486,466,36],"class_list":["post-3805","post","type-post","status-publish","format-standard","has-post-thumbnail","hentry","category-automotive","category-bmw","category-drivelife-news","category-drivelife-test","category-edizione","category-gallery","tag-bmw","tag-drivelife","tag-gallery","tag-set-fotografici","tag-test-drive"],"_links":{"self":[{"href":"https:\/\/www.drivelife.it\/dlnew\/wp-json\/wp\/v2\/posts\/3805","targetHints":{"allow":["GET"]}}],"collection":[{"href":"https:\/\/www.drivelife.it\/dlnew\/wp-json\/wp\/v2\/posts"}],"about":[{"href":"https:\/\/www.drivelife.it\/dlnew\/wp-json\/wp\/v2\/types\/post"}],"author":[{"embeddable":true,"href":"https:\/\/www.drivelife.it\/dlnew\/wp-json\/wp\/v2\/users\/1"}],"replies":[{"embeddable":true,"href":"https:\/\/www.drivelife.it\/dlnew\/wp-json\/wp\/v2\/comments?post=3805"}],"version-history":[{"count":6,"href":"https:\/\/www.drivelife.it\/dlnew\/wp-json\/wp\/v2\/posts\/3805\/revisions"}],"predecessor-version":[{"id":3809,"href":"https:\/\/www.drivelife.it\/dlnew\/wp-json\/wp\/v2\/posts\/3805\/revisions\/3809"}],"wp:featuredmedia":[{"embeddable":true,"href":"https:\/\/www.drivelife.it\/dlnew\/wp-json\/wp\/v2\/media\/3806"}],"wp:attachment":[{"href":"https:\/\/www.drivelife.it\/dlnew\/wp-json\/wp\/v2\/media?parent=3805"}],"wp:term":[{"taxonomy":"category","embeddable":true,"href":"https:\/\/www.drivelife.it\/dlnew\/wp-json\/wp\/v2\/categories?post=3805"},{"taxonomy":"post_tag","embeddable":true,"href":"https:\/\/www.drivelife.it\/dlnew\/wp-json\/wp\/v2\/tags?post=3805"}],"curies":[{"name":"wp","href":"https:\/\/api.w.org\/{rel}","templated":true}]}}