{"id":3312,"date":"2013-05-25T18:13:43","date_gmt":"2013-05-25T18:13:43","guid":{"rendered":"http:\/\/www.drivelife.it\/dlnew\/?p=3312"},"modified":"2013-05-25T18:15:34","modified_gmt":"2013-05-25T18:15:34","slug":"bmw-serie-3-gt","status":"publish","type":"post","link":"https:\/\/www.drivelife.it\/dlnew\/2013\/05\/25\/bmw-serie-3-gt\/","title":{"rendered":"BMW Serie 3 GT"},"content":{"rendered":"<h1><strong>PERCH\u00c8<\/strong><\/h1>\n<p>Quando sono in strada ed incrocio una BMW 5 GT mi chiedo perch\u00e9.<\/p>\n<p>Non \u00e8 una SUV, c&#8217;\u00e8 la gamma X, non \u00e8 una Touring. Ci sono le versioni per le due famiglie della Serie 3 e della Serie 5.<br \/>\nEd allora perch\u00e9? Perch\u00e9 inventare, progettare, costruire, vendere una automobile come la 5 GT. E non buttarsi a capofitto, per esempio, in una automobile capace di strappare clienti alla Audi e le sue allroad o alla madre di tutte le crossover, la Volvo XC70?<br \/>\nE&#8217; un interrogativo al quale non sono capace di dare una risposta. Non ci arrivo, non capisco. E&#8217; fuori della mia portata. Tra l&#8217;altro i dati di vendita, nel caso li volessi chiedere, sono certo sarebbero numeri interessanti. Non la avrebbero altrimenti pensata, vi pare.<\/p>\n<p>La prossima settimana guider\u00f2 la Serie 3 Touring. E&#8217; stato annunciato il suo arrivo. E mercoled\u00ec e gioved\u00ec sar\u00f2 in Puglia per guidare la Serie 3 GT. Si proprio quella, diciamo la sorella minore del punto interrogativo di cui in queste righe. Perch\u00e8, aggiungo, affiancare alla Serie 5 GT anche la Serie 3 GT. Bella domanda. Sono sicuro che lo staff BMW avr\u00e0 risposte adeguate.Forse anche convincenti, forse&#8230;<\/p>\n<h2>Una creatura del marketing? Una risposta ad esigenze specifiche di mercato? E quali sondaggi sono stati condotti prima di sviluppare un progetto del genere? Perch\u00e8 un cliente sceglie un&#8217;automobile che sta a met\u00e0 strada tra un SUV ed una wagon ma non \u00e8 una e nemmeno l&#8217;altra? O forse ne \u00e8 la sintesi? Un po&#8217; pi\u00f9 alta, un po&#8217; capiente, un po&#8217; pi\u00f9 confortevole, meno vistosa?<br \/>\nForse guidando in cos\u00ec ristretto arco di tempo le due macchine, la Serie 3 Touring e la Serie 3 GT, avr\u00f2 una risposta. La mia, non quella dello staff.<\/h2>\n<p>&nbsp;<\/p>\n<figure id=\"attachment_3313\" aria-describedby=\"caption-attachment-3313\" style=\"width: 960px\" class=\"wp-caption alignnone\"><a href=\"http:\/\/www.drivelife.it\/dlnew\/?attachment_id=3313#main\" rel=\"attachment wp-att-3313\"><img loading=\"lazy\" decoding=\"async\" class=\"size-large wp-image-3313\" alt=\"BMW GT3\" src=\"http:\/\/www.drivelife.it\/dlnew\/wp-content\/uploads\/2013\/05\/BMWSERIE3GT-1000x666.jpg\" width=\"960\" height=\"639\" srcset=\"https:\/\/www.drivelife.it\/dlnew\/wp-content\/uploads\/2013\/05\/BMWSERIE3GT-1000x666.jpg 1000w, https:\/\/www.drivelife.it\/dlnew\/wp-content\/uploads\/2013\/05\/BMWSERIE3GT-620x413.jpg 620w, https:\/\/www.drivelife.it\/dlnew\/wp-content\/uploads\/2013\/05\/BMWSERIE3GT-1600x1066.jpg 1600w, https:\/\/www.drivelife.it\/dlnew\/wp-content\/uploads\/2013\/05\/BMWSERIE3GT.jpg 1680w\" sizes=\"auto, (max-width: 960px) 100vw, 960px\" \/><\/a><figcaption id=\"caption-attachment-3313\" class=\"wp-caption-text\">BMW GT3<\/figcaption><\/figure>\n","protected":false},"excerpt":{"rendered":"<p>PERCH\u00c8 Quando sono in strada ed incrocio una BMW 5 GT mi chiedo perch\u00e9. Non \u00e8 una SUV, c&#8217;\u00e8 la gamma X, non \u00e8 una Touring. Ci sono le versioni per le due famiglie della Serie 3 e della Serie 5. Ed allora perch\u00e9? Perch\u00e9 inventare, progettare, costruire, vendere una automobile come la 5 GT. [&hellip;]<\/p>\n","protected":false},"author":1,"featured_media":3313,"comment_status":"open","ping_status":"open","sticky":false,"template":"","format":"standard","meta":{"_monsterinsights_skip_tracking":false,"_monsterinsights_sitenote_active":false,"_monsterinsights_sitenote_note":"","_monsterinsights_sitenote_category":0,"ngg_post_thumbnail":0,"footnotes":""},"categories":[121,45,33],"tags":[503,178],"class_list":["post-3312","post","type-post","status-publish","format-standard","has-post-thumbnail","hentry","category-automotive","category-bmw","category-drivelife-test","tag-bmw","tag-serie-3-gt"],"_links":{"self":[{"href":"https:\/\/www.drivelife.it\/dlnew\/wp-json\/wp\/v2\/posts\/3312","targetHints":{"allow":["GET"]}}],"collection":[{"href":"https:\/\/www.drivelife.it\/dlnew\/wp-json\/wp\/v2\/posts"}],"about":[{"href":"https:\/\/www.drivelife.it\/dlnew\/wp-json\/wp\/v2\/types\/post"}],"author":[{"embeddable":true,"href":"https:\/\/www.drivelife.it\/dlnew\/wp-json\/wp\/v2\/users\/1"}],"replies":[{"embeddable":true,"href":"https:\/\/www.drivelife.it\/dlnew\/wp-json\/wp\/v2\/comments?post=3312"}],"version-history":[{"count":4,"href":"https:\/\/www.drivelife.it\/dlnew\/wp-json\/wp\/v2\/posts\/3312\/revisions"}],"predecessor-version":[{"id":3317,"href":"https:\/\/www.drivelife.it\/dlnew\/wp-json\/wp\/v2\/posts\/3312\/revisions\/3317"}],"wp:featuredmedia":[{"embeddable":true,"href":"https:\/\/www.drivelife.it\/dlnew\/wp-json\/wp\/v2\/media\/3313"}],"wp:attachment":[{"href":"https:\/\/www.drivelife.it\/dlnew\/wp-json\/wp\/v2\/media?parent=3312"}],"wp:term":[{"taxonomy":"category","embeddable":true,"href":"https:\/\/www.drivelife.it\/dlnew\/wp-json\/wp\/v2\/categories?post=3312"},{"taxonomy":"post_tag","embeddable":true,"href":"https:\/\/www.drivelife.it\/dlnew\/wp-json\/wp\/v2\/tags?post=3312"}],"curies":[{"name":"wp","href":"https:\/\/api.w.org\/{rel}","templated":true}]}}