{"id":206,"date":"2012-09-06T07:44:20","date_gmt":"2012-09-06T07:44:20","guid":{"rendered":"http:\/\/www.drivelife.it\/dlnew\/?p=206"},"modified":"2014-04-08T11:41:01","modified_gmt":"2014-04-08T11:41:01","slug":"mini-johm-cooper-works-gp","status":"publish","type":"post","link":"https:\/\/www.drivelife.it\/dlnew\/2012\/09\/06\/mini-johm-cooper-works-gp\/","title":{"rendered":"MINI JOHN COOPER WORKS GP"},"content":{"rendered":"<h1><strong>Tiratura limitata<\/strong><br \/>\n<strong>2000 pezzi\u00a0<\/strong><\/h1>\n<p><strong>di Federico Di Lernia<\/strong><\/p>\n<figure id=\"attachment_208\" aria-describedby=\"caption-attachment-208\" style=\"width: 960px\" class=\"wp-caption alignnone\"><a href=\"http:\/\/www.drivelife.it\/dlnew\/wp-content\/uploads\/2012\/09\/P90102791.jpg\"><img loading=\"lazy\" decoding=\"async\" class=\"size-large wp-image-208\" title=\"MINI COOPER JOHN WORKS GP @ drivelife\" alt=\"MINI COOPER JOHN WORKS GP @ drivelife\" src=\"http:\/\/www.drivelife.it\/dlnew\/wp-content\/uploads\/2012\/09\/P90102791-1000x1500.jpg\" width=\"960\" height=\"1440\" srcset=\"https:\/\/www.drivelife.it\/dlnew\/wp-content\/uploads\/2012\/09\/P90102791-1000x1500.jpg 1000w, https:\/\/www.drivelife.it\/dlnew\/wp-content\/uploads\/2012\/09\/P90102791-620x930.jpg 620w, https:\/\/www.drivelife.it\/dlnew\/wp-content\/uploads\/2012\/09\/P90102791-1600x2400.jpg 1600w\" sizes=\"auto, (max-width: 960px) 100vw, 960px\" \/><\/a><figcaption id=\"caption-attachment-208\" class=\"wp-caption-text\">MINI COOPER JOHN WORKS GP @ drivelife<\/figcaption><\/figure>\n<h2>Due posti, 160 kW\/218 CV, assetto regolabile, impianto frenante sportivo, cerchi in lega speciali da 17 pollici ed interventi di ottimizzazione aerodinamica \u2013 accelerazione da 0 a 100 km\/h in 6,3 secondi, velocit\u00e0 di punta 242 km\/h, miglior tempo sul N\u00fcrburgring North Loop: 8:23 minuti \u00e8 la MINI pi\u00f9 veloce finora mai costruita fa ampio utilizzo della tecnologia da corsa John Cooper Works. L&#8217;esordio ufficiale al Mondial de l\u2019Automobile 2012 di Parigi e l&#8217;avvio della produzione ancora nel 2012, ma con una tiratura da edizione limitata: 2.000 esemplari. Prezzo di vendita e disponibilit\u00e0 per il mercato italiano non ancora diffuse.<\/h2>\n<p>&nbsp;<\/p>\n<figure id=\"attachment_209\" aria-describedby=\"caption-attachment-209\" style=\"width: 960px\" class=\"wp-caption alignnone\"><a href=\"http:\/\/www.drivelife.it\/dlnew\/wp-content\/uploads\/2012\/09\/P90102797.jpg\"><img loading=\"lazy\" decoding=\"async\" class=\"size-large wp-image-209\" title=\"MINI COOPER JOHN WORKS GP @ drivelife\" alt=\"MINI COOPER JOHN WORKS GP @ drivelife\" src=\"http:\/\/www.drivelife.it\/dlnew\/wp-content\/uploads\/2012\/09\/P90102797-1000x666.jpg\" width=\"960\" height=\"639\" srcset=\"https:\/\/www.drivelife.it\/dlnew\/wp-content\/uploads\/2012\/09\/P90102797-1000x666.jpg 1000w, https:\/\/www.drivelife.it\/dlnew\/wp-content\/uploads\/2012\/09\/P90102797-620x413.jpg 620w, https:\/\/www.drivelife.it\/dlnew\/wp-content\/uploads\/2012\/09\/P90102797-1600x1066.jpg 1600w\" sizes=\"auto, (max-width: 960px) 100vw, 960px\" \/><\/a><figcaption id=\"caption-attachment-209\" class=\"wp-caption-text\">MINI COOPER JOHN WORKS GP @ drivelife<\/figcaption><\/figure>\n<p>Pagina a cura di Federico Di Lernia<\/p>\n","protected":false},"excerpt":{"rendered":"<p>Tiratura limitata 2000 pezzi\u00a0 di Federico Di Lernia Due posti, 160 kW\/218 CV, assetto regolabile, impianto frenante sportivo, cerchi in lega speciali da 17 pollici ed interventi di ottimizzazione aerodinamica \u2013 accelerazione da 0 a 100 km\/h in 6,3 secondi, velocit\u00e0 di punta 242 km\/h, miglior tempo sul N\u00fcrburgring North Loop: 8:23 minuti \u00e8 la [&hellip;]<\/p>\n","protected":false},"author":1,"featured_media":207,"comment_status":"open","ping_status":"open","sticky":false,"template":"","format":"standard","meta":{"_monsterinsights_skip_tracking":false,"_monsterinsights_sitenote_active":false,"_monsterinsights_sitenote_note":"","_monsterinsights_sitenote_category":0,"ngg_post_thumbnail":0,"footnotes":""},"categories":[121,1,27],"tags":[5,28,496,4],"class_list":["post-206","post","type-post","status-publish","format-standard","has-post-thumbnail","hentry","category-automotive","category-drivelife-news","category-mini","tag-drivelife","tag-john-cooper-works-gp","tag-mini","tag-salone-di-parigi"],"_links":{"self":[{"href":"https:\/\/www.drivelife.it\/dlnew\/wp-json\/wp\/v2\/posts\/206","targetHints":{"allow":["GET"]}}],"collection":[{"href":"https:\/\/www.drivelife.it\/dlnew\/wp-json\/wp\/v2\/posts"}],"about":[{"href":"https:\/\/www.drivelife.it\/dlnew\/wp-json\/wp\/v2\/types\/post"}],"author":[{"embeddable":true,"href":"https:\/\/www.drivelife.it\/dlnew\/wp-json\/wp\/v2\/users\/1"}],"replies":[{"embeddable":true,"href":"https:\/\/www.drivelife.it\/dlnew\/wp-json\/wp\/v2\/comments?post=206"}],"version-history":[{"count":7,"href":"https:\/\/www.drivelife.it\/dlnew\/wp-json\/wp\/v2\/posts\/206\/revisions"}],"predecessor-version":[{"id":5669,"href":"https:\/\/www.drivelife.it\/dlnew\/wp-json\/wp\/v2\/posts\/206\/revisions\/5669"}],"wp:featuredmedia":[{"embeddable":true,"href":"https:\/\/www.drivelife.it\/dlnew\/wp-json\/wp\/v2\/media\/207"}],"wp:attachment":[{"href":"https:\/\/www.drivelife.it\/dlnew\/wp-json\/wp\/v2\/media?parent=206"}],"wp:term":[{"taxonomy":"category","embeddable":true,"href":"https:\/\/www.drivelife.it\/dlnew\/wp-json\/wp\/v2\/categories?post=206"},{"taxonomy":"post_tag","embeddable":true,"href":"https:\/\/www.drivelife.it\/dlnew\/wp-json\/wp\/v2\/tags?post=206"}],"curies":[{"name":"wp","href":"https:\/\/api.w.org\/{rel}","templated":true}]}}