{"id":1440,"date":"2012-11-17T08:03:47","date_gmt":"2012-11-17T08:03:47","guid":{"rendered":"http:\/\/www.drivelife.it\/dlnew\/?p=1440"},"modified":"2014-04-08T08:51:55","modified_gmt":"2014-04-08T08:51:55","slug":"opel-adam-lisbona-video-clip-2","status":"publish","type":"post","link":"https:\/\/www.drivelife.it\/dlnew\/2012\/11\/17\/opel-adam-lisbona-video-clip-2\/","title":{"rendered":"OPEL ADAM LISBONA VIDEO CLIP 2"},"content":{"rendered":"<p><iframe loading=\"lazy\" src=\"http:\/\/player.vimeo.com\/video\/53744355?portrait=0&amp;badge=0&amp;color=ffffff\" height=\"527\" width=\"720\" allowfullscreen=\"\" frameborder=\"0\"><\/iframe><\/p>\n<p><a href=\"http:\/\/vimeo.com\/53744355\">OPEL ADAM (2)<\/a> from <a href=\"http:\/\/vimeo.com\/drivelife\">Drivelife<\/a> on <a href=\"http:\/\/vimeo.com\">Vimeo<\/a>.<\/p>\n<p>(di Nicoletta Triggiani)<\/p>\n<h1>Opel ADAM: la chic urbancar pi\u00f9 personalizzabile<\/h1>\n<p style=\"text-align: left;\">Con la nuova ADAM, Opel entra nel segmento A lifestyle in crescita. Corta e saldamente piantata a terra, ADAM \u00e8 lunga quasi 3,70 metri e larga 1,72 metri (senza specchietti retrovisori esterni). Una tre porte vivace, perfetta per la citt\u00e0. Le sue caratteristiche dinamiche, tuttavia, si dimostrano eccellenti anche al di fuori della citt\u00e0 grazie a un telaio e a uno sterzo che garantiscono divertimento e agilit\u00e0. L\u2019abitacolo di ADAM offre quattro posti in un\u2019ambientazione premium; i passeggeri anteriori godono di un livello di spaziosit\u00e0 insolito su una piccola. Anche il posto guida di ADAM pu\u00f2 essere personalizzato in base ai propri gusti con un\u2019ampia scelta di colori, modanature, eleganti rivestimenti per l\u2019interno del tetto ed effetti luminosi.<\/p>\n<p style=\"text-align: left;\">ADAM non si distingue dalla concorrenza solo perch\u00e9 offre infinite possibilit\u00e0 di personalizzazione: con una ricca dotazione di serie, si afferma anche per un ottimo rapporto qualit\u00e0\/prezzo. Il prezzo di base di ADAM con motore benzina 1.2 litri da 51 kW\/70 cv \u00e8 di \u00a011.750 Euro (prezzo di vendita chiavi in mano). Anche le tecnologie premium e le personalizzazioni sono accessibili.<\/p>\n<h2 style=\"text-align: left;\">Ad esempio il sistema di infotainment IntelliLink \u00e8 disponibile a soli 300 Euro, e per la stessa cifra si pu\u00f2 richiedere il rivestimento interno del tetto starlight illuminato da 64 LED, avendo cos\u00ec l\u2019impressione di trovarsi sotto un cielo stellato.<\/h2>\n<p><strong><a href=\"http:\/\/photo.dlmagazine.it\/pdlm\/?p=1345\">\u00a0Vuoi vedere le foto di Opel Adam tutte insieme, in un solo colpo d&#8217;occhio?<br \/>\nSfoglia il nostro PhotoMagazine&#8230;<\/a><\/strong><\/p>\nngg_shortcode_0_placeholder\n<p><strong><a href=\"http:\/\/photo.dlmagazine.it\/pdlm\/?p=1345\">\u00a0Vuoi vedere le foto di Opel Adam tutte insieme, in un solo colpo d&#8217;occhio?<br \/>\nSfoglia il nostro PhotoMagazine&#8230;<\/a><\/strong><\/p>\n","protected":false},"excerpt":{"rendered":"<p>OPEL ADAM (2) from Drivelife on Vimeo. (di Nicoletta Triggiani) Opel ADAM: la chic urbancar pi\u00f9 personalizzabile Con la nuova ADAM, Opel entra nel segmento A lifestyle in crescita. Corta e saldamente piantata a terra, ADAM \u00e8 lunga quasi 3,70 metri e larga 1,72 metri (senza specchietti retrovisori esterni). Una tre porte vivace, perfetta per [&hellip;]<\/p>\n","protected":false},"author":1,"featured_media":1441,"comment_status":"open","ping_status":"open","sticky":false,"template":"","format":"standard","meta":{"_monsterinsights_skip_tracking":false,"_monsterinsights_sitenote_active":false,"_monsterinsights_sitenote_note":"","_monsterinsights_sitenote_category":0,"ngg_post_thumbnail":0,"footnotes":""},"categories":[121,33,127,14,15],"tags":[99,5,489,100,114],"class_list":["post-1440","post","type-post","status-publish","format-standard","has-post-thumbnail","hentry","category-automotive","category-drivelife-test","category-edizione","category-gallery","category-opel","tag-adam","tag-drivelife","tag-opel","tag-test-drive-lisbona","tag-youtube"],"_links":{"self":[{"href":"https:\/\/www.drivelife.it\/dlnew\/wp-json\/wp\/v2\/posts\/1440","targetHints":{"allow":["GET"]}}],"collection":[{"href":"https:\/\/www.drivelife.it\/dlnew\/wp-json\/wp\/v2\/posts"}],"about":[{"href":"https:\/\/www.drivelife.it\/dlnew\/wp-json\/wp\/v2\/types\/post"}],"author":[{"embeddable":true,"href":"https:\/\/www.drivelife.it\/dlnew\/wp-json\/wp\/v2\/users\/1"}],"replies":[{"embeddable":true,"href":"https:\/\/www.drivelife.it\/dlnew\/wp-json\/wp\/v2\/comments?post=1440"}],"version-history":[{"count":24,"href":"https:\/\/www.drivelife.it\/dlnew\/wp-json\/wp\/v2\/posts\/1440\/revisions"}],"predecessor-version":[{"id":5663,"href":"https:\/\/www.drivelife.it\/dlnew\/wp-json\/wp\/v2\/posts\/1440\/revisions\/5663"}],"wp:featuredmedia":[{"embeddable":true,"href":"https:\/\/www.drivelife.it\/dlnew\/wp-json\/wp\/v2\/media\/1441"}],"wp:attachment":[{"href":"https:\/\/www.drivelife.it\/dlnew\/wp-json\/wp\/v2\/media?parent=1440"}],"wp:term":[{"taxonomy":"category","embeddable":true,"href":"https:\/\/www.drivelife.it\/dlnew\/wp-json\/wp\/v2\/categories?post=1440"},{"taxonomy":"post_tag","embeddable":true,"href":"https:\/\/www.drivelife.it\/dlnew\/wp-json\/wp\/v2\/tags?post=1440"}],"curies":[{"name":"wp","href":"https:\/\/api.w.org\/{rel}","templated":true}]}}