{"id":8068,"date":"2023-10-11T12:02:58","date_gmt":"2023-10-11T12:02:58","guid":{"rendered":"https:\/\/www.drivelife.it\/clip\/?p=8068"},"modified":"2023-10-18T20:01:32","modified_gmt":"2023-10-18T20:01:32","slug":"gli-esteti","status":"publish","type":"post","link":"https:\/\/www.drivelife.it\/clip\/2023\/10\/11\/gli-esteti\/","title":{"rendered":"GLI EST\u00c8TI"},"content":{"rendered":"\n<div style=\"height:100px\" aria-hidden=\"true\" class=\"wp-block-spacer\"><\/div>\n\n\n\n<figure class=\"wp-block-gallery has-nested-images columns-default is-cropped wp-block-gallery-1 is-layout-flex wp-block-gallery-is-layout-flex\">\n<figure class=\"wp-block-image size-large\"><a href=\"https:\/\/www.drivelife.it\/clip\/wp-content\/uploads\/2023\/10\/2023_red-soul-crystal-portfolio-59.jpg\"><img loading=\"lazy\" decoding=\"async\" width=\"1280\" height=\"719\" data-id=\"8069\" src=\"https:\/\/www.drivelife.it\/clip\/wp-content\/uploads\/2023\/10\/2023_red-soul-crystal-portfolio-59-1280x719.jpg\" alt=\"mazda cx-30\" class=\"wp-image-8069\" srcset=\"https:\/\/www.drivelife.it\/clip\/wp-content\/uploads\/2023\/10\/2023_red-soul-crystal-portfolio-59-1280x719.jpg 1280w, https:\/\/www.drivelife.it\/clip\/wp-content\/uploads\/2023\/10\/2023_red-soul-crystal-portfolio-59-600x337.jpg 600w, https:\/\/www.drivelife.it\/clip\/wp-content\/uploads\/2023\/10\/2023_red-soul-crystal-portfolio-59-768x431.jpg 768w, https:\/\/www.drivelife.it\/clip\/wp-content\/uploads\/2023\/10\/2023_red-soul-crystal-portfolio-59-1536x863.jpg 1536w, https:\/\/www.drivelife.it\/clip\/wp-content\/uploads\/2023\/10\/2023_red-soul-crystal-portfolio-59-2048x1150.jpg 2048w, https:\/\/www.drivelife.it\/clip\/wp-content\/uploads\/2023\/10\/2023_red-soul-crystal-portfolio-59-640x360.jpg 640w\" sizes=\"auto, (max-width: 1280px) 100vw, 1280px\" \/><\/a><\/figure>\n<figcaption class=\"blocks-gallery-caption wp-element-caption\">Soul Red Crystal | \u00a9lucaromanopix <\/figcaption><\/figure>\n\n\n\n<div style=\"height:100px\" aria-hidden=\"true\" class=\"wp-block-spacer\"><\/div>\n\n\n\n<p class=\"has-x-large-font-size\">Son quelle persone che amano il rosso<\/p>\n\n\n\n<div style=\"height:100px\" aria-hidden=\"true\" class=\"wp-block-spacer\"><\/div>\n\n\n\n<p class=\"has-medium-font-size\">Quelli che ancora oggi credono nel bello sono persone speciali. <br>Le auto sono un tributo al design, alla dinamica delle forme, al movimento, alla libert\u00e0. <br>Per una tutta mia particolare propriet\u00e0 di trasferimento del pensiero, Donne e Uomini di Mazda sono speciali. <br>Cos\u00ec come \u00e8 stata speciale una mail. <br>Parole scritte da chi per il rosso ha elegante un\u2019attenzione. <br>Anche negli accessori del dresscode. <br>Quel bianco, quel rosso e quel\u2026 <br><strong>505! <\/strong>&#x1f618;<br>No, no Chanel non c\u2019entra ma il ricordo \u00e8 quello,<br>forse un po\u2019 pi\u00f9 chiaro. <br>Grazie Ika.<\/p>\n\n\n\n<div style=\"height:100px\" aria-hidden=\"true\" class=\"wp-block-spacer\"><\/div>\n\n\n\n<figure class=\"wp-block-embed is-type-video is-provider-vimeo wp-block-embed-vimeo wp-embed-aspect-16-9 wp-has-aspect-ratio\"><div class=\"wp-block-embed__wrapper\">\nhttps:\/\/vimeo.com\/873258341\n<\/div><\/figure>\n\n\n\n<div style=\"height:100px\" aria-hidden=\"true\" class=\"wp-block-spacer\"><\/div>\n\n\n\n<p class=\"has-text-align-right has-large-font-size\"><mark style=\"background-color:rgba(0, 0, 0, 0)\" class=\"has-inline-color has-vivid-red-color\">&#8220;505&#8221; <\/mark><br><mark style=\"background-color:rgba(0, 0, 0, 0)\" class=\"has-inline-color has-vivid-red-color\">\u00e8 il colore di un particolare smalto <\/mark><br><mark style=\"background-color:rgba(0, 0, 0, 0)\" class=\"has-inline-color has-vivid-red-color\">di Chanel, <br>e non \u00e8 il rosso. <br>Chi ama il bello sa, <br>chi \u00e8 sveglio <\/mark><br><mark style=\"background-color:rgba(0, 0, 0, 0)\" class=\"has-inline-color has-vivid-red-color\">e sa leggere ha capito. <br>Perch\u00e9 <\/mark><br><mark style=\"background-color:rgba(0, 0, 0, 0)\" class=\"has-inline-color has-vivid-red-color\">in questa frase c&#8217;\u00e8 il nome.<\/mark><\/p>\n\n\n\n<div style=\"height:100px\" aria-hidden=\"true\" class=\"wp-block-spacer\"><\/div>\n\n\n\n<figure class=\"wp-block-embed alignfull is-type-video is-provider-vimeo wp-block-embed-vimeo wp-embed-aspect-16-9 wp-has-aspect-ratio\"><div class=\"wp-block-embed__wrapper\">\nhttps:\/\/vimeo.com\/showcase\/10712405\n<\/div><figcaption class=\"wp-element-caption\">MONOGRAFICA MAZDA &#8211; IN TV ASAP at &#8220;AUTUMN TIME&#8221; &#8211; Non ho e non c&#8217;\u00e8 fretta. E per fare le cose decenti la fretta non va bene.<\/figcaption><\/figure>\n\n\n\n<div style=\"height:100px\" aria-hidden=\"true\" class=\"wp-block-spacer\"><\/div>\n\n\n\n<p><em>Come spesso accade, ermetico. <\/em><br><em>Il <strong>colore Chanel 505<\/strong>  non \u00e8 in riferimento ad un particolare dettaglio della cura del corpo, bens\u00ec ad un accessorio d&#8217;abbigliamento molto in voga tra quelle persone che amano il bello, sono informate ed apprezzano le creazioni di uno stilista che pare abbia una splendida villa a Comporta, Portogallo. <\/em><br><em>Una modaiola localit\u00e0 sull&#8217;Atlantico. <\/em><br><em>Sembra rivaleggi per mondanit\u00e0 con la celebrata e celeberrima costa francese mediterranea. <\/em><br><em>Quella atlantica sembrerebbe essere pi\u00f9 discreta e cos\u00ec meglio frequentata. <\/em><br><em>Il signore a cui \u00e8 dedicata la nota \u00e8 francese, nato nel XII&nbsp;Arrondissement&nbsp;di&nbsp;Parigi&nbsp;nel 1964, mix di cultura galla e faraoinica. <\/em><br><em>Rosso scarlatto per dominare il mondo. <\/em><br><strong>Gioielli<\/strong><em> di straordinaria bellezza. <\/em><br><em>Appunto.<\/em><\/p>\n\n\n\n<hr class=\"wp-block-separator has-text-color has-vivid-red-color has-alpha-channel-opacity has-vivid-red-background-color has-background is-style-dots\"\/>\n\n\n\n<p><br>Liaison per il Soul Red Crystal. &#x1f61c;<\/p>\n\n\n\n<hr class=\"wp-block-separator has-text-color has-vivid-red-color has-alpha-channel-opacity has-vivid-red-background-color has-background\"\/>\n\n\n\n<div style=\"height:50px\" aria-hidden=\"true\" class=\"wp-block-spacer\"><\/div>\n\n\n\n<p class=\"has-text-align-right has-small-font-size\">Peugeot Internazionale a Comporta ha presentato una delle versioni della Peugeot 208. <br>Io non c&#8217;ero, conoscevo &#8211; per\u00f2 &#8211; gi\u00e0 comporta per altri motivi. <br>Per sapere di pi\u00f9 su Comporta da autorevoli fonti:<\/p>\n\n\n\n<p class=\"has-text-align-right\"><a href=\"https:\/\/www.vanityfair.it\/gallery\/comporta-portogallo-vacanze\">https:\/\/www.vanityfair.it\/gallery\/comporta-portogallo-vacanze<\/a><\/p>\n\n\n\n<div style=\"height:300px\" aria-hidden=\"true\" class=\"wp-block-spacer\"><\/div>\n","protected":false},"excerpt":{"rendered":"<p>Son quelle persone che amano il rosso Quelli che ancora oggi credono nel bello sono persone speciali. Le auto sono un tributo al design, alla dinamica delle forme, al movimento, alla libert\u00e0. Per una&#46;&#46;&#46;<\/p>\n","protected":false},"author":1,"featured_media":8069,"comment_status":"open","ping_status":"open","sticky":true,"template":"","format":"standard","meta":{"ngg_post_thumbnail":0,"footnotes":""},"categories":[1418,1],"tags":[1424,789,482,1432,1034,1430,1433,25,6],"class_list":["post-8068","post","type-post","status-publish","format-standard","has-post-thumbnail","hentry","category-puntate-drivelife-2023","category-video-magazine-drivelife-on-vimeo","tag-lucalife","tag-lucastories","tag-mazda","tag-mazda-memories","tag-puntate-drivelife-2013","tag-soul-red-crystal","tag-summersaga","tag-video","tag-vimeo"],"_links":{"self":[{"href":"https:\/\/www.drivelife.it\/clip\/wp-json\/wp\/v2\/posts\/8068","targetHints":{"allow":["GET"]}}],"collection":[{"href":"https:\/\/www.drivelife.it\/clip\/wp-json\/wp\/v2\/posts"}],"about":[{"href":"https:\/\/www.drivelife.it\/clip\/wp-json\/wp\/v2\/types\/post"}],"author":[{"embeddable":true,"href":"https:\/\/www.drivelife.it\/clip\/wp-json\/wp\/v2\/users\/1"}],"replies":[{"embeddable":true,"href":"https:\/\/www.drivelife.it\/clip\/wp-json\/wp\/v2\/comments?post=8068"}],"version-history":[{"count":16,"href":"https:\/\/www.drivelife.it\/clip\/wp-json\/wp\/v2\/posts\/8068\/revisions"}],"predecessor-version":[{"id":8099,"href":"https:\/\/www.drivelife.it\/clip\/wp-json\/wp\/v2\/posts\/8068\/revisions\/8099"}],"wp:featuredmedia":[{"embeddable":true,"href":"https:\/\/www.drivelife.it\/clip\/wp-json\/wp\/v2\/media\/8069"}],"wp:attachment":[{"href":"https:\/\/www.drivelife.it\/clip\/wp-json\/wp\/v2\/media?parent=8068"}],"wp:term":[{"taxonomy":"category","embeddable":true,"href":"https:\/\/www.drivelife.it\/clip\/wp-json\/wp\/v2\/categories?post=8068"},{"taxonomy":"post_tag","embeddable":true,"href":"https:\/\/www.drivelife.it\/clip\/wp-json\/wp\/v2\/tags?post=8068"}],"curies":[{"name":"wp","href":"https:\/\/api.w.org\/{rel}","templated":true}]}}