{"id":5959,"date":"2017-05-22T08:42:29","date_gmt":"2017-05-22T08:42:29","guid":{"rendered":"http:\/\/www.drivelife.it\/clip\/?p=5959"},"modified":"2017-05-24T13:40:01","modified_gmt":"2017-05-24T13:40:01","slug":"drivelife-2017-puntata-del-27-maggio","status":"publish","type":"post","link":"https:\/\/www.drivelife.it\/clip\/2017\/05\/22\/drivelife-2017-puntata-del-27-maggio\/","title":{"rendered":"DRIVELIFE 2017, PUNTATA DEL 27 MAGGIO"},"content":{"rendered":"<h1>FILE PER PUNTATA<br \/>\nDEL 27 MAGGIO<\/h1>\n<p>&nbsp;<\/p>\n<h1>27\/05_x_LE_TV mp4, 1,10 GB<\/h1>\n<p>https:\/\/vimeo.com\/218783644<br \/>\n<!--more--><br \/>\n&nbsp;<\/p>\n<h1>27\/05_x_LE_TV mpg, 0,55 GB<\/h1>\n<p>https:\/\/vimeo.com\/218783271<br \/>\n&nbsp;<\/p>\n<h1>nuovo!<br \/>\n\u0160KODA KAROQ<\/h1>\n<p>https:\/\/vimeo.com\/218455263<br \/>\n&nbsp;<\/p>\n<p><em>&#8211; 00\u201950\u201d &#8211; In TV il 6\/5 &#8211; SKODA KAROQ<br \/>\n&nbsp;<br \/>\nhttps:\/\/vimeo.com\/216152893<br \/>\n&nbsp;<br \/>\n<strong><\/p>\n<h1>IN ALASKA LO DICONO COS\u00cc<\/h1>\n<p><\/strong><br \/>\n&nbsp;<br \/>\n<em><strong>SI RESPIRA SEMPRE PI\u00d9 ARIA D\u2019AVVENTURA AL VOLANTE DI UN SUV, L\u2019IMPORTANTE \u00c8 EVOCARLA ANCHE SE DIFFICILMENTE CHI LA GUIDA TUTTI I GIORNI SI LANCER\u00c0 IN IMPRESE DIVERSE DALLA GITA FUORI PORTA<\/em><\/strong><br \/>\n&nbsp;<br \/>\n<div id=\"attachment_15988\" style=\"width: 730px\" class=\"wp-caption alignnone\"><img loading=\"lazy\" decoding=\"async\" aria-describedby=\"caption-attachment-15988\" src=\"http:\/\/www.drivelife.it\/news\/wp-content\/uploads\/2017\/05\/128197_broadcast03-1000x510.jpg\" alt=\"SKODA KAROQ - IN TV IL 6 MAGGIO\" width=\"720\" height=\"367\" class=\"size-large wp-image-15988\" \/><p id=\"caption-attachment-15988\" class=\"wp-caption-text\">SKODA KAROQ &#8211; IN TV IL 6 MAGGIO<\/p><\/div><br \/>\n&nbsp;<\/p>\n<blockquote><p>SKODA KAROQ \u00c8 IL SECONDO SUV LANCIATO DALLA CASA BOEMA NEL GIRO DI POCHI MESI, PI\u00d9 PICCOLO DEL KODIAQ DEL QUALE RIPRENDER\u00c0 LO STILE, OFFRE UN ABITACOLO DI GENEROSE DIMENSIONI CINQUE MODALIT\u00c0 DI MARCIA ED UNO SPECIALE SET PER QUELLA IN FUORISTRADA<\/p><\/blockquote>\n<p>&nbsp;<br \/>\nTanto per dare una dimensione al camuffamento di queste immagini e delineare il posizionamento della nuova Skoda Karoq, la lunghezza \u00e8 di 4 metri e 40 millimetro pi\u00f9, millimetro meno. Ma son quattro metri ad alto contenuto tecnico perch\u00e9 sotto il cofano c\u2019\u00e8 un offerta di quattro motori, due a benzina TSI, con potenze tra 115 e 190 CV, trazione integrale ed un bagagliaio di 521 litri con capacit\u00e0 fino 1630 con lo schienale abbattuto. All\u2019interno dell\u2019abitacolo, grazie al passo lungo, pi\u00f9 spazio per i passeggeri e tutte le soluzioni di servizio e connettivit\u00e0 compatibili con i sistemi di comunicazione LTE.<br \/>\nInfine il nome: Karoq \u00e8 una parola che deriva dal linguaggio degli Alutiiq nativi dell\u2019Alaska: \u2018KAA\u2019RAQ\u2019 (auto) e \u2018RUQ\u2019 (freccia). \u2028Nel mercato automotive, invece, indica il successore dello Yeti.<br \/>\n&nbsp;<br \/>\n<strong>di drivelife &#8211; \u2028SKODA KAROQ &#8211; \u202800\u201950\u201d \/ START @ 02\u201955\u201d &#8211; IN TV CON DRIVELIFE DEL 6 MAGGIO 2017<\/strong><em><strong>(da drivelife per TV del 6 MAGGIO 2017)<strong><\/em><br \/>\n&nbsp;<\/em><\/p>\n<p>&nbsp;<\/p>\n<h2>INTERVISTA DANIELE MAVER,<br \/>\nclip prodotto nuova Land Rover Discovery<\/h2>\n<p>&nbsp;<br \/>\nhttps:\/\/vimeo.com\/217638844<br \/>\n&nbsp;<br \/>\nhttp:\/\/www.drivelife.it\/news\/2017\/05\/15\/land-rover-a-rocca-calascio\/<br \/>\n&nbsp;<br \/>\n<div id=\"attachment_5962\" style=\"width: 730px\" class=\"wp-caption alignnone\"><img loading=\"lazy\" decoding=\"async\" aria-describedby=\"caption-attachment-5962\" src=\"http:\/\/www.drivelife.it\/clip\/wp-content\/uploads\/2017\/05\/calascio-940x627.jpg\" alt=\"LAND ROVER DISCOVERY - ROCCA CALASCIO - IN TV IL 27 MAGGIO\" width=\"720\" height=\"480\" class=\"size-large wp-image-5962\" srcset=\"https:\/\/www.drivelife.it\/clip\/wp-content\/uploads\/2017\/05\/calascio-940x627.jpg 940w, https:\/\/www.drivelife.it\/clip\/wp-content\/uploads\/2017\/05\/calascio-620x413.jpg 620w, https:\/\/www.drivelife.it\/clip\/wp-content\/uploads\/2017\/05\/calascio-768x512.jpg 768w, https:\/\/www.drivelife.it\/clip\/wp-content\/uploads\/2017\/05\/calascio-300x200.jpg 300w, https:\/\/www.drivelife.it\/clip\/wp-content\/uploads\/2017\/05\/calascio.jpg 1920w\" sizes=\"auto, (max-width: 720px) 100vw, 720px\" \/><p id=\"caption-attachment-5962\" class=\"wp-caption-text\">LAND ROVER DISCOVERY &#8211; ROCCA CALASCIO &#8211; IN TV IL 27 MAGGIO<\/p><\/div><br \/>\n&nbsp;<br \/>\n&nbsp;<\/p>\n<h1>27 MAGGIO,<br \/>\nDRIVELIFE,<br \/>\nTRAILER PUNTATA IN TV<\/h1>\n<p>&nbsp;<br \/>\n<strong><\/p>\n<h1>LA SCORSA SETTIMANA IN TV<\/h1>\n<p><\/strong><br \/>\nhttps:\/\/vimeo.com\/218141795<br \/>\n&nbsp;<\/p>\n<h1><strong>IN TV &#8211; RUBRICA TV AUTOMOTIVE DI 12\u201900\u201d &#8211;<br \/>\nSOMMARIO, TIMING &#038; START<\/strong><\/h1>\n<p>&nbsp;<\/p>\n<h1>SOMMARIO, TIMING SERVIZI<br \/>\n&nbsp;<br \/>\nLAND ROVER DISCOVERY, INTERVISTA DANIELE MAVER, 02&#8217;28&#8221; &#8211; FIAT 500 L, 01&#8217;18&#8221; &#8211; SKODA KAROQ, 00&#8217;32&#8221; &#8211; RENAULT CAPTUR, 01&#8217;24&#8221; &#8211; 1000MIGLIA, 01&#8217;33&#8221; &#8211; CITROEN UNCONVENTIONAL TEAM, MALINGRI, RECORD DAKAR-GUADALUPA, 03&#8217;00&#8221;<br \/>\n&#8211; <\/h1>\n<p>&nbsp;<\/p>\n<h1>START @ &#8211;<br \/>\nSOMMARIO, START SERVIZI<br \/>\n&nbsp;<br \/>\nLAND ROVER DISCOVERY, INTERVISTA DANIELE MAVER, 00&#8217;46&#8221; &#8211; FIAT 500 L, 03&#8217;23&#8221; &#8211; SKODA KAROQ, 04&#8217;46&#8221; &#8211; RENAULT CAPTUR, 05&#8217;22&#8221; &#8211; 1000MIGLIA, 06&#8217;56&#8221; &#8211; CITROEN UNCONVENTIONAL TEAM, MALINGRI, RECORD DAKAR-GUADALUPA, 08&#8217;39&#8221;<br \/>\n&#8211; <\/h1>\n<p>&nbsp;<\/p>\n<blockquote>\n<h1>PROSSIMAMENTE IN TV<\/h1>\n<\/blockquote>\n<h1>CITROEN UNCONVENTIONAL TEAM<br \/>\nDAKAR &#8211; GUADALUPA<br \/>\nCON I MALINGRI: RECORD INFRANTO<\/h1>\n<p>https:\/\/vimeo.com\/216294850<br \/>\n&nbsp;<br \/>\n**PAGINA DRIVELIFE CLIP SETTIMANA**<br \/>\nhttp:\/\/www.drivelife.it\/drivelifeintv\/2017\/05\/22\/drivelife-2017-puntata-del-27-maggio\/<br \/>\n&nbsp;<\/p>\n<blockquote>\n<h1>L\u2019AUTO IN TV: <a href=\"http:\/\/www.militem.it\/\">**Militem, AmericanTailorMade**<\/a> \u00a9lucaromanopix<\/h1>\n<\/blockquote>\n<p>&nbsp;<br \/>\nINSTAGRAM \/ lucaromano_pix<\/p>\n<style>.ig-b- { display: inline-block; }\n.ig-b- img { visibility: hidden; }\n.ig-b-:hover { background-position: 0 -60px; } .ig-b-:active { background-position: 0 -120px; }\n.ig-b-v-24 { width: 137px; height: 24px; background: url(\/\/badges.instagram.com\/static\/images\/ig-badge-view-sprite-24.png) no-repeat 0 0; }\n@media only screen and (-webkit-min-device-pixel-ratio: 2), only screen and (min--moz-device-pixel-ratio: 2), only screen and (-o-min-device-pixel-ratio: 2 \/ 1), only screen and (min-device-pixel-ratio: 2), only screen and (min-resolution: 192dpi), only screen and (min-resolution: 2dppx) {\n.ig-b-v-24 { background-image: url(\/\/badges.instagram.com\/static\/images\/ig-badge-view-sprite-24@2x.png); background-size: 160px 178px; } }<\/style>\n<p><a href=\"http:\/\/instagram.com\/lucaromano_pix?ref=badge\" class=\"ig-b- ig-b-v-24\"><img decoding=\"async\" src=\"\/\/badges.instagram.com\/static\/images\/ig-badge-view-24.png\" alt=\"Instagram\" \/><\/a><br \/>\n&nbsp;<br \/>\nTWITTER \/ lucaatmrlukkor<br \/>\n&nbsp;<br \/>\n<a class=\"twitter-timeline\" href=\"https:\/\/twitter.com\/lucaatmrlukkor\" data-widget-id=\"557957842121289728\">Tweet di @lucaatmrlukkor<\/a> <script>!function(d,s,id){var js,fjs=d.getElementsByTagName(s)[0],p=\/^http:\/.test(d.location)?'http':'https';if(!d.getElementById(id)){js=d.createElement(s);js.id=id;js.src=p+\":\/\/platform.twitter.com\/widgets.js\";fjs.parentNode.insertBefore(js,fjs);}}(document,\"script\",\"twitter-wjs\");<\/script><br \/>\n&nbsp;<\/p>\n<p>&nbsp;<br \/>\n<a href=\"http:\/\/vimeo.com\/drivelife\"><img decoding=\"async\" src=\"http:\/\/a.vimeocdn.com\/images_v6\/blogbadge_channels.png\" alt=\"Vimeo\" \/><\/a><\/p>\n<blockquote>\n<h1><strong>In TV con drivelife<br \/>\ndel 27 MAGGIO<\/strong><\/h1>\n<\/blockquote>\n<p><a href=\"https:\/\/flipboard.com\/@mrlukkor\/drivelife-q5flocp8y\" data-flip-widget=\"mag\">View my Flipboard Magazine.<\/a><\/p>\n<h2>Guarda di pi\u00f9 con drivelife<\/h2>\n<p style=\"color: #021eaa;\"><a href=\"http:\/\/car.18x24.it\">car.18&#215;24.it<\/a><\/p>\n<p style=\"color: #021eaa;\"><a href=\"http:\/\/www.drivelife.it\">www.drivelife.it<\/a><\/p>\n<p style=\"color: #021eaa;\"><a href=\"http:\/\/www.drivelife.it\/clip\/\">www.drivelife.it\/clip\/<\/a><\/p>\n<p style=\"color: #021eaa;\"><a href=\"http:\/\/www.drivelife.it\/dlnew\/\">www.drivelife.it\/dlnew\/<\/a><\/p>\n<p style=\"color: #021eaa;\"><a href=\"http:\/\/www.drivelife.it\/moto\/\">www.drivelife.it\/moto\/<\/a><\/p>\n<p style=\"color: #021eaa;\"><a href=\"http:\/\/www.drivelife.it\/car\/\">www.drivelife.it\/car\/<\/a><\/p>\n<p style=\"color: #021eaa;\"><a href=\"http:\/\/www.drivelife.it\/drivelifeintv\/\">www.drivelife.it\/drivelifeintv\/<\/a><\/p>\n<p style=\"color: #021eaa;\"><a href=\"http:\/\/www.drivelife.it\/pics\/\">www.drivelife.it\/pics\/<\/a><\/p>\n<p style=\"color: #021eaa;\"><a href=\"http:\/\/www.drivelife.it\/dresscode\/\">www.drivelife.it\/dresscode\/<\/a><\/p>\n<p style=\"color: #021eaa;\"><a href=\"https:\/\/twitter.com\/tweetdrivelife\">twitter.com\/tweetdrivelife<\/a><\/p>\n<p style=\"color: #021eaa;\"><a href=\"https:\/\/flipboard.com\/@mrlukkor\/drivelife-q5flocp8y\">flipboard.com\/@mrlukkor\/drivelife<\/a><\/p>\n<p>&nbsp;<br \/>\nCredit clip&#038;pic, quando pubblicato<br \/>\nTutte le fotografie e le clip \u00a9lucaromanopix<br \/>\n<strong>Vietata la riproduzione e la diffusione su e con qualsiasi mezzo e\/o social network senza il consenso scritto dell&#8217;autore. Le fotografie sono file con firma digitale. Le fotografie sono protette secondo le norme vigenti in Italia del diritto d\u2019autore. <\/strong><br \/>\n&nbsp;<\/p>\n<h2>\n<blockquote><p>Once Ansel Adams said:<br \/>\n\u201cThe single most important component of a camera is the twelve inches behind it\u201d.<\/p><\/blockquote>\n<\/h2>\n<p>&nbsp;<\/p>\n","protected":false},"excerpt":{"rendered":"<p>NUOVA LAND ROVER DISCOVERY &#8211; IN TV IL 27 MAGGIO<\/p>\n","protected":false},"author":1,"featured_media":5962,"comment_status":"open","ping_status":"open","sticky":false,"template":"","format":"video","meta":{"ngg_post_thumbnail":0,"footnotes":""},"categories":[1097,1],"tags":[436,633,1178,1177,1044,1199,1031,168,1200,263,646,1198,1176,1196,1032,1195,1194,166,801,1197],"class_list":["post-5959","post","type-post","status-publish","format-video","has-post-thumbnail","hentry","category-1097","category-video-magazine-drivelife-on-vimeo","tag-1000miglia","tag-abruzzo","tag-american-tailor-made","tag-americantailormade","tag-caffehinaluke","tag-citroen-unconventional-team","tag-drivelife","tag-fiat-500l","tag-guadalupe","tag-land-rover-discovery","tag-lucaromanopix","tag-malingri","tag-militem","tag-monti-della-laga","tag-mrlukkor","tag-parco-nazionale-del-gran-sasso","tag-puntata-27-maggio","tag-renault-captur","tag-rocca-calascio","tag-skoda-karoq","post_format-post-format-video"],"_links":{"self":[{"href":"https:\/\/www.drivelife.it\/clip\/wp-json\/wp\/v2\/posts\/5959","targetHints":{"allow":["GET"]}}],"collection":[{"href":"https:\/\/www.drivelife.it\/clip\/wp-json\/wp\/v2\/posts"}],"about":[{"href":"https:\/\/www.drivelife.it\/clip\/wp-json\/wp\/v2\/types\/post"}],"author":[{"embeddable":true,"href":"https:\/\/www.drivelife.it\/clip\/wp-json\/wp\/v2\/users\/1"}],"replies":[{"embeddable":true,"href":"https:\/\/www.drivelife.it\/clip\/wp-json\/wp\/v2\/comments?post=5959"}],"version-history":[{"count":13,"href":"https:\/\/www.drivelife.it\/clip\/wp-json\/wp\/v2\/posts\/5959\/revisions"}],"predecessor-version":[{"id":5975,"href":"https:\/\/www.drivelife.it\/clip\/wp-json\/wp\/v2\/posts\/5959\/revisions\/5975"}],"wp:featuredmedia":[{"embeddable":true,"href":"https:\/\/www.drivelife.it\/clip\/wp-json\/wp\/v2\/media\/5962"}],"wp:attachment":[{"href":"https:\/\/www.drivelife.it\/clip\/wp-json\/wp\/v2\/media?parent=5959"}],"wp:term":[{"taxonomy":"category","embeddable":true,"href":"https:\/\/www.drivelife.it\/clip\/wp-json\/wp\/v2\/categories?post=5959"},{"taxonomy":"post_tag","embeddable":true,"href":"https:\/\/www.drivelife.it\/clip\/wp-json\/wp\/v2\/tags?post=5959"}],"curies":[{"name":"wp","href":"https:\/\/api.w.org\/{rel}","templated":true}]}}