{"id":5883,"date":"2017-05-06T13:59:40","date_gmt":"2017-05-06T13:59:40","guid":{"rendered":"http:\/\/www.drivelife.it\/clip\/?p=5883"},"modified":"2017-05-10T15:12:22","modified_gmt":"2017-05-10T15:12:22","slug":"drivelife-2017-puntata-del-13-maggio","status":"publish","type":"post","link":"https:\/\/www.drivelife.it\/clip\/2017\/05\/06\/drivelife-2017-puntata-del-13-maggio\/","title":{"rendered":"DRIVELIFE 2017, PUNTATA DEL 13 MAGGIO"},"content":{"rendered":"<h1>DRIVELIFE 2017,<br \/>\nfile per<br \/>\nPUNTATA DEL 13 MAGGIO<\/h1>\n<p>&nbsp;<br \/>\n&nbsp;<\/p>\n<h1>13\/05_x_LE_TV mp4, 1,10 GB<\/h1>\n<p>https:\/\/vimeo.com\/216814339<br \/>\n&nbsp;<br \/>\n&nbsp;<\/p>\n<h1>13\/05_x_LE_TV mpg, 0,55 GB<\/h1>\n<p>https:\/\/vimeo.com\/216815065<br \/>\n&nbsp;<\/p>\n<h2>Gara 1, terzo posto per Stefano Accorsi<\/h2>\n<p><em>Sul circuito di Adria la Peugeot ufficiale 308 Racing Cup all\u2019esordio nel TCR Italy, Touring Car Championship, subito a podio, nella categoria TCT, con il 3\u00b0 posto dell\u2019attore Stefano Accorsi in Gara 1 e il 2\u00b0 posto in Gara 2 di Massimo Arduini.<br \/>\nE\u2019 stato un weekend con debutto entusiasmante per Stefano Accorsi. Meno di un mese fa il noto attore italiano ha preso per la prima volta in mano il volante della 308 Racing Cup, ma con determinazione, costanza e disciplina \u00e8 riuscito fin dal primo appuntamento del Campionato Italiano Turismo a salire sul terzo gradino del podio.<br \/>\nLe condizioni meteo della gara di Accorsi sono state proibitive a causa della pioggia battente fin dal primo giro, e per questo motivo la gara \u00e8 partita in regime di Safety Car. Nonostante le avverse condizioni Stefano, con non poche difficolt\u00e0 e traversi alla \u2018Paolo Andreucci\u2019, \u00e8 riuscito a portare a termine la gara tagliando il traguardo in terza posizione della categoria TCT.<br \/>\n\u201cE\u2019 stato un weekend entusiasmante e l\u2019adrenalina che si trova nel guidare una vettura in gara \u00e8 paragonabile solo ad una Prima in Teatro&#8230;ma non con cos\u00ec tanta pioggia!\u201d, ha commentato scherzosamente l\u2019attore al termine della gara.<\/p>\n<p>Gara 2 ha visto Massimo Arduini protagonista gi\u00e0 dalla partenza. Grazie alla tecnologia launch control della Peugeot 308 Racing Cup, Arduini \u00e8 riuscito a superare alla prima curva ben 5 vetture mantenendo fin da subito la leadership del TCT, ma pur tagliando per primo il traguardo, ha dovuto subire una penalit\u00e0 di 25 secondi rispetto a Bernazzani, suo diretto concorrente su Peugeot 308 Racing Cup, anch\u2019egli penalizzato ma in misura minore.<br \/>\nPer quanto riguarda la seconda 308 Racing Cup schierata al via dal team Arduini Corse, al volante della Peugeot 308 Racing Cup si sono alternati Francesco Neri, che ha ottenuto un primo posto e Giovanni Lopes , che ha invece conquistato un terzo posto in classifica trasparente.<br \/>\nMassimo Arduini, Pilota e Team Manager della scuderia Arduini Corse, ha cos\u00ec commentato al termine della gara: \u201cE\u2019 stato un weekend davvero incredibile, pieno di emozioni e soddisfazioni. Desidero ringraziare Peugeot Sport Italia per la grande opportunit\u00e0 che ci ha fornito. Stefano, la cui qualit\u00e0 migliore \u00e8 senza ombra di dubbio la modestia, \u00e8 l\u2019allievo perfetto per Peugeot Italia, quindi non \u00e8 stato difficile partire da subito ai massimi livelli\u201d.<\/p>\n<p><strong>Il prossimo appuntamento del Campionato Italiano Turismo sar\u00e0 sul tracciato di Misano Adriatico il weekend del 3\/4 giugno: nell\u2019occasione Accorsi dovr\u00e0 mostrare abili doti di guida in una pista pi\u00f9 impegnativa e veloce di quella di Adria.<\/strong><\/em><\/p>\n\n\t\t<style>\n\t\t\t#gallery-1 {\n\t\t\t\tmargin: auto;\n\t\t\t}\n\t\t\t#gallery-1 .gallery-item {\n\t\t\t\tfloat: left;\n\t\t\t\tmargin-top: 10px;\n\t\t\t\ttext-align: center;\n\t\t\t\twidth: 33%;\n\t\t\t}\n\t\t\t#gallery-1 img {\n\t\t\t\tborder: 2px solid #cfcfcf;\n\t\t\t}\n\t\t\t#gallery-1 .gallery-caption {\n\t\t\t\tmargin-left: 0;\n\t\t\t}\n\t\t\t\/* see gallery_shortcode() in wp-includes\/media.php *\/\n\t\t<\/style>\n\t\t<div id='gallery-1' class='gallery galleryid-5883 gallery-columns-3 gallery-size-thumbnail'><dl class='gallery-item'>\n\t\t\t<dt class='gallery-icon landscape'>\n\t\t\t\t<a href='https:\/\/www.drivelife.it\/clip\/2017\/05\/06\/drivelife-2017-puntata-del-13-maggio\/a88i3048\/'><img loading=\"lazy\" decoding=\"async\" width=\"110\" height=\"70\" src=\"https:\/\/www.drivelife.it\/clip\/wp-content\/uploads\/2017\/05\/A88I3048-205x130.jpg\" class=\"attachment-thumbnail size-thumbnail no-lazy\" alt=\"\" \/><\/a>\n\t\t\t<\/dt><\/dl><dl class='gallery-item'>\n\t\t\t<dt class='gallery-icon landscape'>\n\t\t\t\t<a href='https:\/\/www.drivelife.it\/clip\/2017\/05\/06\/drivelife-2017-puntata-del-13-maggio\/a88i2990\/'><img loading=\"lazy\" decoding=\"async\" width=\"110\" height=\"70\" src=\"https:\/\/www.drivelife.it\/clip\/wp-content\/uploads\/2017\/05\/A88I2990-205x130.jpg\" class=\"attachment-thumbnail size-thumbnail no-lazy\" alt=\"\" \/><\/a>\n\t\t\t<\/dt><\/dl><dl class='gallery-item'>\n\t\t\t<dt class='gallery-icon landscape'>\n\t\t\t\t<a href='https:\/\/www.drivelife.it\/clip\/2017\/05\/06\/drivelife-2017-puntata-del-13-maggio\/a88i1877\/'><img loading=\"lazy\" decoding=\"async\" width=\"110\" height=\"70\" src=\"https:\/\/www.drivelife.it\/clip\/wp-content\/uploads\/2017\/05\/A88I1877-205x130.jpg\" class=\"attachment-thumbnail size-thumbnail no-lazy\" alt=\"\" \/><\/a>\n\t\t\t<\/dt><\/dl><br style=\"clear: both\" \/>\n\t\t<\/div>\n\n<p><em>Comunicato stampa foto credit \u00a9Peugeot Italia<\/em><br \/>\n&nbsp;<\/p>\n<h1>13 MAGGIO,<br \/>\nDRIVELIFE,<br \/>\nTRAILER PUNTATA IN TV<\/h1>\n<p><strong><\/p>\n<h1>PEUGEOT 308 \/ STEFANO ACCORSI<\/h1>\n<p><\/strong><br \/>\nhttps:\/\/vimeo.com\/216294158<br \/>\n&nbsp;<br \/>\nhttps:\/\/vimeo.com\/216293860<br \/>\n&nbsp;<\/p>\n<h1><strong>IN TV &#8211; RUBRICA TV AUTOMOTIVE DI 12\u201900\u201d &#8211;<br \/>\nSOMMARIO, TIMING &#038; START<\/strong><\/h1>\n<p>&nbsp;<\/p>\n<h1>SOMMARIO,<br \/>\nTIMING SERVIZI<br \/>\n<strong>MONOGRAFICA: PEUGEOT E STEFANO ACCORSI<\/strong> &#8211; INTRO-CLIP, PEUGEOT E ACCORSI, 01&#8217;33&#8221; &#8211; INTERVISTE-CLIP, GIULIO MARC D&#8217;ALBERTON, STEFANO ACCORSI, 05&#8217;08&#8221; &#8211; ISTITUZIONALE-CLIP, CARLO LEONI, STEFANO ACCORSI, 03&#8217;08&#8221; &#8211; PEUGEOT 308 GTI by PEUGEOT SPORT, 00&#8217;41&#8221;<br \/>\n&#8211; <\/h1>\n<p>&nbsp;<\/p>\n<h1>START @ &#8211;<br \/>\nSOMMARIO,<br \/>\nSTART SERVIZI<br \/>\n<strong>MONOGRAFICA: PEUGEOT E STEFANO ACCORSI<\/strong> &#8211; INTRO-CLIP, PEUGEOT E ACCORSI, 00&#8217;46&#8221; &#8211; INTERVISTE-CLIP, GIULIO MARC D&#8217;ALBERTON, STEFANO ACCORSI, 02&#8217;28&#8221; &#8211; ISTITUZIONALE-CLIP, CARLO LEONI, STEFANO ACCORSI, 07&#8217;42&#8221; &#8211; PEUGEOT 308 GTI by PEUGEOT SPORT, 10&#8217;57&#8221;<br \/>\n&#8211; <\/h1>\n<p>&nbsp;<\/p>\n<h1>CITROEN UNCONVENTIONAL TEAM<br \/>\nDAKAR &#8211; GUADALUPA<br \/>\nCON I MALINGRI: RECORD INFRANTO<\/h1>\n<p>https:\/\/vimeo.com\/216294850<br \/>\n&nbsp;<br \/>\n**PAGINA DRIVELIFE CLIP**<\/p>\n<blockquote class=\"wp-embedded-content\" data-secret=\"rNioVuFyWm\"><p><a href=\"https:\/\/www.drivelife.it\/clip\/2017\/05\/06\/drivelife-2017-puntata-del-13-maggio\/\">DRIVELIFE 2017, PUNTATA DEL 13 MAGGIO<\/a><\/p><\/blockquote>\n<p><iframe loading=\"lazy\" class=\"wp-embedded-content\" sandbox=\"allow-scripts\" security=\"restricted\" style=\"position: absolute; visibility: hidden;\" title=\"&#8220;DRIVELIFE 2017, PUNTATA DEL 13 MAGGIO&#8221; &#8212; DRIVELIFE\" src=\"https:\/\/www.drivelife.it\/clip\/2017\/05\/06\/drivelife-2017-puntata-del-13-maggio\/embed\/#?secret=takXg91MuW#?secret=rNioVuFyWm\" data-secret=\"rNioVuFyWm\" width=\"500\" height=\"282\" frameborder=\"0\" marginwidth=\"0\" marginheight=\"0\" scrolling=\"no\"><\/iframe><br \/>\n**PAGINA DRIVELIFE CLIP SETTIMANA**<br \/>\nhttp:\/\/www.drivelife.it\/drivelifeintv\/2017\/05\/06\/drivelife-2017-puntata-del-13-maggio\/<br \/>\n&nbsp;<\/p>\n<blockquote>\n<h1>L\u2019AUTO IN TV: **Militem, AmericanTailorMade** \u00a9lucaromanopix<\/h1>\n<\/blockquote>\n<p>&nbsp;<br \/>\nINSTAGRAM \/ lucaromano_pix<\/p>\n<style>.ig-b- { display: inline-block; }\n.ig-b- img { visibility: hidden; }\n.ig-b-:hover { background-position: 0 -60px; } .ig-b-:active { background-position: 0 -120px; }\n.ig-b-v-24 { width: 137px; height: 24px; background: url(\/\/badges.instagram.com\/static\/images\/ig-badge-view-sprite-24.png) no-repeat 0 0; }\n@media only screen and (-webkit-min-device-pixel-ratio: 2), only screen and (min--moz-device-pixel-ratio: 2), only screen and (-o-min-device-pixel-ratio: 2 \/ 1), only screen and (min-device-pixel-ratio: 2), only screen and (min-resolution: 192dpi), only screen and (min-resolution: 2dppx) {\n.ig-b-v-24 { background-image: url(\/\/badges.instagram.com\/static\/images\/ig-badge-view-sprite-24@2x.png); background-size: 160px 178px; } }<\/style>\n<p><a href=\"http:\/\/instagram.com\/lucaromano_pix?ref=badge\" class=\"ig-b- ig-b-v-24\"><img decoding=\"async\" src=\"\/\/badges.instagram.com\/static\/images\/ig-badge-view-24.png\" alt=\"Instagram\" \/><\/a><br \/>\n&nbsp;<br \/>\nTWITTER \/ lucaatmrlukkor<br \/>\n&nbsp;<br \/>\n<a class=\"twitter-timeline\" href=\"https:\/\/twitter.com\/lucaatmrlukkor\" data-widget-id=\"557957842121289728\">Tweet di @lucaatmrlukkor<\/a> <script>!function(d,s,id){var js,fjs=d.getElementsByTagName(s)[0],p=\/^http:\/.test(d.location)?'http':'https';if(!d.getElementById(id)){js=d.createElement(s);js.id=id;js.src=p+\":\/\/platform.twitter.com\/widgets.js\";fjs.parentNode.insertBefore(js,fjs);}}(document,\"script\",\"twitter-wjs\");<\/script><br \/>\n<div id=\"attachment_5884\" style=\"width: 730px\" class=\"wp-caption alignnone\"><img loading=\"lazy\" decoding=\"async\" aria-describedby=\"caption-attachment-5884\" src=\"http:\/\/www.drivelife.it\/clip\/wp-content\/uploads\/2017\/05\/LR5_EDIT-EXPORT_Wheel-copia-940x627.jpg\" alt=\"STEFANO ACCORSI E VITTORIO MALINGRI, PEUGEOT E CITROEN, IN TV IL 13 MAGGIO CON DRIVELIFE\" width=\"720\" height=\"480\" class=\"size-large wp-image-5884\" srcset=\"https:\/\/www.drivelife.it\/clip\/wp-content\/uploads\/2017\/05\/LR5_EDIT-EXPORT_Wheel-copia-940x627.jpg 940w, https:\/\/www.drivelife.it\/clip\/wp-content\/uploads\/2017\/05\/LR5_EDIT-EXPORT_Wheel-copia-620x414.jpg 620w, https:\/\/www.drivelife.it\/clip\/wp-content\/uploads\/2017\/05\/LR5_EDIT-EXPORT_Wheel-copia-768x512.jpg 768w, https:\/\/www.drivelife.it\/clip\/wp-content\/uploads\/2017\/05\/LR5_EDIT-EXPORT_Wheel-copia-300x200.jpg 300w\" sizes=\"auto, (max-width: 720px) 100vw, 720px\" \/><p id=\"caption-attachment-5884\" class=\"wp-caption-text\">STEFANO ACCORSI E VITTORIO MALINGRI, PEUGEOT E CITROEN, IN TV IL 13 MAGGIO CON DRIVELIFE<\/p><\/div><br \/>\n&nbsp;<\/p>\n<h1>Stefano Accorsi e Peugeot<\/h1>\n<p>https:\/\/vimeo.com\/216297913<br \/>\n&nbsp;<br \/>\n<a href=\"http:\/\/vimeo.com\/drivelife\"><img decoding=\"async\" src=\"http:\/\/a.vimeocdn.com\/images_v6\/blogbadge_channels.png\" alt=\"Vimeo\" \/><\/a><\/p>\n<blockquote>\n<h1><strong>In TV con drivelife<br \/>\ndel 13 MAGGIO<\/strong><\/h1>\n<\/blockquote>\n<p><a href=\"https:\/\/flipboard.com\/@mrlukkor\/drivelife-q5flocp8y\" data-flip-widget=\"mag\">View my Flipboard Magazine.<\/a><\/p>\n<h2>Guarda di pi\u00f9 con drivelife<\/h2>\n<p style=\"color: #021eaa;\"><a href=\"http:\/\/car.18x24.it\">car.18&#215;24.it<\/a><\/p>\n<p style=\"color: #021eaa;\"><a href=\"http:\/\/www.drivelife.it\">www.drivelife.it<\/a><\/p>\n<p style=\"color: #021eaa;\"><a href=\"http:\/\/www.drivelife.it\/clip\/\">www.drivelife.it\/clip\/<\/a><\/p>\n<p style=\"color: #021eaa;\"><a href=\"http:\/\/www.drivelife.it\/dlnew\/\">www.drivelife.it\/dlnew\/<\/a><\/p>\n<p style=\"color: #021eaa;\"><a href=\"http:\/\/www.drivelife.it\/moto\/\">www.drivelife.it\/moto\/<\/a><\/p>\n<p style=\"color: #021eaa;\"><a href=\"http:\/\/www.drivelife.it\/car\/\">www.drivelife.it\/car\/<\/a><\/p>\n<p style=\"color: #021eaa;\"><a href=\"http:\/\/www.drivelife.it\/drivelifeintv\/\">www.drivelife.it\/drivelifeintv\/<\/a><\/p>\n<p style=\"color: #021eaa;\"><a href=\"http:\/\/www.drivelife.it\/pics\/\">www.drivelife.it\/pics\/<\/a><\/p>\n<p style=\"color: #021eaa;\"><a href=\"http:\/\/www.drivelife.it\/dresscode\/\">www.drivelife.it\/dresscode\/<\/a><\/p>\n<p style=\"color: #021eaa;\"><a href=\"https:\/\/twitter.com\/tweetdrivelife\">twitter.com\/tweetdrivelife<\/a><\/p>\n<p style=\"color: #021eaa;\"><a href=\"https:\/\/flipboard.com\/@mrlukkor\/drivelife-q5flocp8y\">flipboard.com\/@mrlukkor\/drivelife<\/a><\/p>\n<p>&nbsp;<br \/>\nCredit clip&#038;pic, quando pubblicato<br \/>\nTutte le fotografie e le clip \u00a9lucaromanopix<br \/>\n<strong>Vietata la riproduzione e la diffusione su e con qualsiasi mezzo e\/o social network senza il consenso scritto dell&#8217;autore. Le fotografie sono file con firma digitale. Le fotografie sono protette secondo le norme vigenti in Italia del diritto d\u2019autore. <\/strong><br \/>\n&nbsp;<\/p>\n<h2>\n<blockquote><p>Once Ansel Adams said:<br \/>\n\u201cThe single most important component of a camera is the twelve inches behind it\u201d.<\/p><\/blockquote>\n<\/h2>\n<p>&nbsp;<\/p>\n","protected":false},"excerpt":{"rendered":"<p>STEFANO ACCORSI E LA PEUGEOT 308 RACING CUP, IN TV IL 13 MAGGIO CON DRIVELIFE<\/p>\n","protected":false},"author":1,"featured_media":5884,"comment_status":"open","ping_status":"open","sticky":false,"template":"","format":"video","meta":{"ngg_post_thumbnail":0,"footnotes":""},"categories":[1097,1],"tags":[1178,1177,1182,1044,1031,646,1176,1032,8,237,1181,1137],"class_list":["post-5883","post","type-post","status-publish","format-video","has-post-thumbnail","hentry","category-1097","category-video-magazine-drivelife-on-vimeo","tag-american-tailor-made","tag-americantailormade","tag-arduini-corse","tag-caffehinaluke","tag-drivelife","tag-lucaromanopix","tag-militem","tag-mrlukkor","tag-peugeot","tag-peugeot-308","tag-puntata-13-maggio","tag-stefano-accorsi","post_format-post-format-video"],"_links":{"self":[{"href":"https:\/\/www.drivelife.it\/clip\/wp-json\/wp\/v2\/posts\/5883","targetHints":{"allow":["GET"]}}],"collection":[{"href":"https:\/\/www.drivelife.it\/clip\/wp-json\/wp\/v2\/posts"}],"about":[{"href":"https:\/\/www.drivelife.it\/clip\/wp-json\/wp\/v2\/types\/post"}],"author":[{"embeddable":true,"href":"https:\/\/www.drivelife.it\/clip\/wp-json\/wp\/v2\/users\/1"}],"replies":[{"embeddable":true,"href":"https:\/\/www.drivelife.it\/clip\/wp-json\/wp\/v2\/comments?post=5883"}],"version-history":[{"count":12,"href":"https:\/\/www.drivelife.it\/clip\/wp-json\/wp\/v2\/posts\/5883\/revisions"}],"predecessor-version":[{"id":5900,"href":"https:\/\/www.drivelife.it\/clip\/wp-json\/wp\/v2\/posts\/5883\/revisions\/5900"}],"wp:featuredmedia":[{"embeddable":true,"href":"https:\/\/www.drivelife.it\/clip\/wp-json\/wp\/v2\/media\/5884"}],"wp:attachment":[{"href":"https:\/\/www.drivelife.it\/clip\/wp-json\/wp\/v2\/media?parent=5883"}],"wp:term":[{"taxonomy":"category","embeddable":true,"href":"https:\/\/www.drivelife.it\/clip\/wp-json\/wp\/v2\/categories?post=5883"},{"taxonomy":"post_tag","embeddable":true,"href":"https:\/\/www.drivelife.it\/clip\/wp-json\/wp\/v2\/tags?post=5883"}],"curies":[{"name":"wp","href":"https:\/\/api.w.org\/{rel}","templated":true}]}}