{"id":577,"date":"2013-01-26T07:01:44","date_gmt":"2013-01-26T07:01:44","guid":{"rendered":"http:\/\/www.drivelife.it\/clip\/?p=577"},"modified":"2015-04-16T12:05:35","modified_gmt":"2015-04-16T12:05:35","slug":"maserati-gran-cabrio-mc","status":"publish","type":"post","link":"https:\/\/www.drivelife.it\/clip\/2013\/01\/26\/maserati-gran-cabrio-mc\/","title":{"rendered":"MASERATI GRAN CABRIO MC"},"content":{"rendered":"<p>https:\/\/vimeo.com\/58237635<\/p>\n<h1>QUANDO SI DICE CORRERE<br \/>\nCAPELLI NEL VENTO<\/h1>\n<p><strong>(di Nicoletta Triggiani)<\/strong><\/p>\n<p>Quello che vedrete nello specchietto retrovisore della vostra utilitaria vi far\u00e0 sobbalzare. Ma non \u00e8 un incubo, non siete stati teletrasportati in pista. E\u2019 il nuovo frontale della Gran Cabrio MC che Maserati ha voluto disegnare prendendo spunto dallo stile della MC.<br \/>\nLa nuova scoperta del \u201ctridente\u201d completa l\u2019offerta delle vetture scoperte costruite a Modena. E\u2019 poco pi\u00f9 lunga della normale e, come questa, offre quattro posti, veri, per viaggiare con grande confort. Sul bagagliaio \u00e8 applicato un generoso spoiler per migliorare la deportanza alle alte velocit\u00e0. La Gran Cabrio MC pu\u00f2 essere personalizzata con finiture in carbonio.<\/p>\n\n\t\t<style>\n\t\t\t#gallery-1 {\n\t\t\t\tmargin: auto;\n\t\t\t}\n\t\t\t#gallery-1 .gallery-item {\n\t\t\t\tfloat: left;\n\t\t\t\tmargin-top: 10px;\n\t\t\t\ttext-align: center;\n\t\t\t\twidth: 11%;\n\t\t\t}\n\t\t\t#gallery-1 img {\n\t\t\t\tborder: 2px solid #cfcfcf;\n\t\t\t}\n\t\t\t#gallery-1 .gallery-caption {\n\t\t\t\tmargin-left: 0;\n\t\t\t}\n\t\t\t\/* see gallery_shortcode() in wp-includes\/media.php *\/\n\t\t<\/style>\n\t\t<div id='gallery-1' class='gallery galleryid-577 gallery-columns-9 gallery-size-thumbnail'><dl class='gallery-item'>\n\t\t\t<dt class='gallery-icon landscape'>\n\t\t\t\t<a href='https:\/\/www.drivelife.it\/clip\/2013\/01\/26\/maserati-gran-cabrio-mc\/maserati-grancabrio-mc-6\/'><img loading=\"lazy\" decoding=\"async\" width=\"110\" height=\"110\" src=\"https:\/\/www.drivelife.it\/clip\/wp-content\/uploads\/2013\/01\/maserati-grancabrio-mc-6-150x150.jpg\" class=\"attachment-thumbnail size-thumbnail no-lazy\" alt=\"MASERATI GRAN CABRIO MC @ drivelife.it magazine on line\" aria-describedby=\"gallery-1-578\" \/><\/a>\n\t\t\t<\/dt>\n\t\t\t\t<dd class='wp-caption-text gallery-caption' id='gallery-1-578'>\n\t\t\t\tMASERATI GRAN CABRIO MC @ drivelife.it magazine on line\n\t\t\t\t<\/dd><\/dl><dl class='gallery-item'>\n\t\t\t<dt class='gallery-icon landscape'>\n\t\t\t\t<a href='https:\/\/www.drivelife.it\/clip\/2013\/01\/26\/maserati-gran-cabrio-mc\/maserati-grancabrio-mc-1\/'><img loading=\"lazy\" decoding=\"async\" width=\"110\" height=\"110\" src=\"https:\/\/www.drivelife.it\/clip\/wp-content\/uploads\/2013\/01\/maserati-grancabrio-mc-1-150x150.jpg\" class=\"attachment-thumbnail size-thumbnail no-lazy\" alt=\"\" \/><\/a>\n\t\t\t<\/dt><\/dl><dl class='gallery-item'>\n\t\t\t<dt class='gallery-icon landscape'>\n\t\t\t\t<a href='https:\/\/www.drivelife.it\/clip\/2013\/01\/26\/maserati-gran-cabrio-mc\/maserati-grancabrio-mc-2\/'><img loading=\"lazy\" decoding=\"async\" width=\"110\" height=\"110\" src=\"https:\/\/www.drivelife.it\/clip\/wp-content\/uploads\/2013\/01\/maserati-grancabrio-mc-2-150x150.jpg\" class=\"attachment-thumbnail size-thumbnail no-lazy\" alt=\"\" \/><\/a>\n\t\t\t<\/dt><\/dl><dl class='gallery-item'>\n\t\t\t<dt class='gallery-icon landscape'>\n\t\t\t\t<a href='https:\/\/www.drivelife.it\/clip\/2013\/01\/26\/maserati-gran-cabrio-mc\/maserati-grancabrio-mc-3\/'><img loading=\"lazy\" decoding=\"async\" width=\"110\" height=\"110\" src=\"https:\/\/www.drivelife.it\/clip\/wp-content\/uploads\/2013\/01\/maserati-grancabrio-mc-3-150x150.jpg\" class=\"attachment-thumbnail size-thumbnail no-lazy\" alt=\"\" \/><\/a>\n\t\t\t<\/dt><\/dl><dl class='gallery-item'>\n\t\t\t<dt class='gallery-icon landscape'>\n\t\t\t\t<a href='https:\/\/www.drivelife.it\/clip\/2013\/01\/26\/maserati-gran-cabrio-mc\/maserati-grancabrio-mc-6-2\/'><img loading=\"lazy\" decoding=\"async\" width=\"110\" height=\"110\" src=\"https:\/\/www.drivelife.it\/clip\/wp-content\/uploads\/2013\/01\/maserati-grancabrio-mc-61-150x150.jpg\" class=\"attachment-thumbnail size-thumbnail no-lazy\" alt=\"\" \/><\/a>\n\t\t\t<\/dt><\/dl>\n\t\t\t<br style='clear: both' \/>\n\t\t<\/div>\n\n<div id=\"attachment_578\" style=\"width: 710px\" class=\"wp-caption alignnone\"><a href=\"http:\/\/www.drivelife.it\/clip\/wp-content\/uploads\/2013\/01\/maserati-grancabrio-mc-6.jpg\"><img loading=\"lazy\" decoding=\"async\" aria-describedby=\"caption-attachment-578\" class=\"size-large wp-image-578\" title=\"MASERATI GRAN CABRIO MC @ drivelife.it magazine on line\" alt=\"MASERATI GRAN CABRIO MC @ drivelife.it magazine on line\" src=\"http:\/\/www.drivelife.it\/clip\/wp-content\/uploads\/2013\/01\/maserati-grancabrio-mc-6-1000x580.jpg\" width=\"700\" height=\"406\" srcset=\"https:\/\/www.drivelife.it\/clip\/wp-content\/uploads\/2013\/01\/maserati-grancabrio-mc-6-1000x580.jpg 1000w, https:\/\/www.drivelife.it\/clip\/wp-content\/uploads\/2013\/01\/maserati-grancabrio-mc-6-700x406.jpg 700w, https:\/\/www.drivelife.it\/clip\/wp-content\/uploads\/2013\/01\/maserati-grancabrio-mc-6.jpg 1181w\" sizes=\"auto, (max-width: 700px) 100vw, 700px\" \/><\/a><p id=\"caption-attachment-578\" class=\"wp-caption-text\">MASERATI GRAN CABRIO MC @ drivelife.it magazine on line<\/p><\/div>\n","protected":false},"excerpt":{"rendered":"<p>https:\/\/vimeo.com\/58237635 QUANDO SI DICE CORRERE CAPELLI NEL VENTO (di Nicoletta Triggiani) Quello che vedrete nello specchietto retrovisore della vostra utilitaria vi far\u00e0 sobbalzare. Ma non \u00e8 un incubo, non siete stati teletrasportati in pista.&#46;&#46;&#46;<\/p>\n","protected":false},"author":1,"featured_media":578,"comment_status":"open","ping_status":"open","sticky":false,"template":"","format":"video","meta":{"ngg_post_thumbnail":0,"footnotes":""},"categories":[1],"tags":[1031,112,111,25,6],"class_list":["post-577","post","type-post","status-publish","format-video","has-post-thumbnail","hentry","category-video-magazine-drivelife-on-vimeo","tag-drivelife","tag-maserati","tag-maserati-gran-cabrio-mc","tag-video","tag-vimeo","post_format-post-format-video"],"_links":{"self":[{"href":"https:\/\/www.drivelife.it\/clip\/wp-json\/wp\/v2\/posts\/577","targetHints":{"allow":["GET"]}}],"collection":[{"href":"https:\/\/www.drivelife.it\/clip\/wp-json\/wp\/v2\/posts"}],"about":[{"href":"https:\/\/www.drivelife.it\/clip\/wp-json\/wp\/v2\/types\/post"}],"author":[{"embeddable":true,"href":"https:\/\/www.drivelife.it\/clip\/wp-json\/wp\/v2\/users\/1"}],"replies":[{"embeddable":true,"href":"https:\/\/www.drivelife.it\/clip\/wp-json\/wp\/v2\/comments?post=577"}],"version-history":[{"count":9,"href":"https:\/\/www.drivelife.it\/clip\/wp-json\/wp\/v2\/posts\/577\/revisions"}],"predecessor-version":[{"id":3089,"href":"https:\/\/www.drivelife.it\/clip\/wp-json\/wp\/v2\/posts\/577\/revisions\/3089"}],"wp:featuredmedia":[{"embeddable":true,"href":"https:\/\/www.drivelife.it\/clip\/wp-json\/wp\/v2\/media\/578"}],"wp:attachment":[{"href":"https:\/\/www.drivelife.it\/clip\/wp-json\/wp\/v2\/media?parent=577"}],"wp:term":[{"taxonomy":"category","embeddable":true,"href":"https:\/\/www.drivelife.it\/clip\/wp-json\/wp\/v2\/categories?post=577"},{"taxonomy":"post_tag","embeddable":true,"href":"https:\/\/www.drivelife.it\/clip\/wp-json\/wp\/v2\/tags?post=577"}],"curies":[{"name":"wp","href":"https:\/\/api.w.org\/{rel}","templated":true}]}}