{"id":4309,"date":"2016-03-20T10:00:23","date_gmt":"2016-03-20T10:00:23","guid":{"rendered":"http:\/\/www.drivelife.it\/clip\/?p=4309"},"modified":"2016-03-20T10:00:23","modified_gmt":"2016-03-20T10:00:23","slug":"drivelife-volkswagen-up","status":"publish","type":"post","link":"https:\/\/www.drivelife.it\/clip\/2016\/03\/20\/drivelife-volkswagen-up\/","title":{"rendered":"DRIVELIFE, VOLKSWAGEN up!"},"content":{"rendered":"<h2>drivelife \/ vimeo puntata del 19 Marzo<\/h2>\n<p>https:\/\/vimeo.com\/159599885<br \/>\n&nbsp;<br \/>\n&nbsp;<br \/>\n&nbsp;<br \/>\n<strong>di REDAZIONE\u2028<br \/>\nDURATA, 01\u201949\u201d<br \/>\n\u2028IN TV CON DRIVELIFE DEL 19 MARZO 2016<\/strong><br \/>\n&nbsp;<br \/>\n&nbsp;<br \/>\n&nbsp;<br \/>\n<em><strong>(da drivelife per TV del 19 Marzo 2016, approfondimenti) &#8211; VOLKSWAGEN up!, 01&#8217;49&#8221; \/ START @ 07&#8217;54&#8221;<\/strong><\/em> &#8211; Gigi Proietti direbbe con il suo perfetto dialetto romanesco &#8220;A me me piace&#8221;. Proprio cos\u00ec, mi piace. La pi\u00f9 piccola delle Volkswagen \u00e8 &#8211; secondo me &#8211; anche la pi\u00f9 carina. Con la nuova up!, appena presentata al salone di Ginevra, debutta il nuovo motore con 90 cavalli e cos\u00ec la pi\u00f9 carina delle Volkswagen prende quel brio, quelle prestazioni, quel pepe che un po&#8217;, diciamolo, mancava al primo modello.<br \/>\n&nbsp;<br \/>\nIl motore, TSI, quindi alimentato a benzina, ha la cilindrata di un litro, l&#8217;iniezione diretta di benzina, \u00e8 un tre cilindri, dispone di una coppia di 160 newton metri gi\u00e0 a 1500 giri. Le sue prestazioni, in Volkswagen ci tengono a sottolinearlo, sono simili a quelle della prima Golf GTi, Gran Turismo Iniezione, quella presentata alla vendita nel 1976 che aveva 110 cavalli e pesava circa 800 chilogrammi. Meno di dieci secondi impiega la up! per accelerare fino a cento all&#8217;ora e la velocit\u00e0 massima \u00e8 di 185 Km\/h. Nonostante ci\u00f2 il consumo \u00e8 di soli 4,4 litri per cento chilometri.<br \/>\n&nbsp;<br \/>\nL&#8217;offferta di motori per la up!, che nella nuova versione sar\u00e0 in vendita in autunno, comprende le due unit\u00e0 con 60 e 75 cavalli gi\u00e0 noti affiancati dalla e-up!, modello equipaggiato con un sistema ibrido, 82 cavalli, che permette anche la marcia con zero emissioni. Infine la gamma \u00e8 completata dalla versione eco-up!, alimentata a metano, con 68 cavalli. Tutti i modelli della up! beneficiano dell&#8217;aggiornamento di stile e di un&#8217;offerta di colori pi\u00f9 ampia grazie a sette tinte ora disponibili.<br \/>\n&nbsp;<br \/>\nLa up! BeatsAudio delle immagini di Ginevra non sar\u00e0 &#8211; pare &#8211; disponibile per il mercato italiano: peccato perch\u00e8 i suoi 300 Watt diffusi dal sistema di bordo, sviluppato con l&#8217;azienda americana, avrebbero aggiunto quel tocco di esclusivit\u00e0 alla pi\u00f9 carina delle Volkswagen.<br \/>\n&nbsp;<br \/>\n&nbsp;<br \/>\n&nbsp;<br \/>\n<em><strong>Un aggiornamento di stile per la carrozzeria ed un nuovo motore con 90 cavalli e le prestazioni di piccola sportiva. All&#8217;interno nuovi arredamenti, nuove connettivit\u00e0 con la rete. E per il look la possibilit\u00e0 di scegliere tra 13 colori, tre tonalit\u00e0 del tetto e dieci diversi design per il dashpad.E&#8217; la VolksWagen up! di quest&#8217;anno.<\/em><\/strong><br \/>\n&nbsp;<br \/>\n&nbsp;<br \/>\n&nbsp;<\/p>\n<h2>GALLERIA FOTOGRAFICA<\/h2>\n<p>\n\t\t<style>\n\t\t\t#gallery-1 {\n\t\t\t\tmargin: auto;\n\t\t\t}\n\t\t\t#gallery-1 .gallery-item {\n\t\t\t\tfloat: left;\n\t\t\t\tmargin-top: 10px;\n\t\t\t\ttext-align: center;\n\t\t\t\twidth: 11%;\n\t\t\t}\n\t\t\t#gallery-1 img {\n\t\t\t\tborder: 2px solid #cfcfcf;\n\t\t\t}\n\t\t\t#gallery-1 .gallery-caption {\n\t\t\t\tmargin-left: 0;\n\t\t\t}\n\t\t\t\/* see gallery_shortcode() in wp-includes\/media.php *\/\n\t\t<\/style>\n\t\t<div id='gallery-1' class='gallery galleryid-4309 gallery-columns-9 gallery-size-thumbnail'><dl class='gallery-item'>\n\t\t\t<dt class='gallery-icon landscape'>\n\t\t\t\t<a href='https:\/\/www.drivelife.it\/clip\/2016\/03\/20\/drivelife-volkswagen-up\/108009-nuova-up_db2016au00118\/'><img loading=\"lazy\" decoding=\"async\" width=\"110\" height=\"70\" src=\"https:\/\/www.drivelife.it\/clip\/wp-content\/uploads\/2016\/03\/108009-nuova-up_db2016au00118-205x130.jpg\" class=\"attachment-thumbnail size-thumbnail no-lazy\" alt=\"\" \/><\/a>\n\t\t\t<\/dt><\/dl><dl class='gallery-item'>\n\t\t\t<dt class='gallery-icon landscape'>\n\t\t\t\t<a href='https:\/\/www.drivelife.it\/clip\/2016\/03\/20\/drivelife-volkswagen-up\/108009-nuova-up_db2016au00129\/'><img loading=\"lazy\" decoding=\"async\" width=\"110\" height=\"70\" src=\"https:\/\/www.drivelife.it\/clip\/wp-content\/uploads\/2016\/03\/108009-nuova-up_db2016au00129-205x130.jpg\" class=\"attachment-thumbnail size-thumbnail no-lazy\" alt=\"\" \/><\/a>\n\t\t\t<\/dt><\/dl><dl class='gallery-item'>\n\t\t\t<dt class='gallery-icon landscape'>\n\t\t\t\t<a href='https:\/\/www.drivelife.it\/clip\/2016\/03\/20\/drivelife-volkswagen-up\/108009-nuova-up_db2016au00122\/'><img loading=\"lazy\" decoding=\"async\" width=\"110\" height=\"70\" src=\"https:\/\/www.drivelife.it\/clip\/wp-content\/uploads\/2016\/03\/108009-nuova-up_db2016au00122-205x130.jpg\" class=\"attachment-thumbnail size-thumbnail no-lazy\" alt=\"\" \/><\/a>\n\t\t\t<\/dt><\/dl><dl class='gallery-item'>\n\t\t\t<dt class='gallery-icon landscape'>\n\t\t\t\t<a href='https:\/\/www.drivelife.it\/clip\/2016\/03\/20\/drivelife-volkswagen-up\/108009-nuova-up_db2016au00124\/'><img loading=\"lazy\" decoding=\"async\" width=\"110\" height=\"70\" src=\"https:\/\/www.drivelife.it\/clip\/wp-content\/uploads\/2016\/03\/108009-nuova-up_db2016au00124-205x130.jpg\" class=\"attachment-thumbnail size-thumbnail no-lazy\" alt=\"\" \/><\/a>\n\t\t\t<\/dt><\/dl><dl class='gallery-item'>\n\t\t\t<dt class='gallery-icon landscape'>\n\t\t\t\t<a href='https:\/\/www.drivelife.it\/clip\/2016\/03\/20\/drivelife-volkswagen-up\/108009-nuova-up_db2016au00128\/'><img loading=\"lazy\" decoding=\"async\" width=\"110\" height=\"70\" src=\"https:\/\/www.drivelife.it\/clip\/wp-content\/uploads\/2016\/03\/108009-nuova-up_db2016au00128-205x130.jpg\" class=\"attachment-thumbnail size-thumbnail no-lazy\" alt=\"\" \/><\/a>\n\t\t\t<\/dt><\/dl><dl class='gallery-item'>\n\t\t\t<dt class='gallery-icon landscape'>\n\t\t\t\t<a href='https:\/\/www.drivelife.it\/clip\/2016\/03\/20\/drivelife-volkswagen-up\/108009-nuova-up_db2016au00119\/'><img loading=\"lazy\" decoding=\"async\" width=\"110\" height=\"70\" src=\"https:\/\/www.drivelife.it\/clip\/wp-content\/uploads\/2016\/03\/108009-nuova-up_db2016au00119-205x130.jpg\" class=\"attachment-thumbnail size-thumbnail no-lazy\" alt=\"\" \/><\/a>\n\t\t\t<\/dt><\/dl><dl class='gallery-item'>\n\t\t\t<dt class='gallery-icon landscape'>\n\t\t\t\t<a href='https:\/\/www.drivelife.it\/clip\/2016\/03\/20\/drivelife-volkswagen-up\/108009-nuova-up_db2016au00121\/'><img loading=\"lazy\" decoding=\"async\" width=\"110\" height=\"70\" src=\"https:\/\/www.drivelife.it\/clip\/wp-content\/uploads\/2016\/03\/108009-nuova-up_db2016au00121-205x130.jpg\" class=\"attachment-thumbnail size-thumbnail no-lazy\" alt=\"\" \/><\/a>\n\t\t\t<\/dt><\/dl><dl class='gallery-item'>\n\t\t\t<dt class='gallery-icon landscape'>\n\t\t\t\t<a href='https:\/\/www.drivelife.it\/clip\/2016\/03\/20\/drivelife-volkswagen-up\/108009-nuova-up_db2016au00123\/'><img loading=\"lazy\" decoding=\"async\" width=\"110\" height=\"70\" src=\"https:\/\/www.drivelife.it\/clip\/wp-content\/uploads\/2016\/03\/108009-nuova-up_db2016au00123-205x130.jpg\" class=\"attachment-thumbnail size-thumbnail no-lazy\" alt=\"\" \/><\/a>\n\t\t\t<\/dt><\/dl><dl class='gallery-item'>\n\t\t\t<dt class='gallery-icon landscape'>\n\t\t\t\t<a href='https:\/\/www.drivelife.it\/clip\/2016\/03\/20\/drivelife-volkswagen-up\/108009-nuova-up_db2016au00120-2\/'><img loading=\"lazy\" decoding=\"async\" width=\"110\" height=\"70\" src=\"https:\/\/www.drivelife.it\/clip\/wp-content\/uploads\/2016\/03\/108009-nuova-up_db2016au001201-205x130.jpg\" class=\"attachment-thumbnail size-thumbnail no-lazy\" alt=\"\" \/><\/a>\n\t\t\t<\/dt><\/dl><br style=\"clear: both\" \/>\n\t\t<\/div>\n<br \/>\n&nbsp;<br \/>\n&nbsp;<br \/>\n&nbsp;<\/p>\n<h1>EDIZIONE DEL 19 MARZO, CLIP COMPLETA 12&#8242;<\/h1>\n<p>https:\/\/vimeo.com\/159553844<br \/>\n&nbsp;<\/p>\n<h2>RUBRICA TV AUTOMOTIVE DI 12\u201900\u201d &#8211; JAGUAR F-TYPE SVR, 01&#8217;49&#8221; &#8211; SUBARU XV CONCEPT. 01&#8217;02&#8221; &#8211; VOLVO V90, 00&#8217;49&#8221; &#8211; SKODA VisionS, 00&#8217;29&#8221; &#8211; JEEP, 02&#8217;45&#8221; &#8211; VOLKSWAGEN up!, 01&#8217;49&#8221; &#8211; CITROEN HYPHEN, 01&#8217;44&#8221;<br \/>\n&nbsp;<br \/>\nSTART &#8211; JAGUAR F-TYPE SVR, 00&#8217;40&#8221; &#8211; SUBARU XV CONCEPT. 02&#8217;33&#8221; &#8211; VOLVO V90, 03&#8217;38&#8221; &#8211; SKODA VisionS, 04&#8217;32&#8221; &#8211; JEEP, 05&#8217;04&#8221; &#8211; VOLKSWAGEN up!, 07&#8217;54&#8221; &#8211; CITROEN HYPHEN, 09&#8217;49&#8221;<\/h2>\n<p>&nbsp;<br \/>\n&nbsp;<br \/>\n&nbsp;<\/p>\n<h2>HUBNUT DRIVELIFE \/ vimeo #GIMS2016<\/h2>\n<p>&nbsp;<br \/>\n&nbsp;<br \/>\n&nbsp;<br \/>\n<iframe loading=\"lazy\" src=\"\/\/player.vimeo.com\/hubnut\/portfolio\/534523?color=44bbff&amp;background=ffffff&amp;slideshow=0&amp;video_title=0&amp;video_byline=0\" width=\"720\" height=\"576\" frameborder=\"0\" webkitAllowFullScreen mozallowfullscreen allowFullScreen><\/iframe><br \/>\n&nbsp;<br \/>\n&nbsp;<br \/>\n&nbsp;<\/p>\n<h2>HUBNUT DRIVELIFE \/ vimeo clip prodotto<\/h2>\n<p>&nbsp;<br \/>\n&nbsp;<br \/>\n&nbsp;<br \/>\n<iframe loading=\"lazy\" src=\"\/\/player.vimeo.com\/hubnut\/portfolio\/537906?color=ff6600&amp;background=ffffff&amp;slideshow=0&amp;video_title=0&amp;video_byline=0\" width=\"720\" height=\"576\" frameborder=\"0\" webkitAllowFullScreen mozallowfullscreen allowFullScreen><\/iframe><br \/>\n<a href=\"http:\/\/vimeo.com\/drivelife\"><img decoding=\"async\" src=\"http:\/\/a.vimeocdn.com\/images_v6\/blogbadge_channels.png\" alt=\"Vimeo\" \/><\/a><\/p>\n<blockquote><p>\n&nbsp;<br \/>\n&nbsp;<br \/>\n&nbsp;<\/p>\n<h1><strong>In TV con drivelife del 19 Marzo <\/strong><\/h1>\n<\/blockquote>\n<p><a href=\"https:\/\/flipboard.com\/@mrlukkor\/drivelife-q5flocp8y\" data-flip-widget=\"mag\">View my Flipboard Magazine.<\/a><\/p>\n<h2>Guarda di pi\u00f9 con\u00a0drivelife<\/h2>\n<p style=\"color: #021eaa;\"><a href=\"http:\/\/car.18x24.it\">http:\/\/car.18&#215;24.it<\/a><\/p>\n<p style=\"color: #021eaa;\"><a href=\"http:\/\/www.drivelife.it\">http:\/\/www.drivelife.it<\/a><\/p>\n<p style=\"color: #021eaa;\"><a href=\"http:\/\/www.drivelife.it\/clip\/\">http:\/\/www.drivelife.it\/clip\/<\/a><\/p>\n<p style=\"color: #021eaa;\"><a href=\"http:\/\/www.drivelife.it\/dlnew\/\">http:\/\/www.drivelife.it\/dlnew\/<\/a><\/p>\n<p style=\"color: #021eaa;\"><a href=\"http:\/\/www.drivelife.it\/moto\/\">http:\/\/www.drivelife.it\/moto\/<\/a><\/p>\n<p style=\"color: #021eaa;\"><a href=\"http:\/\/www.drivelife.it\/car\/\">http:\/\/www.drivelife.it\/car\/<\/a><\/p>\n<p style=\"color: #021eaa;\"><a href=\"http:\/\/www.drivelife.it\/drivelifeintv\/\">http:\/\/www.drivelife.it\/drivelifeintv\/<\/a><\/p>\n<p style=\"color: #021eaa;\"><a href=\"http:\/\/www.drivelife.it\/pics\/\">http:\/\/www.drivelife.it\/pics\/<\/a><\/p>\n<p style=\"color: #021eaa;\"><a href=\"http:\/\/www.drivelife.it\/dresscode\/\">http:\/\/www.drivelife.it\/dresscode\/<\/a><\/p>\n<p style=\"color: #021eaa;\"><a href=\"https:\/\/twitter.com\/tweetdrivelife\">https:\/\/twitter.com\/tweetdrivelife<\/a><\/p>\n<p style=\"color: #021eaa;\"><a href=\"https:\/\/flipboard.com\/@mrlukkor\/drivelife-q5flocp8y\">https:\/\/flipboard.com\/@mrlukkor\/drivelife-q5flocp8y<\/a><\/p>\n","protected":false},"excerpt":{"rendered":"<p>Un aggiornamento di stile per la carrozzeria ed un nuovo motore con 90 cavalli e le prestazioni di piccola sportiva. All&#8217;interno nuovi arredamenti, nuove connettivit\u00e0 con la rete. E per il look la possibilit\u00e0 di scegliere tra 13 colori, tre tonalit\u00e0 del tetto e dieci diversi design per il dashpad. E&#8217; la VolksWagen up! di quest&#8217;anno.<\/p>\n","protected":false},"author":1,"featured_media":4310,"comment_status":"open","ping_status":"open","sticky":false,"template":"","format":"video","meta":{"ngg_post_thumbnail":0,"footnotes":""},"categories":[842,1],"tags":[1031,928,916,931,123],"class_list":["post-4309","post","type-post","status-publish","format-video","has-post-thumbnail","hentry","category-puntate-drivelife-2016","category-video-magazine-drivelife-on-vimeo","tag-drivelife","tag-gims2016","tag-ginevra-2016","tag-up","tag-volkswagen","post_format-post-format-video"],"_links":{"self":[{"href":"https:\/\/www.drivelife.it\/clip\/wp-json\/wp\/v2\/posts\/4309","targetHints":{"allow":["GET"]}}],"collection":[{"href":"https:\/\/www.drivelife.it\/clip\/wp-json\/wp\/v2\/posts"}],"about":[{"href":"https:\/\/www.drivelife.it\/clip\/wp-json\/wp\/v2\/types\/post"}],"author":[{"embeddable":true,"href":"https:\/\/www.drivelife.it\/clip\/wp-json\/wp\/v2\/users\/1"}],"replies":[{"embeddable":true,"href":"https:\/\/www.drivelife.it\/clip\/wp-json\/wp\/v2\/comments?post=4309"}],"version-history":[{"count":1,"href":"https:\/\/www.drivelife.it\/clip\/wp-json\/wp\/v2\/posts\/4309\/revisions"}],"predecessor-version":[{"id":4320,"href":"https:\/\/www.drivelife.it\/clip\/wp-json\/wp\/v2\/posts\/4309\/revisions\/4320"}],"wp:featuredmedia":[{"embeddable":true,"href":"https:\/\/www.drivelife.it\/clip\/wp-json\/wp\/v2\/media\/4310"}],"wp:attachment":[{"href":"https:\/\/www.drivelife.it\/clip\/wp-json\/wp\/v2\/media?parent=4309"}],"wp:term":[{"taxonomy":"category","embeddable":true,"href":"https:\/\/www.drivelife.it\/clip\/wp-json\/wp\/v2\/categories?post=4309"},{"taxonomy":"post_tag","embeddable":true,"href":"https:\/\/www.drivelife.it\/clip\/wp-json\/wp\/v2\/tags?post=4309"}],"curies":[{"name":"wp","href":"https:\/\/api.w.org\/{rel}","templated":true}]}}