{"id":4293,"date":"2016-03-18T19:01:46","date_gmt":"2016-03-18T19:01:46","guid":{"rendered":"http:\/\/www.drivelife.it\/clip\/?p=4293"},"modified":"2016-03-19T19:07:25","modified_gmt":"2016-03-19T19:07:25","slug":"drivelife-subaru-xv-concept","status":"publish","type":"post","link":"https:\/\/www.drivelife.it\/clip\/2016\/03\/18\/drivelife-subaru-xv-concept\/","title":{"rendered":"DRIVELIFE, SUBARU XV CONCEPT"},"content":{"rendered":"<h2>drivelife \/ vimeo puntata del 19 Marzo<\/h2>\n<p>https:\/\/vimeo.com\/159599890<br \/>\n&nbsp;<br \/>\n&nbsp;<br \/>\n&nbsp;<br \/>\ndi REDAZIONE\u2028<br \/>\nDURATA, 01\u201902\u201d<br \/>\n\u2028IN TV CON DRIVELIFE DEL 19 MARZO 2016<br \/>\n&nbsp;<br \/>\n&nbsp;<br \/>\n&nbsp;<br \/>\n<em><strong>(da drivelife per TV del 19 Marzo 2016, approfondimenti) &#8211; SUBARU XV CONCEPT, 01&#8217;02&#8221; \/ START @ 02&#8217;33&#8221;<\/strong><\/em> &#8211; La forte inclinazione della linea di cintura \u00e8 una delle chiavi di lettura da tenere ben in mente per capire lo sviluppo dello stile dei prossimi modelli Subaru.<br \/>\n&nbsp;<br \/>\nIn parte anticipato con l&#8217;ultima versione della XV, la crossover gi\u00e0 in vendita sul mercato anche italiano, che presenta piccole ma significative modifiche tali da renderla sobria, equilibrata ma potente e volitiva.<br \/>\n&nbsp;<br \/>\nSubaru XV Concept, presentata a Ginevra, porta in estremit\u00e0 il concetto. Frontale poderoso, fiancata snella seppure con una cintura molto alta. Merito del gioco di forme, convessit\u00e0 e concavit\u00e0, appena sotto le cromature dei finestrini.<br \/>\n&nbsp;<br \/>\nSi chiama Dynamic X Solid, \u00e8 la filosofia di design che abbandonando le linee orizzontali fino ad ora proposte dar\u00e0 ad ogni modello Subaru una pi\u00f9 forte immagine, consona alle doti di grandi stradiste e perfette accompagnatrici su fondi insidiosi, neve, fango, ghiaccio, pioggia che sono s\u00ec i suoi territori d&#8217;elezione ma da ora anche con abiti pi\u00f9 di moda.<br \/>\n&nbsp;<br \/>\n&nbsp;<br \/>\n&nbsp;<br \/>\n<em><strong>Finiture arancioni ed un esclusivo colore, Glacier Khaki Silica, che evoca ghiacci e ghiacciai sono le scelte cromatiche per sottolineare lo stile della Subaru XV Concept, un modello attraverso cui intuire, ma forse conoscere, il design delle prossime generazioni di crossover intermedi il cui mercato di riferimento sar\u00e0 l&#8217;Europa <\/em><\/strong><br \/>\n&nbsp;<br \/>\n&nbsp;<br \/>\n&nbsp;<\/p>\n<h2>GALLERIA FOTOGRAFICA<\/h2>\n<p>\n\t\t<style>\n\t\t\t#gallery-1 {\n\t\t\t\tmargin: auto;\n\t\t\t}\n\t\t\t#gallery-1 .gallery-item {\n\t\t\t\tfloat: left;\n\t\t\t\tmargin-top: 10px;\n\t\t\t\ttext-align: center;\n\t\t\t\twidth: 14%;\n\t\t\t}\n\t\t\t#gallery-1 img {\n\t\t\t\tborder: 2px solid #cfcfcf;\n\t\t\t}\n\t\t\t#gallery-1 .gallery-caption {\n\t\t\t\tmargin-left: 0;\n\t\t\t}\n\t\t\t\/* see gallery_shortcode() in wp-includes\/media.php *\/\n\t\t<\/style>\n\t\t<div id='gallery-1' class='gallery galleryid-4293 gallery-columns-7 gallery-size-thumbnail'><dl class='gallery-item'>\n\t\t\t<dt class='gallery-icon landscape'>\n\t\t\t\t<a href='https:\/\/www.drivelife.it\/clip\/2016\/03\/18\/drivelife-subaru-xv-concept\/108571-413486_ad8t3969\/'><img loading=\"lazy\" decoding=\"async\" width=\"110\" height=\"70\" src=\"https:\/\/www.drivelife.it\/clip\/wp-content\/uploads\/2016\/03\/108571-413486_ad8t3969-205x130.jpg\" class=\"attachment-thumbnail size-thumbnail no-lazy\" alt=\"\" \/><\/a>\n\t\t\t<\/dt><\/dl><dl class='gallery-item'>\n\t\t\t<dt class='gallery-icon landscape'>\n\t\t\t\t<a href='https:\/\/www.drivelife.it\/clip\/2016\/03\/18\/drivelife-subaru-xv-concept\/108571-413494_ad8t3975\/'><img loading=\"lazy\" decoding=\"async\" width=\"110\" height=\"70\" src=\"https:\/\/www.drivelife.it\/clip\/wp-content\/uploads\/2016\/03\/108571-413494_ad8t3975-205x130.jpg\" class=\"attachment-thumbnail size-thumbnail no-lazy\" alt=\"\" \/><\/a>\n\t\t\t<\/dt><\/dl><dl class='gallery-item'>\n\t\t\t<dt class='gallery-icon landscape'>\n\t\t\t\t<a href='https:\/\/www.drivelife.it\/clip\/2016\/03\/18\/drivelife-subaru-xv-concept\/108571-413474_ad8t3964\/'><img loading=\"lazy\" decoding=\"async\" width=\"110\" height=\"70\" src=\"https:\/\/www.drivelife.it\/clip\/wp-content\/uploads\/2016\/03\/108571-413474_ad8t3964-205x130.jpg\" class=\"attachment-thumbnail size-thumbnail no-lazy\" alt=\"\" \/><\/a>\n\t\t\t<\/dt><\/dl><dl class='gallery-item'>\n\t\t\t<dt class='gallery-icon landscape'>\n\t\t\t\t<a href='https:\/\/www.drivelife.it\/clip\/2016\/03\/18\/drivelife-subaru-xv-concept\/108571-413482_ad8t3966\/'><img loading=\"lazy\" decoding=\"async\" width=\"110\" height=\"70\" src=\"https:\/\/www.drivelife.it\/clip\/wp-content\/uploads\/2016\/03\/108571-413482_ad8t3966-205x130.jpg\" class=\"attachment-thumbnail size-thumbnail no-lazy\" alt=\"\" \/><\/a>\n\t\t\t<\/dt><\/dl><dl class='gallery-item'>\n\t\t\t<dt class='gallery-icon landscape'>\n\t\t\t\t<a href='https:\/\/www.drivelife.it\/clip\/2016\/03\/18\/drivelife-subaru-xv-concept\/108571-413466_ad8t3961\/'><img loading=\"lazy\" decoding=\"async\" width=\"110\" height=\"70\" src=\"https:\/\/www.drivelife.it\/clip\/wp-content\/uploads\/2016\/03\/108571-413466_ad8t3961-205x130.jpg\" class=\"attachment-thumbnail size-thumbnail no-lazy\" alt=\"\" \/><\/a>\n\t\t\t<\/dt><\/dl><dl class='gallery-item'>\n\t\t\t<dt class='gallery-icon landscape'>\n\t\t\t\t<a href='https:\/\/www.drivelife.it\/clip\/2016\/03\/18\/drivelife-subaru-xv-concept\/108571-413458_ad8t3953\/'><img loading=\"lazy\" decoding=\"async\" width=\"110\" height=\"70\" src=\"https:\/\/www.drivelife.it\/clip\/wp-content\/uploads\/2016\/03\/108571-413458_ad8t3953-205x130.jpg\" class=\"attachment-thumbnail size-thumbnail no-lazy\" alt=\"\" \/><\/a>\n\t\t\t<\/dt><\/dl><dl class='gallery-item'>\n\t\t\t<dt class='gallery-icon landscape'>\n\t\t\t\t<a href='https:\/\/www.drivelife.it\/clip\/2016\/03\/18\/drivelife-subaru-xv-concept\/108571-413454_ad8t3949\/'><img loading=\"lazy\" decoding=\"async\" width=\"110\" height=\"70\" src=\"https:\/\/www.drivelife.it\/clip\/wp-content\/uploads\/2016\/03\/108571-413454_ad8t3949-205x130.jpg\" class=\"attachment-thumbnail size-thumbnail no-lazy\" alt=\"\" \/><\/a>\n\t\t\t<\/dt><\/dl><br style=\"clear: both\" \/><dl class='gallery-item'>\n\t\t\t<dt class='gallery-icon landscape'>\n\t\t\t\t<a href='https:\/\/www.drivelife.it\/clip\/2016\/03\/18\/drivelife-subaru-xv-concept\/108571-413446_ad8t3946\/'><img loading=\"lazy\" decoding=\"async\" width=\"110\" height=\"70\" src=\"https:\/\/www.drivelife.it\/clip\/wp-content\/uploads\/2016\/03\/108571-413446_ad8t3946-205x130.jpg\" class=\"attachment-thumbnail size-thumbnail no-lazy\" alt=\"\" \/><\/a>\n\t\t\t<\/dt><\/dl><dl class='gallery-item'>\n\t\t\t<dt class='gallery-icon landscape'>\n\t\t\t\t<a href='https:\/\/www.drivelife.it\/clip\/2016\/03\/18\/drivelife-subaru-xv-concept\/108571-412395_aq2y9358\/'><img loading=\"lazy\" decoding=\"async\" width=\"110\" height=\"70\" src=\"https:\/\/www.drivelife.it\/clip\/wp-content\/uploads\/2016\/03\/108571-412395_aq2y9358-205x130.jpg\" class=\"attachment-thumbnail size-thumbnail no-lazy\" alt=\"\" \/><\/a>\n\t\t\t<\/dt><\/dl><dl class='gallery-item'>\n\t\t\t<dt class='gallery-icon landscape'>\n\t\t\t\t<a href='https:\/\/www.drivelife.it\/clip\/2016\/03\/18\/drivelife-subaru-xv-concept\/108571-412387_aq2y9357\/'><img loading=\"lazy\" decoding=\"async\" width=\"110\" height=\"70\" src=\"https:\/\/www.drivelife.it\/clip\/wp-content\/uploads\/2016\/03\/108571-412387_aq2y9357-205x130.jpg\" class=\"attachment-thumbnail size-thumbnail no-lazy\" alt=\"\" \/><\/a>\n\t\t\t<\/dt><\/dl><dl class='gallery-item'>\n\t\t\t<dt class='gallery-icon landscape'>\n\t\t\t\t<a href='https:\/\/www.drivelife.it\/clip\/2016\/03\/18\/drivelife-subaru-xv-concept\/108571-412371_aq2y9355\/'><img loading=\"lazy\" decoding=\"async\" width=\"110\" height=\"70\" src=\"https:\/\/www.drivelife.it\/clip\/wp-content\/uploads\/2016\/03\/108571-412371_aq2y9355-205x130.jpg\" class=\"attachment-thumbnail size-thumbnail no-lazy\" alt=\"\" \/><\/a>\n\t\t\t<\/dt><\/dl><dl class='gallery-item'>\n\t\t\t<dt class='gallery-icon landscape'>\n\t\t\t\t<a href='https:\/\/www.drivelife.it\/clip\/2016\/03\/18\/drivelife-subaru-xv-concept\/108571-412379_aq2y9356\/'><img loading=\"lazy\" decoding=\"async\" width=\"110\" height=\"70\" src=\"https:\/\/www.drivelife.it\/clip\/wp-content\/uploads\/2016\/03\/108571-412379_aq2y9356-205x130.jpg\" class=\"attachment-thumbnail size-thumbnail no-lazy\" alt=\"\" \/><\/a>\n\t\t\t<\/dt><\/dl><dl class='gallery-item'>\n\t\t\t<dt class='gallery-icon landscape'>\n\t\t\t\t<a href='https:\/\/www.drivelife.it\/clip\/2016\/03\/18\/drivelife-subaru-xv-concept\/108571-412363_aq2y9353\/'><img loading=\"lazy\" decoding=\"async\" width=\"110\" height=\"70\" src=\"https:\/\/www.drivelife.it\/clip\/wp-content\/uploads\/2016\/03\/108571-412363_aq2y9353-205x130.jpg\" class=\"attachment-thumbnail size-thumbnail no-lazy\" alt=\"\" \/><\/a>\n\t\t\t<\/dt><\/dl><dl class='gallery-item'>\n\t\t\t<dt class='gallery-icon landscape'>\n\t\t\t\t<a href='https:\/\/www.drivelife.it\/clip\/2016\/03\/18\/drivelife-subaru-xv-concept\/108571-412355_aq2y9350\/'><img loading=\"lazy\" decoding=\"async\" width=\"110\" height=\"70\" src=\"https:\/\/www.drivelife.it\/clip\/wp-content\/uploads\/2016\/03\/108571-412355_aq2y9350-205x130.jpg\" class=\"attachment-thumbnail size-thumbnail no-lazy\" alt=\"\" \/><\/a>\n\t\t\t<\/dt><\/dl><br style=\"clear: both\" \/>\n\t\t<\/div>\n<br \/>\n&nbsp;<br \/>\n&nbsp;<br \/>\n&nbsp;<\/p>\n<h1>EDIZIONE DEL 19 MARZO, CLIP COMPLETA 12&#8242;<\/h1>\n<p>https:\/\/vimeo.com\/159553844<br \/>\n&nbsp;<\/p>\n<h2>RUBRICA TV AUTOMOTIVE DI 12\u201900\u201d &#8211; JAGUAR F-TYPE SVR, 01&#8217;49&#8221; &#8211; SUBARU XV CONCEPT. 01&#8217;02&#8221; &#8211; VOLVO V90, 00&#8217;49&#8221; &#8211; SKODA VisionS, 00&#8217;29&#8221; &#8211; JEEP, 02&#8217;45&#8221; &#8211; VOLKSWAGEN up!, 01&#8217;49&#8221; &#8211; CITROEN HYPHEN, 01&#8217;44&#8221;<br \/>\n&nbsp;<br \/>\nSTART &#8211; JAGUAR F-TYPE SVR, 00&#8217;40&#8221; &#8211; SUBARU XV CONCEPT. 02&#8217;33&#8221; &#8211; VOLVO V90, 03&#8217;38&#8221; &#8211; SKODA VisionS, 04&#8217;32&#8221; &#8211; JEEP, 05&#8217;04&#8221; &#8211; VOLKSWAGEN up!, 07&#8217;54&#8221; &#8211; CITROEN HYPHEN, 09&#8217;49&#8221;<\/h2>\n<p>&nbsp;<br \/>\n&nbsp;<br \/>\n&nbsp;<\/p>\n<h2>HUBNUT DRIVELIFE \/ vimeo #GIMS2016<\/h2>\n<p>&nbsp;<br \/>\n&nbsp;<br \/>\n&nbsp;<br \/>\n<iframe loading=\"lazy\" src=\"\/\/player.vimeo.com\/hubnut\/portfolio\/534523?color=44bbff&amp;background=ffffff&amp;slideshow=0&amp;video_title=0&amp;video_byline=0\" width=\"720\" height=\"576\" frameborder=\"0\" webkitAllowFullScreen mozallowfullscreen allowFullScreen><\/iframe><br \/>\n&nbsp;<br \/>\n&nbsp;<br \/>\n&nbsp;<\/p>\n<h2>HUBNUT DRIVELIFE \/ vimeo clip prodotto<\/h2>\n<p>&nbsp;<br \/>\n&nbsp;<br \/>\n&nbsp;<br \/>\n<iframe loading=\"lazy\" src=\"\/\/player.vimeo.com\/hubnut\/portfolio\/537906?color=ff6600&amp;background=ffffff&amp;slideshow=0&amp;video_title=0&amp;video_byline=0\" width=\"720\" height=\"576\" frameborder=\"0\" webkitAllowFullScreen mozallowfullscreen allowFullScreen><\/iframe><br \/>\n<a href=\"http:\/\/vimeo.com\/drivelife\"><img decoding=\"async\" src=\"http:\/\/a.vimeocdn.com\/images_v6\/blogbadge_channels.png\" alt=\"Vimeo\" \/><\/a><\/p>\n<blockquote><p>\n&nbsp;<br \/>\n&nbsp;<br \/>\n&nbsp;<\/p>\n<h1><strong>In TV con drivelife del 19 Marzo <\/strong><\/h1>\n<\/blockquote>\n<p><a href=\"https:\/\/flipboard.com\/@mrlukkor\/drivelife-q5flocp8y\" data-flip-widget=\"mag\">View my Flipboard Magazine.<\/a><\/p>\n<h2>Guarda di pi\u00f9 con\u00a0drivelife<\/h2>\n<p style=\"color: #021eaa;\"><a href=\"http:\/\/car.18x24.it\">http:\/\/car.18&#215;24.it<\/a><\/p>\n<p style=\"color: #021eaa;\"><a href=\"http:\/\/www.drivelife.it\">http:\/\/www.drivelife.it<\/a><\/p>\n<p style=\"color: #021eaa;\"><a href=\"http:\/\/www.drivelife.it\/clip\/\">http:\/\/www.drivelife.it\/clip\/<\/a><\/p>\n<p style=\"color: #021eaa;\"><a href=\"http:\/\/www.drivelife.it\/dlnew\/\">http:\/\/www.drivelife.it\/dlnew\/<\/a><\/p>\n<p style=\"color: #021eaa;\"><a href=\"http:\/\/www.drivelife.it\/moto\/\">http:\/\/www.drivelife.it\/moto\/<\/a><\/p>\n<p style=\"color: #021eaa;\"><a href=\"http:\/\/www.drivelife.it\/car\/\">http:\/\/www.drivelife.it\/car\/<\/a><\/p>\n<p style=\"color: #021eaa;\"><a href=\"http:\/\/www.drivelife.it\/drivelifeintv\/\">http:\/\/www.drivelife.it\/drivelifeintv\/<\/a><\/p>\n<p style=\"color: #021eaa;\"><a href=\"http:\/\/www.drivelife.it\/pics\/\">http:\/\/www.drivelife.it\/pics\/<\/a><\/p>\n<p style=\"color: #021eaa;\"><a href=\"http:\/\/www.drivelife.it\/dresscode\/\">http:\/\/www.drivelife.it\/dresscode\/<\/a><\/p>\n<p style=\"color: #021eaa;\"><a href=\"https:\/\/twitter.com\/tweetdrivelife\">https:\/\/twitter.com\/tweetdrivelife<\/a><\/p>\n<p style=\"color: #021eaa;\"><a href=\"https:\/\/flipboard.com\/@mrlukkor\/drivelife-q5flocp8y\">https:\/\/flipboard.com\/@mrlukkor\/drivelife-q5flocp8y<\/a><\/p>\n","protected":false},"excerpt":{"rendered":"<p>Finiture arancioni ed un esclusivo colore, Glacier Khaki Silica, che evoca ghiacci e ghiacciai sono le scelte cromatiche per sottolineare lo stile della Subaru XV Concept, un modello attraverso cui intuire, ma forse conoscere, il design delle prossime generazioni di crossover intermedi il cui mercato di riferimento sar\u00e0 l&#8217;Europa<\/p>\n","protected":false},"author":1,"featured_media":4299,"comment_status":"open","ping_status":"open","sticky":false,"template":"","format":"video","meta":{"ngg_post_thumbnail":0,"footnotes":""},"categories":[842,1],"tags":[1031,928,916,698,930],"class_list":["post-4293","post","type-post","status-publish","format-video","has-post-thumbnail","hentry","category-puntate-drivelife-2016","category-video-magazine-drivelife-on-vimeo","tag-drivelife","tag-gims2016","tag-ginevra-2016","tag-subaru","tag-xv-concept","post_format-post-format-video"],"_links":{"self":[{"href":"https:\/\/www.drivelife.it\/clip\/wp-json\/wp\/v2\/posts\/4293","targetHints":{"allow":["GET"]}}],"collection":[{"href":"https:\/\/www.drivelife.it\/clip\/wp-json\/wp\/v2\/posts"}],"about":[{"href":"https:\/\/www.drivelife.it\/clip\/wp-json\/wp\/v2\/types\/post"}],"author":[{"embeddable":true,"href":"https:\/\/www.drivelife.it\/clip\/wp-json\/wp\/v2\/users\/1"}],"replies":[{"embeddable":true,"href":"https:\/\/www.drivelife.it\/clip\/wp-json\/wp\/v2\/comments?post=4293"}],"version-history":[{"count":1,"href":"https:\/\/www.drivelife.it\/clip\/wp-json\/wp\/v2\/posts\/4293\/revisions"}],"predecessor-version":[{"id":4308,"href":"https:\/\/www.drivelife.it\/clip\/wp-json\/wp\/v2\/posts\/4293\/revisions\/4308"}],"wp:featuredmedia":[{"embeddable":true,"href":"https:\/\/www.drivelife.it\/clip\/wp-json\/wp\/v2\/media\/4299"}],"wp:attachment":[{"href":"https:\/\/www.drivelife.it\/clip\/wp-json\/wp\/v2\/media?parent=4293"}],"wp:term":[{"taxonomy":"category","embeddable":true,"href":"https:\/\/www.drivelife.it\/clip\/wp-json\/wp\/v2\/categories?post=4293"},{"taxonomy":"post_tag","embeddable":true,"href":"https:\/\/www.drivelife.it\/clip\/wp-json\/wp\/v2\/tags?post=4293"}],"curies":[{"name":"wp","href":"https:\/\/api.w.org\/{rel}","templated":true}]}}