{"id":2846,"date":"2015-02-06T09:35:51","date_gmt":"2015-02-06T09:35:51","guid":{"rendered":"http:\/\/www.drivelife.it\/clip\/?p=2846"},"modified":"2015-04-03T09:30:36","modified_gmt":"2015-04-03T09:30:36","slug":"drivelife-puntata-febbraio-7","status":"publish","type":"post","link":"https:\/\/www.drivelife.it\/clip\/2015\/02\/06\/drivelife-puntata-febbraio-7\/","title":{"rendered":"DRIVELIFE PUNTATA FEBBRAIO 7"},"content":{"rendered":"<p>https:\/\/vimeo.com\/118960660<\/p>\n<p><b>TIMELINE 12\u2019 00\u201d ***<\/b>\u00a0\u00a0PORSCHE CAYMAN GT4, 01\u2019 03\u201d &#8211; OPEL ADAM S, 02\u2019 02\u201d &#8211; BMW SERIE 1, 02\u2019 13\u201d &#8211; FIAT DOBL\u00d2, 02\u2019 30\u201d &#8211; MAZDA 2, 01\u2019 40\u201d &#8211; FORD MUSTANG, 01\u2019 18\u201d<\/p>\n<blockquote>\n<h2>Classica apertura di trasmissione con un modello tutto prestazioni: Cayman GT4. E chiusura per un&#8217;automobile americana che arriva in Europa attraverso i canali di vendita ufficiali. La Mustang sar\u00e0 disponibile dalla prossima estate anche sul nostro mercato, nella rete di vendita Ford. Mazda 2, Fiat Dobl\u00f2 e Bmw Serie 1, le &#8220;normali&#8221; in scaletta di trasmissione con un&#8217;attenzione per la Serie 1, rinnovata nello stile. Ora non pi\u00f9 l&#8217;entri level di Monaco ma una serie costruttiva solo pi\u00f9 piccola con tutto il sex appeal delle grandi BMW.<\/h2>\n<h2>Menzione particolare per la bella clip di Opel dedicata al lancio della versione S di Adam, la premium della casa tedesca. Peccato la clip sia un&#8217;invito alla trasgressione stradale. Troppe sgommate, troppi traversi. Non \u00e8 educativa considerando il target &#8220;giovanile&#8221; al quale la vettura \u00e8 rivolta.<\/h2>\n<h2>In questa pagina non saranno pi\u00f9 raccolti tutti i testi della puntata che comunque saranno pubblicati in queste pagine ma come singoli servizi.<\/h2>\n<\/blockquote>\n<p>&nbsp;<\/p>\n<h1><strong>PORSCHE CAYMAN GT4\u00a0<\/strong><\/h1>\n<h2><strong>Sempre pi\u00f9 vicina alla 911, la Cayman con la versione top\/gamma offre prestazioni di grande rilievo conservando la classica guidabilit\u00e0 quotidiana di tutte le Porsche<\/strong><\/h2>\n<div id=\"attachment_2847\" style=\"width: 730px\" class=\"wp-caption alignnone\"><img loading=\"lazy\" decoding=\"async\" aria-describedby=\"caption-attachment-2847\" class=\"size-large wp-image-2847\" alt=\"PORSCHE CAYMAN GT4\" src=\"http:\/\/www.drivelife.it\/clip\/wp-content\/uploads\/2015\/02\/porsche-cayman-gt4-nuovo-membro-della-famiglia-gt-di-porsche-p15_0069_a4_rgb-copia-940x475.jpg\" width=\"720\" height=\"363\" srcset=\"https:\/\/www.drivelife.it\/clip\/wp-content\/uploads\/2015\/02\/porsche-cayman-gt4-nuovo-membro-della-famiglia-gt-di-porsche-p15_0069_a4_rgb-copia-940x475.jpg 940w, https:\/\/www.drivelife.it\/clip\/wp-content\/uploads\/2015\/02\/porsche-cayman-gt4-nuovo-membro-della-famiglia-gt-di-porsche-p15_0069_a4_rgb-copia-620x313.jpg 620w, https:\/\/www.drivelife.it\/clip\/wp-content\/uploads\/2015\/02\/porsche-cayman-gt4-nuovo-membro-della-famiglia-gt-di-porsche-p15_0069_a4_rgb-copia.jpg 1680w\" sizes=\"auto, (max-width: 720px) 100vw, 720px\" \/><p id=\"caption-attachment-2847\" class=\"wp-caption-text\">PORSCHE CAYMAN GT4<\/p><\/div>\n<p>di FEDERICO DI LERNIA<br \/>\nDURATA, 01\u2019 03\u201d<br \/>\nIN TV CON DRIVELIFE DEL 07 FEBBRAIO<\/p>\n<p>Il nuovo modello Porsche della famiglia GT si chiama Cayman GT4. Porsche presenta cos\u00ec, per la prima volta, una vettura sportiva GT basata sul modello Cayman e dotata di componenti della 911 GT3. Con un tempo sul giro di 7 minuti e 40 secondi sulla Nordschleife del N\u00fcrburgring, la Cayman GT4 si conferma al vertice del suo segmento di mercato come nuovo modello di riferimento.<\/p>\n<p>Il motore e il telaio, i freni e l&#8217;aerodinamica della Cayman GT4 sono concepiti per garantire la massima dinamica di guida, ma il modello top di gamma mantiene al contempo la versatilit\u00e0 e l&#8217;idoneit\u00e0 all&#8217;uso quotidiano della Porsche Coup\u00e9 a due posti.<br \/>\nLa propulsione \u00e8 affidata ad un motore boxer a sei cilindri da 3,8 litri con 385 CV (283 kW) derivato dal motore della 911 Carrera S. La trasmissione ha il cambio manuale a sei marce con sistema supporti motore attivi. In questo modo, la Cayman GT4 accelera da 0 a 100 km\/h in 4,4 secondi e raggiunge la velocit\u00e0 massima di 295 km\/h. Il consumo nel NEDC \u00e8 di 10,3 l\/100km. Il telaio con carrozzeria ribassata di 30 mm e l&#8217;impianto frenante maggiorato sono costituiti prevalentemente da componenti della 911 GT3. (<em>Fonte: ufficio stampa Porsche<\/em>).<\/p>\n<h2>GLI ALTRI SERVIZI IN TV<span style=\"font-size: 14px; line-height: 1.5em;\">\u00a0<\/span><\/h2>\n<blockquote><p><a href=\"http:\/\/www.drivelife.it\/news\/2015\/02\/12\/bmw-serie-1\/\"><img loading=\"lazy\" decoding=\"async\" class=\"size-thumbnail wp-image-2859 alignleft\" alt=\"la-nuova-bmw-serie-1-piacere-di-guidare-compatto-efficiente-innovativo-unico-p90171248-highres\" src=\"http:\/\/www.drivelife.it\/clip\/wp-content\/uploads\/2015\/02\/la-nuova-bmw-serie-1-piacere-di-guidare-compatto-efficiente-innovativo-unico-p90171248-highres-205x130.jpg\" width=\"205\" height=\"130\" \/><\/a><\/p>\n<h2><strong>Rivalutata da ampi interventi di design nella sezione frontale e posteriore, da un ambiente premium ancora pi\u00f9 raffinato e da maggiore potenza sotto il cofano motore, la nuova BMW Serie 1 si presenta affascinante, sportiva ed efficiente come mai finora.<\/strong><\/h2>\n<p><a style=\"line-height: 1.5em;\" href=\"http:\/\/http:\/\/www.drivelife.it\/news\/2015\/02\/12\/bmw-serie-1\/\">LEGGI SU BMW SERIE 1<\/a><\/p><\/blockquote>\n<blockquote>\n<h3><a href=\"http:\/\/www.drivelife.it\/news\/2015\/02\/11\/opel-adam-s\/\"><img loading=\"lazy\" decoding=\"async\" class=\"size-thumbnail wp-image-2860 alignleft\" alt=\"Opel ADAM S\" src=\"http:\/\/www.drivelife.it\/clip\/wp-content\/uploads\/2015\/02\/nuova-opel-adam-s-elegante-piccolo-bolide-con-un-tocco-premium-opel-adam-s-292796-205x130.jpg\" width=\"205\" height=\"130\" \/><\/a><\/h3>\n<h2><strong>La clip \u00e8 bella, bella la idea di far sentire i rumori. Il vento, gli pneumatici, lo stridio della gomma sull\u2019asfalto, la frenata. Andrebbe solo ascoltata, forse neanche guardata.<\/strong><\/h2>\n<p><a href=\"http:\/\/www.drivelife.it\/news\/2015\/02\/11\/opel-adam-s\/\">LEGGI SU OPEL ADAM S<\/a><\/p><\/blockquote>\n<p>&nbsp;<\/p>\n<blockquote>\n<h2><a href=\"http:\/\/http:\/\/www.drivelife.it\/news\/2015\/02\/13\/nuova-fiat-doblo\/\"><img loading=\"lazy\" decoding=\"async\" class=\"alignleft size-thumbnail wp-image-2875\" alt=\"FIAT DOBL\u00d2\" src=\"http:\/\/www.drivelife.it\/clip\/wp-content\/uploads\/2015\/02\/fiat-nuovo-doblo-150202_fiat_nuovo-doblo_01-205x130.jpg\" width=\"205\" height=\"130\" \/><\/a>Fiat Dobl\u00f2, nuovo design per esterni ed interni, una autovettura che si propone al lavoratore autonomo con famiglia: da luned\u00ec a venerd\u00ec &#8220;fatica&#8221; ma nel fine settimana \u00e8 tutta pronta per il tempo libero grazie ai generosi spazi interni capaci di accogliere marmocchi e tavola da surf.<\/h2>\n<p><a href=\"http:\/\/www.drivelife.it\/news\/2015\/02\/13\/nuova-fiat-doblo\/\">LEGGI SU FIAT DOBL\u00d2<\/a><\/p>\n<h2><\/h2>\n<h2><a href=\"http:\/\/www.drivelife.it\/news\/2015\/02\/13\/mazda-2-2\/\"><img loading=\"lazy\" decoding=\"async\" class=\"alignleft size-thumbnail wp-image-2877\" alt=\"MAZDA 2\" src=\"http:\/\/www.drivelife.it\/clip\/wp-content\/uploads\/2015\/02\/nuova-mazda2-mazda2_2014_still_01-205x130.jpg\" width=\"205\" height=\"130\" \/><\/a>Mazda 2 \u00e8 la prima compatta ad adottare il nuovo stile di gamma ma con il frontale rivoluzionario si sposano nuovi interni ora pi\u00f9 accoglienti e spaziosi<\/h2>\n<p><a href=\"http:\/\/www.drivelife.it\/news\/2015\/02\/13\/mazda-2-2\/\">LEGGI SU MAZDA 2<\/a><\/p>\n<p>&nbsp;<\/p>\n<p>&nbsp;<\/p>\n<h2><a href=\"http:\/\/www.drivelife.it\/news\/2015\/02\/13\/ford-mustang\/\"><img loading=\"lazy\" decoding=\"async\" class=\"alignleft size-thumbnail wp-image-2878\" alt=\"FORD MUSTANG\" src=\"http:\/\/www.drivelife.it\/clip\/wp-content\/uploads\/2015\/02\/ford-mustang-apre-gli-ordini-per-la-prima-volta-in-europa-fordmustang_dingo_2015_03-205x130.jpg\" width=\"205\" height=\"130\" \/><\/a>Ford Mustang \u00e8 pronta per i clienti europei con tutte le carte in regola per un&#8217;acquisto sicuro. L&#8217;importante \u00e8 scegliere il modello con V8, comprare l&#8217;altra \u00e8 un peccato mortale oltre a far la figura di chi vuole ma non pu\u00f2.<\/h2>\n<p><a href=\"http:\/\/www.drivelife.it\/news\/2015\/02\/13\/ford-mustang\/\">LEGGI SU FORD MUSTANG<\/a><\/p>\n<p>&nbsp;<\/p>\n<p>&nbsp;<\/p><\/blockquote>\n<p>&nbsp;<\/p>\n<p>&nbsp;<\/p>\n<p>&nbsp;<\/p>\n","protected":false},"excerpt":{"rendered":"<p>https:\/\/vimeo.com\/118960660 TIMELINE 12\u2019 00\u201d ***\u00a0\u00a0PORSCHE CAYMAN GT4, 01\u2019 03\u201d &#8211; OPEL ADAM S, 02\u2019 02\u201d &#8211; BMW SERIE 1, 02\u2019 13\u201d &#8211; FIAT DOBL\u00d2, 02\u2019 30\u201d &#8211; MAZDA 2, 01\u2019 40\u201d &#8211; FORD MUSTANG,&#46;&#46;&#46;<\/p>\n","protected":false},"author":1,"featured_media":2847,"comment_status":"open","ping_status":"open","sticky":false,"template":"","format":"video","meta":{"ngg_post_thumbnail":0,"footnotes":""},"categories":[613],"tags":[616,620,621,617,619,618,615,614],"class_list":["post-2846","post","type-post","status-publish","format-video","has-post-thumbnail","hentry","category-puntate-drivelife-2015","tag-bmw-serie-1","tag-drivelife-2015","tag-drivelife-puntata-7-febbraio","tag-fiat-doblo","tag-ford-mustang","tag-mazda-2","tag-opel-adam-s","tag-porsche-cayman-gt4","post_format-post-format-video"],"_links":{"self":[{"href":"https:\/\/www.drivelife.it\/clip\/wp-json\/wp\/v2\/posts\/2846","targetHints":{"allow":["GET"]}}],"collection":[{"href":"https:\/\/www.drivelife.it\/clip\/wp-json\/wp\/v2\/posts"}],"about":[{"href":"https:\/\/www.drivelife.it\/clip\/wp-json\/wp\/v2\/types\/post"}],"author":[{"embeddable":true,"href":"https:\/\/www.drivelife.it\/clip\/wp-json\/wp\/v2\/users\/1"}],"replies":[{"embeddable":true,"href":"https:\/\/www.drivelife.it\/clip\/wp-json\/wp\/v2\/comments?post=2846"}],"version-history":[{"count":20,"href":"https:\/\/www.drivelife.it\/clip\/wp-json\/wp\/v2\/posts\/2846\/revisions"}],"predecessor-version":[{"id":2971,"href":"https:\/\/www.drivelife.it\/clip\/wp-json\/wp\/v2\/posts\/2846\/revisions\/2971"}],"wp:featuredmedia":[{"embeddable":true,"href":"https:\/\/www.drivelife.it\/clip\/wp-json\/wp\/v2\/media\/2847"}],"wp:attachment":[{"href":"https:\/\/www.drivelife.it\/clip\/wp-json\/wp\/v2\/media?parent=2846"}],"wp:term":[{"taxonomy":"category","embeddable":true,"href":"https:\/\/www.drivelife.it\/clip\/wp-json\/wp\/v2\/categories?post=2846"},{"taxonomy":"post_tag","embeddable":true,"href":"https:\/\/www.drivelife.it\/clip\/wp-json\/wp\/v2\/tags?post=2846"}],"curies":[{"name":"wp","href":"https:\/\/api.w.org\/{rel}","templated":true}]}}