{"id":2566,"date":"2014-10-29T08:41:11","date_gmt":"2014-10-29T08:41:11","guid":{"rendered":"http:\/\/www.drivelife.it\/clip\/?p=2566"},"modified":"2015-04-03T09:36:36","modified_gmt":"2015-04-03T09:36:36","slug":"drivelife-edizione-novembre-1","status":"publish","type":"post","link":"https:\/\/www.drivelife.it\/clip\/2014\/10\/29\/drivelife-edizione-novembre-1\/","title":{"rendered":"DRIVELIFE EDIZIONE NOVEMBRE 1"},"content":{"rendered":"<p>https:\/\/vimeo.com\/110311140<\/p>\n<h2><strong>TIMELINE 12\u2019 00\u201d ***\u00a0MUS\u00c9E de L\u2019AVENTURE PEUGEOT, NELLA CULLA DELL\u2019AUTO&#8230;, 02\u2019 28\u201d &#8211; MUS\u00c9E de L\u2019AVENTURE PEUGEOT, &#8230;NASCE UN LEONE, 02\u2019 32\u201d &#8211; FIAT 500X, 00\u2019 42\u201d &#8211; PORSCHE 911 GTS, 01\u2019 04\u201d &#8211; AUDI A6, 01\u2019 15\u201d &#8211; OPEL CORSA, 00\u2019 53\u201d &#8211; BMWnews, 01\u2019 38\u201d<\/strong><\/h2>\n<p><!--more--><\/p>\n<p style=\"text-align: right;\"><strong>In distribuzione dal 31 Ottobre<\/strong><\/p>\n<p>Per il test drive della nuova 508 ci hanno fatto ripercorrere la storia dell\u2019auto e cos\u00ec siamo andati da Milano a Sochaux, dove abbiamo scoperto che l\u2019automobile l\u2019hanno inventata i francesi molto prima dei tedeschi. E proprio grazie alla genialit\u00e0 della famiglia Peugeot.<\/p>\n<h2><span style=\"line-height: 1.5em;\">La \u201cmente\u201d, il \u201ccreativo\u201d e la \u201ccassaforte\u201d, Eugenio Franzetti, Gioacchino Acampora e Fabrizio Taiana, in drivelife. \u00a0<\/span><\/h2>\n<p><span style=\"line-height: 1.5em;\">Per raccontare la felice conclusione della mission di Peugeot 508 RXH Carrozzeria Castagna Milano che \u00e8 ora ospite di L\u2019Aventure Peugeot, accolta dalla grande famiglia francese, le emozioni della creativit\u00e0 dalla quale nasce l\u2019 \u201cEsemplare Unico\u201d e &#8211; infine &#8211; perch\u00e9 l\u2019emblema dell\u2019automobile francese \u00e8 un Leone.\u00a0 E qualche curiosit\u00e0 sulla famiglia di Sochaux.<\/span><\/p>\n<h1><strong>NELLA CULLA DELL&#8217;AUTO&#8230;<\/strong><\/h1>\n<div id=\"attachment_2567\" style=\"width: 730px\" class=\"wp-caption alignnone\"><img loading=\"lazy\" decoding=\"async\" aria-describedby=\"caption-attachment-2567\" class=\"size-large wp-image-2567\" alt=\"L'AVENTURE PEUGEOT\" src=\"http:\/\/www.drivelife.it\/clip\/wp-content\/uploads\/2014\/10\/LUK_8875-copia-940x627.jpg\" width=\"720\" height=\"480\" srcset=\"https:\/\/www.drivelife.it\/clip\/wp-content\/uploads\/2014\/10\/LUK_8875-copia-940x627.jpg 940w, https:\/\/www.drivelife.it\/clip\/wp-content\/uploads\/2014\/10\/LUK_8875-copia-620x413.jpg 620w, https:\/\/www.drivelife.it\/clip\/wp-content\/uploads\/2014\/10\/LUK_8875-copia.jpg 1680w\" sizes=\"auto, (max-width: 720px) 100vw, 720px\" \/><p id=\"caption-attachment-2567\" class=\"wp-caption-text\">L&#8217;AVENTURE PEUGEOT<\/p><\/div>\n<h2><b>L\u2019AVENTURE PEUGEOT<\/b><\/h2>\n<h2><b>I FRANCESI RACCONTANO LA STORIA DELL\u2019AUTOMOBILE SECONDO PEUGEOT. ED IN EFFETTI \u00c8 DIFFICILE, ASCOLTANDO DATE E FATTI, DAR LORO TORTO NELLA RIVENDICAZIONE DI PATERNIT\u00c0 PER LA NASCITA DELL\u2019AUTOMOBILE. PER\u00d2 SAPPIAMO ANCHE QUANTO SIAN \u201cCAMPANILISTI\u201d<\/b><\/h2>\n<p><b style=\"line-height: 1.5em;\">di LUCA ROMANO &#8211; DURATA, 02\u2019 28\u201d\u00a0<\/b><\/p>\n<p><strong>IN TV CON DRIVELIFE DEL 01 NOVEMBRE<\/strong><\/p>\n<p><b style=\"line-height: 1.5em;\">Viaggiando con la nuova 508 abbiamo scoperto che l\u2019automobile nasce in Francia&#8230; In questa puntata di drivelife&#8230;<\/b><\/p>\n<p><span style=\"line-height: 1.5em;\"><strong>Eugenio Franzetti,<\/strong> Peugeot Italia, l\u2019uomo che comunica in Italia lo stile francese attraverso le automobili del Leone\u00a0<\/span><\/p>\n<p><span style=\"line-height: 1.5em;\"><strong>Gioacchino Acampora,<\/strong> Carrozzeria Castagna Milano, l\u2019uomo che fonde lo stile e la creativit\u00e0 italiana nelle automobili del Leone, l\u2019uomo che crea il \u201c<strong>OneOff<\/strong>\u201d, l\u2019esclusivit\u00e0 per sempre&#8230;<\/span><\/p>\n<p>(Interviste)<\/p>\n<p>&nbsp;<\/p>\n<h1><strong>&#8230;NASCE UN LEONE<\/strong><\/h1>\n<div id=\"attachment_2571\" style=\"width: 730px\" class=\"wp-caption alignnone\"><img loading=\"lazy\" decoding=\"async\" aria-describedby=\"caption-attachment-2571\" class=\"size-large wp-image-2571\" alt=\"L'AVENTURE PEUGEOT\" src=\"http:\/\/www.drivelife.it\/clip\/wp-content\/uploads\/2014\/10\/LUK_8901-copia-940x627.jpg\" width=\"720\" height=\"480\" srcset=\"https:\/\/www.drivelife.it\/clip\/wp-content\/uploads\/2014\/10\/LUK_8901-copia-940x627.jpg 940w, https:\/\/www.drivelife.it\/clip\/wp-content\/uploads\/2014\/10\/LUK_8901-copia-620x413.jpg 620w, https:\/\/www.drivelife.it\/clip\/wp-content\/uploads\/2014\/10\/LUK_8901-copia.jpg 1680w\" sizes=\"auto, (max-width: 720px) 100vw, 720px\" \/><p id=\"caption-attachment-2571\" class=\"wp-caption-text\">L&#8217;AVENTURE PEUGEOT<\/p><\/div>\n<h2><b>L\u2019AVENTURE PEUGEOT<\/b><\/h2>\n<h2><b>LA FAMIGLIA GOVERNA L\u2019AZIENDA DA PI\u00d9 DI 200 ANNI ED IL LEONE FREGIA I PRODOTTI DELLE FABBRICHE DI SOCHAUX, ANCHE COME MARCHIO DI QUALIT\u00c0. FU CREATO DA UN GIOIELLIERE, ALLORA IL CREATIVO PER LE \u201cDITTE\u201d<\/b><\/h2>\n<p><b>di LUCA ROMANO &#8211; DURATA, 02\u2019 32\u201d\u00a0<\/b><\/p>\n<p><strong>IN TV CON DRIVELIFE DEL 01 NOVEMBRE<\/strong><\/p>\n<p><span style=\"line-height: 1.5em;\"><strong>Fabrizio Taiana,<\/strong> la &#8220;cassaforte&#8221; della storia Peugot in Italia&#8230;<\/span><\/p>\n<p>&nbsp;<\/p>\n<h1><b>FIAT 500X<\/b><\/h1>\n<div id=\"attachment_2572\" style=\"width: 730px\" class=\"wp-caption alignnone\"><img loading=\"lazy\" decoding=\"async\" aria-describedby=\"caption-attachment-2572\" class=\"size-large wp-image-2572\" alt=\"FIAT 500X\" src=\"http:\/\/www.drivelife.it\/clip\/wp-content\/uploads\/2014\/10\/fiat-presskit-salone-internazionale-dellautomobile-di-parigi-2014-01_500x-cross-copia-940x548.jpg\" width=\"720\" height=\"419\" srcset=\"https:\/\/www.drivelife.it\/clip\/wp-content\/uploads\/2014\/10\/fiat-presskit-salone-internazionale-dellautomobile-di-parigi-2014-01_500x-cross-copia-940x548.jpg 940w, https:\/\/www.drivelife.it\/clip\/wp-content\/uploads\/2014\/10\/fiat-presskit-salone-internazionale-dellautomobile-di-parigi-2014-01_500x-cross-copia-620x362.jpg 620w, https:\/\/www.drivelife.it\/clip\/wp-content\/uploads\/2014\/10\/fiat-presskit-salone-internazionale-dellautomobile-di-parigi-2014-01_500x-cross-copia.jpg 1680w\" sizes=\"auto, (max-width: 720px) 100vw, 720px\" \/><p id=\"caption-attachment-2572\" class=\"wp-caption-text\">FIAT 500X<\/p><\/div>\n<h2><b>IL NOME SAR\u00c0 PURE DI QUELLI \u201cSTORICI\u201d E LA X IDENTIFICA \u201cUNA MISSION\u201d DINAMICA BEN DEFINITA, MA IN REALT\u00c0 LA COMPATTA SUV DI TORINO SEMBRA ASSUMERE IL RUOLO DI PIETRA MILIARE SULLA STRADA DEL RINNOVAMENTO DI PRODOTTO. E TUTTI CI AUGURIAMO CHE S\u2019ESTENDA ANCHE AGLI ALTRI MARCHI DEL GRUPPO<\/b><\/h2>\n<p><b style=\"line-height: 1.5em;\">di LUCA ROMANO &#8211; DURATA, 00\u2019 42\u201d\u00a0<\/b><\/p>\n<p><strong>IN TV CON DRIVELIFE DEL 01 NOVEMBRE<\/strong><\/p>\n<p>Lo stile di questa \u201cX\u201d, diciamo la verit\u00e0, non ha nulla a che vedere con la 500. Almeno con quella 500 che tanto successo ha sui mercati. Un po\u2019 come quello della \u201cL\u201d&#8230;<\/p>\n<p>Un nome, 500, che indica ora pi\u00f9 una gamma, una famiglia di modelli, che &#8211; tutti &#8211; ci auguriamo siano trainanti per l\u2019intero range di modelli FIAT.<\/p>\n<p>Che facciano ritornare lo splendore e l\u2019orgoglio dell\u2019automotive italiana, un po\u2019 appannato da certe sinergiche politiche italo-canadesi.<\/p>\n<p>E\u2019 iniziata l\u2019attivit\u00e0 commerciale della 500X, noi la prossima settimana saremo a Balocco per il test drive internazionale della 500X. Con molta curiosit\u00e0 di scoprire un prodotto ed una comunicazione davvero nuovi.<\/p>\n<p>&nbsp;<\/p>\n<h1><b>911 PORSCHE<\/b><\/h1>\n<div id=\"attachment_2573\" style=\"width: 730px\" class=\"wp-caption alignnone\"><img loading=\"lazy\" decoding=\"async\" aria-describedby=\"caption-attachment-2573\" class=\"size-large wp-image-2573\" alt=\"911 CARRERA 4 GTS COUP\u00c9\" src=\"http:\/\/www.drivelife.it\/clip\/wp-content\/uploads\/2014\/10\/piu-potenza-piu-dinamica-di-guida-le-nuove-porsche-911-carrera-gts-p14_0894_a4_rgb-940x353.jpg\" width=\"720\" height=\"270\" srcset=\"https:\/\/www.drivelife.it\/clip\/wp-content\/uploads\/2014\/10\/piu-potenza-piu-dinamica-di-guida-le-nuove-porsche-911-carrera-gts-p14_0894_a4_rgb-940x353.jpg 940w, https:\/\/www.drivelife.it\/clip\/wp-content\/uploads\/2014\/10\/piu-potenza-piu-dinamica-di-guida-le-nuove-porsche-911-carrera-gts-p14_0894_a4_rgb-620x233.jpg 620w, https:\/\/www.drivelife.it\/clip\/wp-content\/uploads\/2014\/10\/piu-potenza-piu-dinamica-di-guida-le-nuove-porsche-911-carrera-gts-p14_0894_a4_rgb.jpg 1680w\" sizes=\"auto, (max-width: 720px) 100vw, 720px\" \/><p id=\"caption-attachment-2573\" class=\"wp-caption-text\">911 CARRERA 4 GTS COUP\u00c9<\/p><\/div>\n<h2><b>L\u2019AMPIA CARREGGIATA SOTTOLINEA LE PERFORMANCE ESPRESSE DALLA GTS, CUNEO TRA LA 911 E LA GT3. OLTRE TRECENTO ALL\u2019ORA LA VELOCIT\u00c0 MASSIMA E QUATTRO NETTI PER ARRIVARE A CENTO ALL\u2019ORA<\/b><\/h2>\n<p><b style=\"line-height: 1.5em;\">di FEDERICO DI LERNIA &#8211; DURATA, 01\u2019 04\u201d\u00a0<\/b><\/p>\n<p><strong>IN TV CON DRIVELIFE DEL 01 NOVEMBRE<\/strong><\/p>\n<p>Il frontale aggressivo va di pari passo con le generose fiancate ed i cerchi di 20 pollici verniciati di nero e dado di serraggio centrale.<\/p>\n<p>Uno stile che mostra i muscoli della 911 GTS, ora con 430 cavalli di potenza, modello intermedio tra la classica e la GT3.<\/p>\n<p>Maggiori prestazioni per la velocit\u00e0 massima e l\u2019accelerazione, 306 Km\/h la velocit\u00e0 massima e quattro secondi netti da zero a cento all\u2019ora.<\/p>\n<p>Con la nuova versione GTS sono disponibili interni in pelle con finiture in Alcantara e sotto il profilo della tecnica la vettura \u00e8 equipaggiata con il sistema Porsche Dynamic Light System per i fari Bi-Xenon e l\u2019impianto di scarico sportivo per sottolineare il rumore, inconfondibile, del motore.<\/p>\n<p>Inoltre, regolazione attiva degli ammortizzatori, assetto ribassato di dieci millimetri, cambio doppia frizione, il pacchetto Sport Chrono per la gestione della accelerazione ed il sistema PASM.<\/p>\n<p>All\u2019esterno la carrozzeria mostra una forte presenza su strada per la dimensione della carreggiata posteriore con passaruota allargati.<\/p>\n<p>In vendita dal mese di Novembre con prezzo d\u2019attacco di 121.529 euro.<\/p>\n<p>&nbsp;<\/p>\n<h1><b>AUDI A6<\/b><\/h1>\n<div id=\"attachment_2574\" style=\"width: 730px\" class=\"wp-caption alignnone\"><img loading=\"lazy\" decoding=\"async\" aria-describedby=\"caption-attachment-2574\" class=\"size-large wp-image-2574\" alt=\"AUDI A6 allroad quattro\" src=\"http:\/\/www.drivelife.it\/clip\/wp-content\/uploads\/2014\/10\/audi-la-nuova-gamma-a6-migliore-e-piu-affascinante-aqu140011_medium-copia-940x548.jpg\" width=\"720\" height=\"419\" srcset=\"https:\/\/www.drivelife.it\/clip\/wp-content\/uploads\/2014\/10\/audi-la-nuova-gamma-a6-migliore-e-piu-affascinante-aqu140011_medium-copia-940x548.jpg 940w, https:\/\/www.drivelife.it\/clip\/wp-content\/uploads\/2014\/10\/audi-la-nuova-gamma-a6-migliore-e-piu-affascinante-aqu140011_medium-copia-620x361.jpg 620w, https:\/\/www.drivelife.it\/clip\/wp-content\/uploads\/2014\/10\/audi-la-nuova-gamma-a6-migliore-e-piu-affascinante-aqu140011_medium-copia.jpg 1680w\" sizes=\"auto, (max-width: 720px) 100vw, 720px\" \/><p id=\"caption-attachment-2574\" class=\"wp-caption-text\">AUDI A6 allroad quattro<\/p><\/div>\n<h2><b>COMPETITOR DI BMW SERIE 5 E CLASSE E LA NUOVA AUDI A6 \u00c8 IL MODELLO DI RIFERIMENTO NEL MERCATO DELLE \u201cVERE\u201d PREMIUM\u00a0<\/b><\/h2>\n<p><b style=\"line-height: 1.5em;\">di NICOLETTA TRIGGIANI &#8211; DURATA, 01\u2019 15\u201d\u00a0<\/b><\/p>\n<p><strong>IN TV CON DRIVELIFE DEL 01 NOVEMBRE<\/strong><\/p>\n<p>Nel 2005 se ne vendevano oltre 11mila, quest\u2019anno ne hanno vendute poco pi\u00f9 di 2mila e 600. Questa \u00e8 la dura realt\u00e0 della crisi, una tabella che fa venire la rabbia, perch\u00e9 non solo \u00e8 indice della crisi ma anche della ottusit\u00e0 e della idiozia dei politici nei confronti dell\u2019automobile.<\/p>\n<p>Le due cifre sono il volume di vendita della gamma Audi A6 nel totale per anno. Che poi l\u2019incidenza sul totale mercato del modello sia sempre intorno al due per cento, ha poca importanza.<\/p>\n<p>Le due principali competitor stanno una meglio, la BMW Serie 5 vendeva, e vende, di pi\u00f9 di Audi, ed una peggio. Mercedes Classe E nel 2005 \u00e8 stata venduta in soli 10mila pezzi e quest\u2019anno non arriva a 1000 e 500 unit\u00e0.<\/p>\n<p>In un catastrofico panorama automotive per le premium Audi sar\u00e0 commercializzata in questo mese di novembre con prezzi a partire con 44mila 400 euro per la berlina con il motore 1.8 TFSI con 190 cavalli.<\/p>\n<p>In versione Avant start dei prezzi a 46mila e 800.<\/p>\n<p>Top di gamma con la allroad che costa 67mila e 900 nell\u2019allestimento quattro tiptronic e motore tre litri diesel.<\/p>\n<p>&nbsp;<\/p>\n<h1><b>OPEL CORSA<\/b><\/h1>\n<div id=\"attachment_2575\" style=\"width: 730px\" class=\"wp-caption alignnone\"><img loading=\"lazy\" decoding=\"async\" aria-describedby=\"caption-attachment-2575\" class=\"size-large wp-image-2575\" alt=\"OPEL CORSA\" src=\"http:\/\/www.drivelife.it\/clip\/wp-content\/uploads\/2014\/10\/in-piena-forma-nuova-opel-corsa-e-il-nuovo-punto-di-riferimento-nel-segmento-delle-utilitarie-opel-corsa-292133-copia-940x690.jpg\" width=\"720\" height=\"528\" srcset=\"https:\/\/www.drivelife.it\/clip\/wp-content\/uploads\/2014\/10\/in-piena-forma-nuova-opel-corsa-e-il-nuovo-punto-di-riferimento-nel-segmento-delle-utilitarie-opel-corsa-292133-copia-940x690.jpg 940w, https:\/\/www.drivelife.it\/clip\/wp-content\/uploads\/2014\/10\/in-piena-forma-nuova-opel-corsa-e-il-nuovo-punto-di-riferimento-nel-segmento-delle-utilitarie-opel-corsa-292133-copia-620x455.jpg 620w, https:\/\/www.drivelife.it\/clip\/wp-content\/uploads\/2014\/10\/in-piena-forma-nuova-opel-corsa-e-il-nuovo-punto-di-riferimento-nel-segmento-delle-utilitarie-opel-corsa-292133-copia.jpg 1680w\" sizes=\"auto, (max-width: 720px) 100vw, 720px\" \/><p id=\"caption-attachment-2575\" class=\"wp-caption-text\">OPEL CORSA<\/p><\/div>\n<h2><b>UN ALTRO AGGIORNAMENTO DI PRODOTTO PER LA OPEL CORSA, SAR\u00c0 SUFFICIENTE PER FAR VOLTARE LA TESTA AGLI AUTOMOBILISTI AL SUO PASSAGGIO? E FAR SCATTARE IL DESIDERIO D\u2019ACQUISTO E L\u2019EMOZIONE DEL POSSESSO? OPPURE CONTINUER\u00c0 A RAPPRESENTARE L\u2019ANONIMATO DI UN PRODOTTO DI QUALIT\u00c0 SENZA CONCESSIONI ALLA CREATIVIT\u00c0?<\/b><\/h2>\n<p><b style=\"line-height: 1.5em;\">Redazione &#8211; DURATA, 00\u2019 53\u201d\u00a0<\/b><\/p>\n<p><strong>IN TV CON DRIVELIFE DEL 01 NOVEMBRE<\/strong><\/p>\n<p>Cinque generazioni e dodici milioni di vetture prodotte. Design ed appeal in crescendo ma sempre distante da quell\u2019aspetto che fa scattare la molla del desiderio ed esclamare \u201cche bella\u201d.<\/p>\n<p>Opel Corsa, prodotto di qualit\u00e0 indiscussa, \u00e8 uno dei modelli pi\u00f9 venduti della popolare marca tedesca. Insieme ad Astra, lei tutt\u2019altra storia anche sul piano della emotivit\u00e0.<\/p>\n<p>Disponibile, anche in questa ultima edizione, con carrozzeria a cinque porte, carina, e tre porte, inguardabile con quel secondo finestrino simil-coup\u00e9.<\/p>\n<p>Tra le novit\u00e0 di rilievo il nuovo telaio e il sistema di sterzo. Sotto il cofano anche la nuova generazione di motori tre cilindri ed il nuovo cambio.<\/p>\n<p>Potenze da 90 a 115CV e consumi fino a 4,3 litri per 100 Km. Corsa \u00e8 Euro6.<\/p>\n<h2>Insomma un\u2019auto completamente nuova ma con lo stesso sex appeal di sempre. Quindi&#8230;<\/h2>\n<p>&nbsp;<\/p>\n<p>&nbsp;<\/p>\n<h1><strong>BMWnews<\/strong><\/h1>\n<p><b>Servizio a cura dell\u2019Ufficio Stampa BMW Group &#8211; DURATA, 01\u2019 38\u201d\u00a0<\/b><\/p>\n<p><strong>IN TV CON DRIVELIFE DEL 01 NOVEMBRE<\/strong><\/p>\n<p>&nbsp;<\/p>\n","protected":false},"excerpt":{"rendered":"<p>https:\/\/vimeo.com\/110311140 TIMELINE 12\u2019 00\u201d ***\u00a0MUS\u00c9E de L\u2019AVENTURE PEUGEOT, NELLA CULLA DELL\u2019AUTO&#8230;, 02\u2019 28\u201d &#8211; MUS\u00c9E de L\u2019AVENTURE PEUGEOT, &#8230;NASCE UN LEONE, 02\u2019 32\u201d &#8211; FIAT 500X, 00\u2019 42\u201d &#8211; PORSCHE 911 GTS, 01\u2019 04\u201d&#46;&#46;&#46;<\/p>\n","protected":false},"author":1,"featured_media":2567,"comment_status":"open","ping_status":"open","sticky":false,"template":"","format":"video","meta":{"ngg_post_thumbnail":0,"footnotes":""},"categories":[343],"tags":[484,580,578,582,581,576,574,579,8,583,577,575],"class_list":["post-2566","post","type-post","status-publish","format-video","has-post-thumbnail","hentry","category-puntate-drivelife-2014","tag-oneoff","tag-508-rxh-carrozzeria-castagna-milano","tag-audi-a6","tag-carrozzeriacastagna","tag-castagnamilano","tag-fiat-500x","tag-laventure-peugeot","tag-opel-corsa","tag-peugeot","tag-peugeotfriends2014","tag-porsche-911","tag-sochaux","post_format-post-format-video"],"_links":{"self":[{"href":"https:\/\/www.drivelife.it\/clip\/wp-json\/wp\/v2\/posts\/2566","targetHints":{"allow":["GET"]}}],"collection":[{"href":"https:\/\/www.drivelife.it\/clip\/wp-json\/wp\/v2\/posts"}],"about":[{"href":"https:\/\/www.drivelife.it\/clip\/wp-json\/wp\/v2\/types\/post"}],"author":[{"embeddable":true,"href":"https:\/\/www.drivelife.it\/clip\/wp-json\/wp\/v2\/users\/1"}],"replies":[{"embeddable":true,"href":"https:\/\/www.drivelife.it\/clip\/wp-json\/wp\/v2\/comments?post=2566"}],"version-history":[{"count":8,"href":"https:\/\/www.drivelife.it\/clip\/wp-json\/wp\/v2\/posts\/2566\/revisions"}],"predecessor-version":[{"id":2977,"href":"https:\/\/www.drivelife.it\/clip\/wp-json\/wp\/v2\/posts\/2566\/revisions\/2977"}],"wp:featuredmedia":[{"embeddable":true,"href":"https:\/\/www.drivelife.it\/clip\/wp-json\/wp\/v2\/media\/2567"}],"wp:attachment":[{"href":"https:\/\/www.drivelife.it\/clip\/wp-json\/wp\/v2\/media?parent=2566"}],"wp:term":[{"taxonomy":"category","embeddable":true,"href":"https:\/\/www.drivelife.it\/clip\/wp-json\/wp\/v2\/categories?post=2566"},{"taxonomy":"post_tag","embeddable":true,"href":"https:\/\/www.drivelife.it\/clip\/wp-json\/wp\/v2\/tags?post=2566"}],"curies":[{"name":"wp","href":"https:\/\/api.w.org\/{rel}","templated":true}]}}