{"id":2456,"date":"2014-09-24T18:30:28","date_gmt":"2014-09-24T18:30:28","guid":{"rendered":"http:\/\/www.drivelife.it\/clip\/?p=2456"},"modified":"2015-04-03T09:41:03","modified_gmt":"2015-04-03T09:41:03","slug":"drivelife-edizione-settembre-27","status":"publish","type":"post","link":"https:\/\/www.drivelife.it\/clip\/2014\/09\/24\/drivelife-edizione-settembre-27\/","title":{"rendered":"DRIVELIFE EDIZIONE SETTEMBRE 27"},"content":{"rendered":"<p>https:\/\/vimeo.com\/107236500<\/p>\n<p>TIMELINE 11\u2019 59\u201d 24 *** BMW SERIE2 ACTIVE TOURER, 01\u2019 54\u201d &#8211; PEUGEOT 508, 02\u2019 07\u201d &#8211; MINI 5 PORTE, 01\u2019 50\u201d &#8211; ALFA ROMEO MITO E GIULIETTA QUADRIFOGLIO VERDE, 01\u2019 31\u201d &#8211; CITROEN C4 CACTUS, 00\u2019 57\u201d &#8211; FIAT PANDA CROSS E FREEMONT CROSS, 01\u2019 33\u201d<\/p>\n<p><!--more--><\/p>\n<p style=\"text-align: right;\"><strong>In distribuzione il 26 Settembre<\/strong><\/p>\n<p>&nbsp;<\/p>\n<h1>BMW SERIE 2 ACTIVE TOURER<\/h1>\n<h1><strong>LA \u201cRIVOLUZIONARIA\u201d<\/strong><\/h1>\n<div id=\"attachment_2457\" style=\"width: 730px\" class=\"wp-caption alignnone\"><img loading=\"lazy\" decoding=\"async\" aria-describedby=\"caption-attachment-2457\" class=\"size-large wp-image-2457\" alt=\"BMW SERIE2 ACTIVE TOURER (c) Alberto Novelli\" src=\"http:\/\/www.drivelife.it\/clip\/wp-content\/uploads\/2014\/09\/Serie2_01091-copia-940x271.jpg\" width=\"720\" height=\"207\" srcset=\"https:\/\/www.drivelife.it\/clip\/wp-content\/uploads\/2014\/09\/Serie2_01091-copia-940x271.jpg 940w, https:\/\/www.drivelife.it\/clip\/wp-content\/uploads\/2014\/09\/Serie2_01091-copia-620x179.jpg 620w\" sizes=\"auto, (max-width: 720px) 100vw, 720px\" \/><p id=\"caption-attachment-2457\" class=\"wp-caption-text\">BMW SERIE2 ACTIVE TOURER (c) Alberto Novelli<\/p><\/div>\n<h2>CON ACTIVE TOURER BMW<br \/>\nROMPE\u00a0LA TRADIZIONE E MOSTRA<br \/>\nLA CAPOSTIPITE\u00a0DI UNA NUOVA FAMIGLIA<br \/>\nDI AUTOMOBILI\u00a0CHE SI AFFIANCHERANNO<br \/>\nALLE TRADIZIONALI\u00a0BERLINE<br \/>\nCON LA TRAZIONE POSTERIORE<\/h2>\n<p><strong>di NICOLETTA TRIGGIANI &#8211; DURATA, 01\u2019 54\u201d<br \/>\n<\/strong><strong>IN TV CON DRIVELIFE DEL 27 SETTEMBRE<\/strong><\/p>\n<p><span style=\"line-height: 1.5em;\">Non c\u2019\u00e8 differenza. Questa in tre parole la mia impressione appena seduta al posto di guida.<\/span><\/p>\n<p>L\u2019arredamento \u201cminimal\u201d che tanto \u00e8 di moda qui in BMW \u00e8 esattamente nella tradizione. Il vantaggio di una rivoluzione come quella della prima anteriore avrebbe potuto indurre ad immaginare che anche gli interni fossero interessati da altrettanto moto rivoluzionario; invece niente. BMW a tutti gli effetti e con tutti i cromosomi.<\/p>\n<p>Verona \u2013 Merano con l\u2019Autobrennero nella Val d\u2019Adige, viabilit\u00e0 montana. E poi Merano, splendida citt\u00e0 della quale leggete alcune osservazioni e qualche suggerimento a integrazione di questo test-drive.<\/p>\n<p>Dinamica di marcia? Nessun sospetto. Se guidi in souplesse, come si conviene per questa tipologia di vetture, non ti accorgi neanche che sei al volante di una rivoluzione.<\/p>\n<p>Devi riflettere, devi distrarti dalla guida (!) e concentrarti sul fatto che in quell\u2019istante non sono le ruote posteriori a spingere la vettura, bens\u00ec le anteriori a tirarla\u2026 perch\u00e9 nella dinamica di marcia, questa Active Tourer, offre tutto l\u2019heritage che BMW mette da tempo nelle sue automobili.<\/p>\n<p>Prezzi a partire da 26.950 per la versione 218i. E\u2019 un interessante posizionamento prezzo d\u2019ingresso. Tenendo conto che sempre di una BMW si tratta. E che con questi volumi d\u2019abitabilit\u00e0\u2026 in BMW, quelle tradizionali, bisogna \u201csalire\u201d su una Serie3 GT per trovare un adeguato spazio nell\u2019abitacolo\u2026<\/p>\n<p>La gamma si completa con le versioni \u201cbenzina\u201d e \u201cdiesel\u201d, presto saranno disponibili anche quelle con un sistema di trazione in grado di offrire la miglior trazione anche in condizioni meteo, e di fondo stradale, con scarsa aderenza.<\/p>\n<p>Sono sempre stata un po\u2019 ribelle e fuori degli \u201cschemi\u201d del presunto sesso debole. Non nascondo che mi piace essere \u201cfuori dal coro\u201d ed affermare il mio \u201cio\u201d anche con scelte decisamente controcorrente, da quella dello stilista (anzi, meglio ancora il \u201cno-logo) all\u2019automobile che preferisco guidare, o comprare.<\/p>\n<p>Questa Active \u00e8 una rivoluzione, ben venga allora la rivoluzione. E\u2019 un\u2019automobile interessante, non solo per la soluzione tecnica scelta ma anche per come Monaco ha arredato il suo abitacolo. C\u2019\u00e8 il minimal che mi piace e molti accessori che migliorano tanto, e semplificano, la vita a bordo.<\/p>\n<p>Su una cosa, per\u00f2, sono tradizionalista, ed in questo la sportivit\u00e0 del posto di guida BMW mi ha lasciato un \u201ccerto\u201d ricordo. Amo il confort ed i divani nei quali \u00e8 bello sprofondare. Ecco, quando sar\u00e0 come quello di un divano di Cassina\u2026 allora sar\u00e0 perfetta. Per me.<\/p>\n<p>&nbsp;<\/p>\n<h1>PEUGEOT 508<\/h1>\n<div id=\"attachment_2461\" style=\"width: 730px\" class=\"wp-caption alignnone\"><img loading=\"lazy\" decoding=\"async\" aria-describedby=\"caption-attachment-2461\" class=\"size-large wp-image-2461\" alt=\"PEUGEOT 508\" src=\"http:\/\/www.drivelife.it\/clip\/wp-content\/uploads\/2014\/09\/PEUGEOT-508-copia-940x300.jpg\" width=\"720\" height=\"229\" srcset=\"https:\/\/www.drivelife.it\/clip\/wp-content\/uploads\/2014\/09\/PEUGEOT-508-copia-940x300.jpg 940w, https:\/\/www.drivelife.it\/clip\/wp-content\/uploads\/2014\/09\/PEUGEOT-508-copia-620x198.jpg 620w, https:\/\/www.drivelife.it\/clip\/wp-content\/uploads\/2014\/09\/PEUGEOT-508-copia.jpg 1680w\" sizes=\"auto, (max-width: 720px) 100vw, 720px\" \/><p id=\"caption-attachment-2461\" class=\"wp-caption-text\">PEUGEOT 508<\/p><\/div>\n<h2>CON IL NUOVO STILE DIVENTA CHIARO<br \/>\nIL MOTO D\u2019ATTACCO<br \/>\nALLE COMPETITOR PREMIUM DEL MERCATO,<br \/>\nSFIDATE ANCHE GRAZIE A TECNOLOGIA,<br \/>\nCONFORT ED ALLURE FRANCESE<\/h2>\n<p><strong>Redazione &#8211; DURATA, 02\u2019 07\u201d <\/strong><br \/>\n<strong> IN TV CON DRIVELIFE DEL 27 SETTEMBRE<\/strong><\/p>\n<p>In arrivo sul mercato italiano la nuova Peugeot 508. Sar\u00e0 disponibile solo nelle versioni station wagon ed RXH, quella con il motore di sistema che combina un quattro cilindri a gasolio con l\u2019unit\u00e0 elettrica al ponte posteriore.<\/p>\n<p>Il cambio di stile \u00e8 evidente in modo speciale osservando la nuova calandra ed il taglio pi\u00f9 rastremato dei gruppi ottici anteriori.<\/p>\n<p>I nuovi fari sono tutti, proiettori anteriori, fari diurni, indicatori di direzione fari fendinebbia, con tecnologia LED. Una nuova firma per sottolineare l\u2019appartenenza al marchio anche nella marcia notturna. Modificati anche i gruppi ottici posteriori, ora con dimensioni ridotte.<\/p>\n<p>Nuovo il disegno del cofano motore e del portellone posteriore, la carrozzeria della 508 trae benefici dall\u2019importante restyling, con l\u2019effetto di apparire &#8211; ora &#8211; pi\u00f9 snella ed ancor pi\u00f9 elegante.<\/p>\n<p>L\u2019abitacolo \u00e8 arredato trasferendo gli elementi di stile ormai propri della famiglia Peugeot dalla 208 alle nuove 308 e 308 wagon, ribadendo qui uno status di alto livello con materiali ed allestimenti funzionali tipici delle automobili premium.<\/p>\n<p>Il touchscreen di sette pollici, centro di controllo dei servizi di bordo, ha permesso di ridisegnare con nuovi criteri di funzionalit\u00e0 tutta la plancia, riducendo i pulsanti di comando ed aumentando i vani porta-oggetti.<\/p>\n<p>La gamma di motori comprende il nuovo 1.6 THP, Euro6, con 165 cavalli abbinato ad un cambio manuale con sei marce ed, in alternativa, un cambio automatico, sempre a sei rapporti.<\/p>\n<p>Con tecnologia BlueHDI i motori diesel, sempre presenti nella gamma Peugeot, a partire dalla versione &#8211; consolidata &#8211; con 150 CV.\u00a0 Trenta cavalli in pi\u00f9 (180) per il nuovo due litri che promette emissioni contenute fino a 111 grammi di CO2.<\/p>\n<p>Top di gamma la 508 RXH, vettura dalla notevole presenza su strada grazie ad una postura \u201call-road\u201d, e che rappresenta anche uno dei record di Peugeot 508 grazie ai 3,3 litri di consumo, per cento chilometri, e alle emissioni di 85 grammi per chilometro.<\/p>\n<p>&nbsp;<\/p>\n<h1>MINI 5 PORTE<\/h1>\n<div id=\"attachment_2462\" style=\"width: 730px\" class=\"wp-caption alignnone\"><img loading=\"lazy\" decoding=\"async\" aria-describedby=\"caption-attachment-2462\" class=\"size-large wp-image-2462\" alt=\"MINI COOPER SD 5 DOOR\" src=\"http:\/\/www.drivelife.it\/clip\/wp-content\/uploads\/2014\/09\/MINI_Cooper_SD_5_door-_93-940x626.jpg\" width=\"720\" height=\"479\" srcset=\"https:\/\/www.drivelife.it\/clip\/wp-content\/uploads\/2014\/09\/MINI_Cooper_SD_5_door-_93-940x626.jpg 940w, https:\/\/www.drivelife.it\/clip\/wp-content\/uploads\/2014\/09\/MINI_Cooper_SD_5_door-_93-620x412.jpg 620w, https:\/\/www.drivelife.it\/clip\/wp-content\/uploads\/2014\/09\/MINI_Cooper_SD_5_door-_93.jpg 1680w\" sizes=\"auto, (max-width: 720px) 100vw, 720px\" \/><p id=\"caption-attachment-2462\" class=\"wp-caption-text\">MINI COOPER SD 5 DOOR<\/p><\/div>\n<h2>NON PROPRIO SINGLE? \u00c8 PER TE.<br \/>\nPI\u00d9 GRANDE MA ANCHE PI\u00d9 CONFORTEVOLE<br \/>\nE CON PI\u00d9 VOLUME PER I BAGAGLI<\/h2>\n<p><strong>Redazione &#8211; DURATA, 01\u2019 50\u201d\u00a0 <\/strong><br \/>\n<strong> IN TV CON DRIVELIFE DEL 27 SETTEMBRE<\/strong><\/p>\n<p>\u00c8 pi\u00f9 lunga di sette centimetri ma la vera differenza sta nel numero delle porte. \u00c8 una nuova carrozzeria per MINI, la versione con cinque porte.<\/p>\n<p>Glamour, go-kart feeling anche per chi non \u00e8 proprio un \u201csingle\u201d. Perch\u00e9 non mi sento di scrivere che questa \u00e8, o sia, la MINI per la famiglia.<\/p>\n<p>S\u2019arrabbierebbe sir Alec Issigonis. E che diamine!<\/p>\n<p>Ma \u00e8 certo la MINI con pi\u00f9 spazio e facilit\u00e0 d\u2019accesso che mai sia stata costruita. La Clubman, per\u00f2&#8230; ha il suo fascino, ancora imbattuto dalla cinque porte.<\/p>\n<p>Le misure fondamentali sono cresciute, e neanche poco: dietro &#8211; ad esempio &#8211; ci sono ben sette centimetri in pi\u00f9 per le gambe, un centimetro e mezzo in pi\u00f9 in altezza e ben sei centimetri per la larghezza. A tutto vantaggio dei passeggeri seduti sul divano posteriore, ora davvero spazioso.<\/p>\n<p>Pi\u00f9 spazio a bordo ma anche pi\u00f9 volume per il bagagliaio, ora quasi a trecento litri di capienza. Un vantaggio non indifferente considerando che la MINI 5 porte \u00e8 capace, ora, di accogliere davvero anche cinque persone a bordo.<\/p>\n<p>La gamma \u00e8 articolata sulla classica famiglia di modelli MINI, quindi le versioni a partire dalla ONE ricalcano l\u2019offerta della tre porte. Sei varianti di modello con un consumo di carburante di 3,5 litri per cento chilometri ed emissioni di 92 grammi di CO2 per chilometro. I motori sono tre cilindri per le versioni benzina e con tecnologia BMW TwinPowerTurbo per quelli a gasolio.<\/p>\n<p>&nbsp;<\/p>\n<h1>ALFA ROMEO QUADRIFOGLIO VERDE,<br \/>\nMiTo &amp; GIULIETTA<\/h1>\n<div id=\"attachment_2463\" style=\"width: 730px\" class=\"wp-caption alignnone\"><img loading=\"lazy\" decoding=\"async\" aria-describedby=\"caption-attachment-2463\" class=\"size-large wp-image-2463\" alt=\"ALFA ROMEO MiTo QUADRIFOGLIO VERDE\" src=\"http:\/\/www.drivelife.it\/clip\/wp-content\/uploads\/2014\/09\/140609_mito_34-940x626.jpg\" width=\"720\" height=\"479\" srcset=\"https:\/\/www.drivelife.it\/clip\/wp-content\/uploads\/2014\/09\/140609_mito_34-940x626.jpg 940w, https:\/\/www.drivelife.it\/clip\/wp-content\/uploads\/2014\/09\/140609_mito_34-620x413.jpg 620w, https:\/\/www.drivelife.it\/clip\/wp-content\/uploads\/2014\/09\/140609_mito_34.jpg 1680w\" sizes=\"auto, (max-width: 720px) 100vw, 720px\" \/><p id=\"caption-attachment-2463\" class=\"wp-caption-text\">ALFA ROMEO MiTo QUADRIFOGLIO VERDE<\/p><\/div>\n<h2>LA STORIA DEL MARCHIO<br \/>\n\u00c8 PUNTEGGIATA DI TANTI QUADRIFOGLIO,<br \/>\nALCUNI PI\u00d9 <em><strong>\u201cFORTUNATI\u201d<\/strong><\/em> D\u2019ALTRI:<br \/>\nTUTTO EBBE INIZIO ALLA TARGA FLORIO, NEL 1923<\/h2>\n<p><strong>Redazione &#8211; DURATA, 01\u2019 31\u201d\u00a0<\/strong><br \/>\n<strong>IN TV CON DRIVELIFE DEL 27 SETTEMBRE<\/strong><\/p>\n<p>Presentate in anteprima mondiale al Salone di Ginevra 2014, \u00e8 iniziata in Italia \u2013 e progressivamente negli altri Paesi europei &#8211; la commercializzazione delle nuove\u00a0 Alfa Romeo Giulietta \u2018Quadrifoglio Verde\u2019 1.750 Turbo Benzina con 240 CV TCT e Alfa Romeo MiTo \u2018Quadrifoglio Verde\u2019 1.4 Multiair Turbobenzina con 170 CV TCT.<\/p>\n<p>Si completa cos\u00ec il rinnovamento della gamma 2014 di MiTo e Giulietta che consente ai due modelli di continuare a presidiare i rispettivi segmenti con la loro perfetta alchimia di stile essenziale, motori compatti e potenti, giusto rapporto peso\/potenza e contenuti tecnici &#8220;made in Alfa Romeo&#8221; votati al piacere di guida.<\/p>\n<p>In particolare, le nuove Quadrifoglio Verde sono in sintonia con l&#8217;affascinante Alfa Romeo 4C, l&#8217;icona moderna del marchio che rappresenta l&#8217;essenza della sportivit\u00e0 insita nel &#8216;DNA Alfa Romeo&#8217;: ottime prestazioni ed eccellenza tecnica finalizzata al massimo del piacere di guida combinate con uno stile mozzafiato.<\/p>\n<p>Allo stesso tempo, le due nuove vetture rendono omaggio all&#8217;epica storia del &#8216;Quadrifoglio Verde&#8217;, il simbolo che dal 1923 identifica le pi\u00f9 performanti realizzazioni firmate Alfa Romeo. Non solo quelle impegnate sui circuiti da gara di tutto il mondo, ma anche alcune versioni speciali di produzione.<\/p>\n<p>&nbsp;<\/p>\n<h1>#DISCOVERC4CACTUS<\/h1>\n<div id=\"attachment_2464\" style=\"width: 730px\" class=\"wp-caption alignnone\"><img loading=\"lazy\" decoding=\"async\" aria-describedby=\"caption-attachment-2464\" class=\"size-large wp-image-2464\" alt=\"#DiscoverC4Cactus con NicTriggiani\" src=\"http:\/\/www.drivelife.it\/clip\/wp-content\/uploads\/2014\/09\/CL-14.002.015-940x520.jpg\" width=\"720\" height=\"398\" srcset=\"https:\/\/www.drivelife.it\/clip\/wp-content\/uploads\/2014\/09\/CL-14.002.015-940x520.jpg 940w, https:\/\/www.drivelife.it\/clip\/wp-content\/uploads\/2014\/09\/CL-14.002.015-620x343.jpg 620w\" sizes=\"auto, (max-width: 720px) 100vw, 720px\" \/><p id=\"caption-attachment-2464\" class=\"wp-caption-text\">#DiscoverC4Cactus con NicTriggiani<\/p><\/div>\n<h2>DRIVELIFE\/DRESSCODE, NicTriggiani<br \/>\nRACCONTA LA NUOVA CACTUS,<br \/>\nUN\u2019AUTO MOLTO AL FEMMINILE<\/h2>\n<p><strong>di NICOLETTA TRIGGIANI &#8211; DURATA, 00\u2019 57\u201d \u00a0\u00a0<\/strong><br \/>\n<strong>IN TV CON DRIVELIFE DEL 27 SETTEMBRE<\/strong><\/p>\n<p>Un po\u2019 per la fretta, un po\u2019 la tipica svogliatezza autunnale, caratteristica che affligge tutti alle prime piogge&#8230; se possiamo &#8211; tutte &#8211; essere aiutate in qualche scomoda attivit\u00e0, ben venga il supporto del \u201ccavalier servente\u201d o della tecnica.<\/p>\n<p>Con Citroen C4 Cactus il parcheggio \u00e8 ora easy grazie al Park Assist.<\/p>\n<p>Basta trovarlo! Poi a metter la Cactus a posto ci pensa il computer di bordo d\u2019accordo con le telecamere ed i sensori&#8230;<\/p>\n<p><strong>Voil\u00e0, Les jeux sont fait!<\/strong><\/p>\n<p><span style=\"line-height: 1.5em;\">\u00a0<\/span><\/p>\n<h1>FIAT MODELLI 4&#215;4,<br \/>\nPANDA CROSS &amp; FREEMONT CROSS<\/h1>\n<div id=\"attachment_2465\" style=\"width: 730px\" class=\"wp-caption alignnone\"><img loading=\"lazy\" decoding=\"async\" aria-describedby=\"caption-attachment-2465\" class=\"size-large wp-image-2465\" alt=\"FIAT FREEMONT CROSS\" src=\"http:\/\/www.drivelife.it\/clip\/wp-content\/uploads\/2014\/09\/03-copia-940x626.jpg\" width=\"720\" height=\"479\" srcset=\"https:\/\/www.drivelife.it\/clip\/wp-content\/uploads\/2014\/09\/03-copia-940x626.jpg 940w, https:\/\/www.drivelife.it\/clip\/wp-content\/uploads\/2014\/09\/03-copia-620x413.jpg 620w, https:\/\/www.drivelife.it\/clip\/wp-content\/uploads\/2014\/09\/03-copia.jpg 1680w\" sizes=\"auto, (max-width: 720px) 100vw, 720px\" \/><p id=\"caption-attachment-2465\" class=\"wp-caption-text\">FIAT FREEMONT CROSS<\/p><\/div>\n<h2>AFFRONTARE LA STAGIONE FREDDA<br \/>\nCON UNA TRAZIONE INTEGRALE<br \/>\nPOTREBBE ESSERE LA MIGLIOR SOLUZIONE<br \/>\nPER NON RESTARE <em><strong>\u201cIMPANTANATI\u201d<\/strong><\/em>,<br \/>\nLA SCELTA IN CONCESSIONARIA,<br \/>\nQUESTO FINE SETTIMANA<\/h2>\n<p><strong><span style=\"line-height: 1.5em;\">di FEDERICO DI LERNIA &#8211; DURATA, 01\u2019 33\u201d<br \/>\n<\/span>IN TV CON DRIVELIFE DEL 27 SETTEMBRE\u00a0<\/strong><\/p>\n<p>Poco meno di ventimila o poco pi\u00f9 di trentamila? Prima macchina o seconda auto? Single? Giovane coppia? Ricchi pensionati? Famiglia?<\/p>\n<p>Questi sono i target, magari accomunati dalla necessit\u00e0 di affrontare prima l\u2019asfalto bagnato della viabilit\u00e0 urbana, extra-urbana, poi lo sterrato, per salire in quota, magari con il fango&#8230; oppure, quadretto pi\u00f9 \u201cpubblicitario\u201d, il sentiero con la neve per la seconda casa in montagna, dove trascorrere il fine settimana davanti al camino acceso.<\/p>\n<p>Panda Cross \u00e8 offerta con un piano di finanziamento che prevede una percorrenza di 60mila chilometri, 4 anni di finanziamento con anticipo zero, 4 anni di assicurazione per furto e incendio, 4 anni di garanzia e manutenzione programmata. Con 19.460 si compra la Panda Cross \u201c0,9\u201d (novecento) con il motore TwinAir di 80CV.<\/p>\n<p>Freemont Cross costa 32.550 euro nella versione con due ruote motrici e 37.600 in quella con il sistema AWD ed il motore MultiJet con 170CV e cambio automatico con sei marce.<\/p>\n<p>&nbsp;<\/p>\n<p>&nbsp;<\/p>\n<p><strong>&#8212;-<\/strong><br \/>\n<strong>Testi in TV con drivelife del 27 Settembre. <\/strong><br \/>\n<strong>Possono esserci delle modifiche tra il pubblicato in questa pagina e i servizi in onda.<\/strong><\/p>\n<p>&nbsp;<\/p>\n<p>&nbsp;<\/p>\n<p>&nbsp;<\/p>\n<p>&nbsp;<\/p>\n","protected":false},"excerpt":{"rendered":"<p>https:\/\/vimeo.com\/107236500 TIMELINE 11\u2019 59\u201d 24 *** BMW SERIE2 ACTIVE TOURER, 01\u2019 54\u201d &#8211; PEUGEOT 508, 02\u2019 07\u201d &#8211; MINI 5 PORTE, 01\u2019 50\u201d &#8211; ALFA ROMEO MITO E GIULIETTA QUADRIFOGLIO VERDE, 01\u2019 31\u201d &#8211;&#46;&#46;&#46;<\/p>\n","protected":false},"author":1,"featured_media":2457,"comment_status":"open","ping_status":"open","sticky":false,"template":"","format":"video","meta":{"ngg_post_thumbnail":0,"footnotes":""},"categories":[343],"tags":[477,499,527,512,498,500,502,36,452,519,503,513,514,530,505,510,495,509,511,525,524,528,504,529,523,526,473,520,508,507,506,501,516,518,522,521,517,497,496,515],"class_list":["post-2456","post","type-post","status-publish","format-video","has-post-thumbnail","hentry","category-puntate-drivelife-2014","tag-discoverc4cactus","tag-activetourer","tag-alfa-giulietta-quadrifoglio-verde","tag-altabadia","tag-altoadige","tag-altoadigedavivere","tag-apttrento","tag-bmw","tag-citroen-c4-cactus","tag-corvara-altabadia","tag-dolomiti","tag-dolomitisuperski","tag-dolomitisupersummer","tag-freemont-4x4","tag-hochpustertal","tag-meranerland","tag-merano","tag-meranoedintorni","tag-mgm","tag-mini-5-door","tag-mini-5-porte","tag-mito-quadrifoglio-verde","tag-paganella","tag-panda-4x4","tag-peugeot-508","tag-quadrifoglio-verde","tag-serie2","tag-stradadeiformaggi","tag-sudtirol","tag-sudtirolo","tag-tirolo","tag-trentinowellness","tag-valdifassa","tag-valdifiemme","tag-valdinon","tag-valdisole","tag-valpusteria","tag-visitmerano","tag-visittrentino","tag-vividolomiti","post_format-post-format-video"],"_links":{"self":[{"href":"https:\/\/www.drivelife.it\/clip\/wp-json\/wp\/v2\/posts\/2456","targetHints":{"allow":["GET"]}}],"collection":[{"href":"https:\/\/www.drivelife.it\/clip\/wp-json\/wp\/v2\/posts"}],"about":[{"href":"https:\/\/www.drivelife.it\/clip\/wp-json\/wp\/v2\/types\/post"}],"author":[{"embeddable":true,"href":"https:\/\/www.drivelife.it\/clip\/wp-json\/wp\/v2\/users\/1"}],"replies":[{"embeddable":true,"href":"https:\/\/www.drivelife.it\/clip\/wp-json\/wp\/v2\/comments?post=2456"}],"version-history":[{"count":12,"href":"https:\/\/www.drivelife.it\/clip\/wp-json\/wp\/v2\/posts\/2456\/revisions"}],"predecessor-version":[{"id":2982,"href":"https:\/\/www.drivelife.it\/clip\/wp-json\/wp\/v2\/posts\/2456\/revisions\/2982"}],"wp:featuredmedia":[{"embeddable":true,"href":"https:\/\/www.drivelife.it\/clip\/wp-json\/wp\/v2\/media\/2457"}],"wp:attachment":[{"href":"https:\/\/www.drivelife.it\/clip\/wp-json\/wp\/v2\/media?parent=2456"}],"wp:term":[{"taxonomy":"category","embeddable":true,"href":"https:\/\/www.drivelife.it\/clip\/wp-json\/wp\/v2\/categories?post=2456"},{"taxonomy":"post_tag","embeddable":true,"href":"https:\/\/www.drivelife.it\/clip\/wp-json\/wp\/v2\/tags?post=2456"}],"curies":[{"name":"wp","href":"https:\/\/api.w.org\/{rel}","templated":true}]}}