{"id":2441,"date":"2014-09-17T12:19:58","date_gmt":"2014-09-17T12:19:58","guid":{"rendered":"http:\/\/www.drivelife.it\/clip\/?p=2441"},"modified":"2015-04-03T09:42:02","modified_gmt":"2015-04-03T09:42:02","slug":"drivelife-edizione-settembre-20","status":"publish","type":"post","link":"https:\/\/www.drivelife.it\/clip\/2014\/09\/17\/drivelife-edizione-settembre-20\/","title":{"rendered":"DRIVELIFE EDIZIONE SETTEMBRE 20"},"content":{"rendered":"<p>https:\/\/vimeo.com\/106441283<\/p>\n<p>TIMELINE 12\u2019 00\u201d21 *** AUDI TT, 00\u2019 52\u201d &#8211; BMW SERIE 2 CABRIO, 01\u2019 29\u201d &#8211; VOLKSWAGEN GOLF GTE, 01\u2019 14\u201d &#8211; JEEP RENEGADE TRAILHAWK &amp; LIMITED, 01\u2019 46\u201d &#8211; CITROEN C4 CACTUS, 01\u2019 46\u201d &#8211; CITROEN DIVINE, PARIGI 2014, 02\u2019 49\u201d\u00a0<strong><br \/>\n<\/strong><\/p>\n<p><!--more--><\/p>\n<h1><strong style=\"line-height: 1.5em;\">AUDI TT<\/strong><\/h1>\n<div id=\"attachment_2442\" style=\"width: 730px\" class=\"wp-caption alignnone\"><img loading=\"lazy\" decoding=\"async\" aria-describedby=\"caption-attachment-2442\" class=\"size-large wp-image-2442\" alt=\"Audi TTS Coup\u00e9\" src=\"http:\/\/www.drivelife.it\/clip\/wp-content\/uploads\/2014\/09\/APRE-940x356.jpg\" width=\"720\" height=\"272\" srcset=\"https:\/\/www.drivelife.it\/clip\/wp-content\/uploads\/2014\/09\/APRE-940x356.jpg 940w, https:\/\/www.drivelife.it\/clip\/wp-content\/uploads\/2014\/09\/APRE-620x235.jpg 620w\" sizes=\"auto, (max-width: 720px) 100vw, 720px\" \/><p id=\"caption-attachment-2442\" class=\"wp-caption-text\">Audi TTS Coup\u00e9<\/p><\/div>\n<h2><strong>CON LA NUOVA VERSIONE SONO MAGGIORI<br \/>\nLE POSSIBILIT\u00c0 DI SCEGLIERE<br \/>\nQUALE LINEA DARE ALLA PROPRIA COUP\u00c9<\/strong><\/h2>\n<p><strong style=\"line-height: 1.5em;\">di LUCA ROMANO &#8211; DURATA, 00\u2019 52\u201d\u00a0<\/strong><\/p>\n<p><strong>IN TV CON DRIVELIFE DEL 20 SETTEMBRE<\/strong><\/p>\n<p>Fascia prezzo quarantamila e dintorni. Forte immagine di marca, ergo prestazioni di livello alto. Due porte, due posti secchi. Possibilit\u00e0 di alternativa? La SLK e la Z4. Posizionamento di mercato, &#8220;D Premium&#8221;.<\/p>\n<p>Capacit\u00e0 di rimorchio: elevata, ma non assoluta. Per l&#8217;assoluto dovete superare la soglia dei centomila. Ed anche con quella cifra, la tipa che si nega la trovate senz&#8217;altro. Dipende da quello che vedete nello specchio oltre al saldo dell&#8217;estratto conto bancario.<\/p>\n<p>Commercializzazione (della TT!) dal prossimo mese di Novembre, per la TTS bisogna aspettare Febbraio 2015.<\/p>\n<p>Scheda prezzo. La TT Coup\u00e9 2.0 TFSI 230CV costa 41.190, con i sistemi &#8220;quattro&#8221; ed il cambio S tronic sale a 46.190. La versione con motore a gasolio, la TT Coup\u00e9 2.0 TDI ultra 184CV costa 40.990.<\/p>\n<p>Capacit\u00e0 bagagliaio&#8230; 305 litri fino a 702. Quando accoglie settecentodue litri di oggetti vuol dire che \u00e8 in configurazione &#8220;wagon&#8221;, utile visto che l&#8217;estate \u00e8 finita e chi vi accompagna non porta solo il micro-bikini.<\/p>\n<p>Personalizzazione di prodotto. Audi vende tre linee di accessori\/pacchetti extra. Si tratta di equipaggiamenti tecnici e\/o finiture di design ed arredamento degli interni. Accessori che in realt\u00e0 fanno la differenza tra le TT, una pi\u00f9 sportiva e l&#8217;altra pi\u00f9 di design&#8230;<\/p>\n<p>Tre livelli di prezzo, la S line costa tremila euro, la Design sale a 3mila settecento ed il pacchetto Tech arriva a 4mila 150 euro.<\/p>\n<p>Non capir\u00f2 mai le cifre &#8220;non tonde&#8221;&#8230; fa&#8217; 4mila e cinque e via&#8230;<\/p>\n<p>Tanto se decidi di comprare un&#8217;automobile che costa 46mila euro e vuoi aggiungere altri quattromila di accessori&#8230; che stai a guardare i cento-cinquanta-euro?<\/p>\n<p>Ma che storia, e che target (cliente), sarebbe&#8230; mica uno di quelli che &#8220;soggiorna&#8221; in Costa Azzurra e poi al bar ordina una &#8220;Evian&#8221; mentre scorrono fiumi di Cristal&#8230;<\/p>\n<p>&nbsp;<\/p>\n<h1><strong>BMW SERIE 2 CABRIO<\/strong><\/h1>\n<div id=\"attachment_2446\" style=\"width: 730px\" class=\"wp-caption alignnone\"><img loading=\"lazy\" decoding=\"async\" aria-describedby=\"caption-attachment-2446\" class=\"size-large wp-image-2446\" alt=\"BMW SERIE 2 CABRIO\" src=\"http:\/\/www.drivelife.it\/clip\/wp-content\/uploads\/2014\/09\/BMW_SERIE2_CABRIO_62-copia-940x359.jpg\" width=\"720\" height=\"274\" srcset=\"https:\/\/www.drivelife.it\/clip\/wp-content\/uploads\/2014\/09\/BMW_SERIE2_CABRIO_62-copia-940x359.jpg 940w, https:\/\/www.drivelife.it\/clip\/wp-content\/uploads\/2014\/09\/BMW_SERIE2_CABRIO_62-copia-620x236.jpg 620w\" sizes=\"auto, (max-width: 720px) 100vw, 720px\" \/><p id=\"caption-attachment-2446\" class=\"wp-caption-text\">BMW SERIE 2 CABRIO<\/p><\/div>\n<h2><strong>LANCIO A PARTIRE DA FEBBRAIO 2015.<br \/>\nCAPOTE IN TESSUTO E BAGAGLIAIO PI\u00d9 CAPIENTE. MOTORI CON TECNOLOGIA BMW TWINPOWER TURBO ED MPERFORMANCE,<br \/>\nC\u2019\u00c8 ANCHE IL DIESEL\u00a0<\/strong><\/h2>\n<p><strong>di NICOLETTA TRIGGIANI e LUCA ROMANO &#8211; DURATA, 01\u2019 29\u201d \u00a0<\/strong><\/p>\n<p><strong>IN TV CON DRIVELIFE DEL 20 SETTEMBRE<\/strong><\/p>\n<p>(niki) &#8211;\u00a0Non ho mai ceduto al fascino della spider, cabrio o convertible che fosse. Preferisco le coup\u00e9 ma riconosco alle \u201cscoperte\u201d &#8211; quelle davvero eleganti (poche!) una loro speciale capacit\u00e0 di sedurre l\u2019uomo al momento dell\u2019acquisto. Viaggiare \u201cplen-air\u201d, mi rendo conto, ha un suo fascino.<\/p>\n<p>BMW ha presentato in questi giorni la sua nuova cabrio compatta.<\/p>\n<p>(luca) &#8211;\u00a0Lancio a partire da Febbraio 2015. In gamma anche la BMW M Performance BMW M235i Cabrio. Varianti di modello Advantage, Luxury Line, Sport Line, M Sport, ognuna con specificit\u00e0 per incontrare le diverse personalit\u00e0, e portafogli, dei clienti.<\/p>\n<p>Rispetto alla precedente cabrio compatta, la \u201c1\u2033, il vantaggio della \u201c2\u2033 \u00e8 in un abitacolo pi\u00f9 grande, pi\u00f9 confortevole, ed un bagagliaio pi\u00f9 capiente. Una trentina di litri in pi\u00f9 a capote (tessuto) chiusa, un po\u2019 meno quando \u00e8 reclinata nel baule. I volumi per le valigie passano da 335 (aperta) a 280 (chiusa).<br \/>\nLa capote, in tessuto, \u00e8 ad azionamento elettrico con apertura e chiusura completate in venti secondi. E\u2019 operativa, nei due sensi, fino a cinquanta chilometri l\u2019ora. Migliorato il confort acustico durante la marcia. La capote \u00e8 disponibile in tre colorazioni: nero, di serie, antracite con effetto \u201cargento\u201d e marrone, pure con effetto \u201cargento\u201d.<\/p>\n<p>Gli \u201ceffetti\u201d si pagano a parte: altrimenti che effetti sono? Non si dice \u201ceffetti speciali\u201d? Ed allora si paga!<\/p>\n<p>Motori. Per ora, sottolineo per ora, non si parla del tre cilindri. Segnalo che \u2013 per\u00f2 \u2013 il tre cilindri gi\u00e0 equipaggia una BMW, \u00e8 la Serie2 Active Tourer. La Cabrio ha la trazione posteriore, ergo\u2026 dovrebbe essere escluso. Mai dire mai, per\u00f2.<\/p>\n<p>Tecnologia TwinPower Turbo ed M Performance: 326 cavalli per la M235i con il V6, 245 per la 228i, 184 per la 220i. Diesel: 220d con 190 cavalli.<br \/>\nCambio Steptronic, optional, ad otto rapporti. Prestazioni? Facili da immaginare.<\/p>\n<p>&nbsp;<\/p>\n<h1><strong>VOLKSWAGEN GOLF GT\u201dE\u201d<\/strong><\/h1>\n<div id=\"attachment_2447\" style=\"width: 730px\" class=\"wp-caption alignnone\"><img loading=\"lazy\" decoding=\"async\" aria-describedby=\"caption-attachment-2447\" class=\"size-large wp-image-2447\" alt=\"VOLKSWAGEN GOLF GTE\" src=\"http:\/\/www.drivelife.it\/clip\/wp-content\/uploads\/2014\/09\/Golf-GTE_DB2014AU01026-940x649.jpg\" width=\"720\" height=\"497\" srcset=\"https:\/\/www.drivelife.it\/clip\/wp-content\/uploads\/2014\/09\/Golf-GTE_DB2014AU01026-940x649.jpg 940w, https:\/\/www.drivelife.it\/clip\/wp-content\/uploads\/2014\/09\/Golf-GTE_DB2014AU01026-620x428.jpg 620w\" sizes=\"auto, (max-width: 720px) 100vw, 720px\" \/><p id=\"caption-attachment-2447\" class=\"wp-caption-text\">VOLKSWAGEN GOLF GTE<\/p><\/div>\n<h2><strong>CONSUMI DA RECORD E GRANDE AUTONOMIA SPOSANO PRESTAZIONI DA VERA GOLF GT,<br \/>\nMA QUI C\u2019\u00c8 UNA \u201cE\u201d<\/strong><\/h2>\n<p><strong>di FEDERICO DI LERNIA &#8211; DURATA, 01\u2019 14\u201d\u00a0<\/strong><\/p>\n<p><strong>IN TV CON DRIVELIFE DEL 20 SETTEMBRE<\/strong><\/p>\n<p>L&#8217;ibrido \u00e8 di moda, Volkswagen presenta la sua proposta: \u00e8 la Golf GTE.<\/p>\n<p>Sar\u00e0 in prevendita in Italia dal prossimo mese di Gennaio al costo, indicativo,<\/p>\n<p>di 37mila euro. La commercializzazione avverr\u00e0 nel corso del primo trimestre.<\/p>\n<p>La Golf GTE \u00e8 equipaggiata con il motore millequattro e con un motore elettrico che sviluppano la potenza complessiva di 204 cavalli. Il motore turbo eroga 150 cavalli e quello elettrico fino a 102. La coppia \u00e8 di 350 newton metri.<\/p>\n<p>Il cambio \u00e8 del tipo DSG con sei rapporti.<\/p>\n<p>L&#8217;allestimento \u00e8 solo quello con carrozzeria a cinque porte. Ricca la dotazione di accessori di serie (quelli inclusi nei 37mila euro) tra i quali val la pena di citare l&#8217;assetto sportivo, i cerchi di 18 pollici in lega, i fari anteriori e posteriori a LED.<\/p>\n<p>Gli interni sono arredati con tutti i confort ed i dispositivi multimediali ai quali siamo abituati, dalla luce Ambient Light al display multifunzione a colori&#8230;<\/p>\n<p>L&#8217;autonomia in modalit\u00e0 elettrica zero emissioni \u00e8 di 50 chilometri, mentre quella complessiva \u00e8 superiore a 940 chilometri. Il consumo nel ciclo combinato \u00e8 di un litro e mezzo per cento chilometri con un assorbimento di 11,4 Kw. Le emissioni di CO2 sono di 35 grammi per chilometro. Di rilievo le prestazioni per confermare il taglio sportivo della GTE: 222 Km\/h e 7 e 6 l&#8217;accelerazione.<\/p>\n<p>&nbsp;<\/p>\n<h1><strong>JEEP RENEGADE TRAILHAWK &amp; LIMITED<\/strong><\/h1>\n<div id=\"attachment_2448\" style=\"width: 730px\" class=\"wp-caption alignnone\"><img loading=\"lazy\" decoding=\"async\" aria-describedby=\"caption-attachment-2448\" class=\"size-large wp-image-2448\" alt=\"JEEP RENEGADE, TRAILHAWK &amp; LIMITED\" src=\"http:\/\/www.drivelife.it\/clip\/wp-content\/uploads\/2014\/09\/140304_J_Renegade_70-copia-940x626.jpg\" width=\"720\" height=\"479\" srcset=\"https:\/\/www.drivelife.it\/clip\/wp-content\/uploads\/2014\/09\/140304_J_Renegade_70-copia-940x626.jpg 940w, https:\/\/www.drivelife.it\/clip\/wp-content\/uploads\/2014\/09\/140304_J_Renegade_70-copia-620x413.jpg 620w, https:\/\/www.drivelife.it\/clip\/wp-content\/uploads\/2014\/09\/140304_J_Renegade_70-copia.jpg 1280w\" sizes=\"auto, (max-width: 720px) 100vw, 720px\" \/><p id=\"caption-attachment-2448\" class=\"wp-caption-text\">JEEP RENEGADE, TRAILHAWK &amp; LIMITED<\/p><\/div>\n<h2><strong>IN VENDITA LE DUE VERSIONI<br \/>\nDELLA NUOVA RENEGADE,<br \/>\nPREZZI A PARTIRE DA POCO<br \/>\nPI\u00d9 DI 23MILA EURO<\/strong><\/h2>\n<p><strong>Redazione &#8211; DURATA, 01\u2019 46\u201d \u00a0<\/strong><\/p>\n<p><strong>IN TV CON DRIVELIFE DEL 20 SETTEMBRE<\/strong><\/p>\n<p>Si aprono gli ordini della nuova Jeep\u00ae Renegade che il pubblico potr\u00e0 ammirare presso gli \u00a0showroom Jeep italiani scegliendo tra \u00a0l\u2019allestimento preferito o l\u2019esclusiva \u2018Opening Edition\u2019, versione a tiratura limitata e disponibile unicamente al lancio.<\/p>\n<p>In Italia, la gamma Renegade si compone di tre allestimenti \u2013 Longitude, Limited e Trailhawk \u2013 dotati di efficienti motorizzazioni turbodiesel e benzina disponibili nella configurazione a trazione anteriore e integrale. Il listino prezzi parte da 23.500 euro per gli esemplari \u00a0Longitude e Limited con motore 1.4 Multiair da 140 CV fino a raggiunge i 32.800 euro del top di gamma Trailhawk 2.0 MultiJet II da 170 CV con cambio automatico a 9 rapporti e trazione 4\u00d74 garantita dall\u2019esclusivo sistema Jeep Active Drive Low.<\/p>\n<p>Il lancio commerciale della nuova Renegade negli showroom Jeep italiani \u00e8 previsto per fine settembre e progressivamente nei principali mercati europei.<\/p>\n<p>Da met\u00e0 luglio sono in corso presso le concessionarie Jeep italiane le attivit\u00e0 di prelancio del nuovo modello. Il primo appuntamento si \u00e8 svolto a Torino, dove Jeep Renegade ha ricevuto una calorosa accoglienza da parte degli oltre 2.000 ospiti, invitati dal Mirafiori Motor Village alla serata di preview del nuovo modello. Le attivit\u00e0 di prelancio della nuova Renegade proseguiranno fino a fine settembre coinvolgendo 46 concessionarie Jeep in Italia. On line sul sito www.jeep-official it l\u2019elenco delle concessionarie interessate dalla manifestazione.<\/p>\n<p>&nbsp;<\/p>\n<h1><strong>#DiscoverC4Cactus<\/strong><\/h1>\n<div id=\"attachment_2449\" style=\"width: 730px\" class=\"wp-caption alignnone\"><img loading=\"lazy\" decoding=\"async\" aria-describedby=\"caption-attachment-2449\" class=\"size-large wp-image-2449\" alt=\"#DiscoverC4Cactus - DRIVELIFE\/DRESSCODE\" src=\"http:\/\/www.drivelife.it\/clip\/wp-content\/uploads\/2014\/09\/NicTriggiani-DressCode-940x320.jpg\" width=\"720\" height=\"245\" srcset=\"https:\/\/www.drivelife.it\/clip\/wp-content\/uploads\/2014\/09\/NicTriggiani-DressCode-940x320.jpg 940w, https:\/\/www.drivelife.it\/clip\/wp-content\/uploads\/2014\/09\/NicTriggiani-DressCode-620x211.jpg 620w, https:\/\/www.drivelife.it\/clip\/wp-content\/uploads\/2014\/09\/NicTriggiani-DressCode.jpg 1175w\" sizes=\"auto, (max-width: 720px) 100vw, 720px\" \/><p id=\"caption-attachment-2449\" class=\"wp-caption-text\">#DiscoverC4Cactus &#8211; DRIVELIFE\/DRESSCODE<\/p><\/div>\n<h2><strong>AMSTERDAM,<br \/>\nDOVE IL FASCINO DELLA TRADIZIONE<br \/>\nSPOSA LA LIBERT\u00c0,<br \/>\nMI HA FATTO CONOSCERE<br \/>\nCITROEN C4 CACTUS,<br \/>\nUN\u2019AUTO CHE \u00c8 UN PO\u2019 COME LEI&#8230;\u00a0<\/strong><\/h2>\n<p><strong>di NICOLETTA TRIGGIANI &#8211; DURATA, 01\u2019 46\u201d\u00a0 \u00a0<\/strong><\/p>\n<p><strong>IN TV CON DRIVELIFE DEL 20 SETTEMBRE\u00a0<\/strong><\/p>\n<p>Amsterdam \u00e8 deliziosa, mi piace, ha quell\u2019aria di tradizione e libert\u00e0, magari anche un po\u2019 trasgressiva&#8230; Cactus \u00e8 un po\u2019 come lei, Amsterdam.<\/p>\n<p>C\u2019\u00e8 tutta la tradizione di Citroen, dalla Diane in poi, e &#8211; per\u00f2 &#8211; \u00e8 molto fuori dello schema \u201cautomotive\u201d, cos\u00ec ingessato e stereotipato&#8230; che noia certe volte&#8230;<\/p>\n<p>C4Cactus \u00e8 una ventata d\u2019originalit\u00e0&#8230; carina.<\/p>\n<p>Ora la sto aspettando in prova per un long-week-end. L\u2019ho scelta blu, ma ancora non ho deciso dove arrivare viaggiando con lei&#8230;<\/p>\n<p><a href=\"http:\/\/www.drivelife.it\/dresscode\/\">Scopri #DiscoverC4Cactus su drivelife.it\/dresscode\/<\/a><\/p>\n<p>&nbsp;<\/p>\n<h1><strong>CITROEN DIVINE<\/strong><\/h1>\n<h2><strong>L\u2019AUTO FRANCESE A PARIGI 2014 \u00c8 CHIAMATA AD UN MOMENTO DI VERIT\u00c0 BEN AL DI LA\u2019<br \/>\nDEGLI SFAVILLANTI CONCEPT<\/strong><\/h2>\n<p><strong>di LUCA ROMANO &#8211; DURATA, 02\u2019 49\u201d\u00a0 \u00a0<\/strong><\/p>\n<p><strong>IN TV CON DRIVELIFE DEL 20 SETTEMBRE<\/strong><\/p>\n<p>Parigi 2014. Il salone francese \u00e8 atteso, \u00e8 la verifica di tanti aspetti automotive che tengono con il fiato sospeso operatori di settore e tanta, ma tanta, gente che lavora nelle reti di vendita ed assistenza. All\u2019orizzonte ci sono solo venti di burrasca. Almeno quello che ci raccontano qui, in Italia. Perch\u00e9 se t\u2019affacci sulla stampa estera&#8230;<\/p>\n<p>Parigi 2014, l\u2019industria francese mostrer\u00e0 i muscoli dell\u2019orgoglio nazionale. Concept e novit\u00e0 pi\u00f9 avvicinabili brilleranno sugli stand.<\/p>\n<p>Questa clip, di Citroen Divine, passa non per l\u2019omaggio a Citroen in previsione del salone parigino, ma per un motivo molto pi\u00f9 semplice.<\/p>\n<h2>E\u2019 bella. C\u2019\u00e8 una bella idea, ci sono immagini bellissime.<br \/>\nPoi sulla concept, se volete, se ne pu\u00f2 discutere fino all\u2019alba.<br \/>\nOgnuno rester\u00e0 del suo parere.<\/h2>\n<h1>E con ci\u00f2, arrivederci alla prossima puntata.<\/h1>\n<p>&nbsp;<\/p>\n","protected":false},"excerpt":{"rendered":"<p>https:\/\/vimeo.com\/106441283 TIMELINE 12\u2019 00\u201d21 *** AUDI TT, 00\u2019 52\u201d &#8211; BMW SERIE 2 CABRIO, 01\u2019 29\u201d &#8211; VOLKSWAGEN GOLF GTE, 01\u2019 14\u201d &#8211; JEEP RENEGADE TRAILHAWK &amp; LIMITED, 01\u2019 46\u201d &#8211; CITROEN C4 CACTUS,&#46;&#46;&#46;<\/p>\n","protected":false},"author":1,"featured_media":2442,"comment_status":"open","ping_status":"open","sticky":false,"template":"","format":"video","meta":{"ngg_post_thumbnail":0,"footnotes":""},"categories":[343],"tags":[489,491,488,492,494,493,487,490],"class_list":["post-2441","post","type-post","status-publish","format-video","has-post-thumbnail","hentry","category-puntate-drivelife-2014","tag-audi-tt","tag-bmw-serie-2-cabriolet","tag-citroen-divine","tag-jeep","tag-jeep-renegade-limited","tag-jeep-renegade-trailhawk","tag-parigi-2014","tag-volkswagen-golf-gte","post_format-post-format-video"],"_links":{"self":[{"href":"https:\/\/www.drivelife.it\/clip\/wp-json\/wp\/v2\/posts\/2441","targetHints":{"allow":["GET"]}}],"collection":[{"href":"https:\/\/www.drivelife.it\/clip\/wp-json\/wp\/v2\/posts"}],"about":[{"href":"https:\/\/www.drivelife.it\/clip\/wp-json\/wp\/v2\/types\/post"}],"author":[{"embeddable":true,"href":"https:\/\/www.drivelife.it\/clip\/wp-json\/wp\/v2\/users\/1"}],"replies":[{"embeddable":true,"href":"https:\/\/www.drivelife.it\/clip\/wp-json\/wp\/v2\/comments?post=2441"}],"version-history":[{"count":9,"href":"https:\/\/www.drivelife.it\/clip\/wp-json\/wp\/v2\/posts\/2441\/revisions"}],"predecessor-version":[{"id":2983,"href":"https:\/\/www.drivelife.it\/clip\/wp-json\/wp\/v2\/posts\/2441\/revisions\/2983"}],"wp:featuredmedia":[{"embeddable":true,"href":"https:\/\/www.drivelife.it\/clip\/wp-json\/wp\/v2\/media\/2442"}],"wp:attachment":[{"href":"https:\/\/www.drivelife.it\/clip\/wp-json\/wp\/v2\/media?parent=2441"}],"wp:term":[{"taxonomy":"category","embeddable":true,"href":"https:\/\/www.drivelife.it\/clip\/wp-json\/wp\/v2\/categories?post=2441"},{"taxonomy":"post_tag","embeddable":true,"href":"https:\/\/www.drivelife.it\/clip\/wp-json\/wp\/v2\/tags?post=2441"}],"curies":[{"name":"wp","href":"https:\/\/api.w.org\/{rel}","templated":true}]}}