{"id":2286,"date":"2014-05-07T05:04:56","date_gmt":"2014-05-07T05:04:56","guid":{"rendered":"http:\/\/www.drivelife.it\/clip\/?p=2286"},"modified":"2015-04-03T10:29:03","modified_gmt":"2015-04-03T10:29:03","slug":"drivelife-edizione-maggio-10","status":"publish","type":"post","link":"https:\/\/www.drivelife.it\/clip\/2014\/05\/07\/drivelife-edizione-maggio-10\/","title":{"rendered":"DRIVELIFE EDIZIONE MAGGIO 10"},"content":{"rendered":"<p>https:\/\/vimeo.com\/94572481<\/p>\n<h2>ON LINE IL PROSSIMO 9 MAGGIO<\/h2>\n<div id=\"attachment_2287\" style=\"width: 730px\" class=\"wp-caption alignnone\"><img loading=\"lazy\" decoding=\"async\" aria-describedby=\"caption-attachment-2287\" class=\"size-large wp-image-2287\" alt=\"Peugeot 308 Wagon \u2013 Le Touquet \u2013 (C) R.Soret\" src=\"http:\/\/www.drivelife.it\/clip\/wp-content\/uploads\/2014\/04\/Novateam-Peugeot-187-940x626.jpg\" width=\"720\" height=\"479\" srcset=\"https:\/\/www.drivelife.it\/clip\/wp-content\/uploads\/2014\/04\/Novateam-Peugeot-187-940x626.jpg 940w, https:\/\/www.drivelife.it\/clip\/wp-content\/uploads\/2014\/04\/Novateam-Peugeot-187-620x413.jpg 620w, https:\/\/www.drivelife.it\/clip\/wp-content\/uploads\/2014\/04\/Novateam-Peugeot-187.jpg 1200w\" sizes=\"auto, (max-width: 720px) 100vw, 720px\" \/><p id=\"caption-attachment-2287\" class=\"wp-caption-text\">Peugeot 308 Wagon \u2013 Le Touquet \u2013 (C) R.Soret<\/p><\/div>\n<p>Test drive di Peugeot 308 Wagon e Opel Mokka GPL Tech.<\/p>\n<p>&#8220;&#8230;Eppure questa versione della nuova <strong>Peugeot 308, la wagon,<\/strong>\u00a0\u00e8 equipaggiata con un motore tre cilindri che eroga 130CV. E come cammina! In basso c\u2019\u00e8 \u201c<em>una cifra<\/em>\u201d di coppia ed in alto non si ferma mica! Un vero benzina, di quelli che ti fanno venir voglia di tirare il collo al motore fino al limitatore. Ma in Francia \u201c<em>so\u2019 cattivi<\/em>\u201d e perci\u00f2 devi star calmo al volante&#8230;&#8221;<\/p>\n<p>&#8220;&#8230;29 euro per un pieno di carburante \u00e8 un bell&#8217;argomento per convincere il cliente a comprare <strong>Opel Mokka GPL-Tech<\/strong>, un compact SUV &#8220;modaiolo&#8221; che tra i vantaggi (tecnici) ha il pregio dell&#8217;assemblaggio in fabbrica dell&#8217;impianto per il gas. Che \u00e8 di produzione della italianissima Landi-Renzo. Che con questa fornitura \u00e8 &#8211; di fatto &#8211; uno dei principali partner di Opel. Con la quale ha sviluppato il progetto di Mokka GPL-Tech&#8230;&#8221;<\/p>\n<p>&nbsp;<\/p>\n<p>TIMELINE 12\u2019 00\u201d *** VOLKSWAGEN POLO, 00\u2019 48\u201d &#8211; PEUGEOT 108, 01\u2019 19\u201d &#8211; PEUGEOT 308 WAGON TEST DRIVE LE TOUQUET, 02\u2019 36\u201d &#8211; PEUGEOT RCZ REPLICA, 00\u2019 42\u201d &#8211; OPEL MOKKA GPL-TECH TEST DRIVE ROMA, 02\u2019 41\u201d &#8211; MINI 2014, 01\u2019 06\u201d &#8211; BMW i8, 01\u2019 00\u201d<\/p>\n<p>&nbsp;<\/p>\n<h1><b>VOLKSWAGEN POLO<\/b><\/h1>\n<h2><b>IN VENDITA DALLA PROSSIMA SETTIMANA CON PREZZO A PARTIRE DA 12.600 EURO, LA VOLKSWAGEN POLO DEBUTTA SUL MERCATO CON UNA GAMMA DI MOTORI COMPLETAMENTE NUOVA<\/b><\/h2>\n<p><b>DURATA, 00\u2019 48\u201d\u00a0<\/b><b>&#8211;\u00a0<\/b>\u00a0di FEDERICO DI LERNIA &#8211;<\/p>\n<p>La Polo, di cui sono stati prodotti quasi 14 milioni di esemplari, \u00e8 uno dei modelli compatti pi\u00f9 venduti al mondo. Solo l\u2019anno scorso, circa 721.000 automobilisti l\u2019hanno scelto.<\/p>\n<p>La Volkswagen \u00e8 riuscita a ottenere una riduzione dei consumi fino al 21% grazie alle nuove motorizzazioni e alle tecnologie BlueMotion. Il vero record \u00e8 stabilito dalla nuova Polo TDI BlueMotion da 75 CV che, con un consumo nel ciclo combinato di 3,1 l\/100 km (pari a emissioni di CO2 di 82 g\/km), \u00e8 l\u2019auto a 5 posti a gasolio pi\u00f9 parca nei consumi del proprio segmento.<\/p>\n<p>A partire dall\u2019autunno, poi, debutter\u00e0 la prima Volkswagen BlueMotion con motore a benzina, un TSI da 95 CV in grado di offrire consumi ed emissioni (4,1 l\/100 km e 94 g\/km di CO2) che non temono confronti.<\/p>\n<p>&nbsp;<\/p>\n<h1><b>PEUGEOT 108<\/b><\/h1>\n<h2><b>IN SOLI DUE ANNI PEUGEOT HA COMPLETAMENTE RINNOVATO LA SUA GAMMA: \u00c8 ORA IL MOMENTO DELLA 108. LA GUIDEREMO A GIUGNO, IN FRANCIA, PER SCOPRIRE LE SUE DOTI DI CITY-CAR MA CON QUATTRO PORTE<\/b><\/h2>\n<p><b>DURATA, 01\u2019 19\u201d\u00a0<\/b><b>&#8211;\u00a0<\/b>\u00a0di NICOLETTA TRIGGIANI &#8211;<\/p>\n<p>Compatta, naturalmente adatta ai tragitti urbani, la nuova PEUGEOT 108 sfoggia un design chic ed elegante.<\/p>\n<p>La nuova city-car del Marchio si propone in due varianti di carrozzeria: PEUGEOT 108 berlina e PEUGEOT 108 TOP! decappottabile.<\/p>\n<p>Con 3,47m di lunghezza e 1,62m di larghezza, PEUGEOT 108 \u00e8\u00a0 campionessa di compattezza, una caratteristica che in citt\u00e0 fa la differenza. I suoi sbalzi ridotti e il raggio di sterzata di soli\u00a0 4,80m le permettono di destreggiarsi fra gli ostacoli con facilit\u00e0.<\/p>\n<p>La gamma si compone di quattro gruppi motopropulsori 3 cilindri efficienti:<\/p>\n<p style=\"padding-left: 30px;\">1.0 e-VTi\u00a0 68 cambio manuale 5 rapporti, 88g\/km di CO2, con un consumo di 3,8 l\/100 km,<\/p>\n<p style=\"padding-left: 30px;\">1.0 VTi\u00a0 68 cambio manuale 5 rapporti, 95g\/km di CO2, con un consumo 4,1 l\/100 km<\/p>\n<p style=\"padding-left: 30px;\">1.0 VTi 68 ETG5, 97g\/km de CO2, con un consumo 4,2 l\/100 km<\/p>\n<p style=\"padding-left: 30px;\">Nuovo motore PureTech 1.2 VTi 82 cambio manuale 5 rapporti, 99g\/km di CO2, con un consumo 4,2 l\/100 km<\/p>\n<p>Vettura connessa, la nuova PEUGEOT 108 \u00e8 lo specchio dello smartphone del suo utente, grazie al grande touchscreen dotato della funzione Mirror Screen, che include i nuovi protocolli di connettivit\u00e0 MirrorLink e AppInCar. Gli equipaggiamenti sono tipici dei segmenti superiori: retrocamera, climatizzazione automatica, keyless system.<\/p>\n<p>&nbsp;<\/p>\n<h1><b>PEUGEOT 308 WAGON<\/b><\/h1>\n<h2><b>CON LA CAPACITA\u2019 DI CARICO FINO A 1.660 DM3 ED UN BRILLANTE QUANTO PARSIMONIOSO TRE CILINDRI CON 130 CAVALLI E\u2019 IN VENDITA DAL PROSSIMO NOVE GIUGNO. PREZZI A PARTIRE DA MENO DI VENTIMILA<\/b><\/h2>\n<p><b>DURATA, 02\u2019 36\u201d\u00a0<\/b><b>&#8211;\u00a0<\/b>\u00a0di LUCA ROMANO<\/p>\n<p><strong>INTERVISTA EUGENIO FRANZETTI, PEUGEOT ITALIA, trascrizione non disponibile.<\/strong><\/p>\n<p>PEUGEOT 308 WAGON, CONCLUSIVA 0\u201937\u2019\u2019<\/p>\n<p>Chiudiamo il servizio con una nota importante per chi decide di comprare una wagon, ossia lo spazio a disposizione \u201cdietro\u201d. Grazie al sistema Magic Flat del divano posteriore, arriva fino a 1.660 decimetri cubi. Pi\u00f9 un vano di altri 54 sotto il pavimento del bagagliaio.<\/p>\n<p>In Italia, come affermato nell\u2019intervista le 308 Wagon saranno disponibili tra poco meno di un mese. Le quote assegnate al nostro mercato prevedono, per quest\u2019anno 2.500 unit\u00e0 e per il prossimo circa seimila.<\/p>\n<p>&nbsp;<\/p>\n<h1><b>PEUGEOT RCZ REPLICA<\/b><\/h1>\n<h2><b>LA VERSIONE STRADALE DELLA RCZ DEL MONOMARCA: SE VI PIACE GUIDARE UN\u2019EMOZIONE E FARVI NOTARE PER L\u2019ESCLUSIVA LIVREA LA \u201cREPLICA\u201d \u00c8 PER VOI\u2026<\/b><\/h2>\n<p><b>DURATA, 00\u2019 42\u201d\u00a0<\/b><b>&#8211;<\/b>\u00a0TESTO NON DISPONIBILE<\/p>\n<p>&nbsp;<\/p>\n<h1><b>OPEL MOKKA GPL-TECH\u00a0<\/b><\/h1>\n<h2><b>ARGOMENTO DI GRANDE IMPATTO SUL CLIENTE OGGI IL COSTO DI UN PIENO DI MOKKA GPL-TECH: SOLO 29 EURO. ED UNA AUTONOMIA CHE ARRIVA OLTRE I 1.300 CHILOMETRI<\/b><\/h2>\n<p><b>DURATA, 02\u2019 41\u201d\u00a0<\/b><b>&#8211;\u00a0<\/b>\u00a0di LUCA ROMANO<\/p>\n<p><strong>INTERVISTA NICOLA BENAI, OPEL ITALIA, trascrizione non disponibile.<\/strong><\/p>\n<p style=\"padding-left: 30px;\">MOKKA INTRO, 0\u201922\u2019\u2019<\/p>\n<p>Secondo le ricerche Opel in fatto di preferenze dei clienti il compact SUV si compra con la trazione solo alle ruote anteriori, forse per risparmiare sul costo d\u2019acquisto e quello di gestione. Ma con Mokka GPL-Tech la tendenza pu\u00f2 invertirsi.<\/p>\n<p style=\"padding-left: 30px;\">MOKKA 1, 0\u201920\u2019\u2019<\/p>\n<p>I clienti scelgono Mokka perch\u00e9 in dimensioni contenute trovano doti dinamiche d\u2019alto livello, abitabilit\u00e0 e design di moda. Mokka, infatti, \u00e8 leader di vendite nel segmento. \u00c8 il numero uno in Italia.<\/p>\n<p style=\"padding-left: 30px;\">MOKKA 2, 0\u201913\u2019\u2019<\/p>\n<p>La produzione di Mokka sar\u00e0 spostata dagli stabilimenti coreani a quello di Saragozza, in Spagna.<\/p>\n<p style=\"padding-left: 30px;\">MOKKA FINE, 0\u201920\u2019\u2019<\/p>\n<p>Opel Mokka dispone di un impianto GPL montato in fabbrica: l\u2019azienda italiana Landi-Renzo che lo costruisce \u00e8 diventata partner del marchio tedesco anche per lo sviluppo del progetto e non solo per la fornitura. Un bel successo per noi\u2026<\/p>\n<p>&nbsp;<\/p>\n<h1><b>MINI MODELLO 2014<\/b><\/h1>\n<h2><b>TANTO PI\u00d9 GRANDE E CONFORTEVOLE LA NUOVA MINI PRESTO SAR\u00c0 DISPONIBILE ANCHE NELLA VERSIONE CLUBMAN CHE POTETE VEDERE IN ANTEPRIMA NELLA CLIP DI DRIVELIFE TV<\/b><\/h2>\n<p><b>DURATA, 01\u2019 06\u201d\u00a0<\/b><b>&#8211;<\/b>\u00a0TESTO NON DISPONIBILE<\/p>\n<p>&nbsp;<\/p>\n<h1><b>BMW i8<\/b><\/h1>\n<h2><b>INIZIA LA COMMERCIALIZZAZIONE DELLA BMW i8, IN VENDITA DA GIUGNO AL PREZZO DI 132.500 EURO<\/b><\/h2>\n<p><b>DURATA, 01\u2019 00\u201d\u00a0<\/b><b>&#8211;\u00a0<\/b>\u00a0TESTO NON DISPONIBILE<\/p>\n<p>&nbsp;<\/p>\n<div id=\"attachment_2288\" style=\"width: 730px\" class=\"wp-caption alignnone\"><img loading=\"lazy\" decoding=\"async\" aria-describedby=\"caption-attachment-2288\" class=\"size-large wp-image-2288\" alt=\"Opel MOKKA GPL Tech\" src=\"http:\/\/www.drivelife.it\/clip\/wp-content\/uploads\/2014\/04\/Opel-MOKKA-GPL-Tech-940x626.jpg\" width=\"720\" height=\"479\" srcset=\"https:\/\/www.drivelife.it\/clip\/wp-content\/uploads\/2014\/04\/Opel-MOKKA-GPL-Tech-940x626.jpg 940w, https:\/\/www.drivelife.it\/clip\/wp-content\/uploads\/2014\/04\/Opel-MOKKA-GPL-Tech-620x413.jpg 620w\" sizes=\"auto, (max-width: 720px) 100vw, 720px\" \/><p id=\"caption-attachment-2288\" class=\"wp-caption-text\">Opel MOKKA GPL Tech<\/p><\/div>\n","protected":false},"excerpt":{"rendered":"<p>https:\/\/vimeo.com\/94572481 ON LINE IL PROSSIMO 9 MAGGIO Test drive di Peugeot 308 Wagon e Opel Mokka GPL Tech. &#8220;&#8230;Eppure questa versione della nuova Peugeot 308, la wagon,\u00a0\u00e8 equipaggiata con un motore tre cilindri che&#46;&#46;&#46;<\/p>\n","protected":false},"author":1,"featured_media":2292,"comment_status":"open","ping_status":"open","sticky":false,"template":"","format":"video","meta":{"ngg_post_thumbnail":0,"footnotes":""},"categories":[343],"tags":[261,410,430,409,413,408,429,411,412,428],"class_list":["post-2286","post","type-post","status-publish","format-video","has-post-thumbnail","hentry","category-puntate-drivelife-2014","tag-bmw-i8","tag-le-touquet","tag-mini-2014","tag-opel-mokka-gpl-tech","tag-peugeot-108","tag-peugeot-308-wagon","tag-peugeot-rcz-replica","tag-roma","tag-test-drive","tag-volkswagen-polo","post_format-post-format-video"],"_links":{"self":[{"href":"https:\/\/www.drivelife.it\/clip\/wp-json\/wp\/v2\/posts\/2286","targetHints":{"allow":["GET"]}}],"collection":[{"href":"https:\/\/www.drivelife.it\/clip\/wp-json\/wp\/v2\/posts"}],"about":[{"href":"https:\/\/www.drivelife.it\/clip\/wp-json\/wp\/v2\/types\/post"}],"author":[{"embeddable":true,"href":"https:\/\/www.drivelife.it\/clip\/wp-json\/wp\/v2\/users\/1"}],"replies":[{"embeddable":true,"href":"https:\/\/www.drivelife.it\/clip\/wp-json\/wp\/v2\/comments?post=2286"}],"version-history":[{"count":6,"href":"https:\/\/www.drivelife.it\/clip\/wp-json\/wp\/v2\/posts\/2286\/revisions"}],"predecessor-version":[{"id":2992,"href":"https:\/\/www.drivelife.it\/clip\/wp-json\/wp\/v2\/posts\/2286\/revisions\/2992"}],"wp:featuredmedia":[{"embeddable":true,"href":"https:\/\/www.drivelife.it\/clip\/wp-json\/wp\/v2\/media\/2292"}],"wp:attachment":[{"href":"https:\/\/www.drivelife.it\/clip\/wp-json\/wp\/v2\/media?parent=2286"}],"wp:term":[{"taxonomy":"category","embeddable":true,"href":"https:\/\/www.drivelife.it\/clip\/wp-json\/wp\/v2\/categories?post=2286"},{"taxonomy":"post_tag","embeddable":true,"href":"https:\/\/www.drivelife.it\/clip\/wp-json\/wp\/v2\/tags?post=2286"}],"curies":[{"name":"wp","href":"https:\/\/api.w.org\/{rel}","templated":true}]}}