{"id":1965,"date":"2014-03-02T18:36:05","date_gmt":"2014-03-02T18:36:05","guid":{"rendered":"http:\/\/www.drivelife.it\/clip\/?p=1965"},"modified":"2015-04-03T10:35:30","modified_gmt":"2015-04-03T10:35:30","slug":"drivelife-edizione-marzo-08","status":"publish","type":"post","link":"https:\/\/www.drivelife.it\/clip\/2014\/03\/02\/drivelife-edizione-marzo-08\/","title":{"rendered":"DRIVELIFE EDIZIONE MARZO 08"},"content":{"rendered":"<p>https:\/\/vimeo.com\/88233873<\/p>\n<p>Drivelife 8 marzo: \u00a0<b>TIMELINE 11\u2019 25\u201d ***<\/b> MINI 2014 TEST DRIVE ROMA, 00\u2019 56\u201d &#8211; FIAT 500 \u201cLATTEMENTA\u201d, 01\u2019 09\u201d &#8211; LEXUS CT HYBRID, 01\u2019 27\u201d &#8211; VOLVO ESTATE CONCEPT, 02\u2019 14\u201d &#8211; MINI CLUBMAN CONCEPT, 01\u2019 55\u201d &#8211; NUOVA FORD FOCUS, 01\u2019 34\u201d &#8211; NUOVA CITROEN C1, 00\u2019 19\u201d<\/p>\n<h1><strong>SALTO DI DIMENSIONE<\/strong><\/h1>\n<p><img loading=\"lazy\" decoding=\"async\" class=\"alignnone size-large wp-image-1967\" alt=\"MINI 2014 - credits Alberto Novelli\" src=\"http:\/\/www.drivelife.it\/clip\/wp-content\/uploads\/2014\/03\/MINI_00887-copia-940x384.jpg\" width=\"720\" height=\"294\" srcset=\"https:\/\/www.drivelife.it\/clip\/wp-content\/uploads\/2014\/03\/MINI_00887-copia-940x384.jpg 940w, https:\/\/www.drivelife.it\/clip\/wp-content\/uploads\/2014\/03\/MINI_00887-copia-620x253.jpg 620w\" sizes=\"auto, (max-width: 720px) 100vw, 720px\" \/><\/p>\n<h2><b style=\"line-height: 1.5em;\">LA NUOVA MINI \u00c8 UNA CITY CAR MA IN REALT\u00c0<br \/>\n\u00c8 UN FENOMENO \u201cMULTITASKING\u201d<br \/>\nCHE SI MODELLA ALLA PERFEZIONE<br \/>\nAGLI STILI DI VITA ED ALLE ESIGENZE<br \/>\nDI AUTOMOBILISTI DI UN TRASVERSALE<br \/>\nTARGET DI CLIENTI.<br \/>\nL\u2019AUTO PER TUTTI MA NON PER TUTTI,<br \/>\nDEVI POSSEDERE UNA CULTURA MINI.<\/b><\/h2>\n<p><b style=\"line-height: 1.5em;\">DURATA, 00\u2019 00\u201d &#8211;\u00a0<\/b><span style=\"line-height: 1.5em;\"> Chi ha guidato la MINI, dalla originale di Issigonis a quella pi\u00f9 moderna di BMW, conosce bene i tanti pregi ed anche quei difettucci che la super cittadina per eccellenza, comunque porta(va) con s\u00e8. Per descrivere bene la nuova MINI, la The New Original, basta semplicemente dire che \u00e8 una MINI, con tutti i pregi della MINI ma senza tutti quei difettucci della MINI. In altre parole, un\u2019automobile perfetta. S\u00ec, perch\u00e9 al fascino intramontabile dello stile creato da Issigonis ora la The New Original somma tutte le caratteristiche di confort, accessibilit\u00e0 tipiche, non di una city-car, bens\u00ec di una vera e propria premium. Pi\u00f9 prodotto in meno di quattro metri, pi\u00f9 prodotto con lo stesso stile e lo stesso fascino creato da Issigonis negli anni \u201950.<\/span><\/p>\n<p><span style=\"line-height: 1.5em;\">Forse perch\u00e9 la Mini, una MK3 celeste &#8211; la prima con i finestrini discendenti anzich\u00e9 scorrevoli, in Italia c\u2019era la British Leyland, pensa te! &#8211; mi ha accompagnato nel primo giro in citt\u00e0 (da solo!) con la patente appena ritirata, quando mi sono messo al volante della The New Original ho \u201csentito\u201d di guidare una MINI e non un\u2019automobile con il vestito della Mini \u201crimesso in forma\u201d.\u00a0<\/span><\/p>\n<p>Una sensazione interessante. In MINI sono stati capaci, tra marketing e prodotto, di creare intorno a questa singolarissima automobile, un mix di heritage, stile retr\u00f2, attualit\u00e0, dalla strumentazione agli accessori per sicurezza della dinamica di marcia, e convivialit\u00e0.<\/p>\n<p><span style=\"line-height: 1.5em;\">Una convivialit\u00e0 che con MINI va oltre la stessa MINI, intesa come automobile\/prodotto per diventare un fenomeno di costume e di aggregazione sociale nel nome di MINI. Issigonis aveva disegnato un\u2019automobile \u201cdirompente\u201d, una automobile cos\u00ec piccola in contrapposizione con le macchinone di allora. Gi\u00e0 questo bast\u00f2, per decretarne il successo e farla divenire un\u2019icona, un fenomeno. Poi Mini aveva le prestazioni che le grandi non avevano. Un fascino di grande richiamo tra i ragazzi di allora, sommato all\u2019allure british ed al periodo storico che vedeva importanti mutamenti di costume, che partivano, tra l\u2019altro, proprio dall\u2019Inghilterra. La \u201cswinging\u201d London, dai Beatles a Mary Quant con la minigonna, grandi protagonisti del cambiamento sociale. Anche un\u2019automobile piccola era utile, ieri, per sottolineare la propria diversit\u00e0 nell\u2019ingessata societ\u00e0 degli anni \u201950, \u201960&#8230;<\/span><\/p>\n<p><span style=\"line-height: 1.5em;\">Monaco \u00e8 stata capace di superare Mini con MINI. Per far divenire icona, fenomeno di costume un\u2019automobile, oggi, non \u00e8 sufficiente la geometria delle dimensioni o il lusso, tantomeno il design dirompente, degli interni. \u00c8 necessario qualcosa di pi\u00f9: l\u2019unica strada percorribile \u00e8 il marketing e la comunicazione. Hanno saputo \u201cgiocare\u201d con MINI, tant\u2019\u00e8 che MINI ha battuto Mini. Al di l\u00e0 delle sue dimensioni MINI \u00e8 diventata un giocattolo in mano all\u2019automobilista. Chi la guida sa di poter guidare un\u2019auto con dei limiti dimensionali e prestazionali ma con infinite possibilit\u00e0 di gioco. Dall\u2019arredo esterno a quello interno, dalla musica a bordo alla connettivit\u00e0 estesa. Con MINI giochi sia dall\u2019abitacolo che dallo smartphone che dal computer di casa. Che si tratti di programmare un itinerario o trasferire al sistema audio una compilation costruita con iTunes sul Mac o l\u2019iPad a casa, in ufficio. E\u2019 questa trasversalit\u00e0 onnipresente che ha scritto il successo di MINI. Alla festa di Roma, negli Studios di Via Tiburtina, la \u201cgente\u201d, il popolo di MINI stava l\u00ec non perch\u00e9 c\u2019era il lancio del nuovo modello, o non solo per quello, stava l\u00ec perch\u00e9 dietro l\u2019elemento di richiamo dato del prodotto quelli del marketing di BMW, sorry, MINI, avevano creato un elemento \u201ccatalizzatore\u201d delle masse. MINI era la scusa per incontrarsi, partecipare alla festa, socializzare, rimorchiare, scrivere il proprio nome sul wall costruito per raccogliere le firme e fare selfie. E poter dire, agli amici collegati via FB, magari dall\u2019abitacolo di una MINI in cerca di parcheggio in via Tiburtina, io ci sono, c\u2019ero. Sono stato l\u00ec. E diventare, con MINI, protagonista.<\/span><\/p>\n<p>Ecco perch\u00e9 MINI batte tutti, nessun\u2019altra auto \u00e8 cos\u00ec protagonista. (lr)<\/p>\n\n\t\t<style>\n\t\t\t#gallery-1 {\n\t\t\t\tmargin: auto;\n\t\t\t}\n\t\t\t#gallery-1 .gallery-item {\n\t\t\t\tfloat: left;\n\t\t\t\tmargin-top: 10px;\n\t\t\t\ttext-align: center;\n\t\t\t\twidth: 16%;\n\t\t\t}\n\t\t\t#gallery-1 img {\n\t\t\t\tborder: 2px solid #cfcfcf;\n\t\t\t}\n\t\t\t#gallery-1 .gallery-caption {\n\t\t\t\tmargin-left: 0;\n\t\t\t}\n\t\t\t\/* see gallery_shortcode() in wp-includes\/media.php *\/\n\t\t<\/style>\n\t\t<div id='gallery-1' class='gallery galleryid-1965 gallery-columns-6 gallery-size-thumbnail'><dl class='gallery-item'>\n\t\t\t<dt class='gallery-icon landscape'>\n\t\t\t\t<a href='https:\/\/www.drivelife.it\/clip\/2014\/03\/02\/drivelife-edizione-marzo-08\/nuova-mini-2014_91\/'><img loading=\"lazy\" decoding=\"async\" width=\"110\" height=\"70\" src=\"https:\/\/www.drivelife.it\/clip\/wp-content\/uploads\/2014\/03\/NUOVA-MINI-2014_91-205x130.jpg\" class=\"attachment-thumbnail size-thumbnail no-lazy\" alt=\"\" \/><\/a>\n\t\t\t<\/dt><\/dl><dl class='gallery-item'>\n\t\t\t<dt class='gallery-icon landscape'>\n\t\t\t\t<a href='https:\/\/www.drivelife.it\/clip\/2014\/03\/02\/drivelife-edizione-marzo-08\/nuova-mini-2014_60\/'><img loading=\"lazy\" decoding=\"async\" width=\"110\" height=\"70\" src=\"https:\/\/www.drivelife.it\/clip\/wp-content\/uploads\/2014\/03\/NUOVA-MINI-2014_60-205x130.jpg\" class=\"attachment-thumbnail size-thumbnail no-lazy\" alt=\"\" \/><\/a>\n\t\t\t<\/dt><\/dl><dl class='gallery-item'>\n\t\t\t<dt class='gallery-icon landscape'>\n\t\t\t\t<a href='https:\/\/www.drivelife.it\/clip\/2014\/03\/02\/drivelife-edizione-marzo-08\/nuova-mini-2014_104\/'><img loading=\"lazy\" decoding=\"async\" width=\"110\" height=\"70\" src=\"https:\/\/www.drivelife.it\/clip\/wp-content\/uploads\/2014\/03\/NUOVA-MINI-2014_104-205x130.jpg\" class=\"attachment-thumbnail size-thumbnail no-lazy\" alt=\"\" \/><\/a>\n\t\t\t<\/dt><\/dl><dl class='gallery-item'>\n\t\t\t<dt class='gallery-icon landscape'>\n\t\t\t\t<a href='https:\/\/www.drivelife.it\/clip\/2014\/03\/02\/drivelife-edizione-marzo-08\/nuova-mini-2014_73\/'><img loading=\"lazy\" decoding=\"async\" width=\"110\" height=\"70\" src=\"https:\/\/www.drivelife.it\/clip\/wp-content\/uploads\/2014\/03\/NUOVA-MINI-2014_73-205x130.jpg\" class=\"attachment-thumbnail size-thumbnail no-lazy\" alt=\"\" \/><\/a>\n\t\t\t<\/dt><\/dl><dl class='gallery-item'>\n\t\t\t<dt class='gallery-icon landscape'>\n\t\t\t\t<a href='https:\/\/www.drivelife.it\/clip\/2014\/03\/02\/drivelife-edizione-marzo-08\/nuova-mini-2014_319\/'><img loading=\"lazy\" decoding=\"async\" width=\"110\" height=\"70\" src=\"https:\/\/www.drivelife.it\/clip\/wp-content\/uploads\/2014\/03\/NUOVA-MINI-2014_319-205x130.jpg\" class=\"attachment-thumbnail size-thumbnail no-lazy\" alt=\"\" \/><\/a>\n\t\t\t<\/dt><\/dl><dl class='gallery-item'>\n\t\t\t<dt class='gallery-icon landscape'>\n\t\t\t\t<a href='https:\/\/www.drivelife.it\/clip\/2014\/03\/02\/drivelife-edizione-marzo-08\/nuova-mini-2014_130\/'><img loading=\"lazy\" decoding=\"async\" width=\"110\" height=\"70\" src=\"https:\/\/www.drivelife.it\/clip\/wp-content\/uploads\/2014\/03\/NUOVA-MINI-2014_130-205x130.jpg\" class=\"attachment-thumbnail size-thumbnail no-lazy\" alt=\"\" \/><\/a>\n\t\t\t<\/dt><\/dl><br style=\"clear: both\" \/><dl class='gallery-item'>\n\t\t\t<dt class='gallery-icon landscape'>\n\t\t\t\t<a href='https:\/\/www.drivelife.it\/clip\/2014\/03\/02\/drivelife-edizione-marzo-08\/nuova-mini-2014_168\/'><img loading=\"lazy\" decoding=\"async\" width=\"110\" height=\"70\" src=\"https:\/\/www.drivelife.it\/clip\/wp-content\/uploads\/2014\/03\/NUOVA-MINI-2014_168-205x130.jpg\" class=\"attachment-thumbnail size-thumbnail no-lazy\" alt=\"\" \/><\/a>\n\t\t\t<\/dt><\/dl><dl class='gallery-item'>\n\t\t\t<dt class='gallery-icon landscape'>\n\t\t\t\t<a href='https:\/\/www.drivelife.it\/clip\/2014\/03\/02\/drivelife-edizione-marzo-08\/nuova-mini-2014_490\/'><img loading=\"lazy\" decoding=\"async\" width=\"110\" height=\"70\" src=\"https:\/\/www.drivelife.it\/clip\/wp-content\/uploads\/2014\/03\/NUOVA-MINI-2014_490-205x130.jpg\" class=\"attachment-thumbnail size-thumbnail no-lazy\" alt=\"\" \/><\/a>\n\t\t\t<\/dt><\/dl><dl class='gallery-item'>\n\t\t\t<dt class='gallery-icon landscape'>\n\t\t\t\t<a href='https:\/\/www.drivelife.it\/clip\/2014\/03\/02\/drivelife-edizione-marzo-08\/nuova-mini-2014_451\/'><img loading=\"lazy\" decoding=\"async\" width=\"110\" height=\"70\" src=\"https:\/\/www.drivelife.it\/clip\/wp-content\/uploads\/2014\/03\/NUOVA-MINI-2014_451-205x130.jpg\" class=\"attachment-thumbnail size-thumbnail no-lazy\" alt=\"\" \/><\/a>\n\t\t\t<\/dt><\/dl><dl class='gallery-item'>\n\t\t\t<dt class='gallery-icon landscape'>\n\t\t\t\t<a href='https:\/\/www.drivelife.it\/clip\/2014\/03\/02\/drivelife-edizione-marzo-08\/nuova-mini-2014_190\/'><img loading=\"lazy\" decoding=\"async\" width=\"110\" height=\"70\" src=\"https:\/\/www.drivelife.it\/clip\/wp-content\/uploads\/2014\/03\/NUOVA-MINI-2014_190-205x130.jpg\" class=\"attachment-thumbnail size-thumbnail no-lazy\" alt=\"\" \/><\/a>\n\t\t\t<\/dt><\/dl><dl class='gallery-item'>\n\t\t\t<dt class='gallery-icon landscape'>\n\t\t\t\t<a href='https:\/\/www.drivelife.it\/clip\/2014\/03\/02\/drivelife-edizione-marzo-08\/nuova-mini-2014_474\/'><img loading=\"lazy\" decoding=\"async\" width=\"110\" height=\"70\" src=\"https:\/\/www.drivelife.it\/clip\/wp-content\/uploads\/2014\/03\/NUOVA-MINI-2014_474-205x130.jpg\" class=\"attachment-thumbnail size-thumbnail no-lazy\" alt=\"\" \/><\/a>\n\t\t\t<\/dt><\/dl><dl class='gallery-item'>\n\t\t\t<dt class='gallery-icon landscape'>\n\t\t\t\t<a href='https:\/\/www.drivelife.it\/clip\/2014\/03\/02\/drivelife-edizione-marzo-08\/nuova-mini-2014_541\/'><img loading=\"lazy\" decoding=\"async\" width=\"110\" height=\"70\" src=\"https:\/\/www.drivelife.it\/clip\/wp-content\/uploads\/2014\/03\/NUOVA-MINI-2014_541-205x130.jpg\" class=\"attachment-thumbnail size-thumbnail no-lazy\" alt=\"\" \/><\/a>\n\t\t\t<\/dt><\/dl><br style=\"clear: both\" \/>\n\t\t<\/div>\n\n<p>&nbsp;<\/p>\n<h1><b>DI CHE COLORE MI VESTO OGGI?<\/b><\/h1>\n<h2><b>TRE NUOVE TINTE PER LA FIAT 500 DISPONIBILE CON POTENZE A PARTIRE DA 105CV<\/b><\/h2>\n<p><b>DURATA, 01\u2019 09\u201d &#8211;\u00a0<\/b> L\u2019aggiornamento della gamma FIAT 500 prosegue anche sul palcoscenico di Ginevra 2014 dove il gruppo italo\/americano presenta tre nuovi colori, ed un allestimento (si chiama Cult) per la \u201cnostra\u201d city car.<\/p>\n<p>Verde Lattementa (\u00e8 la versione nella clip), Bianco tristrato e Blu Italia, un\u2019esclusiva per la versione S, ampliano la scelta del colore per la 500.<\/p>\n<p>All\u2019interno nuovi rivestimenti e sotto il cofano ora disponibili cinque motorizzazioni a partire dal \u201cnovecento\u201d TwinAir Turbo con 105CV.<\/p>\n<p>&nbsp;<\/p>\n<h1><b>PIACE A LEI, PIACE A TUTTI<\/b><\/h1>\n<h2><b>CHIKA KAKO \u00c8 LA PRIMA CHIEF ENGINEER A RICOPRIRE QUESTO RUOLO IN LEXUS: A LEI LA \u201cMATERNIT\u00c0\u201d DELLO STILE DELLA NUOVA CT HYBRID<\/b><\/h2>\n<p><b>DURATA, 01\u2019 27\u201d <\/b>&#8211;\u00a0 Quanto fosse anticipatrice di moda, questa Lexus CT lo testimonia il fatto che alcuni elementi di stile siano stati ripresi dalle nuove linee di prodotto di Toyota. Una sinergia di piani netti e spigoli che ormai accomuna il marchio premium e quello generalista, Lexus e Toyota, quasi che il gap di stile sia in direzione dell\u2019annullamento. A vantaggio di un\u2019immagine \u201cpremium\u201d per entrambi i marchi. Insomma l\u2019esatto contrario di quanto accadde al lancio della prima Lexus, la cui nobile missione (il lusso) era pi\u00f9 che evidente sin dal primo colpo d\u2019occhio.<\/p>\n<p><span style=\"line-height: 1.5em;\">Primo step per l\u2019avvicinamento alla gamma Lexus la CT Hybrid dal 2011 \u00e8 stata preferita da oltre 42mila clienti, un successo considerando il prezzo non proprio popolare ed il sistema di motorizzazione, che fin dall\u2019inizio \u00e8 stato ibrido. Quindi \u201ctutto da capire\u201d ed apprezzare considerando che ieri, il 2011, l\u2019auto ibrida era poco pi\u00f9 che una chimera.<\/span><\/p>\n<p>Lo stile esterno riprende i nuovi principi di design della gamma nella sua totalit\u00e0, quindi un design che strizza l\u2019occhio al dinamismo ed alla sportivit\u00e0 fatto di segni, luci ed ombre, ben definiti. Per attirare l\u2019attenzione \u00e8 stato introdotto in gamma il Rosso Brillante, colore di lancio. Gli interni sono stati rivisti da cima a fondo, ed anche in questo caso i travasi di stile dai modelli pi\u00f9 grandi sono evidenti. Un po\u2019 come fa Audi con le sue gamme.<\/p>\n<p>La nuova Lexus CT Hybrid \u00e8 certificata Euro 6 e con la versione equipaggiata con cerchi di 15 pollici e pneumatico a bassa resistenza contiene le emissioni fino ad 82 grammi per chilometro.<\/p>\n<p>Il sistema propulsivo unisce un motore benzina con ciclo Atkinson, 1.798 cc, che sviluppa 99CV con uno elettrico di 80CV. La potenza combinata nominale \u00e8 di 136CV sufficienti per raggiungere i 180 km ora con una accelerazione zero cento in dieci secondi, circa. Consumo di 3,6 litri per cento chilometri.<\/p>\n<p>&nbsp;<\/p>\n<h1><b>IN ARRIVO L\u2019EREDE<\/b><\/h1>\n<h2><b>PERCH\u00c8 VOLVO HA PRESENTATO TRE CONCEPT TUTTE E TRE CON DUE PORTE? PROPRIO NELL\u2019ANNO DI LANCIO DELLA NUOVA XC90, CHE DI PORTE NE HA QUATTRO E POSTI SETTE?<\/b><\/h2>\n<p><b>DURATA, 02\u2019 14\u201d &#8211;\u00a0<\/b> Questa concept \u00e8 un colpo a sorpresa, chi se la ricordava pi\u00f9 la Volvo ES? E\u2019 vero che l\u2019accento posta sulla comunicazione dei valori storici del design di Volvo avrebbe dovuto lasciar presagire un\u2019altra esercitazione di stile di Ingenlath che traesse ispirazione dalla P1800 ES ma l\u2019attesa, nella mia idea, era per qualcosa di altro.<\/p>\n<p>Anche perch\u00e9 le tre concept annunciate e presentate, Francoforte, Detroit e Ginevra, hanno uno strano denominatore comune: sono tutte a due porte, una tipologia di automobile nella quale Volvo \u00e8 piuttosto indietro. Concept Coup\u00e9, XC Concept Coup\u00e9 ed ora Estate Concept, Ingenlath le ha disegnate tutte e tre con due soli sportelli. Proprio nell\u2019anno in cui la casa svedese sta preparando, a Parigi, in settembre, il lancio della nuova XC90. Che di porte ne ha quattro e di posti sette.<\/p>\n<p>Che vuol dire ingenti risorse concentrate sull\u2019ammiraglia della gamma. I soldi, ora, non mancano a Goteborg ma immaginare un successivo ed immediato lancio di un altro modello subito XC90 2014 ci sembra abbastanza improbabile.<\/p>\n<p>L\u2019azienda sar\u00e0 concentrata sul follow, per i diversi mercati dove sar\u00e0 commercializzato, di XC90.<\/p>\n<p>Del resto le tre concept di Volvo sono davvero concept, nel senso pi\u00f9 puro del termine: difficile pensare una produzione industriale, anche su scala ridotta, di una di queste proposte. Troppo \u201clontano\u201d lo stile dalle necessit\u00e0 commerciali: qui, in Volvo, le concept hanno, ancora, il ruolo di prototipo, nel vero senso del termine e del ruolo.<\/p>\n<p>Per\u00f2 non \u00e8 possibile trascurare che nella gamma Volvo attuale il modello che manca \u00e8 proprio la due porte.<\/p>\n<p>Archiviata la Volvo C30, generosamente definita \u201cincompresa\u201d, seppellita da tempo la C70, nelle sue declinazioni Cabriolet e Coup\u00e9 e poi Coup\u00e9\/Cabriolet (quelle con il tetto metallico retrattile), potenziato lo sviluppo della gamma bassa con la V40 e le versioni derivate, il pezzo mancante al puzzle della gamma \u00e8 proprio una due porte che susciti emozione e fascino.<\/p>\n<p>Con una gamma votata alla convivialit\u00e0 delle wagon, due sport utility di successo, XC60 ed XC90, una V70 Cross Country intramontabile, e punto di riferimento per chi chiunque intenda cimentarsi nella sfida delle crossover, in Volvo, guarda un po\u2019, manca una due porte vera. La P1800 ES non rester\u00e0 a lungo senza discendenza.<\/p>\n<p>&nbsp;<\/p>\n<h1><b>CRESCE A VISTA D\u2019OCCHIO<\/b><\/h1>\n<h2><b>BEN VENTISEI CENTIMETRI IN PI\u00d9 SULLA LUNGHEZZA E QUASI DICIASSETTE SULLA LARGHEZZA. LA MINI CLUBMAN CONCEPT, PREVIEW DELLA VERSIONE DEFINITIVA, OFFRE GRANDI SPAZI PER GLI INTERNI ED IL BAGAGLIAIO: ERA ORA!<\/b><\/h2>\n<p><b>DURATA, 01\u2019 55\u201d &#8211;<\/b><b>\u00a0<\/b> La vedi, nella clip o sullo stand a Ginevra, e capisci subito che \u00e8 una MINI, ma se ti soffermi sulle dimensioni pensi che sia proprio un\u2019altra cosa rispetto alla MINI.<\/p>\n<p>Il team di design sembra aver dissimulato bene le nuove dimensioni della Clubman ma ventisette centimetri in pi\u00f9 sono tanti, cos\u00ec come sono tanti i diciassette in larghezza. Di MINI non conserva le dimensioni ma la MINI Clubman di MINI preserva lo stile \u201ccool ed elegante\u201d, pi\u00f9 \u201cmaturo\u201d.<\/p>\n<p>Quattro porte e cinque posti per una lunghezza di poco superiore ai quattro metri con sbalzi corti per favorire gli spazi a bordo sottolineati da una grande calandra esagonale, stilema fondamentale di MINI, e dai fari anteriori inconfondibilmente MINI. Molto diverso il gruppo ottico posteriore che abbandona il taglio verticale per sottolineare la nuova larghezza, con un design a sviluppo orizzontale. Ed a proposito dei gruppi ottici e del design notturno, sembra che la versione finale di MINI Clubman si far\u00e0 notare per la pinna luminosa sul tetto. Inconfondibile MINI, anche di notte.<\/p>\n<p>Nell\u2019abitacolo, dove si \u00e8 consumato il sacrilegio del secolo in favore di una rinnovata ricerca di funzionalit\u00e0, con il trasferimento della strumentazione dalla posizione centrale a dietro il volante (\u00e8 cos\u00ec anche in MINI 2014), flessibilit\u00e0 e funzionalit\u00e0 sono le due parole d\u2019ordine. Con lo stile inconsueto ed innovativo di MINI, che con questa concept non tradisce l\u2019essenza del marchio ma senz\u2019altro strizza pi\u00f9 l\u2019occhio ai contenuti di prodotto.<\/p>\n<p>&nbsp;<\/p>\n<h1><b>MASSA D&#8217;URTO,<br \/>\n12 MILIONI LE FOCUS PRODOTTE<\/b><\/h1>\n<h2><b>RILANCIO IN GRANDE STILE DELLO &#8220;ZOCCOLO DURO&#8221; DI FORD, LA FOCUS, ORA IN VENDITA CON I PADDLE AL VOLANTE<\/b><\/h2>\n<p><b>DURATA, 01\u2019 34\u201d &#8211;\u00a0<\/b><b> <\/b>Cinque i punti forti della nuova Ford Focus modello 2014, punta di forza della casa americana in Europa.<\/p>\n<p>Ford ha preferito Barcellona a Ginevra per anticipare il lancio della Focus ed affermare che la sua nuova vettura si distinguer\u00e0 sui mercati per il nuovo design, ora dinamico ed affascinante, per la nuova offerta di motori a benzina e gasolio, per il sistema di connettivit\u00e0 Sync2. Inoltre la Ford Focus modello 2014 sar\u00e0 la prima vettura Ford ad offrire in Europa il sistema di parcheggio semiautomatico in grado di effettuare le manovre anche in perpendicolare. Gli aspetti della dinamica di marcia migliorati riguardano la guidabilit\u00e0. ora a nuovi livelli, ed il sistema di frenata automatica attivo fino alla velocit\u00e0 di 50 km ora.<\/p>\n<p>Ford Focus \u00e8 stata venduta in dodici milioni di esemplari in tutto il mondo, dei quali sette milioni, circa, in Europa, da quando \u00e8 stata lanciata oltre sedici anni fa.<\/p>\n<p>Odell, presidente di Ford Europa, presentando il nuovo modello Ford Focus ne ha sottolineato le caratteristiche dello stile definendo la macchina come sintesi di design emozionante e grande guidabilit\u00e0.<\/p>\n<p><span style=\"line-height: 1.5em;\">Visti i tempi preferiamo concentrare l\u2019attenzione sulle doti tecniche della nuova gamma motori per i quali, in Ford, affermano di aver raggiunto riduzioni dei consumi del 19 per cento per la gamma a gasolio e del 17 per cento per quella a benzina. Argomenti, questi s\u00ec convincenti, che insieme alle emissioni contenute fino a 99 grammi per chilometro, oggi fanno la differenza sulla scelta di un modello verso un altro. Per altro ottenuti con un motore di cilindrata molto contenuta, il mille EcoBoost, del quale si dice un gran bene a dispetto della cubatura.\u00a0<\/span><\/p>\n<p>A proposito di motori debutta il millecinque con potenze di 150 e 180 cavalli per la versione a benzina e potenze di 95 e 120 cavalli per quelle a gasolio. Nuova Ford Focus sar\u00e0 disponibile anche con il premiatissimo mille, nella declinazione di potenze di 100 e 125 cavalli. Quest\u2019ultimo \u00e8 un tre cilindri. Frazionamento oggi tanto di moda.<\/p>\n<p>Cambio automatico e cambio automatico Powershift sono disponibili come optional, anche con i paddle al volante.<\/p>\n<p><b style=\"line-height: 1.5em;\">Per sentirsi davvero \u201cdriver\u201d.<\/b><\/p>\n<p>&nbsp;<\/p>\n<h1><b>GIRA COME UNA TROTTOLA<\/b><\/h1>\n<h2><b>DESIGN E CARATTERISTICHE TECNICHE DA AUTENTICA CITY-CAR, MA CON QUATTRO PORTE E CHARME FRANCESE PER GLI INTERNI<\/b><\/h2>\n<p><b style=\"line-height: 1.5em;\">DURATA, 00\u2019 19\u201d &#8211;\u00a0<\/b><span style=\"line-height: 1.5em;\"> Anticipazione della Citroen C1, disponibile in questa nuova versione anche con tetto apribile \u201cAirscape\u201d. Nuovo design e nuovi interni per maggior confort. Raggio di sterzata ridottissimo, meno di cinque metri per la volta completa, e schermo touchscreen di 7 pollici.<\/span><\/p>\n<p>&nbsp;<\/p>\n","protected":false},"excerpt":{"rendered":"<p>https:\/\/vimeo.com\/88233873 Drivelife 8 marzo: \u00a0TIMELINE 11\u2019 25\u201d *** MINI 2014 TEST DRIVE ROMA, 00\u2019 56\u201d &#8211; FIAT 500 \u201cLATTEMENTA\u201d, 01\u2019 09\u201d &#8211; LEXUS CT HYBRID, 01\u2019 27\u201d &#8211; VOLVO ESTATE CONCEPT, 02\u2019 14\u201d &#8211;&#46;&#46;&#46;<\/p>\n","protected":false},"author":1,"featured_media":1966,"comment_status":"open","ping_status":"open","sticky":false,"template":"","format":"video","meta":{"ngg_post_thumbnail":0,"footnotes":""},"categories":[343],"tags":[384,385,383,387,389,388,25,386],"class_list":["post-1965","post","type-post","status-publish","format-video","has-post-thumbnail","hentry","category-puntate-drivelife-2014","tag-fiat-500-lattementa","tag-lexus-ct-hybrid","tag-mini-2014-test-drive-roma","tag-mini-clubman-concept","tag-nuova-citroen-c1","tag-nuova-ford-focus","tag-video","tag-volvo-estate-concept","post_format-post-format-video"],"_links":{"self":[{"href":"https:\/\/www.drivelife.it\/clip\/wp-json\/wp\/v2\/posts\/1965","targetHints":{"allow":["GET"]}}],"collection":[{"href":"https:\/\/www.drivelife.it\/clip\/wp-json\/wp\/v2\/posts"}],"about":[{"href":"https:\/\/www.drivelife.it\/clip\/wp-json\/wp\/v2\/types\/post"}],"author":[{"embeddable":true,"href":"https:\/\/www.drivelife.it\/clip\/wp-json\/wp\/v2\/users\/1"}],"replies":[{"embeddable":true,"href":"https:\/\/www.drivelife.it\/clip\/wp-json\/wp\/v2\/comments?post=1965"}],"version-history":[{"count":11,"href":"https:\/\/www.drivelife.it\/clip\/wp-json\/wp\/v2\/posts\/1965\/revisions"}],"predecessor-version":[{"id":2998,"href":"https:\/\/www.drivelife.it\/clip\/wp-json\/wp\/v2\/posts\/1965\/revisions\/2998"}],"wp:featuredmedia":[{"embeddable":true,"href":"https:\/\/www.drivelife.it\/clip\/wp-json\/wp\/v2\/media\/1966"}],"wp:attachment":[{"href":"https:\/\/www.drivelife.it\/clip\/wp-json\/wp\/v2\/media?parent=1965"}],"wp:term":[{"taxonomy":"category","embeddable":true,"href":"https:\/\/www.drivelife.it\/clip\/wp-json\/wp\/v2\/categories?post=1965"},{"taxonomy":"post_tag","embeddable":true,"href":"https:\/\/www.drivelife.it\/clip\/wp-json\/wp\/v2\/tags?post=1965"}],"curies":[{"name":"wp","href":"https:\/\/api.w.org\/{rel}","templated":true}]}}