{"id":898,"date":"2015-09-05T14:28:19","date_gmt":"2015-09-05T14:28:19","guid":{"rendered":"http:\/\/www.drivelife.it\/car\/?p=898"},"modified":"2015-09-05T14:43:04","modified_gmt":"2015-09-05T14:43:04","slug":"subaru-forester-lineartronic","status":"publish","type":"post","link":"https:\/\/www.drivelife.it\/car\/2015\/09\/05\/subaru-forester-lineartronic\/","title":{"rendered":"SUBARU FORESTER LINEARTRONIC"},"content":{"rendered":"<h2>IL\u00a0MATTINO HA L&#8217;ORO IN BOCCA<\/h2>\n<h2>Il colore, quel colore bordeaux, \u00e8 stata la croce e la delizia di questo set fotografico. Come da copione non sono molto contento del risultato. Avrei voluto qualcosa di pi\u00f9 coinvolgente, di pi\u00f9 forte impatto di colore ed ambiente. Magari con situazioni pi\u00f9 estreme.<\/h2>\n<div><\/div>\n<div>Anche se, bisogna affermare, che Piazza di Spagna e la \u201cBarcaccia\u201d, a Roma, di domenica mattina alle cinque, \u00e8 un set abbastanza estremo. Ed anche delicato. Mi (ci) aspettavo(mo) almeno una pattuglia di \u201cpizzardoni\u201d, invece, nessuno. Oddio un\u2019Ombra s\u2019\u00e8 manifestata. Discreta, quasi insignificante. Ma aveva un auricolare. L\u2019Ombra ed il suo proprietario mi sono passati vicino, molto vicino. Ero intento a fotografare e non li ho visti arrivare. Non avevo la radio ed il \u201csocio\u201d che guidava la Subaru non mi ha potuto avvertire. Me li sono trovati ad un tiro di schiaffo dalla faccia. Se avessero voluto\u2026 mi sarei trovato con un paio di braccialetti senza neanche accorgermi. Ma \u201cloro\u201d hanno capito che ero (eravamo) l\u00ec senza velleit\u00e0 terroristiche e cos\u00ec si sono messi all\u2019angolo tra la piazza e Via Condotti ad osservare la scena, illuminati dal lampione e dalla Luna, pienissima, astronomicamente parlando. Poi si sono rotti le palle e sono andati via. Dove non lo so. Da quelle parti, oltre alla \u201cBarcaccia\u201d, gli obiettivi sensibili sono molti, ad esempio l\u2019ambasciata di Spagna. Ora che ci penso, mentre a distanza di una settimana scrivo, non c\u2019era neanche la Defender dell\u2019Esercito Italiano. Tutti a dormire?, meno \u201clui\u201d e la sua Ombra?<\/div>\n<div><\/div>\n<div>Il set Bridge, quello del ponte, in qualche modo si avvicina ad uno scatto ideale, ma non \u00e8 che le campate dell\u2019autostrada per l\u2019aeroporto di Fiumicino siano un ambiente esclusivo. Nelle prossime settimane sar\u00e0 presentata la Levorg. Spero me la diano di un bel colore. I presupposti, secondo il nuovo pensiero dominante, sembra ci siano.<\/div>\n<div><\/div>\n<div><a href=\"http:\/\/www.drivelife.it\/SUBARUFORESTERLINEARTRONIC\/\">Sfoglia lo speciale per vedere le 74 fotografie di Subaru Forester Lineartronic<\/a><\/div>\n<div>\n<figure id=\"attachment_901\" aria-describedby=\"caption-attachment-901\" style=\"width: 1600px\" class=\"wp-caption alignnone\"><img loading=\"lazy\" decoding=\"async\" class=\"wp-image-901 size-large\" src=\"http:\/\/www.drivelife.it\/car\/wp-content\/uploads\/2015\/09\/SUBARU-FORESTER-LINEARTRONIC-SET_3_lucaromanopix-6-3-1600x1068.jpg\" alt=\"SUBARU FORESTER LINEARTRONIC AWD \u00a9lucaromanopix\" width=\"1600\" height=\"1068\" srcset=\"https:\/\/www.drivelife.it\/car\/wp-content\/uploads\/2015\/09\/SUBARU-FORESTER-LINEARTRONIC-SET_3_lucaromanopix-6-3-1600x1068.jpg 1600w, https:\/\/www.drivelife.it\/car\/wp-content\/uploads\/2015\/09\/SUBARU-FORESTER-LINEARTRONIC-SET_3_lucaromanopix-6-3-600x400.jpg 600w\" sizes=\"auto, (max-width: 980px) 100vw, 980px\" \/><figcaption id=\"caption-attachment-901\" class=\"wp-caption-text\">SUBARU FORESTER LINEARTRONIC AWD \u00a9lucaromanopix<\/figcaption><\/figure>\n<\/div>\n<div><\/div>\n","protected":false},"excerpt":{"rendered":"<p>IL\u00a0MATTINO HA L&#8217;ORO IN BOCCA Il colore, quel colore bordeaux, \u00e8 stata la croce e la delizia di questo set fotografico. Come da copione non sono molto contento del risultato. Avrei voluto qualcosa di pi\u00f9 coinvolgente, di pi\u00f9 forte impatto di colore ed ambiente. Magari con situazioni pi\u00f9 estreme. Anche se, bisogna affermare, che Piazza [&hellip;]<\/p>\n","protected":false},"author":1,"featured_media":899,"comment_status":"open","ping_status":"open","sticky":false,"template":"","format":"standard","meta":{"ngg_post_thumbnail":0,"footnotes":""},"categories":[1,15,8],"tags":[38,86,75,95,83,71,72,74,89,81,73,49,82,78,96,7,23,90,97,88,70,94,79,93,91,80,69,41,46,85,76,84,87,92,77],"class_list":["post-898","post","type-post","status-publish","format-standard","has-post-thumbnail","hentry","category-portfolio","category-subaru","category-videoclip","tag-sempresubaru","tag-augus","tag-awd","tag-barcaccia","tag-boxersubaru","tag-colore","tag-colour","tag-ferragosto","tag-friendshipday","tag-highway","tag-instagood","tag-instagram","tag-intown","tag-lineartronic","tag-lorenzo-bernini","tag-lucaromanopix","tag-luna-piena","tag-makeadogsday","tag-moonset","tag-noabbandono","tag-passionesubaru","tag-piazza-di-spagna","tag-provala","tag-roma","tag-showyourpowers","tag-subaru3d","tag-subaruforester","tag-subaruitalia","tag-subarulove","tag-summertime","tag-symmetrical","tag-symmetricalawd","tag-t-rome","tag-testyourpowers","tag-xmode"],"_links":{"self":[{"href":"https:\/\/www.drivelife.it\/car\/wp-json\/wp\/v2\/posts\/898","targetHints":{"allow":["GET"]}}],"collection":[{"href":"https:\/\/www.drivelife.it\/car\/wp-json\/wp\/v2\/posts"}],"about":[{"href":"https:\/\/www.drivelife.it\/car\/wp-json\/wp\/v2\/types\/post"}],"author":[{"embeddable":true,"href":"https:\/\/www.drivelife.it\/car\/wp-json\/wp\/v2\/users\/1"}],"replies":[{"embeddable":true,"href":"https:\/\/www.drivelife.it\/car\/wp-json\/wp\/v2\/comments?post=898"}],"version-history":[{"count":5,"href":"https:\/\/www.drivelife.it\/car\/wp-json\/wp\/v2\/posts\/898\/revisions"}],"predecessor-version":[{"id":905,"href":"https:\/\/www.drivelife.it\/car\/wp-json\/wp\/v2\/posts\/898\/revisions\/905"}],"wp:featuredmedia":[{"embeddable":true,"href":"https:\/\/www.drivelife.it\/car\/wp-json\/wp\/v2\/media\/899"}],"wp:attachment":[{"href":"https:\/\/www.drivelife.it\/car\/wp-json\/wp\/v2\/media?parent=898"}],"wp:term":[{"taxonomy":"category","embeddable":true,"href":"https:\/\/www.drivelife.it\/car\/wp-json\/wp\/v2\/categories?post=898"},{"taxonomy":"post_tag","embeddable":true,"href":"https:\/\/www.drivelife.it\/car\/wp-json\/wp\/v2\/tags?post=898"}],"curies":[{"name":"wp","href":"https:\/\/api.w.org\/{rel}","templated":true}]}}