{"id":208,"date":"2015-11-07T17:33:25","date_gmt":"2015-11-07T16:33:25","guid":{"rendered":"http:\/\/www.drivelife.it\/BACKINTHERACE\/?p=208"},"modified":"2015-11-12T19:31:59","modified_gmt":"2015-11-12T18:31:59","slug":"psa-friends-2015-citroen-2cv-soleil","status":"publish","type":"post","link":"https:\/\/www.drivelife.it\/BACKINTHERACE\/2015\/11\/07\/psa-friends-2015-citroen-2cv-soleil\/","title":{"rendered":"PSA&#038;FRIENDS 2015"},"content":{"rendered":"<h1><strong>Che ne sai tu&#8230;<\/strong><\/h1>\n<p>Oggi te la raccontano facile. In realt\u00e0 chi la racconta la conosce solo perch\u00e9 l\u2019ha studiata sui libri di storia, perch\u00e9 \u00e8 stato istruito in qualche corso di marketing. Oggi ti raccontano che la 2CV \u00e8 stata un\u2019automobile speciale, diversa, di tendenza, alternativa, affascinante\u2026 e gi\u00f9 aggettivi per magnificare un prodotto che non c\u2019\u00e8 pi\u00f9. \u201cLoro\u201d hanno pi\u00f9 o meno la met\u00e0 degli anni miei.<\/p>\n<blockquote>\n<h2>Che ne possono sapere della 2CV.<\/h2>\n<\/blockquote>\n<p>Allora il mondo \u201cautomotive\u201d, che non si chiamava cos\u00ec neanche tra gli addetti ai lavori, pochi i giornalisti dell\u2019auto, era diviso in due. Da una parte la 2CV e dall\u2019altra la Mini, quella vera, quella di Issigonis.<br \/>\nLe vedevi in strada e capivi le differenze.<br \/>\nLa 2CV era dichiaratamente alternativa. Al volante vedevi il libero pensiero. Era insidiata solo dalla R4. Ma per me questa, gi\u00e0 allora, era un\u2019automobile antipatica&#8230; era &#8220;fuori dal parlamento&#8221;, senza le &#8220;grazie&#8221;&#8230;<\/p>\n<p>Citroen 2CV, diciamo anche la Diane, era, erano, automobili \u201cleggere e spensierate\u201d che facevano venir voglia di andare in spiaggia di notte ed accendere un fuoco per guardar le stelle con la bionda (fatto!) oppure di scorrazzare per la campagna d\u2019agosto riarsa dal sole del Sud per mangiare frutta dagli alberi (fatto) senza pensieri insieme al sorriso smagliante della brunetta del momento (fatto) E poi d\u2019inverno le prime lezioni all\u2019universit\u00e0 sbirciando le minigonne in aula e ritrovarle in auto per aver accettato un cavalleresco \u201cti accompagno io!\u201d (fatto).<br \/>\nNei lunghi e freddi pomeriggi era sempre la 2CV che t\u2019accompagnava nell\u2019avventura di una vita, allora, spensierata. L\u2019altra, l\u2019inglese, era pi\u00f9 \u201comologata\u201d, regalava meno l\u2019idea dirompente della libert\u00e0. Patrimonio, DNA, solo della 2CV.<\/p>\n<blockquote><p>E mi ricordo, costava seicentomila lire e con 300 lire mettevi qualche litro di benzina, quel tanto che bastava per girare una giornata.<br \/>\nPoi domani\u2026 un altro giorno.<\/p><\/blockquote>\n<p><strong>Nota. Il titolo \u00e8 un evidente richiamo<\/strong><\/p>\n<p>nb&#8230; vabbe&#8217; c&#8217;era un errore INCREDIBILE&#8230; lo stress, la fretta. Non ci posso credere, \u00e8 capitato pure a me. Orrore.<\/p>\n<p><iframe loading=\"lazy\" src=\"https:\/\/player.vimeo.com\/video\/144980644\" width=\"970\" height=\"546\" frameborder=\"0\" title=\"drivelife clip CITROEN 2CV SOLEIL\" webkitallowfullscreen mozallowfullscreen allowfullscreen><\/iframe><\/p>\n<blockquote>\n<h2>Galleria fotografica (Archivio Citroen)<\/h2>\n<\/blockquote>\n<div id='gallery-1' class='gallery galleryid-208 gallery-columns-3 gallery-size-thumbnail'><dl class='gallery-item'>\n\t\t\t<dt class='gallery-icon landscape'>\n\t\t\t\t<a href='https:\/\/www.drivelife.it\/BACKINTHERACE\/2015\/11\/07\/psa-friends-2015-citroen-2cv-soleil\/s11-2\/'><img loading=\"lazy\" decoding=\"async\" width=\"150\" height=\"150\" src=\"https:\/\/www.drivelife.it\/BACKINTHERACE\/wp-content\/uploads\/2015\/11\/S111-150x150.jpg\" class=\"attachment-thumbnail size-thumbnail\" alt=\"\" srcset=\"https:\/\/www.drivelife.it\/BACKINTHERACE\/wp-content\/uploads\/2015\/11\/S111-150x150.jpg 150w, https:\/\/www.drivelife.it\/BACKINTHERACE\/wp-content\/uploads\/2015\/11\/S111-300x300.jpg 300w\" sizes=\"auto, (max-width: 150px) 100vw, 150px\" \/><\/a>\n\t\t\t<\/dt><\/dl><dl class='gallery-item'>\n\t\t\t<dt class='gallery-icon landscape'>\n\t\t\t\t<a href='https:\/\/www.drivelife.it\/BACKINTHERACE\/2015\/11\/07\/psa-friends-2015-citroen-2cv-soleil\/s16\/'><img loading=\"lazy\" decoding=\"async\" width=\"150\" height=\"150\" src=\"https:\/\/www.drivelife.it\/BACKINTHERACE\/wp-content\/uploads\/2015\/11\/S16-150x150.jpg\" class=\"attachment-thumbnail size-thumbnail\" alt=\"\" srcset=\"https:\/\/www.drivelife.it\/BACKINTHERACE\/wp-content\/uploads\/2015\/11\/S16-150x150.jpg 150w, https:\/\/www.drivelife.it\/BACKINTHERACE\/wp-content\/uploads\/2015\/11\/S16-300x300.jpg 300w, https:\/\/www.drivelife.it\/BACKINTHERACE\/wp-content\/uploads\/2015\/11\/S16-1024x1024.jpg 1024w\" sizes=\"auto, (max-width: 150px) 100vw, 150px\" \/><\/a>\n\t\t\t<\/dt><\/dl><dl class='gallery-item'>\n\t\t\t<dt class='gallery-icon portrait'>\n\t\t\t\t<a href='https:\/\/www.drivelife.it\/BACKINTHERACE\/2015\/11\/07\/psa-friends-2015-citroen-2cv-soleil\/s25\/'><img loading=\"lazy\" decoding=\"async\" width=\"150\" height=\"150\" src=\"https:\/\/www.drivelife.it\/BACKINTHERACE\/wp-content\/uploads\/2015\/11\/S25-150x150.jpg\" class=\"attachment-thumbnail size-thumbnail\" alt=\"\" srcset=\"https:\/\/www.drivelife.it\/BACKINTHERACE\/wp-content\/uploads\/2015\/11\/S25-150x150.jpg 150w, https:\/\/www.drivelife.it\/BACKINTHERACE\/wp-content\/uploads\/2015\/11\/S25-300x300.jpg 300w\" sizes=\"auto, (max-width: 150px) 100vw, 150px\" \/><\/a>\n\t\t\t<\/dt><\/dl><br style=\"clear: both\" \/><dl class='gallery-item'>\n\t\t\t<dt class='gallery-icon portrait'>\n\t\t\t\t<a href='https:\/\/www.drivelife.it\/BACKINTHERACE\/2015\/11\/07\/psa-friends-2015-citroen-2cv-soleil\/s26\/'><img loading=\"lazy\" decoding=\"async\" width=\"150\" height=\"150\" src=\"https:\/\/www.drivelife.it\/BACKINTHERACE\/wp-content\/uploads\/2015\/11\/S26-150x150.jpg\" class=\"attachment-thumbnail size-thumbnail\" alt=\"\" srcset=\"https:\/\/www.drivelife.it\/BACKINTHERACE\/wp-content\/uploads\/2015\/11\/S26-150x150.jpg 150w, https:\/\/www.drivelife.it\/BACKINTHERACE\/wp-content\/uploads\/2015\/11\/S26-300x300.jpg 300w\" sizes=\"auto, (max-width: 150px) 100vw, 150px\" \/><\/a>\n\t\t\t<\/dt><\/dl><dl class='gallery-item'>\n\t\t\t<dt class='gallery-icon landscape'>\n\t\t\t\t<a href='https:\/\/www.drivelife.it\/BACKINTHERACE\/2015\/11\/07\/psa-friends-2015-citroen-2cv-soleil\/s01\/'><img loading=\"lazy\" decoding=\"async\" width=\"150\" height=\"150\" src=\"https:\/\/www.drivelife.it\/BACKINTHERACE\/wp-content\/uploads\/2015\/11\/S01-150x150.jpg\" class=\"attachment-thumbnail size-thumbnail\" alt=\"\" srcset=\"https:\/\/www.drivelife.it\/BACKINTHERACE\/wp-content\/uploads\/2015\/11\/S01-150x150.jpg 150w, https:\/\/www.drivelife.it\/BACKINTHERACE\/wp-content\/uploads\/2015\/11\/S01-300x300.jpg 300w, https:\/\/www.drivelife.it\/BACKINTHERACE\/wp-content\/uploads\/2015\/11\/S01-1024x1024.jpg 1024w\" sizes=\"auto, (max-width: 150px) 100vw, 150px\" \/><\/a>\n\t\t\t<\/dt><\/dl><dl class='gallery-item'>\n\t\t\t<dt class='gallery-icon portrait'>\n\t\t\t\t<a href='https:\/\/www.drivelife.it\/BACKINTHERACE\/2015\/11\/07\/psa-friends-2015-citroen-2cv-soleil\/s04\/'><img loading=\"lazy\" decoding=\"async\" width=\"150\" height=\"150\" src=\"https:\/\/www.drivelife.it\/BACKINTHERACE\/wp-content\/uploads\/2015\/11\/S04-150x150.jpg\" class=\"attachment-thumbnail size-thumbnail\" alt=\"\" srcset=\"https:\/\/www.drivelife.it\/BACKINTHERACE\/wp-content\/uploads\/2015\/11\/S04-150x150.jpg 150w, https:\/\/www.drivelife.it\/BACKINTHERACE\/wp-content\/uploads\/2015\/11\/S04-300x300.jpg 300w\" sizes=\"auto, (max-width: 150px) 100vw, 150px\" \/><\/a>\n\t\t\t<\/dt><\/dl><br style=\"clear: both\" \/><dl class='gallery-item'>\n\t\t\t<dt class='gallery-icon landscape'>\n\t\t\t\t<a href='https:\/\/www.drivelife.it\/BACKINTHERACE\/2015\/11\/07\/psa-friends-2015-citroen-2cv-soleil\/s05\/'><img loading=\"lazy\" decoding=\"async\" width=\"150\" height=\"150\" src=\"https:\/\/www.drivelife.it\/BACKINTHERACE\/wp-content\/uploads\/2015\/11\/S05-150x150.jpg\" class=\"attachment-thumbnail size-thumbnail\" alt=\"\" srcset=\"https:\/\/www.drivelife.it\/BACKINTHERACE\/wp-content\/uploads\/2015\/11\/S05-150x150.jpg 150w, https:\/\/www.drivelife.it\/BACKINTHERACE\/wp-content\/uploads\/2015\/11\/S05-300x300.jpg 300w, https:\/\/www.drivelife.it\/BACKINTHERACE\/wp-content\/uploads\/2015\/11\/S05-1024x1024.jpg 1024w\" sizes=\"auto, (max-width: 150px) 100vw, 150px\" \/><\/a>\n\t\t\t<\/dt><\/dl><dl class='gallery-item'>\n\t\t\t<dt class='gallery-icon landscape'>\n\t\t\t\t<a href='https:\/\/www.drivelife.it\/BACKINTHERACE\/2015\/11\/07\/psa-friends-2015-citroen-2cv-soleil\/s06\/'><img loading=\"lazy\" decoding=\"async\" width=\"150\" height=\"150\" src=\"https:\/\/www.drivelife.it\/BACKINTHERACE\/wp-content\/uploads\/2015\/11\/S06-150x150.jpg\" class=\"attachment-thumbnail size-thumbnail\" alt=\"\" srcset=\"https:\/\/www.drivelife.it\/BACKINTHERACE\/wp-content\/uploads\/2015\/11\/S06-150x150.jpg 150w, https:\/\/www.drivelife.it\/BACKINTHERACE\/wp-content\/uploads\/2015\/11\/S06-300x300.jpg 300w, https:\/\/www.drivelife.it\/BACKINTHERACE\/wp-content\/uploads\/2015\/11\/S06-1024x1024.jpg 1024w\" sizes=\"auto, (max-width: 150px) 100vw, 150px\" \/><\/a>\n\t\t\t<\/dt><\/dl><dl class='gallery-item'>\n\t\t\t<dt class='gallery-icon landscape'>\n\t\t\t\t<a href='https:\/\/www.drivelife.it\/BACKINTHERACE\/2015\/11\/07\/psa-friends-2015-citroen-2cv-soleil\/s07\/'><img loading=\"lazy\" decoding=\"async\" width=\"150\" height=\"150\" src=\"https:\/\/www.drivelife.it\/BACKINTHERACE\/wp-content\/uploads\/2015\/11\/S07-150x150.jpg\" class=\"attachment-thumbnail size-thumbnail\" alt=\"\" srcset=\"https:\/\/www.drivelife.it\/BACKINTHERACE\/wp-content\/uploads\/2015\/11\/S07-150x150.jpg 150w, https:\/\/www.drivelife.it\/BACKINTHERACE\/wp-content\/uploads\/2015\/11\/S07-300x300.jpg 300w, https:\/\/www.drivelife.it\/BACKINTHERACE\/wp-content\/uploads\/2015\/11\/S07-1024x1024.jpg 1024w\" sizes=\"auto, (max-width: 150px) 100vw, 150px\" \/><\/a>\n\t\t\t<\/dt><\/dl><br style=\"clear: both\" \/><dl class='gallery-item'>\n\t\t\t<dt class='gallery-icon landscape'>\n\t\t\t\t<a href='https:\/\/www.drivelife.it\/BACKINTHERACE\/2015\/11\/07\/psa-friends-2015-citroen-2cv-soleil\/s09\/'><img loading=\"lazy\" decoding=\"async\" width=\"150\" height=\"150\" src=\"https:\/\/www.drivelife.it\/BACKINTHERACE\/wp-content\/uploads\/2015\/11\/s09-150x150.jpg\" class=\"attachment-thumbnail size-thumbnail\" alt=\"\" srcset=\"https:\/\/www.drivelife.it\/BACKINTHERACE\/wp-content\/uploads\/2015\/11\/s09-150x150.jpg 150w, https:\/\/www.drivelife.it\/BACKINTHERACE\/wp-content\/uploads\/2015\/11\/s09-300x300.jpg 300w\" sizes=\"auto, (max-width: 150px) 100vw, 150px\" \/><\/a>\n\t\t\t<\/dt><\/dl><dl class='gallery-item'>\n\t\t\t<dt class='gallery-icon landscape'>\n\t\t\t\t<a href='https:\/\/www.drivelife.it\/BACKINTHERACE\/2015\/11\/07\/psa-friends-2015-citroen-2cv-soleil\/s10\/'><img loading=\"lazy\" decoding=\"async\" width=\"150\" height=\"150\" src=\"https:\/\/www.drivelife.it\/BACKINTHERACE\/wp-content\/uploads\/2015\/11\/S10-150x150.jpg\" class=\"attachment-thumbnail size-thumbnail\" alt=\"\" srcset=\"https:\/\/www.drivelife.it\/BACKINTHERACE\/wp-content\/uploads\/2015\/11\/S10-150x150.jpg 150w, https:\/\/www.drivelife.it\/BACKINTHERACE\/wp-content\/uploads\/2015\/11\/S10-300x300.jpg 300w, https:\/\/www.drivelife.it\/BACKINTHERACE\/wp-content\/uploads\/2015\/11\/S10-1024x1024.jpg 1024w\" sizes=\"auto, (max-width: 150px) 100vw, 150px\" \/><\/a>\n\t\t\t<\/dt><\/dl><dl class='gallery-item'>\n\t\t\t<dt class='gallery-icon landscape'>\n\t\t\t\t<a href='https:\/\/www.drivelife.it\/BACKINTHERACE\/2015\/11\/07\/psa-friends-2015-citroen-2cv-soleil\/s13\/'><img loading=\"lazy\" decoding=\"async\" width=\"150\" height=\"150\" src=\"https:\/\/www.drivelife.it\/BACKINTHERACE\/wp-content\/uploads\/2015\/11\/S13-150x150.jpg\" class=\"attachment-thumbnail size-thumbnail\" alt=\"\" srcset=\"https:\/\/www.drivelife.it\/BACKINTHERACE\/wp-content\/uploads\/2015\/11\/S13-150x150.jpg 150w, https:\/\/www.drivelife.it\/BACKINTHERACE\/wp-content\/uploads\/2015\/11\/S13-300x300.jpg 300w, https:\/\/www.drivelife.it\/BACKINTHERACE\/wp-content\/uploads\/2015\/11\/S13-1024x1024.jpg 1024w\" sizes=\"auto, (max-width: 150px) 100vw, 150px\" \/><\/a>\n\t\t\t<\/dt><\/dl><br style=\"clear: both\" \/><dl class='gallery-item'>\n\t\t\t<dt class='gallery-icon landscape'>\n\t\t\t\t<a href='https:\/\/www.drivelife.it\/BACKINTHERACE\/2015\/11\/07\/psa-friends-2015-citroen-2cv-soleil\/s17\/'><img loading=\"lazy\" decoding=\"async\" width=\"150\" height=\"150\" src=\"https:\/\/www.drivelife.it\/BACKINTHERACE\/wp-content\/uploads\/2015\/11\/S17-150x150.jpg\" class=\"attachment-thumbnail size-thumbnail\" alt=\"\" srcset=\"https:\/\/www.drivelife.it\/BACKINTHERACE\/wp-content\/uploads\/2015\/11\/S17-150x150.jpg 150w, https:\/\/www.drivelife.it\/BACKINTHERACE\/wp-content\/uploads\/2015\/11\/S17-300x300.jpg 300w, https:\/\/www.drivelife.it\/BACKINTHERACE\/wp-content\/uploads\/2015\/11\/S17-1024x1024.jpg 1024w\" sizes=\"auto, (max-width: 150px) 100vw, 150px\" \/><\/a>\n\t\t\t<\/dt><\/dl><dl class='gallery-item'>\n\t\t\t<dt class='gallery-icon landscape'>\n\t\t\t\t<a href='https:\/\/www.drivelife.it\/BACKINTHERACE\/2015\/11\/07\/psa-friends-2015-citroen-2cv-soleil\/s18\/'><img loading=\"lazy\" decoding=\"async\" width=\"150\" height=\"150\" src=\"https:\/\/www.drivelife.it\/BACKINTHERACE\/wp-content\/uploads\/2015\/11\/S18-150x150.jpg\" class=\"attachment-thumbnail size-thumbnail\" alt=\"\" srcset=\"https:\/\/www.drivelife.it\/BACKINTHERACE\/wp-content\/uploads\/2015\/11\/S18-150x150.jpg 150w, https:\/\/www.drivelife.it\/BACKINTHERACE\/wp-content\/uploads\/2015\/11\/S18-300x300.jpg 300w, https:\/\/www.drivelife.it\/BACKINTHERACE\/wp-content\/uploads\/2015\/11\/S18-1024x1024.jpg 1024w\" sizes=\"auto, (max-width: 150px) 100vw, 150px\" \/><\/a>\n\t\t\t<\/dt><\/dl><dl class='gallery-item'>\n\t\t\t<dt class='gallery-icon landscape'>\n\t\t\t\t<a href='https:\/\/www.drivelife.it\/BACKINTHERACE\/2015\/11\/07\/psa-friends-2015-citroen-2cv-soleil\/s23\/'><img loading=\"lazy\" decoding=\"async\" width=\"150\" height=\"150\" src=\"https:\/\/www.drivelife.it\/BACKINTHERACE\/wp-content\/uploads\/2015\/11\/S23-150x150.jpg\" class=\"attachment-thumbnail size-thumbnail\" alt=\"\" srcset=\"https:\/\/www.drivelife.it\/BACKINTHERACE\/wp-content\/uploads\/2015\/11\/S23-150x150.jpg 150w, https:\/\/www.drivelife.it\/BACKINTHERACE\/wp-content\/uploads\/2015\/11\/S23-300x300.jpg 300w, https:\/\/www.drivelife.it\/BACKINTHERACE\/wp-content\/uploads\/2015\/11\/S23-1024x1024.jpg 1024w\" sizes=\"auto, (max-width: 150px) 100vw, 150px\" \/><\/a>\n\t\t\t<\/dt><\/dl><br style=\"clear: both\" \/><dl class='gallery-item'>\n\t\t\t<dt class='gallery-icon landscape'>\n\t\t\t\t<a href='https:\/\/www.drivelife.it\/BACKINTHERACE\/2015\/11\/07\/psa-friends-2015-citroen-2cv-soleil\/s24\/'><img loading=\"lazy\" decoding=\"async\" width=\"150\" height=\"150\" src=\"https:\/\/www.drivelife.it\/BACKINTHERACE\/wp-content\/uploads\/2015\/11\/S24-150x150.jpg\" class=\"attachment-thumbnail size-thumbnail\" alt=\"\" srcset=\"https:\/\/www.drivelife.it\/BACKINTHERACE\/wp-content\/uploads\/2015\/11\/S24-150x150.jpg 150w, https:\/\/www.drivelife.it\/BACKINTHERACE\/wp-content\/uploads\/2015\/11\/S24-300x300.jpg 300w, https:\/\/www.drivelife.it\/BACKINTHERACE\/wp-content\/uploads\/2015\/11\/S24-1024x1024.jpg 1024w\" sizes=\"auto, (max-width: 150px) 100vw, 150px\" \/><\/a>\n\t\t\t<\/dt><\/dl>\n\t\t\t<br style='clear: both' \/>\n\t\t<\/div>\n\n<p><iframe loading=\"lazy\" src=\"https:\/\/player.vimeo.com\/video\/145249904\" width=\"970\" height=\"546\" frameborder=\"0\" title=\"drivelife clip MARCO FRESCHI INTERVISTA\" webkitallowfullscreen mozallowfullscreen allowfullscreen><\/iframe><\/p>\n","protected":false},"excerpt":{"rendered":"<p class=\"excerpt\">Che ne sai tu&#8230; Oggi te la raccontano facile. In realt\u00e0 chi la racconta la conosce solo perch\u00e9 l\u2019ha studiata sui libri di storia, perch\u00e9 \u00e8 stato istruito in qualche corso di marketing. Oggi ti raccontano che la 2CV \u00e8 stata un\u2019automobile speciale, diversa, di tendenza, alternativa, affascinante\u2026 e gi\u00f9 aggettivi per magnificare un prodotto che non c\u2019\u00e8 pi\u00f9. \u201cLoro\u201d&hellip;<\/p>\n<p class=\"more-link-p\"><a class=\"btn btn-default\" href=\"https:\/\/www.drivelife.it\/BACKINTHERACE\/2015\/11\/07\/psa-friends-2015-citroen-2cv-soleil\/\">Read more<\/a><\/p>\n","protected":false},"author":1,"featured_media":209,"comment_status":"open","ping_status":"open","sticky":false,"template":"","format":"video","meta":{"footnotes":""},"categories":[1],"tags":[27,5,23,30,4,3,35,22,21,12,28,29],"class_list":["post-208","post","type-post","status-publish","format-video","has-post-thumbnail","hentry","category-back-in-the-race","tag-2-cv-soleil","tag-back-in-the-race","tag-citroen","tag-citroen-2cv","tag-clip","tag-drivelife","tag-lucastories","tag-misano-2015","tag-psafriends","tag-psastories","tag-restauro","tag-storia","post_format-post-format-video"],"_links":{"self":[{"href":"https:\/\/www.drivelife.it\/BACKINTHERACE\/wp-json\/wp\/v2\/posts\/208","targetHints":{"allow":["GET"]}}],"collection":[{"href":"https:\/\/www.drivelife.it\/BACKINTHERACE\/wp-json\/wp\/v2\/posts"}],"about":[{"href":"https:\/\/www.drivelife.it\/BACKINTHERACE\/wp-json\/wp\/v2\/types\/post"}],"author":[{"embeddable":true,"href":"https:\/\/www.drivelife.it\/BACKINTHERACE\/wp-json\/wp\/v2\/users\/1"}],"replies":[{"embeddable":true,"href":"https:\/\/www.drivelife.it\/BACKINTHERACE\/wp-json\/wp\/v2\/comments?post=208"}],"version-history":[{"count":10,"href":"https:\/\/www.drivelife.it\/BACKINTHERACE\/wp-json\/wp\/v2\/posts\/208\/revisions"}],"predecessor-version":[{"id":624,"href":"https:\/\/www.drivelife.it\/BACKINTHERACE\/wp-json\/wp\/v2\/posts\/208\/revisions\/624"}],"wp:featuredmedia":[{"embeddable":true,"href":"https:\/\/www.drivelife.it\/BACKINTHERACE\/wp-json\/wp\/v2\/media\/209"}],"wp:attachment":[{"href":"https:\/\/www.drivelife.it\/BACKINTHERACE\/wp-json\/wp\/v2\/media?parent=208"}],"wp:term":[{"taxonomy":"category","embeddable":true,"href":"https:\/\/www.drivelife.it\/BACKINTHERACE\/wp-json\/wp\/v2\/categories?post=208"},{"taxonomy":"post_tag","embeddable":true,"href":"https:\/\/www.drivelife.it\/BACKINTHERACE\/wp-json\/wp\/v2\/tags?post=208"}],"curies":[{"name":"wp","href":"https:\/\/api.w.org\/{rel}","templated":true}]}}